{"id":58475,"date":"2025-10-15T10:05:20","date_gmt":"2025-10-15T13:05:20","guid":{"rendered":"https:\/\/redept.com.br\/blogosfera\/usina-cbb-e-flagrada-com-108-trabalhadores-em-condicoes-analogas-a-escravidao-em-goias\/"},"modified":"2025-10-15T10:05:20","modified_gmt":"2025-10-15T13:05:20","slug":"usina-cbb-e-flagrada-com-108-trabalhadores-em-condicoes-analogas-a-escravidao-em-goias","status":"publish","type":"post","link":"https:\/\/redept.com.br\/blogosfera\/usina-cbb-e-flagrada-com-108-trabalhadores-em-condicoes-analogas-a-escravidao-em-goias\/","title":{"rendered":"Usina CBB \u00e9 flagrada com 108 trabalhadores em condi\u00e7\u00f5es an\u00e1logas \u00e0 escravid\u00e3o em Goi\u00e1s"},"content":{"rendered":"<figure><img fetchpriority=\"high\" fetchpriority=\"high\" decoding=\"async\" width=\"548\" height=\"362\"src=\"https:\/\/redept.com.br\/blogosfera\/wp-content\/uploads\/2025\/10\/20250923_121105.jpg\" alt=\"\" srcset=\"https:\/\/redept.com.br\/blogosfera\/wp-content\/uploads\/2025\/10\/20250923_121105.jpg 548w, https:\/\/mst.org.br\/wp-content\/uploads\/2025\/10\/20250923_121105-300x198.jpg 300w\" sizes=\"(max-width: 548px) 100vw, 548px\"><figcaption><em>Foto: Reprodu\u00e7\u00e3o<\/em><\/figcaption><\/figure>\n<p><em>Da P\u00e1gina do MST<\/em><\/p>\n<p>O Movimento dos Trabalhadores Rurais Sem Terra do Distrito Federal e Entorno (MST-DFE) vem a p\u00fablico manifestar profundo rep\u00fadio aos crimes cometidos pela Companhia Bioenerg\u00e9tica Brasileira (CBB), denunciados pelo Minist\u00e9rio P\u00fablico do Trabalho de Goi\u00e1s (MPT-GO), que no dia 29 de setembro de 2025 resgatou 108 trabalhadores rurais submetidos a condi\u00e7\u00f5es an\u00e1logas \u00e0 escravid\u00e3o na Fazenda CBB, localizada em Vila Boa de Goi\u00e1s, no entorno do Distrito Federal.<\/p>\n<p>A den\u00fancia, divulgada amplamente apenas no dia 13 de outubro de 2025, revelou que os trabalhadores eram explorados no corte de cana-de-a\u00e7\u00facar, enfrentando jornadas exaustivas, alojamentos prec\u00e1rios, aus\u00eancia de registro em carteira, falta de banheiros e de equipamentos de prote\u00e7\u00e3o.<\/p>\n<p>A Usina CBB foi condenada a pagar mais de R$ 1,5 milh\u00e3o em verbas rescis\u00f3rias e indeniza\u00e7\u00f5es por danos morais individuais.<\/p>\n<p>Essa n\u00e3o \u00e9 uma surpresa. Em abril de 2023, trabalhadoras e trabalhadores sem terra ocuparam a usina, denunciando d\u00edvidas bilion\u00e1rias, crimes ambientais e viola\u00e7\u00f5es trabalhistas as mesmas que agora se confirmam com as a\u00e7\u00f5es do MPT, da Pol\u00edcia Federal e do Minist\u00e9rio do Trabalho e Emprego.<\/p>\n<p>Atualmente, as d\u00edvidas da CBB ultrapassam R$ 91 bilh\u00f5es junto \u00e0 Uni\u00e3o e ao Estado de Goi\u00e1s. O Minist\u00e9rio do Meio Ambiente tamb\u00e9m j\u00e1 havia embargado mais de 4 mil hectares de terras utilizadas irregularmente pela empresa, impondo multas que chegam a R$ 4 milh\u00f5es.<\/p>\n<p>Enquanto isso, o povo de Vila Boa de Goi\u00e1s segue sofrendo os impactos dessa usina criminosa. O munic\u00edpio, um dos mais vulner\u00e1veis social e economicamente da regi\u00e3o, n\u00e3o recebe qualquer contrapartida. Pelo contr\u00e1rio: a CBB se aproveita da pobreza e do desemprego para explorar a for\u00e7a de trabalho local, reproduzindo as mesmas estruturas de escravid\u00e3o e concentra\u00e7\u00e3o fundi\u00e1ria que a Reforma Agr\u00e1ria Popular busca superar.<\/p>\n<p>O MST se solidariza com os 108 trabalhadores resgatados e com toda a popula\u00e7\u00e3o de Vila Boa de Goi\u00e1s. Seguiremos denunciando e organizando o povo para que essa usina de crimes seja desapropriada e destinada \u00e0 Reforma Agr\u00e1ria, transformando-se em um assentamento produtivo, onde as fam\u00edlias possam viver com dignidade, produzir alimentos saud\u00e1veis e reconstruir o territ\u00f3rio com justi\u00e7a social.<\/p>\n<p>N\u00e3o recuaremos um s\u00f3 passo enquanto esta terra seguir manchada pela explora\u00e7\u00e3o e pela impunidade.<\/p>\n<p>Nos pr\u00f3ximos dias, o MST-DFE organizar\u00e1 uma audi\u00eancia p\u00fablica em Vila Boa de Goi\u00e1s para aprofundar as den\u00fancias, exigir a responsabiliza\u00e7\u00e3o dos envolvidos e pressionar pela desapropria\u00e7\u00e3o definitiva da CBB.<\/p>\n<p><em>Trabalho escravo \u00e9 crime! Justi\u00e7a para o povo trabalhador!<\/em><\/p>\n<p>Distrito Federal e Entorno, 14 de outubro de 2025<\/p>\n<p><strong>Movimento dos Trabalhadores Rurais Sem Terra\u00a0<\/strong><\/p>\n<\/p>\n<p>O post <a href=\"https:\/\/mst.org.br\/2025\/10\/15\/usina-cbb-e-flagrada-com-108-trabalhadores-em-condicoes-analogas-a-escravidao-em-goias\/\">Usina CBB \u00e9 flagrada com 108 trabalhadores em condi\u00e7\u00f5es an\u00e1logas \u00e0 escravid\u00e3o em Goi\u00e1s<\/a> apareceu primeiro em <a href=\"https:\/\/mst.org.br\/\">MST<\/a>.<\/p>\n<!-- Begin Yuzo --><div class='yuzo_related_post style-1'  data-version='5.12.89'><!-- without result --><div class='yuzo_clearfixed yuzo__title yuzo__title'><h3>Related Post<\/h3><\/div>\n\t\t\t\t\t\t  <div class=\"relatedthumb \" style=\"width:125px;float:left;overflow:hidden;\">  \n\t\t\t\t\t\t\t  \n\t\t\t\t\t\t\t  <a  href=\"https:\/\/redept.com.br\/blogosfera\/trump-promete-mais-poluicao-deportacoes-e-desinformacao\/\"  >\n\t\t\t\t\t\t\t\t\t  <div class=\"yuzo-img-wrap \" style=\"width: 125px;height:90px;\">\n\t\t\t\t\t\t\t\t\t\t\n\t\t\t\t\t\t\t\t\t\t<div class=\"yuzo-img\" style=\"background:url('https:\/\/redept.org\/blogosfera\/wp-content\/plugins\/yuzo-related-post\/assets\/images\/default.png') 50% 50% no-repeat;width: 125px;height:90px;margin-bottom: 5px;background-size: cover; \"><\/div>\n\t\t\t\t\t\t\t\t\t  <\/div>\n\t\t\t\t\t\t\t\t\t  \n\t\t\t\t\t\t\t\t   <span class=\"yuzo__text--title\" style=\"font-size:13px;\">Trump promete mais polui\u00e7\u00e3o, deporta\u00e7\u00f5es e desinfo...<\/span>\n\t\t\t\t\t\t\t  \n\t\t\t\t\t\t\t  \n\t\t\t\t\t\t\t  <\/a>\n\n\t\t\t\t\t\t  <\/div>\n\t\t\t\t\t\t  <div class=\"relatedthumb \" style=\"width:125px;float:left;overflow:hidden;\">  \n\t\t\t\t\t\t\t  \n\t\t\t\t\t\t\t  <a  href=\"https:\/\/redept.com.br\/blogosfera\/cineasta-palestino-vencedor-do-oscar-segue-detido-segundo-autoridades-israelenses\/\"  >\n\t\t\t\t\t\t\t\t\t  <div class=\"yuzo-img-wrap \" style=\"width: 125px;height:90px;\">\n\t\t\t\t\t\t\t\t\t\t\n\t\t\t\t\t\t\t\t\t\t<div class=\"yuzo-img\" style=\"background:url('https:\/\/redept.com.br\/blogosfera\/wp-content\/uploads\/2025\/03\/carro-ballal-150x150.png') 50% 50% no-repeat;width: 125px;height:90px;margin-bottom: 5px;background-size: cover; \"><\/div>\n\t\t\t\t\t\t\t\t\t  <\/div>\n\t\t\t\t\t\t\t\t\t  \n\t\t\t\t\t\t\t\t   <span class=\"yuzo__text--title\" style=\"font-size:13px;\">Cineasta palestino vencedor do Oscar segue detido,...<\/span>\n\t\t\t\t\t\t\t  \n\t\t\t\t\t\t\t  \n\t\t\t\t\t\t\t  <\/a>\n\n\t\t\t\t\t\t  <\/div>\n\t\t\t\t\t\t  <div class=\"relatedthumb \" style=\"width:125px;float:left;overflow:hidden;\">  \n\t\t\t\t\t\t\t  \n\t\t\t\t\t\t\t  <a  href=\"https:\/\/redept.com.br\/blogosfera\/nao-existe-mais-direita-no-brasil-o-que-existe-e-um-bonde-caca-niqueis-do-baixo-clero-no-congresso\/\"  >\n\t\t\t\t\t\t\t\t\t  <div class=\"yuzo-img-wrap \" style=\"width: 125px;height:90px;\">\n\t\t\t\t\t\t\t\t\t\t\n\t\t\t\t\t\t\t\t\t\t<div class=\"yuzo-img\" style=\"background:url('https:\/\/redept.org\/blogosfera\/wp-content\/plugins\/yuzo-related-post\/assets\/images\/default.png') 50% 50% no-repeat;width: 125px;height:90px;margin-bottom: 5px;background-size: cover; \"><\/div>\n\t\t\t\t\t\t\t\t\t  <\/div>\n\t\t\t\t\t\t\t\t\t  \n\t\t\t\t\t\t\t\t   <span class=\"yuzo__text--title\" style=\"font-size:13px;\">N\u00e3o existe mais direita no Brasil, o que existe \u00e9 ...<\/span>\n\t\t\t\t\t\t\t  \n\t\t\t\t\t\t\t  \n\t\t\t\t\t\t\t  <\/a>\n\n\t\t\t\t\t\t  <\/div>\n\t\t\t\t\t\t  <div class=\"relatedthumb \" style=\"width:125px;float:left;overflow:hidden;\">  \n\t\t\t\t\t\t\t  \n\t\t\t\t\t\t\t  <a  href=\"https:\/\/redept.com.br\/blogosfera\/pcdob-cria-comissao-para-intensificar-busca-por-desaparecidos-da-ditadura\/\"  >\n\t\t\t\t\t\t\t\t\t  <div class=\"yuzo-img-wrap \" style=\"width: 125px;height:90px;\">\n\t\t\t\t\t\t\t\t\t\t\n\t\t\t\t\t\t\t\t\t\t<div class=\"yuzo-img\" style=\"background:url('https:\/\/redept.com.br\/blogosfera\/wp-content\/uploads\/2025\/04\/araguaia-operacao-arquivo-150x150.jpg') 50% 50% no-repeat;width: 125px;height:90px;margin-bottom: 5px;background-size: cover; \"><\/div>\n\t\t\t\t\t\t\t\t\t  <\/div>\n\t\t\t\t\t\t\t\t\t  \n\t\t\t\t\t\t\t\t   <span class=\"yuzo__text--title\" style=\"font-size:13px;\">PCdoB cria comiss\u00e3o para intensificar busca por de...<\/span>\n\t\t\t\t\t\t\t  \n\t\t\t\t\t\t\t  \n\t\t\t\t\t\t\t  <\/a>\n\n\t\t\t\t\t\t  <\/div>\n<\/div> <script>\n\t\t\t\t\t\t  jQuery(document).ready(function( $ ){\n\t\t\t\t\t\t\t\/\/jQuery('.yuzo_related_post').equalizer({ overflow : 'relatedthumb' });\n\t\t\t\t\t\t\tjQuery('.yuzo_related_post .yuzo_wraps').equalizer({ columns : '> div' });\n\t\t\t\t\t\t   })\n\t\t\t\t\t\t  <\/script> <!-- End Yuzo :) -->","protected":false},"excerpt":{"rendered":"<p>Foto: Reprodu\u00e7\u00e3o Da P\u00e1gina do MST O Movimento dos Trabalhadores Rurais Sem Terra do Distrito Federal e Entorno (MST-DFE) vem a p\u00fablico manifestar profundo rep\u00fadio aos crimes cometidos pela Companhia Bioenerg\u00e9tica Brasileira (CBB), denunciados pelo Minist\u00e9rio P\u00fablico do Trabalho de Goi\u00e1s (MPT-GO), que no dia 29 de setembro de 2025 resgatou 108 trabalhadores rurais submetidos [&hellip;]<\/p>\n","protected":false},"author":2,"featured_media":0,"comment_status":"open","ping_status":"closed","sticky":false,"template":"","format":"standard","meta":{"fifu_image_url":"","fifu_image_alt":"","footnotes":""},"categories":[498,1213,25083,691,321,191,25084],"tags":[],"class_list":["post-58475","post","type-post","status-publish","format-standard","hentry","category-brasilia","category-combate-ao-trabalho-escravo","category-df-e-entorno","category-nota","category-notas","category-noticias","category-trabalho-escravo-no-campo"],"_links":{"self":[{"href":"https:\/\/redept.com.br\/blogosfera\/wp-json\/wp\/v2\/posts\/58475","targetHints":{"allow":["GET"]}}],"collection":[{"href":"https:\/\/redept.com.br\/blogosfera\/wp-json\/wp\/v2\/posts"}],"about":[{"href":"https:\/\/redept.com.br\/blogosfera\/wp-json\/wp\/v2\/types\/post"}],"author":[{"embeddable":true,"href":"https:\/\/redept.com.br\/blogosfera\/wp-json\/wp\/v2\/users\/2"}],"replies":[{"embeddable":true,"href":"https:\/\/redept.com.br\/blogosfera\/wp-json\/wp\/v2\/comments?post=58475"}],"version-history":[{"count":0,"href":"https:\/\/redept.com.br\/blogosfera\/wp-json\/wp\/v2\/posts\/58475\/revisions"}],"wp:attachment":[{"href":"https:\/\/redept.com.br\/blogosfera\/wp-json\/wp\/v2\/media?parent=58475"}],"wp:term":[{"taxonomy":"category","embeddable":true,"href":"https:\/\/redept.com.br\/blogosfera\/wp-json\/wp\/v2\/categories?post=58475"},{"taxonomy":"post_tag","embeddable":true,"href":"https:\/\/redept.com.br\/blogosfera\/wp-json\/wp\/v2\/tags?post=58475"}],"curies":[{"name":"wp","href":"https:\/\/api.w.org\/{rel}","templated":true}]}}