{"id":58568,"date":"2025-10-15T17:03:35","date_gmt":"2025-10-15T20:03:35","guid":{"rendered":"https:\/\/redept.com.br\/blogosfera\/com-apoio-do-governo-projeto-de-daiana-santos-avanca-para-por-fim-a-escala-6x1\/"},"modified":"2025-10-15T17:03:35","modified_gmt":"2025-10-15T20:03:35","slug":"com-apoio-do-governo-projeto-de-daiana-santos-avanca-para-por-fim-a-escala-6x1","status":"publish","type":"post","link":"https:\/\/redept.com.br\/blogosfera\/com-apoio-do-governo-projeto-de-daiana-santos-avanca-para-por-fim-a-escala-6x1\/","title":{"rendered":"Com apoio do Governo, projeto de Daiana Santos avan\u00e7a para p\u00f4r fim \u00e0 escala 6\u00d71"},"content":{"rendered":"<p><img loading=\"lazy\" width=\"1024\" height=\"682\"src=\"https:\/\/redept.com.br\/blogosfera\/wp-content\/uploads\/2025\/10\/WhatsApp-Image-2025-10-15-at-155812-1.jpeg\" alt=\"\" decoding=\"async\" loading=\"lazy\" srcset=\"https:\/\/vermelho.org.br\/wp-content\/uploads\/2025\/10\/WhatsApp-Image-2025-10-15-at-15.58.12-1-1024x682.jpeg 1024w, https:\/\/vermelho.org.br\/wp-content\/uploads\/2025\/10\/WhatsApp-Image-2025-10-15-at-15.58.12-1-300x200.jpeg 300w, https:\/\/vermelho.org.br\/wp-content\/uploads\/2025\/10\/WhatsApp-Image-2025-10-15-at-15.58.12-1-768x512.jpeg 768w, https:\/\/vermelho.org.br\/wp-content\/uploads\/2025\/10\/WhatsApp-Image-2025-10-15-at-15.58.12-1-272x182.jpeg 272w, https:\/\/redept.com.br\/blogosfera\/wp-content\/uploads\/2025\/10\/WhatsApp-Image-2025-10-15-at-155812-1.jpeg 1280w\" sizes=\"auto, (max-width: 1024px) 100vw, 1024px\"><\/p>\n<p>O governo do presidente Luiz In\u00e1cio Lula da Silva decidiu apostar todas as fichas no Projeto de Lei 67\/2025, de autoria da deputada Daiana Santos (PCdoB-RS), como caminho pol\u00edtico mais vi\u00e1vel para reduzir a jornada de trabalho para 40 horas semanais e p\u00f4r fim \u00e0 escala 6\u00d71.<\/p>\n<p>A parlamentar se reuniu nesta ter\u00e7a-feira (14), em Bras\u00edlia, com o ministro do Trabalho, Luiz Marinho, e o presidente da Comiss\u00e3o do Trabalho da C\u00e2mara, L\u00e9o Prates (PDT-BA), para definir estrat\u00e9gias de tramita\u00e7\u00e3o.<\/p>\n<p>Marinho reafirmou o apoio integral do governo federal e se comprometeu a articular com o presidente Lula e aos l\u00edderes da base para que o projeto seja votado ainda em 2025.<\/p>\n<p>\u201cO PL 67\/2025 nasce do di\u00e1logo com trabalhadores e trabalhadoras que enfrentam diariamente o desgaste da escala 6\u00d71. \u00c9 a alternativa vi\u00e1vel para acabar com esse abuso\u201d, afirmou Daiana. \u201cO governo federal reconheceu isso, e juntos vamos transformar essa conquista em realidade, garantindo sa\u00fade e dignidade para a popula\u00e7\u00e3o.\u201d<\/p>\n<p><strong>Audi\u00eancia p\u00fablica e tramita\u00e7\u00e3o acelerada<\/strong><\/p>\n<p>O presidente da Comiss\u00e3o do Trabalho, deputado L\u00e9o Prates, ser\u00e1 o relator da proposta e anunciou que pautar\u00e1 uma audi\u00eancia p\u00fablica com empres\u00e1rios e centrais sindicais ainda neste m\u00eas.<\/p>\n<p>A expectativa \u00e9 de que, em car\u00e1ter conclusivo, as comiss\u00f5es do Trabalho e de Constitui\u00e7\u00e3o e Justi\u00e7a (CCJ) apreciem o texto sem necessidade de cria\u00e7\u00e3o de uma comiss\u00e3o especial \u2014 o que agilizaria a tramita\u00e7\u00e3o e permitiria vota\u00e7\u00e3o direta no plen\u00e1rio.<\/p>\n<p>Essa \u00e9 uma das raz\u00f5es pelas quais o governo decidiu priorizar o PL em vez da Proposta de Emenda \u00e0 Constitui\u00e7\u00e3o (PEC) que trata do mesmo tema: o projeto de lei exige maioria simples, enquanto a PEC demanda qu\u00f3rum qualificado e etapas mais longas de tramita\u00e7\u00e3o.<\/p>\n<p><strong>Uma luta por dignidade e tempo livre<\/strong><\/p>\n<p>Para a deputada Daiana Santos, a proposta representa uma conquista hist\u00f3rica para a classe trabalhadora. Ela defende que a redu\u00e7\u00e3o da jornada \u00e9 uma pauta de dignidade, sa\u00fade e qualidade de vida, que aproxima o Brasil dos padr\u00f5es adotados por outras grandes economias mundiais.<\/p>\n<p>Com base em dados da Organiza\u00e7\u00e3o Internacional do Trabalho (OIT), Daiana aponta que os trabalhadores brasileiros cumprem jornadas mais longas do que a m\u00e9dia das economias do G20, como Alemanha, Fran\u00e7a, Jap\u00e3o e Reino Unido.<\/p>\n<p>\u201cA redu\u00e7\u00e3o da jornada normal m\u00e1xima semanal \u00e9 uma medida essencial para alinhar o Brasil a outros pa\u00edses em situa\u00e7\u00e3o econ\u00f4mica similar, garantindo maior qualidade de vida e mais tempo livre para lazer, estudo e conv\u00edvio familiar\u201d, explica a parlamentar.<\/p>\n<p><strong>Escala 6\u00d71: s\u00edmbolo do desgaste f\u00edsico e social<\/strong><\/p>\n<p>O fim da escala 6\u00d71, que obriga o trabalhador a seis dias consecutivos de trabalho para apenas um de descanso, tornou-se s\u00edmbolo do esgotamento f\u00edsico e emocional da classe trabalhadora brasileira.<\/p>\n<p>Daiana afirma que o PL 67\/2025 concretiza o anseio popular por dois dias de repouso remunerado por semana e valoriza o trabalho humano frente \u00e0 l\u00f3gica produtivista.<\/p>\n<p>\u201cA proposta garante a todos os trabalhadores pelo menos dois dias semanais de repouso remunerado, condi\u00e7\u00e3o b\u00e1sica de sa\u00fade e dignidade\u201d, ressalta.<\/p>\n<p>Al\u00e9m disso, segundo a deputada, a redu\u00e7\u00e3o da jornada pode estimular a produtividade e o consumo interno, revertendo o temor patronal de aumento de custos.<\/p>\n<p>\u201cCom mais tempo livre, o trabalhador poder\u00e1 at\u00e9 mesmo consumir mais, estimulando o crescimento e o desenvolvimento econ\u00f4mico do pa\u00eds\u201d, defende.<\/p>\n<p><strong>Apoio institucional e articula\u00e7\u00e3o pol\u00edtica<\/strong><\/p>\n<div>\n<figure><img loading=\"lazy\" loading=\"lazy\" decoding=\"async\" width=\"768\" height=\"1024\"src=\"https:\/\/redept.com.br\/blogosfera\/wp-content\/uploads\/2025\/10\/Captura-de-Tela-2025-10-15-as-163922.png\" alt=\"\" srcset=\"https:\/\/vermelho.org.br\/wp-content\/uploads\/2025\/10\/Captura-de-Tela-2025-10-15-as-16.39.22-768x1024.png 768w, https:\/\/vermelho.org.br\/wp-content\/uploads\/2025\/10\/Captura-de-Tela-2025-10-15-as-16.39.22-225x300.png 225w, https:\/\/vermelho.org.br\/wp-content\/uploads\/2025\/10\/Captura-de-Tela-2025-10-15-as-16.39.22-1152x1536.png 1152w, https:\/\/redept.com.br\/blogosfera\/wp-content\/uploads\/2025\/10\/Captura-de-Tela-2025-10-15-as-163922.png 1168w\" sizes=\"auto, (max-width: 768px) 100vw, 768px\"><\/figure>\n<\/div>\n<p>O projeto ganhou impulso tamb\u00e9m ap\u00f3s o apoio p\u00fablico da ministra Gleisi Hoffmann, que recebeu Daiana Santos no in\u00edcio de outubro, na Secretaria de Rela\u00e7\u00f5es Institucionais da Presid\u00eancia.<\/p>\n<p>\u201cValorizar as trabalhadoras e os trabalhadores \u00e9 compromisso do governo Lula, e vamos trabalhar juntas para que esse projeto avance\u201d, declarou Gleisi na ocasi\u00e3o.<\/p>\n<p>A presen\u00e7a de duas figuras do n\u00facleo pol\u00edtico do governo \u2014 Marinho e Gleisi \u2014 na articula\u00e7\u00e3o do PL indica que o Pal\u00e1cio do Planalto pretende testar sua capacidade de mobiliza\u00e7\u00e3o no Congresso em torno de uma pauta social emblem\u00e1tica, que dialoga diretamente com as bases sindicais e movimentos populares.<\/p>\n<p><strong>Base constitucional s\u00f3lida e apoio sindical<\/strong><\/p>\n<p>A deputada sustenta que o PL 67\/2025 est\u00e1 em plena harmonia com a Constitui\u00e7\u00e3o Federal. O artigo 7\u00ba da Carta Magna, lembra ela, permite a cria\u00e7\u00e3o de novos direitos trabalhistas que visem \u00e0 melhoria das condi\u00e7\u00f5es sociais, o que afasta a necessidade de mudan\u00e7a constitucional.<\/p>\n<p>\u201cA jornada m\u00e1xima semanal e o \u00fanico dia de repouso s\u00e3o garantias m\u00ednimas. A legisla\u00e7\u00e3o ordin\u00e1ria pode, sim, aprimorar essas condi\u00e7\u00f5es sem ferir a Constitui\u00e7\u00e3o\u201d, argumenta.<\/p>\n<p>O movimento sindical v\u00ea o projeto como uma das duas principais frentes de luta \u2014 ao lado da PEC que extingue a escala 6\u00d71 \u2014 e acredita que o PL 67\/2025 pode ser o marco da retomada da pauta trabalhista no p\u00f3s-reforma de 2017.<\/p>\n<p><strong>Um novo ciclo da pol\u00edtica do trabalho<\/strong><\/p>\n<p>A movimenta\u00e7\u00e3o em torno do PL 67\/2025 representa uma tentativa concreta do governo Lula de reequilibrar a balan\u00e7a entre capital e trabalho, depois de anos de desmonte de direitos sob o argumento da \u201cmoderniza\u00e7\u00e3o\u201d trabalhista.<\/p>\n<p>Ao apostar em um projeto com viabilidade pol\u00edtica real, articulado com a base sindical e o n\u00facleo progressista do Congresso, o Planalto abre caminho para um novo ciclo de valoriza\u00e7\u00e3o do trabalho, que recoloca a qualidade de vida e o tempo humano no centro do debate econ\u00f4mico.<\/p>\n<p>\u201cA luta por uma jornada justa \u00e9, antes de tudo, uma luta pela vida\u201d, sintetiza Daiana Santos.<\/p>\n<p>O post <a href=\"https:\/\/vermelho.org.br\/2025\/10\/15\/com-apoio-do-governo-projeto-de-daiana-santos-avanca-para-por-fim-a-escala-6x1\/\">Com apoio do Governo, projeto de Daiana Santos avan\u00e7a para p\u00f4r fim \u00e0 escala 6\u00d71<\/a> apareceu primeiro em <a href=\"https:\/\/vermelho.org.br\/\">Vermelho<\/a>.<\/p>\n<!-- Begin Yuzo --><div class='yuzo_related_post style-1'  data-version='5.12.89'><!-- without result --><div class='yuzo_clearfixed yuzo__title yuzo__title'><h3>Related Post<\/h3><\/div>\n\t\t\t\t\t\t  <div class=\"relatedthumb \" style=\"width:125px;float:left;overflow:hidden;\">  \n\t\t\t\t\t\t\t  \n\t\t\t\t\t\t\t  <a  href=\"https:\/\/redept.com.br\/blogosfera\/retomada-indigena-kaingang-re-si-nasce-em-porto-alegre-em-defesa-do-territorio\/\"  >\n\t\t\t\t\t\t\t\t\t  <div class=\"yuzo-img-wrap \" style=\"width: 125px;height:90px;\">\n\t\t\t\t\t\t\t\t\t\t\n\t\t\t\t\t\t\t\t\t\t<div class=\"yuzo-img\" style=\"background:url('https:\/\/redept.org\/blogosfera\/wp-content\/plugins\/yuzo-related-post\/assets\/images\/default.png') 50% 50% no-repeat;width: 125px;height:90px;margin-bottom: 5px;background-size: cover; \"><\/div>\n\t\t\t\t\t\t\t\t\t  <\/div>\n\t\t\t\t\t\t\t\t\t  \n\t\t\t\t\t\t\t\t   <span class=\"yuzo__text--title\" style=\"font-size:13px;\">Retomada ind\u00edgena Kaingang Re-S\u012b nasce em Porto Al...<\/span>\n\t\t\t\t\t\t\t  \n\t\t\t\t\t\t\t  \n\t\t\t\t\t\t\t  <\/a>\n\n\t\t\t\t\t\t  <\/div>\n\t\t\t\t\t\t  <div class=\"relatedthumb \" style=\"width:125px;float:left;overflow:hidden;\">  \n\t\t\t\t\t\t\t  \n\t\t\t\t\t\t\t  <a  href=\"https:\/\/redept.com.br\/blogosfera\/ruptura-e-sobre-as-metades-das-nossas-vidas-ganhando-consciencia-de-classe\/\"  >\n\t\t\t\t\t\t\t\t\t  <div class=\"yuzo-img-wrap \" style=\"width: 125px;height:90px;\">\n\t\t\t\t\t\t\t\t\t\t\n\t\t\t\t\t\t\t\t\t\t<div class=\"yuzo-img\" style=\"background:url('https:\/\/redept.com.br\/blogosfera\/wp-content\/uploads\/2025\/03\/ruptura-150x150.jpg') 50% 50% no-repeat;width: 125px;height:90px;margin-bottom: 5px;background-size: cover; \"><\/div>\n\t\t\t\t\t\t\t\t\t  <\/div>\n\t\t\t\t\t\t\t\t\t  \n\t\t\t\t\t\t\t\t   <span class=\"yuzo__text--title\" style=\"font-size:13px;\">\u2018Ruptura\u2019 \u00e9 sobre as \u2018metades\u2019 das nossas vidas ga...<\/span>\n\t\t\t\t\t\t\t  \n\t\t\t\t\t\t\t  \n\t\t\t\t\t\t\t  <\/a>\n\n\t\t\t\t\t\t  <\/div>\n\t\t\t\t\t\t  <div class=\"relatedthumb \" style=\"width:125px;float:left;overflow:hidden;\">  \n\t\t\t\t\t\t\t  \n\t\t\t\t\t\t\t  <a  href=\"https:\/\/redept.com.br\/blogosfera\/jogo-educativo-promove-reconhecimento-de-palavras-indigenas-na-alfabetizacao-em-escolas-publicas-de-viamao-rs\/\"  >\n\t\t\t\t\t\t\t\t\t  <div class=\"yuzo-img-wrap \" style=\"width: 125px;height:90px;\">\n\t\t\t\t\t\t\t\t\t\t\n\t\t\t\t\t\t\t\t\t\t<div class=\"yuzo-img\" style=\"background:url('https:\/\/redept.org\/blogosfera\/wp-content\/plugins\/yuzo-related-post\/assets\/images\/default.png') 50% 50% no-repeat;width: 125px;height:90px;margin-bottom: 5px;background-size: cover; \"><\/div>\n\t\t\t\t\t\t\t\t\t  <\/div>\n\t\t\t\t\t\t\t\t\t  \n\t\t\t\t\t\t\t\t   <span class=\"yuzo__text--title\" style=\"font-size:13px;\">Jogo educativo promove reconhecimento de palavras ...<\/span>\n\t\t\t\t\t\t\t  \n\t\t\t\t\t\t\t  \n\t\t\t\t\t\t\t  <\/a>\n\n\t\t\t\t\t\t  <\/div>\n\t\t\t\t\t\t  <div class=\"relatedthumb \" style=\"width:125px;float:left;overflow:hidden;\">  \n\t\t\t\t\t\t\t  \n\t\t\t\t\t\t\t  <a  href=\"https:\/\/redept.com.br\/blogosfera\/vitoria-do-dialogo-da-diplomacia-e-do-bom-senso-diz-lula-apos-trump-reverter-tarifas-video\/\"  >\n\t\t\t\t\t\t\t\t\t  <div class=\"yuzo-img-wrap \" style=\"width: 125px;height:90px;\">\n\t\t\t\t\t\t\t\t\t\t\n\t\t\t\t\t\t\t\t\t\t<div class=\"yuzo-img\" style=\"background:url('https:\/\/redept.org\/blogosfera\/wp-content\/plugins\/yuzo-related-post\/assets\/images\/default.png') 50% 50% no-repeat;width: 125px;height:90px;margin-bottom: 5px;background-size: cover; \"><\/div>\n\t\t\t\t\t\t\t\t\t  <\/div>\n\t\t\t\t\t\t\t\t\t  \n\t\t\t\t\t\t\t\t   <span class=\"yuzo__text--title\" style=\"font-size:13px;\">\u201cVit\u00f3ria do di\u00e1logo, da diplomacia e do bom senso\u201d...<\/span>\n\t\t\t\t\t\t\t  \n\t\t\t\t\t\t\t  \n\t\t\t\t\t\t\t  <\/a>\n\n\t\t\t\t\t\t  <\/div>\n<\/div> <script>\n\t\t\t\t\t\t  jQuery(document).ready(function( $ ){\n\t\t\t\t\t\t\t\/\/jQuery('.yuzo_related_post').equalizer({ overflow : 'relatedthumb' });\n\t\t\t\t\t\t\tjQuery('.yuzo_related_post .yuzo_wraps').equalizer({ columns : '> div' });\n\t\t\t\t\t\t   })\n\t\t\t\t\t\t  <\/script> <!-- End Yuzo :) -->","protected":false},"excerpt":{"rendered":"<p>O governo do presidente Luiz In\u00e1cio Lula da Silva decidiu apostar todas as fichas no Projeto de Lei 67\/2025, de autoria da deputada Daiana Santos (PCdoB-RS), como caminho pol\u00edtico mais vi\u00e1vel para reduzir a jornada de trabalho para 40 horas semanais e p\u00f4r fim \u00e0 escala 6\u00d71. A parlamentar se reuniu nesta ter\u00e7a-feira (14), em [&hellip;]<\/p>\n","protected":false},"author":2,"featured_media":0,"comment_status":"open","ping_status":"closed","sticky":false,"template":"","format":"standard","meta":{"fifu_image_url":"","fifu_image_alt":"","footnotes":""},"categories":[295,1963,3665,25119,3180,1745,2482,25120,1371,377],"tags":[],"class_list":["post-58568","post","type-post","status-publish","format-standard","hentry","category-daiana-santos","category-escala-6x1","category-gleisi-hoffmann","category-leo-prates","category-luiz-marinho","category-ministerio-do-trabalho-e-emprego","category-reducao-da-jornada","category-secretaria-de-relacoes-institucionais-da-presidencia","category-sindicalismo","category-trabalho"],"_links":{"self":[{"href":"https:\/\/redept.com.br\/blogosfera\/wp-json\/wp\/v2\/posts\/58568","targetHints":{"allow":["GET"]}}],"collection":[{"href":"https:\/\/redept.com.br\/blogosfera\/wp-json\/wp\/v2\/posts"}],"about":[{"href":"https:\/\/redept.com.br\/blogosfera\/wp-json\/wp\/v2\/types\/post"}],"author":[{"embeddable":true,"href":"https:\/\/redept.com.br\/blogosfera\/wp-json\/wp\/v2\/users\/2"}],"replies":[{"embeddable":true,"href":"https:\/\/redept.com.br\/blogosfera\/wp-json\/wp\/v2\/comments?post=58568"}],"version-history":[{"count":0,"href":"https:\/\/redept.com.br\/blogosfera\/wp-json\/wp\/v2\/posts\/58568\/revisions"}],"wp:attachment":[{"href":"https:\/\/redept.com.br\/blogosfera\/wp-json\/wp\/v2\/media?parent=58568"}],"wp:term":[{"taxonomy":"category","embeddable":true,"href":"https:\/\/redept.com.br\/blogosfera\/wp-json\/wp\/v2\/categories?post=58568"},{"taxonomy":"post_tag","embeddable":true,"href":"https:\/\/redept.com.br\/blogosfera\/wp-json\/wp\/v2\/tags?post=58568"}],"curies":[{"name":"wp","href":"https:\/\/api.w.org\/{rel}","templated":true}]}}