{"id":58624,"date":"2025-10-15T14:11:04","date_gmt":"2025-10-15T17:11:04","guid":{"rendered":"https:\/\/redept.com.br\/blogosfera\/al-janiah-recebe-ciclo-de-debates-e-filmes-sobre-a-palestina-com-transmissao-nacional\/"},"modified":"2025-10-15T14:11:04","modified_gmt":"2025-10-15T17:11:04","slug":"al-janiah-recebe-ciclo-de-debates-e-filmes-sobre-a-palestina-com-transmissao-nacional","status":"publish","type":"post","link":"https:\/\/redept.com.br\/blogosfera\/al-janiah-recebe-ciclo-de-debates-e-filmes-sobre-a-palestina-com-transmissao-nacional\/","title":{"rendered":"Al Janiah recebe ciclo de debates e filmes sobre a Palestina com transmiss\u00e3o nacional"},"content":{"rendered":"<p><span>Entre 11 de outubro e 8 de novembro, com transmiss\u00e3o para todo o Brasil,\u00a0 ser\u00e1 realizado um ciclo gratuito de encontros formativos em apoio ao povo palestino, com mesas de debate, roda de samba e exibi\u00e7\u00e3o de filmes. A partir de uma abordagem interdisciplinar, o ciclo pretende examinar o percurso cr\u00edtico e hist\u00f3rico sobre a experi\u00eancia palestina, articulando passado e presente, mem\u00f3ria e resist\u00eancia. Ao longo de cinco semanas, ser\u00e3o abordados o processo de coloniza\u00e7\u00e3o da Palestina, a expuls\u00e3o em massa de seu povo em 1948, conhecida como Nakba, e a continuidade de pr\u00e1ticas de ocupa\u00e7\u00e3o, limpeza \u00e9tnica e genoc\u00eddio at\u00e9 a atualidade.<\/span><\/p>\n<p><span>No pr\u00f3ximo domingo, dia 19 de outubro, \u00e0s 19h, ser\u00e1 realizada a segunda sess\u00e3o do cineclube Cinema de Arak, iniciativa do N\u00facleo Leila Khaled, que busca na linguagem cinematogr\u00e1fica a constru\u00e7\u00e3o de um pensamento contra-hegem\u00f4nico. Esta sess\u00e3o ser\u00e1 dedicada \u00e0s Flotilhas da Liberdade, com um olhar para sua resist\u00eancia e luta pela paz de 2010 aos dias de hoje. A programa\u00e7\u00e3o contar\u00e1 com a presen\u00e7a de representantes das navega\u00e7\u00f5es de 2025 e ocorrer\u00e1 de forma simult\u00e2nea em S\u00e3o Paulo, com o Cinema de Arak, e em S\u00e3o Jo\u00e3o Del Rei, Minas Gerais, com o coletivo Cinema na Rua.<\/span><\/p>\n<p><span>Ser\u00e3o exibidos tr\u00eas curtas de Iara Lee, <\/span><i><span>Marcha pela liberdade de Gaza<\/span><\/i><span> (2009), <\/span><i><span>Israeli attack on the Mavi Marmara \u2013 Iara Lee testifies to the UN <\/span><\/i><span>(2010) e <\/span><i><span>Fishing under fire <\/span><\/i><span>(2010). Brasileira com ascend\u00eancia coreana, Lee \u00e9 fundadora do projeto Cultures of Resistance e embarcou na Flotilha que tentou romper o cerco a Gaza em 2010, quando 10 pessoas foram assassinadas pelo estado sionista de Israel. Al\u00e9m dos curtas, a programa\u00e7\u00e3o contar\u00e1 com o longa-metragem <\/span><i><span>The truth: lost sea<\/span><\/i><span> (2019), de Rifat Audeh, ativista e defensor dos direitos humanos palestinos que tamb\u00e9m esteve \u00e0 bordo da Flotilla em 2010. A sess\u00e3o ser\u00e1 seguida de um debate que buscar\u00e1 refletir sobre o trabalho ativista das flotilhas e a produ\u00e7\u00e3o de document\u00e1rios em situa\u00e7\u00f5es lim\u00edtrofes.<\/span><\/p>\n<p><span>J\u00e1 no dia 2 de novembro, o bar Al Janiah recebe a programa\u00e7\u00e3o do Palestine Cinema Days, festival anual de cinema que acontece simultaneamente em diversos pa\u00edses na data hist\u00f3rica de assinatura da Declara\u00e7\u00e3o de Balfour, quando a Gr\u00e3 Bretanha autoriza a cria\u00e7\u00e3o do estado de Israel. Desde 2014, o evento vem contribuindo para colocar a Palestina no mapa da ind\u00fastria cinematogr\u00e1fica global e do cen\u00e1rio audiovisual, oferecendo uma programa\u00e7\u00e3o de filmes palestinos premiados e aclamados mundialmente.<\/span><\/p>\n<p><span>Nesta ocasi\u00e3o, ser\u00e1 exibido o impressionante longa-metragem <\/span><i><span>Um estado de devo\u00e7\u00e3o<\/span><\/i><span> (2024), de Carol Mansour e Muna Khalidi, que acompanha o Dr. Ghassan Abu-Sittah, um cirurgi\u00e3o que trabalhou ao longo de 43 dias, 24 horas por dia, sob bombardeio constante nas salas de emerg\u00eancia em Gaza. O m\u00e9dico se tornou um s\u00edmbolo de resist\u00eancia palestina, continuando seu trabalho apesar dos traumas causados pelo horror dos corpos dilacerados, amputa\u00e7\u00f5es sem anestesia e crian\u00e7as \u00f3rf\u00e3s feridas, al\u00e9m dos ataques \u00e0s pr\u00f3prias instala\u00e7\u00f5es hospitalares. Tamb\u00e9m ser\u00e1 exibido o curta-metragem<\/span><i><span> Upshot<\/span><\/i><span> (2024), de Maha Haj, premiado no festival de Locarno e Clermont-Ferrand.<\/span><\/p>\n<figure aria-describedby=\"caption-attachment-234583\"><img loading=\"lazy\" loading=\"lazy\" decoding=\"async\"src=\"https:\/\/redept.com.br\/blogosfera\/wp-content\/uploads\/2025\/10\/a_state_of_passion_1-scaled.webp\" alt=\"Um estado de devo\u00e7\u00e3o (2024), de Carol Mansour e Muna Khalidi. (Foto: Divulga\u00e7\u00e3o)\" width=\"2560\" height=\"1441\" srcset=\"https:\/\/redept.com.br\/blogosfera\/wp-content\/uploads\/2025\/10\/a_state_of_passion_1-scaled.webp 2560w, https:\/\/operamundi.uol.com.br\/wp-content\/uploads\/2025\/10\/a_state_of_passion_1-300x169.webp 300w, https:\/\/operamundi.uol.com.br\/wp-content\/uploads\/2025\/10\/a_state_of_passion_1-1024x576.webp 1024w, https:\/\/operamundi.uol.com.br\/wp-content\/uploads\/2025\/10\/a_state_of_passion_1-768x432.webp 768w, https:\/\/operamundi.uol.com.br\/wp-content\/uploads\/2025\/10\/a_state_of_passion_1-1536x864.webp 1536w, https:\/\/operamundi.uol.com.br\/wp-content\/uploads\/2025\/10\/a_state_of_passion_1-2048x1153.webp 2048w, https:\/\/operamundi.uol.com.br\/wp-content\/uploads\/2025\/10\/a_state_of_passion_1-150x84.webp 150w, https:\/\/operamundi.uol.com.br\/wp-content\/uploads\/2025\/10\/a_state_of_passion_1-750x422.webp 750w, https:\/\/operamundi.uol.com.br\/wp-content\/uploads\/2025\/10\/a_state_of_passion_1-1140x642.webp 1140w\" sizes=\"auto, (max-width: 2560px) 100vw, 2560px\"><figcaption>Um estado de devo\u00e7\u00e3o (2024), de Carol Mansour e Muna Khalidi. (Foto: Divulga\u00e7\u00e3o)<\/figcaption><\/figure>\n<p><span>Nas mesas de debate do semin\u00e1rio, entre os palestrantes, estar\u00e3o presentes Soraya Misleh (jornalista palestina, coordenadora da Frente Palestina), Breno Altman (jornalista, autor do livro <\/span><i><span>Contra o Sionismo<\/span><\/i><span>), Reginaldo Nasser (professor de rela\u00e7\u00f5es internacionais da PUC-SP), Bruno Huberman (professor de rela\u00e7\u00f5es internacionais da PUC-SP\/ integrante do Vozes Judaicas por Liberta\u00e7\u00e3o), Sergio Amadeu (soci\u00f3logo, autor dos livros <\/span><i><span>Colonialismo de Dados <\/span><\/i><span>e <\/span><i><span>Colonialismo Digital<\/span><\/i><span>), Mohamad el Kadri (presidente do F\u00f3rum Latino Palestino, participante da Flotilha Global Sumud), D\u00e9bora Silva (Movimento M\u00e3es de Maio), Padre Julio Lancelotti, Rawa Alsagheer (coordenadora coordenadora da Samidoun \u2013 Rede de Solidariedade aos Prisioneiros Palestinos), Rafat al Najar (professor de cultura \u00e1rabe nascido em Gaza), Juliana Siegmann (BDS Am\u00e9rica Latina), Dani Avelar (Coletivo Shireen Abu Akleh de Jornalistas Contra o Genoc\u00eddio) e representantes da Flotilha Global Sumud.<\/span><\/p>\n<p><span>O semin\u00e1rio \u00e9 organizado pela Frente Palestina de S\u00e3o Paulo em parceria com a Universidade dos Povos Livres, Al Janiah, Utopia e Cr\u00edtica: Grupo de Pesquisa Interdisciplinar\/ UFABC e Cord\u00e3o da Mentira. A programa\u00e7\u00e3o \u00e9 gratuita, com emiss\u00e3o de certificado de participa\u00e7\u00e3o pela Universidade Federal do ABC. As inscri\u00e7\u00f5es devem ser feitas previamente pelo <\/span><span>link<\/span><span>.<\/span><\/p>\n<figure aria-describedby=\"caption-attachment-234584\"><img loading=\"lazy\" loading=\"lazy\" decoding=\"async\"src=\"https:\/\/redept.com.br\/blogosfera\/wp-content\/uploads\/2025\/10\/7d496ac3-794a-4fef-b5e4-54fea42a1fef.webp\" alt=\"Programa\u00e7\u00e3o completa do evento.\" width=\"1080\" height=\"1350\" srcset=\"https:\/\/redept.com.br\/blogosfera\/wp-content\/uploads\/2025\/10\/7d496ac3-794a-4fef-b5e4-54fea42a1fef.webp 1080w, https:\/\/operamundi.uol.com.br\/wp-content\/uploads\/2025\/10\/7d496ac3-794a-4fef-b5e4-54fea42a1fef-240x300.webp 240w, https:\/\/operamundi.uol.com.br\/wp-content\/uploads\/2025\/10\/7d496ac3-794a-4fef-b5e4-54fea42a1fef-819x1024.webp 819w, https:\/\/operamundi.uol.com.br\/wp-content\/uploads\/2025\/10\/7d496ac3-794a-4fef-b5e4-54fea42a1fef-768x960.webp 768w, https:\/\/operamundi.uol.com.br\/wp-content\/uploads\/2025\/10\/7d496ac3-794a-4fef-b5e4-54fea42a1fef-150x188.webp 150w, https:\/\/operamundi.uol.com.br\/wp-content\/uploads\/2025\/10\/7d496ac3-794a-4fef-b5e4-54fea42a1fef-750x938.webp 750w\" sizes=\"auto, (max-width: 1080px) 100vw, 1080px\"><figcaption>Programa\u00e7\u00e3o completa do evento.<\/figcaption><\/figure>\n<p><b>Servi\u00e7o:<br \/>\n<\/b><span>Local: Al Janiah \u2013 Rua Rui Barbosa, Bela Vista (com transmiss\u00e3o para todo o Brasil no canal de Opera Mundi no Youtube)<br \/>\n<\/span><span>Data: 11\/10 a 8\/11<br \/>\n<\/span><span>Hor\u00e1rio: das 18h \u00e0s 20h<br \/>\n<\/span><span>As inscri\u00e7\u00f5es s\u00e3o gratuitas com certificado emitido pela UFABC:<br \/>\n<\/span><span>https:\/\/forms.gle\/JxbS11S1Enw2pVjo9<\/span><\/p>\n<div data-id=\"3a925c7\" data-element_type=\"widget\" data-widget_type=\"jnews_archive_title_elementor.default\">\n<div>\n<div>\n<div>\n<div><em>(*) Graduada em Audiovisual pela ECA-USP, <strong>Nayla Guerra<\/strong> \u00e9 produtora cultural na Cinemateca Brasileira e organizadora do coletivo Cine Sapat\u00e3o. \u00c9 autora do livro \u201cEntre apagamentos e resist\u00eancias\u201d (Editora Alameda, 2023) e diretora do filme \u201cFerro\u2019s Bar\u201d (2023).<\/em><\/div>\n<\/div>\n<\/div>\n<\/div>\n<\/div>\n<p>O post Al Janiah recebe ciclo de debates e filmes sobre a Palestina com transmiss\u00e3o nacional apareceu primeiro em Opera Mundi.<\/p>\n<!-- Begin Yuzo --><div class='yuzo_related_post style-1'  data-version='5.12.89'><!-- without result --><div class='yuzo_clearfixed yuzo__title yuzo__title'><h3>Related Post<\/h3><\/div>\n\t\t\t\t\t\t  <div class=\"relatedthumb \" style=\"width:125px;float:left;overflow:hidden;\">  \n\t\t\t\t\t\t\t  \n\t\t\t\t\t\t\t  <a  href=\"https:\/\/redept.com.br\/blogosfera\/brics-lula-critica-insignificancia-da-onu-no-primeiro-dia-de-cupula\/\"  >\n\t\t\t\t\t\t\t\t\t  <div class=\"yuzo-img-wrap \" style=\"width: 125px;height:90px;\">\n\t\t\t\t\t\t\t\t\t\t\n\t\t\t\t\t\t\t\t\t\t<div class=\"yuzo-img\" style=\"background:url('https:\/\/redept.com.br\/blogosfera\/wp-content\/uploads\/2025\/07\/brics-2-150x150.jpg') 50% 50% no-repeat;width: 125px;height:90px;margin-bottom: 5px;background-size: cover; \"><\/div>\n\t\t\t\t\t\t\t\t\t  <\/div>\n\t\t\t\t\t\t\t\t\t  \n\t\t\t\t\t\t\t\t   <span class=\"yuzo__text--title\" style=\"font-size:13px;\">Brics: Lula critica insignific\u00e2ncia da ONU no prim...<\/span>\n\t\t\t\t\t\t\t  \n\t\t\t\t\t\t\t  \n\t\t\t\t\t\t\t  <\/a>\n\n\t\t\t\t\t\t  <\/div>\n\t\t\t\t\t\t  <div class=\"relatedthumb \" style=\"width:125px;float:left;overflow:hidden;\">  \n\t\t\t\t\t\t\t  \n\t\t\t\t\t\t\t  <a  href=\"https:\/\/sul21.com.br\/noticias\/politica\/2025\/10\/lula-anuncia-boulos-como-ministro\/\"  >\n\t\t\t\t\t\t\t\t\t  <div class=\"yuzo-img-wrap \" style=\"width: 125px;height:90px;\">\n\t\t\t\t\t\t\t\t\t\t\n\t\t\t\t\t\t\t\t\t\t<div class=\"yuzo-img\" style=\"background:url('https:\/\/redept.org\/blogosfera\/wp-content\/plugins\/yuzo-related-post\/assets\/images\/default.png') 50% 50% no-repeat;width: 125px;height:90px;margin-bottom: 5px;background-size: cover; \"><\/div>\n\t\t\t\t\t\t\t\t\t  <\/div>\n\t\t\t\t\t\t\t\t\t  \n\t\t\t\t\t\t\t\t   <span class=\"yuzo__text--title\" style=\"font-size:13px;\">Lula anuncia Boulos como ministro<\/span>\n\t\t\t\t\t\t\t  \n\t\t\t\t\t\t\t  \n\t\t\t\t\t\t\t  <\/a>\n\n\t\t\t\t\t\t  <\/div>\n\t\t\t\t\t\t  <div class=\"relatedthumb \" style=\"width:125px;float:left;overflow:hidden;\">  \n\t\t\t\t\t\t\t  \n\t\t\t\t\t\t\t  <a  href=\"https:\/\/redept.com.br\/blogosfera\/82o-festival-de-veneza-premia-father-mother-sister-brother-com-leao-de-ouro\/\"  >\n\t\t\t\t\t\t\t\t\t  <div class=\"yuzo-img-wrap \" style=\"width: 125px;height:90px;\">\n\t\t\t\t\t\t\t\t\t\t\n\t\t\t\t\t\t\t\t\t\t<div class=\"yuzo-img\" style=\"background:url('https:\/\/redept.com.br\/blogosfera\/wp-content\/uploads\/2025\/09\/Filme-sobre-Gaza-emociona-Festival-de-Veneza-com-homenagem-a-vitima-do-genocidio-150x150.jpg') 50% 50% no-repeat;width: 125px;height:90px;margin-bottom: 5px;background-size: cover; \"><\/div>\n\t\t\t\t\t\t\t\t\t  <\/div>\n\t\t\t\t\t\t\t\t\t  \n\t\t\t\t\t\t\t\t   <span class=\"yuzo__text--title\" style=\"font-size:13px;\">82\u00ba Festival de Veneza premia \u201cFather Mother Siste...<\/span>\n\t\t\t\t\t\t\t  \n\t\t\t\t\t\t\t  \n\t\t\t\t\t\t\t  <\/a>\n\n\t\t\t\t\t\t  <\/div>\n\t\t\t\t\t\t  <div class=\"relatedthumb \" style=\"width:125px;float:left;overflow:hidden;\">  \n\t\t\t\t\t\t\t  \n\t\t\t\t\t\t\t  <a  href=\"https:\/\/redept.com.br\/blogosfera\/brasil-pode-revidar-taxacao-de-trump-com-aprovacao-da-camara\/\"  >\n\t\t\t\t\t\t\t\t\t  <div class=\"yuzo-img-wrap \" style=\"width: 125px;height:90px;\">\n\t\t\t\t\t\t\t\t\t\t\n\t\t\t\t\t\t\t\t\t\t<div class=\"yuzo-img\" style=\"background:url('https:\/\/redept.org\/blogosfera\/wp-content\/plugins\/yuzo-related-post\/assets\/images\/default.png') 50% 50% no-repeat;width: 125px;height:90px;margin-bottom: 5px;background-size: cover; \"><\/div>\n\t\t\t\t\t\t\t\t\t  <\/div>\n\t\t\t\t\t\t\t\t\t  \n\t\t\t\t\t\t\t\t   <span class=\"yuzo__text--title\" style=\"font-size:13px;\">Brasil pode revidar taxa\u00e7\u00e3o de Trump com aprova\u00e7\u00e3o...<\/span>\n\t\t\t\t\t\t\t  \n\t\t\t\t\t\t\t  \n\t\t\t\t\t\t\t  <\/a>\n\n\t\t\t\t\t\t  <\/div>\n<\/div> <script>\n\t\t\t\t\t\t  jQuery(document).ready(function( $ ){\n\t\t\t\t\t\t\t\/\/jQuery('.yuzo_related_post').equalizer({ overflow : 'relatedthumb' });\n\t\t\t\t\t\t\tjQuery('.yuzo_related_post .yuzo_wraps').equalizer({ columns : '> div' });\n\t\t\t\t\t\t   })\n\t\t\t\t\t\t  <\/script> <!-- End Yuzo :) -->","protected":false},"excerpt":{"rendered":"<p>Entre 11 de outubro e 8 de novembro, com transmiss\u00e3o para todo o Brasil,\u00a0 ser\u00e1 realizado um ciclo gratuito de encontros formativos em apoio ao povo palestino, com mesas de debate, roda de samba e exibi\u00e7\u00e3o de filmes. A partir de uma abordagem interdisciplinar, o ciclo pretende examinar o percurso cr\u00edtico e hist\u00f3rico sobre a [\u2026]<\/p>\n<p>O post <a href=\"https:\/\/operamundi.uol.com.br\/cultura\/al-janiah-recebe-ciclo-de-debates-e-filmes-sobre-a-palestina-com-transmissao-nacional\/\">Al Janiah recebe ciclo de debates e filmes sobre a Palestina com transmiss\u00e3o nacional<\/a> apareceu primeiro em <a href=\"https:\/\/operamundi.uol.com.br\/\">Opera Mundi<\/a>.<\/p>\n","protected":false},"author":2,"featured_media":58625,"comment_status":"closed","ping_status":"closed","sticky":false,"template":"","format":"standard","meta":{"fifu_image_url":"","fifu_image_alt":"","footnotes":""},"categories":[25186,6059,488,309,25187,52,54],"tags":[],"class_list":["post-58624","post","type-post","status-publish","format-standard","has-post-thumbnail","hentry","category-al-janiah","category-breno-altman","category-cinema","category-cultura","category-debates","category-gaza","category-palestina"],"_links":{"self":[{"href":"https:\/\/redept.com.br\/blogosfera\/wp-json\/wp\/v2\/posts\/58624","targetHints":{"allow":["GET"]}}],"collection":[{"href":"https:\/\/redept.com.br\/blogosfera\/wp-json\/wp\/v2\/posts"}],"about":[{"href":"https:\/\/redept.com.br\/blogosfera\/wp-json\/wp\/v2\/types\/post"}],"author":[{"embeddable":true,"href":"https:\/\/redept.com.br\/blogosfera\/wp-json\/wp\/v2\/users\/2"}],"replies":[{"embeddable":true,"href":"https:\/\/redept.com.br\/blogosfera\/wp-json\/wp\/v2\/comments?post=58624"}],"version-history":[{"count":0,"href":"https:\/\/redept.com.br\/blogosfera\/wp-json\/wp\/v2\/posts\/58624\/revisions"}],"wp:featuredmedia":[{"embeddable":true,"href":"https:\/\/redept.com.br\/blogosfera\/wp-json\/wp\/v2\/media\/58625"}],"wp:attachment":[{"href":"https:\/\/redept.com.br\/blogosfera\/wp-json\/wp\/v2\/media?parent=58624"}],"wp:term":[{"taxonomy":"category","embeddable":true,"href":"https:\/\/redept.com.br\/blogosfera\/wp-json\/wp\/v2\/categories?post=58624"},{"taxonomy":"post_tag","embeddable":true,"href":"https:\/\/redept.com.br\/blogosfera\/wp-json\/wp\/v2\/tags?post=58624"}],"curies":[{"name":"wp","href":"https:\/\/api.w.org\/{rel}","templated":true}]}}