{"id":58812,"date":"2025-10-16T18:20:16","date_gmt":"2025-10-16T21:20:16","guid":{"rendered":"https:\/\/redept.com.br\/blogosfera\/fmi-eleva-previsao-de-crescimento-global-mas-alerta-para-guerra-comercial-eua-china\/"},"modified":"2025-10-16T18:20:16","modified_gmt":"2025-10-16T21:20:16","slug":"fmi-eleva-previsao-de-crescimento-global-mas-alerta-para-guerra-comercial-eua-china","status":"publish","type":"post","link":"https:\/\/redept.com.br\/blogosfera\/fmi-eleva-previsao-de-crescimento-global-mas-alerta-para-guerra-comercial-eua-china\/","title":{"rendered":"FMI eleva previs\u00e3o de crescimento global, mas alerta para guerra comercial EUA-China"},"content":{"rendered":"<p><img loading=\"lazy\" width=\"1024\" height=\"683\"src=\"https:\/\/redept.com.br\/blogosfera\/wp-content\/uploads\/2025\/10\/FOREIGN1760510513097606WK2FTEZ.png\" alt=\"\" decoding=\"async\" loading=\"lazy\" srcset=\"https:\/\/redept.com.br\/blogosfera\/wp-content\/uploads\/2025\/10\/FOREIGN1760510513097606WK2FTEZ.png 1024w, https:\/\/vermelho.org.br\/wp-content\/uploads\/2025\/10\/FOREIGN1760510513097606WK2FTEZ-300x200.png 300w, https:\/\/vermelho.org.br\/wp-content\/uploads\/2025\/10\/FOREIGN1760510513097606WK2FTEZ-768x512.png 768w, https:\/\/vermelho.org.br\/wp-content\/uploads\/2025\/10\/FOREIGN1760510513097606WK2FTEZ-272x182.png 272w\" sizes=\"auto, (max-width: 1024px) 100vw, 1024px\"><\/p>\n<p>O FMI revisou para cima sua previs\u00e3o de crescimento global em 2025, agora em 3,2%, acima dos 3,0% estimados em julho. O setor privado \u00e1gil, cadeias de suprimento redirecionadas, d\u00f3lar mais fraco, est\u00edmulo fiscal na Europa e China, e investimentos em intelig\u00eancia artificial ajudaram a sustentar a economia.<\/p>\n<p>O presidente dos EUA, Donald Trump, amea\u00e7ou tarifas de 100% sobre produtos chineses, al\u00e9m das taxas m\u00e9dias de 55%. Em cen\u00e1rio de risco negativo, o FMI projeta que uma escalada na guerra comercial poderia reduzir o crescimento global em at\u00e9 1,8 ponto percentual at\u00e9 2027.<\/p>\n<p><strong>Estados Unidos e Am\u00e9rica Latina mant\u00eam crescimento<\/strong><\/p>\n<p>O crescimento dos EUA deve ser de 2,0% em 2025 e 2,1% em 2026, sustentado por tarifas menores, est\u00edmulo fiscal e investimentos em IA. A Am\u00e9rica Latina e o Caribe devem crescer 2,4%, puxada pelo M\u00e9xico, enquanto a zona do euro sobe ligeiramente para 1,2%.<\/p>\n<p>O crescimento chin\u00eas segue em 4,8% para 2025 e 4,2% para 2026, com o setor imobili\u00e1rio inst\u00e1vel e risco elevado \u00e0 estabilidade financeira, incluindo baixa demanda por cr\u00e9dito e possibilidade de defla\u00e7\u00e3o.<\/p>\n<p>A infla\u00e7\u00e3o mundial permanece em 4,2% para 2025 e 3,7% para 2026, com press\u00f5es nos EUA devido ao repasse de tarifas pelas empresas aos consumidores.<\/p>\n<p>O post <a href=\"https:\/\/vermelho.org.br\/2025\/10\/16\/fmi-eleva-previsao-de-crescimento-global-mas-alerta-teme-guerra-comercial-eua-china\/\">FMI eleva previs\u00e3o de crescimento global, mas alerta para guerra comercial EUA-China<\/a> apareceu primeiro em <a href=\"https:\/\/vermelho.org.br\/\">Vermelho<\/a>.<\/p>\n<!-- Begin Yuzo --><div class='yuzo_related_post style-1'  data-version='5.12.89'><!-- without result --><div class='yuzo_clearfixed yuzo__title yuzo__title'><h3>Related Post<\/h3><\/div>\n\t\t\t\t\t\t  <div class=\"relatedthumb \" style=\"width:125px;float:left;overflow:hidden;\">  \n\t\t\t\t\t\t\t  \n\t\t\t\t\t\t\t  <a  href=\"https:\/\/redept.com.br\/blogosfera\/ira-anuncia-escalada-em-lancamentos-de-misseis-frequencia-escopo-e-alcance-serao-ampliados\/\"  >\n\t\t\t\t\t\t\t\t\t  <div class=\"yuzo-img-wrap \" style=\"width: 125px;height:90px;\">\n\t\t\t\t\t\t\t\t\t\t\n\t\t\t\t\t\t\t\t\t\t<div class=\"yuzo-img\" style=\"background:url('https:\/\/redept.org\/blogosfera\/wp-content\/plugins\/yuzo-related-post\/assets\/images\/default.png') 50% 50% no-repeat;width: 125px;height:90px;margin-bottom: 5px;background-size: cover; \"><\/div>\n\t\t\t\t\t\t\t\t\t  <\/div>\n\t\t\t\t\t\t\t\t\t  \n\t\t\t\t\t\t\t\t   <span class=\"yuzo__text--title\" style=\"font-size:13px;\">Ir\u00e3 anuncia escalada em lan\u00e7amentos de m\u00edsseis: fr...<\/span>\n\t\t\t\t\t\t\t  \n\t\t\t\t\t\t\t  \n\t\t\t\t\t\t\t  <\/a>\n\n\t\t\t\t\t\t  <\/div>\n\t\t\t\t\t\t  <div class=\"relatedthumb \" style=\"width:125px;float:left;overflow:hidden;\">  \n\t\t\t\t\t\t\t  \n\t\t\t\t\t\t\t  <a  href=\"https:\/\/redept.com.br\/blogosfera\/quem-ainda-se-surpreende-com-um-nobel-da-paz-para-uma-golpista\/\"  >\n\t\t\t\t\t\t\t\t\t  <div class=\"yuzo-img-wrap \" style=\"width: 125px;height:90px;\">\n\t\t\t\t\t\t\t\t\t\t\n\t\t\t\t\t\t\t\t\t\t<div class=\"yuzo-img\" style=\"background:url('https:\/\/redept.com.br\/blogosfera\/wp-content\/uploads\/2025\/10\/nobel_2025-150x150.jpeg') 50% 50% no-repeat;width: 125px;height:90px;margin-bottom: 5px;background-size: cover; \"><\/div>\n\t\t\t\t\t\t\t\t\t  <\/div>\n\t\t\t\t\t\t\t\t\t  \n\t\t\t\t\t\t\t\t   <span class=\"yuzo__text--title\" style=\"font-size:13px;\">Quem ainda se surpreende com um Nobel da Paz para ...<\/span>\n\t\t\t\t\t\t\t  \n\t\t\t\t\t\t\t  \n\t\t\t\t\t\t\t  <\/a>\n\n\t\t\t\t\t\t  <\/div>\n\t\t\t\t\t\t  <div class=\"relatedthumb \" style=\"width:125px;float:left;overflow:hidden;\">  \n\t\t\t\t\t\t\t  \n\t\t\t\t\t\t\t  <a  href=\"https:\/\/redept.com.br\/blogosfera\/militares-presos-por-suposto-plano-para-matar-lula-foram-destacados-para-seguranca-do-g20\/\"  >\n\t\t\t\t\t\t\t\t\t  <div class=\"yuzo-img-wrap \" style=\"width: 125px;height:90px;\">\n\t\t\t\t\t\t\t\t\t\t\n\t\t\t\t\t\t\t\t\t\t<div class=\"yuzo-img\" style=\"background:url('https:\/\/redept.org\/blogosfera\/wp-content\/plugins\/yuzo-related-post\/assets\/images\/default.png') 50% 50% no-repeat;width: 125px;height:90px;margin-bottom: 5px;background-size: cover; \"><\/div>\n\t\t\t\t\t\t\t\t\t  <\/div>\n\t\t\t\t\t\t\t\t\t  \n\t\t\t\t\t\t\t\t   <span class=\"yuzo__text--title\" style=\"font-size:13px;\">Militares presos por suposto plano para matar Lula...<\/span>\n\t\t\t\t\t\t\t  \n\t\t\t\t\t\t\t  \n\t\t\t\t\t\t\t  <\/a>\n\n\t\t\t\t\t\t  <\/div>\n\t\t\t\t\t\t  <div class=\"relatedthumb \" style=\"width:125px;float:left;overflow:hidden;\">  \n\t\t\t\t\t\t\t  \n\t\t\t\t\t\t\t  <a  href=\"https:\/\/redept.com.br\/blogosfera\/horario-de-verao-brasil-discute-a-necessidade-de-retomar-medida\/\"  >\n\t\t\t\t\t\t\t\t\t  <div class=\"yuzo-img-wrap \" style=\"width: 125px;height:90px;\">\n\t\t\t\t\t\t\t\t\t\t\n\t\t\t\t\t\t\t\t\t\t<div class=\"yuzo-img\" style=\"background:url('https:\/\/redept.org\/blogosfera\/wp-content\/plugins\/yuzo-related-post\/assets\/images\/default.png') 50% 50% no-repeat;width: 125px;height:90px;margin-bottom: 5px;background-size: cover; \"><\/div>\n\t\t\t\t\t\t\t\t\t  <\/div>\n\t\t\t\t\t\t\t\t\t  \n\t\t\t\t\t\t\t\t   <span class=\"yuzo__text--title\" style=\"font-size:13px;\">Hor\u00e1rio de ver\u00e3o: Brasil discute a necessidade de ...<\/span>\n\t\t\t\t\t\t\t  \n\t\t\t\t\t\t\t  \n\t\t\t\t\t\t\t  <\/a>\n\n\t\t\t\t\t\t  <\/div>\n<\/div> <script>\n\t\t\t\t\t\t  jQuery(document).ready(function( $ ){\n\t\t\t\t\t\t\t\/\/jQuery('.yuzo_related_post').equalizer({ overflow : 'relatedthumb' });\n\t\t\t\t\t\t\tjQuery('.yuzo_related_post .yuzo_wraps').equalizer({ columns : '> div' });\n\t\t\t\t\t\t   })\n\t\t\t\t\t\t  <\/script> <!-- End Yuzo :) -->","protected":false},"excerpt":{"rendered":"<p>O FMI revisou para cima sua previs\u00e3o de crescimento global em 2025, agora em 3,2%, acima dos 3,0% estimados em julho. O setor privado \u00e1gil, cadeias de suprimento redirecionadas, d\u00f3lar mais fraco, est\u00edmulo fiscal na Europa e China, e investimentos em intelig\u00eancia artificial ajudaram a sustentar a economia. O presidente dos EUA, Donald Trump, amea\u00e7ou [&hellip;]<\/p>\n","protected":false},"author":2,"featured_media":0,"comment_status":"open","ping_status":"closed","sticky":false,"template":"","format":"standard","meta":{"fifu_image_url":"","fifu_image_alt":"","footnotes":""},"categories":[292,1023,221,607,7976,3641],"tags":[],"class_list":["post-58812","post","type-post","status-publish","format-standard","hentry","category-china","category-donald-trump","category-economia","category-fmi","category-pib-global","category-tarifaco"],"_links":{"self":[{"href":"https:\/\/redept.com.br\/blogosfera\/wp-json\/wp\/v2\/posts\/58812","targetHints":{"allow":["GET"]}}],"collection":[{"href":"https:\/\/redept.com.br\/blogosfera\/wp-json\/wp\/v2\/posts"}],"about":[{"href":"https:\/\/redept.com.br\/blogosfera\/wp-json\/wp\/v2\/types\/post"}],"author":[{"embeddable":true,"href":"https:\/\/redept.com.br\/blogosfera\/wp-json\/wp\/v2\/users\/2"}],"replies":[{"embeddable":true,"href":"https:\/\/redept.com.br\/blogosfera\/wp-json\/wp\/v2\/comments?post=58812"}],"version-history":[{"count":0,"href":"https:\/\/redept.com.br\/blogosfera\/wp-json\/wp\/v2\/posts\/58812\/revisions"}],"wp:attachment":[{"href":"https:\/\/redept.com.br\/blogosfera\/wp-json\/wp\/v2\/media?parent=58812"}],"wp:term":[{"taxonomy":"category","embeddable":true,"href":"https:\/\/redept.com.br\/blogosfera\/wp-json\/wp\/v2\/categories?post=58812"},{"taxonomy":"post_tag","embeddable":true,"href":"https:\/\/redept.com.br\/blogosfera\/wp-json\/wp\/v2\/tags?post=58812"}],"curies":[{"name":"wp","href":"https:\/\/api.w.org\/{rel}","templated":true}]}}