{"id":58958,"date":"2025-10-17T11:54:54","date_gmt":"2025-10-17T14:54:54","guid":{"rendered":"https:\/\/redept.com.br\/blogosfera\/veja-regras-para-ser-instrutor-de-cnh-sem-vinculo-com-autoescola\/"},"modified":"2025-10-17T11:54:54","modified_gmt":"2025-10-17T14:54:54","slug":"veja-regras-para-ser-instrutor-de-cnh-sem-vinculo-com-autoescola","status":"publish","type":"post","link":"https:\/\/redept.com.br\/blogosfera\/veja-regras-para-ser-instrutor-de-cnh-sem-vinculo-com-autoescola\/","title":{"rendered":"Veja regras para ser instrutor de CNH sem v\u00ednculo com autoescola"},"content":{"rendered":"<p>O <strong>Minist\u00e9rio dos Transportes<\/strong> divulgou os requisitos para instrutor aut\u00f4nomo de tr\u00e2nsito. Esses\u00a0profissionais poder\u00e3o oferecer servi\u00e7o de aulas pr\u00e1ticas de dire\u00e7\u00e3o sem v\u00ednculo com uma autoescola. A categoria est\u00e1 prevista nas mudan\u00e7as para obten\u00e7\u00e3o da <strong>Carteira Nacional de Habilita\u00e7\u00e3o (CNH)<\/strong>, que est\u00e3o em\u00a0<a href=\"https:\/\/www.gov.br\/participamaisbrasil\/cnh-para-todos\" target=\"_blank\" rel=\"noreferrer noopener nofollow\">fase de consulta p\u00fablica at\u00e9 2 de novembro<\/a>. Saiba mais na <strong><a href=\"https:\/\/tvtnews.com.br\/\">TVT News<\/a><\/strong>.<\/p>\n<h2>Curso\u00a0<\/h2>\n<p>Para se tornar um instrutor, \u00e9\u00a0preciso realizar um curso espec\u00edfico.\u00a0Essa capacita\u00e7\u00e3o incluir\u00e1 aulas com foco no desenvolvimento de habilidades pedag\u00f3gicas, no conhecimento t\u00e9cnico das leis de tr\u00e2nsito e na condu\u00e7\u00e3o respons\u00e1vel. Haver\u00e1 uma prova de avalia\u00e7\u00e3o, e os aprovados ir\u00e3o receber certificado de conclus\u00e3o.<\/p>\n<p>O instrutor aut\u00f4nomo deve estar apto a garantir que o aluno observe as normas de mobilidade urbana, condi\u00e7\u00f5es de seguran\u00e7a, refor\u00e7ar os conceitos abordados nas aulas te\u00f3ricas durante a pr\u00e1tica, monitorar seu comportamento e oferecer feedback construtivo sobre o desempenho.<\/p>\n<h2>Autoriza\u00e7\u00e3o<\/h2>\n<p>Depois de realizar o curso de forma\u00e7\u00e3o, o instrutor dever\u00e1 receber\u00a0autoriza\u00e7\u00e3o\u00a0do\u00a0Detran para exercer a atividade.<\/p>\n<p>A partir da\u00ed, o\u00a0nome ser\u00e1 registrado no Minist\u00e9rio dos Transportes, que manter\u00e1 uma lista dos instrutores habilitados.\u00a0<\/p>\n<h2>Ve\u00edculo<\/h2>\n<p>O ve\u00edculo (carro ou moto)\u00a0usado nas aulas poder\u00e1 ser do aluno ou do instrutor\u00a0e dever\u00e1 cumprir as\u00a0condi\u00e7\u00f5es de seguran\u00e7a previstas no\u00a0C\u00f3digo de Tr\u00e2nsito Brasileiro (CTB), como estar\u00a0dentro do limite de anos de fabrica\u00e7\u00e3o permitido para a frota.<\/p>\n<p>\u00c9 necess\u00e1rio ter uma identifica\u00e7\u00e3o (como um adesivo, por exemplo) de\u00a0que o\u00a0ve\u00edculo \u00e9 de\u00a0ensino.<\/p>\n<p>As aulas ministradas pelo instrutor devem ser informadas ao Detran da regi\u00e3o.<\/p>\n<h2>Contrata\u00e7\u00e3o<\/h2>\n<p>O modelo permite diferentes op\u00e7\u00f5es de contrata\u00e7\u00e3o para os instrutores.<\/p>\n<p>Aqueles que atuam hoje junto \u00e0 uma\u00a0autoescola\u00a0poder\u00e3o seguir as atividades e, paralelamente, trabalhar de maneira aut\u00f4noma.<\/p>\n<p>Os profissionais ser\u00e3o fiscalizados pelo Detran. Durantes as aulas pr\u00e1ticas, devem portar CNH,\u00a0Credencial de Instrutor ou crach\u00e1 fornecido pelo \u00f3rg\u00e3o competente; Licen\u00e7a de Aprendizagem Veicular e Certificado de Registro e Licenciamento de Ve\u00edculo.<\/p>\n<p>A Carteira de Identifica\u00e7\u00e3o Profissional de instrutor aut\u00f4nomo ser\u00e1 disponibilizada, de forma\u00a0gratuita,\u00a0no site da Secretaria Nacional de Tr\u00e2nsito (Senatran), desde que o profissional tenha cumprido todos os requisitos necess\u00e1rios.\u00a0<\/p>\n<h2>Novas regras para a CNH<\/h2>\n<p>A\u00a0proposta do governo federal de <a href=\"https:\/\/tvtnews.com.br\/governo-avanca-dispensa-autoescola-para-tirar-cnh\/\">mudar o processo de obten\u00e7\u00e3o<\/a> da Carteira Nacional de Habilita\u00e7\u00e3o (CNH), que desobriga o candidato de frequentar aulas em autoescola e cria a figura do instrutor aut\u00f4nomo, visa modernizar o processo e tornar o documento mais acess\u00edvel e barato para a popula\u00e7\u00e3o, especialmente nas categorias A (motocicletas) e B (ve\u00edculos de passeio).<\/p>\n<p>O governo estima\u00a0que o custo para tirar o documento, que hoje chega a R$ 3,2 mil, poder\u00e1 cair em 80%.\u00a0<\/p>\n<p>Os exames te\u00f3rico e pr\u00e1tico\u00a0continuar\u00e3o obrigat\u00f3rios para a emiss\u00e3o da CNH.\u00a0<\/p>\n<p><em>Com <a href=\"https:\/\/agenciabrasil.ebc.com.br\/geral\/noticia\/2025-10\/veja-regras-para-ser-instrutor-de-cnh-sem-vinculo-com-autoescola\" target=\"_blank\" rel=\"noreferrer noopener nofollow\">Ag\u00eancia Brasil<\/a><\/em><\/p>\n<\/p>\n<h2>Leia mais not\u00edcias na TVT News<\/h2>\n<ul>\n<li><a href=\"https:\/\/tvtnews.com.br\/apos-encontro-com-rubio-vieira-tem-reuniao-com-lula\/\">Ap\u00f3s encontro com Rubio, Vieira tem reuni\u00e3o com Lula<\/a><\/li>\n<li><a href=\"https:\/\/tvtnews.com.br\/moraes-autoriza-mais-um-inquerito-bolsonaro\/\">Moraes autoriza reabertura de mais um inqu\u00e9rito contra Bolsonaro<\/a><\/li>\n<li><a href=\"https:\/\/tvtnews.com.br\/vacina-nacional-contra-covid-chega-ao-sus-2026\/\">Vacina nacional contra covid deve chegar ao SUS no 1\u00ba semestre de 2026<\/a><\/li>\n<li><a href=\"https:\/\/tvtnews.com.br\/aulao-enem-lula-com-estudantes-cursinhos-populares\/\">Aul\u00e3o para o Enem: em SBC, Lula se encontra com estudantes de cursinhos populares<\/a><\/li>\n<\/ul>\n<p>The post <a rel=\"nofollow\" href=\"https:\/\/tvtnews.com.br\/veja-regras-instrutor-cnh-sem-vinculo-autoescola\/\">Veja regras para ser instrutor de CNH sem v\u00ednculo com autoescola<\/a> appeared first on <a rel=\"nofollow\" href=\"https:\/\/tvtnews.com.br\/\">TVT News<\/a>.<\/p>\n<!-- Begin Yuzo --><div class='yuzo_related_post style-1'  data-version='5.12.89'><!-- without result --><div class='yuzo_clearfixed yuzo__title yuzo__title'><h3>Related Post<\/h3><\/div>\n\t\t\t\t\t\t  <div class=\"relatedthumb \" style=\"width:125px;float:left;overflow:hidden;\">  \n\t\t\t\t\t\t\t  \n\t\t\t\t\t\t\t  <a  href=\"https:\/\/redept.com.br\/blogosfera\/kremlin-esta-aberto-a-reuniao-entre-putin-e-zelensky-se-houver-acordo-previo\/\"  >\n\t\t\t\t\t\t\t\t\t  <div class=\"yuzo-img-wrap \" style=\"width: 125px;height:90px;\">\n\t\t\t\t\t\t\t\t\t\t\n\t\t\t\t\t\t\t\t\t\t<div class=\"yuzo-img\" style=\"background:url('https:\/\/redept.org\/blogosfera\/wp-content\/plugins\/yuzo-related-post\/assets\/images\/default.png') 50% 50% no-repeat;width: 125px;height:90px;margin-bottom: 5px;background-size: cover; \"><\/div>\n\t\t\t\t\t\t\t\t\t  <\/div>\n\t\t\t\t\t\t\t\t\t  \n\t\t\t\t\t\t\t\t   <span class=\"yuzo__text--title\" style=\"font-size:13px;\">Kremlin est\u00e1 aberto a reuni\u00e3o entre Putin e Zelens...<\/span>\n\t\t\t\t\t\t\t  \n\t\t\t\t\t\t\t  \n\t\t\t\t\t\t\t  <\/a>\n\n\t\t\t\t\t\t  <\/div>\n\t\t\t\t\t\t  <div class=\"relatedthumb \" style=\"width:125px;float:left;overflow:hidden;\">  \n\t\t\t\t\t\t\t  \n\t\t\t\t\t\t\t  <a  href=\"https:\/\/redept.com.br\/blogosfera\/indigenas-cobram-por-mais-seguranca-em-alagoas\/\"  >\n\t\t\t\t\t\t\t\t\t  <div class=\"yuzo-img-wrap \" style=\"width: 125px;height:90px;\">\n\t\t\t\t\t\t\t\t\t\t\n\t\t\t\t\t\t\t\t\t\t<div class=\"yuzo-img\" style=\"background:url('https:\/\/redept.com.br\/blogosfera\/wp-content\/uploads\/2025\/11\/IMG_20251109_093745754_HDR-150x150.jpg') 50% 50% no-repeat;width: 125px;height:90px;margin-bottom: 5px;background-size: cover; \"><\/div>\n\t\t\t\t\t\t\t\t\t  <\/div>\n\t\t\t\t\t\t\t\t\t  \n\t\t\t\t\t\t\t\t   <span class=\"yuzo__text--title\" style=\"font-size:13px;\">Ind\u00edgenas cobram por mais seguran\u00e7a em Alagoas<\/span>\n\t\t\t\t\t\t\t  \n\t\t\t\t\t\t\t  \n\t\t\t\t\t\t\t  <\/a>\n\n\t\t\t\t\t\t  <\/div>\n\t\t\t\t\t\t  <div class=\"relatedthumb \" style=\"width:125px;float:left;overflow:hidden;\">  \n\t\t\t\t\t\t\t  \n\t\t\t\t\t\t\t  <a  href=\"https:\/\/redept.com.br\/blogosfera\/lulinha-x-flavio-cpi-do-inss-vira-ringue-politico-veja-quem-o-planalto-quer-indiciar-agora\/\"  >\n\t\t\t\t\t\t\t\t\t  <div class=\"yuzo-img-wrap \" style=\"width: 125px;height:90px;\">\n\t\t\t\t\t\t\t\t\t\t\n\t\t\t\t\t\t\t\t\t\t<div class=\"yuzo-img\" style=\"background:url('https:\/\/redept.org\/blogosfera\/wp-content\/plugins\/yuzo-related-post\/assets\/images\/default.png') 50% 50% no-repeat;width: 125px;height:90px;margin-bottom: 5px;background-size: cover; \"><\/div>\n\t\t\t\t\t\t\t\t\t  <\/div>\n\t\t\t\t\t\t\t\t\t  \n\t\t\t\t\t\t\t\t   <span class=\"yuzo__text--title\" style=\"font-size:13px;\">Lulinha x Fl\u00e1vio: CPI do INSS vira ringue pol\u00edtico...<\/span>\n\t\t\t\t\t\t\t  \n\t\t\t\t\t\t\t  \n\t\t\t\t\t\t\t  <\/a>\n\n\t\t\t\t\t\t  <\/div>\n\t\t\t\t\t\t  <div class=\"relatedthumb \" style=\"width:125px;float:left;overflow:hidden;\">  \n\t\t\t\t\t\t\t  \n\t\t\t\t\t\t\t  <a  href=\"https:\/\/redept.com.br\/blogosfera\/alta-no-preco-do-combustivel-pressiona-petrobras-a-avaliar-volta-ao-setor-de-distribuicao\/\"  >\n\t\t\t\t\t\t\t\t\t  <div class=\"yuzo-img-wrap \" style=\"width: 125px;height:90px;\">\n\t\t\t\t\t\t\t\t\t\t\n\t\t\t\t\t\t\t\t\t\t<div class=\"yuzo-img\" style=\"background:url('https:\/\/redept.org\/blogosfera\/wp-content\/plugins\/yuzo-related-post\/assets\/images\/default.png') 50% 50% no-repeat;width: 125px;height:90px;margin-bottom: 5px;background-size: cover; \"><\/div>\n\t\t\t\t\t\t\t\t\t  <\/div>\n\t\t\t\t\t\t\t\t\t  \n\t\t\t\t\t\t\t\t   <span class=\"yuzo__text--title\" style=\"font-size:13px;\">Alta no pre\u00e7o do combust\u00edvel pressiona Petrobras a...<\/span>\n\t\t\t\t\t\t\t  \n\t\t\t\t\t\t\t  \n\t\t\t\t\t\t\t  <\/a>\n\n\t\t\t\t\t\t  <\/div>\n<\/div> <script>\n\t\t\t\t\t\t  jQuery(document).ready(function( $ ){\n\t\t\t\t\t\t\t\/\/jQuery('.yuzo_related_post').equalizer({ overflow : 'relatedthumb' });\n\t\t\t\t\t\t\tjQuery('.yuzo_related_post .yuzo_wraps').equalizer({ columns : '> div' });\n\t\t\t\t\t\t   })\n\t\t\t\t\t\t  <\/script> <!-- End Yuzo :) -->","protected":false},"excerpt":{"rendered":"<p>O Minist\u00e9rio dos Transportes divulgou os requisitos para instrutor aut\u00f4nomo de tr\u00e2nsito. Esses\u00a0profissionais poder\u00e3o oferecer servi\u00e7o de aulas pr\u00e1ticas de dire\u00e7\u00e3o sem v\u00ednculo com uma autoescola. A categoria est\u00e1 prevista nas mudan\u00e7as para obten\u00e7\u00e3o da Carteira Nacional de Habilita\u00e7\u00e3o (CNH), que est\u00e3o em\u00a0fase de consulta p\u00fablica at\u00e9 2 de novembro. Saiba mais na TVT News. [&hellip;]<\/p>\n","protected":false},"author":2,"featured_media":0,"comment_status":"open","ping_status":"closed","sticky":false,"template":"","format":"standard","meta":{"fifu_image_url":"","fifu_image_alt":"","footnotes":""},"categories":[489,94,2921],"tags":[],"class_list":["post-58958","post","type-post","status-publish","format-standard","hentry","category-destaque-pequeno","category-geral","category-transportes"],"_links":{"self":[{"href":"https:\/\/redept.com.br\/blogosfera\/wp-json\/wp\/v2\/posts\/58958","targetHints":{"allow":["GET"]}}],"collection":[{"href":"https:\/\/redept.com.br\/blogosfera\/wp-json\/wp\/v2\/posts"}],"about":[{"href":"https:\/\/redept.com.br\/blogosfera\/wp-json\/wp\/v2\/types\/post"}],"author":[{"embeddable":true,"href":"https:\/\/redept.com.br\/blogosfera\/wp-json\/wp\/v2\/users\/2"}],"replies":[{"embeddable":true,"href":"https:\/\/redept.com.br\/blogosfera\/wp-json\/wp\/v2\/comments?post=58958"}],"version-history":[{"count":0,"href":"https:\/\/redept.com.br\/blogosfera\/wp-json\/wp\/v2\/posts\/58958\/revisions"}],"wp:attachment":[{"href":"https:\/\/redept.com.br\/blogosfera\/wp-json\/wp\/v2\/media?parent=58958"}],"wp:term":[{"taxonomy":"category","embeddable":true,"href":"https:\/\/redept.com.br\/blogosfera\/wp-json\/wp\/v2\/categories?post=58958"},{"taxonomy":"post_tag","embeddable":true,"href":"https:\/\/redept.com.br\/blogosfera\/wp-json\/wp\/v2\/tags?post=58958"}],"curies":[{"name":"wp","href":"https:\/\/api.w.org\/{rel}","templated":true}]}}