{"id":59134,"date":"2025-10-18T11:50:33","date_gmt":"2025-10-18T14:50:33","guid":{"rendered":"https:\/\/redept.com.br\/blogosfera\/as-fantasias-de-kakay\/"},"modified":"2025-10-18T11:50:33","modified_gmt":"2025-10-18T14:50:33","slug":"as-fantasias-de-kakay","status":"publish","type":"post","link":"https:\/\/redept.com.br\/blogosfera\/as-fantasias-de-kakay\/","title":{"rendered":"As fantasias de Kakay"},"content":{"rendered":"<p><img fetchpriority=\"high\" width=\"624\" height=\"389\"src=\"https:\/\/redept.com.br\/blogosfera\/wp-content\/uploads\/2025\/10\/993451109-kakay.jpg\" alt=\"\" decoding=\"async\" srcset=\"https:\/\/redept.com.br\/blogosfera\/wp-content\/uploads\/2025\/10\/993451109-kakay.jpg 624w, https:\/\/vermelho.org.br\/wp-content\/uploads\/2025\/10\/993451109-kakay-300x187.jpg 300w\" sizes=\"(max-width: 624px) 100vw, 624px\"><\/p>\n<p>Ariano Suassuna, no seu livro \u201c<em>O Romance da Pedra do Reino<\/em>\u201d tem uma explica\u00e7\u00e3o deliciosa para aqueles que contam hist\u00f3rias exagerando nas fantasias, exageros com cor e cheiro de mentira. Ele diz que essa maneira de contar hist\u00f3rias \u00e9 \u201cestilo r\u00e9gio\u201d. E hoje logo cedo, ainda deitada, me deparei com uma dessas hist\u00f3rias.<\/p>\n<p>Quando acordo sou a pessoa mais mansa e cordata do sistema solar. Fico deitada lendo, em paz absoluta. Tenho uma amiga que sempre diz \u201co melhor momento de conversar com a Mem\u00e9lia \u00e9 quando ela acorda. Ela n\u00e3o responde, o olhar vagueia pelo ambiente, tentando se localizar. E \u00e9 uma doce criatura\u201d. E ela me conhece bem porque viajamos juntas trabalhando pelo mund\u00e3o das Amaz\u00f4nias.<\/p>\n<p>Pois bem, foi nesse est\u00e1gio que eu chamo de fase br\u00f3colis, (depois avan\u00e7o para o est\u00e1gio pastel e s\u00f3 duas horas depois sou o que chamam de Homo Sapiens. Da\u00ed em diante, salve-se quem puder. Sou o c\u00e3o chupando manga. E o Diabo se mant\u00e9m \u00e0 dist\u00e2ncia porque posso tocar fogo no inferno) que li um texto aqui nesse sal\u00e3o de palavras perdidas onde, para a gl\u00f3ria de Suassuna, \u00e9 um dos altos momentos do absoluto \u201cestilo r\u00e9gio\u201d. O problema \u00e9 que eu sou personagem do artigo.<\/p>\n<p>O texto \u00e9 do brilhante advogado Kakay [Ant\u00f4nio Carlos de Almeida Castro], que conhe\u00e7o por uns bons 40 anos. Quando o conheci ele ainda n\u00e3o era famoso, mas j\u00e1 estava em busca do estrelato que ele conquistou gra\u00e7as \u00e0 sua compet\u00eancia e \u00e0s pessoas com quem se relacionou.<\/p>\n<p>O texto se refere a Francisco Mairlon Aguiar, v\u00edtima de um dos maiores erros judici\u00e1rios do Brasil, condenado a 15 anos de pris\u00e3o \u2013 com todas as crueldades que passam as pessoas pobres quando acusadas de crime \u2013 por um crime que n\u00e3o cometeu. Um duplo assassinato acontecido em Bras\u00edlia e conhecido pelo nome de \u201cO crime da 113 Sul\u201d.<\/p>\n<p><em>Faute d\u2019autre chose<\/em>, Kakay come\u00e7a falando do Pr\u00eamio Nobel, P\u00e9rez Esquivel em uma de suas passagens por Bras\u00edlia e \u00e9 a\u00ed que ele me p\u00f5e na hist\u00f3ria. Embora me conhe\u00e7a muito bem, at\u00e9 porque no meu anivers\u00e1rio de 50 anos ele promoveu um jantar memor\u00e1vel juntando a nata do Jornalismo e do mundo pol\u00edtico de Bras\u00edlia. N\u00e3o ousou citar meu nome porque sabe que sua hist\u00f3ria, na parte que se refere a mim, \u00e9 um amontoado de mentiras que ocupa os tr\u00eas primeiros par\u00e1grafos do texto. Aqui est\u00e3o esses tr\u00eas primeiros par\u00e1grafos publicados no site \u201c<em>Poder 360<\/em>\u201c.<\/p>\n<blockquote>\n<p><em>\u201cUma vez, o Adolfo P\u00e9rez Esquivel, Pr\u00eamio Nobel da Paz de 1980, voltava de uma viagem pesada ao Norte e Nordeste cuidando de v\u00e1rias reuni\u00f5es com camponeses. \u00c0 \u00e9poca, M\u00e1rcio Thomaz Bastos e eu est\u00e1vamos retornando de um p\u00e9riplo na regi\u00e3o de Rio Maria com o padre Ricardo, um religioso muito dedicado a causas humanit\u00e1rias. Indicados pelo Conselho Federal da OAB (Ordem dos Advogados do Brasil), faz\u00edamos um trabalho em defesa de trabalhadores que enfrentavam a cr\u00f4nica da morte anunciada na zona rural do Brasil. Eu fui ao aeroporto buscar o Esquivel e ele me disse: \u201cKakay, me leva para um restaurante meio escondido, estou exausto e s\u00f3 quero comer, beber algo e descansar. Vamos s\u00f3 n\u00f3s 2. Sem jornalistas.\u201d. Escolhi uma churrascaria tranquila.<\/em><\/p>\n<p><em>Quando est\u00e1vamos l\u00e1, relaxados, com uma cerveja e sem ningu\u00e9m por perto, entra uma jornalista amiga minha que era da p\u00e1 virada. Falava. Gritava. Quando nos viu, deu um grito: \u201cAdolfo P\u00e9rez Esquivel!\u201d. Gelamos. Discretamente, fui \u00e0 mesa dela e disse que ele estava exausto, que queria descansar e ficar sozinho.<\/em><\/p>\n<p><em>Ela n\u00e3o se conformou. Come\u00e7ou a me agredir verbalmente dizendo que eu estava atrapalhando o trabalho jornal\u00edstico. E ela era minha amiga. Resolvemos pedir a conta e, para minha surpresa, ela me jogou um cinzeiro pequeno do restaurante. Esquivei-me e o objeto acertou o Esquivel, bem no nariz. Imagine a chamada no jornal: \u201cPr\u00eamio Nobel da Paz \u00e9 agredido\u201d\u2026<\/em>\u201c<\/p>\n<\/blockquote>\n<p>Sinceramente, fiquei chocada com o tamanho da fantasia, ou estilo r\u00e9gio ou, na minha linguagem que sempre foi direta, fiquei chocada com o tamanho da mentira. N\u00e3o h\u00e1 nesses tr\u00eas primeiros par\u00e1grafos nenhuma verdade a n\u00e3o ser o local dos acontecimentos.<\/p>\n<p>Kakay, de quem gosto muito, apesar desse texto fantasioso, quis se posicionar de uma forma importante. Na \u00e9poca em que aconteceram esses fatos ele ainda n\u00e3o era importante. Brilhante sim, mas circulava num universo onde havia outros tantos brilhantes iguais a ele, tais como Sigmaringa Seixas, Lu\u00eds Eduardo Greenhalgh, M\u00e1rcio Thomas Bastos, Evandro Lins e Silva, uma constela\u00e7\u00e3o de fazer inveja a qualquer planeta.. Sempre fui amiga, amiga de frequentar a casa, de todos eles porque sempre trabalhei na \u00e1rea de Direitos Humanos.<\/p>\n<p>Aos fatos.<\/p>\n<p>Aconteceu no come\u00e7o dos anos 90. Eu era chefe da Assessoria de Comunica\u00e7\u00e3o Social e Articula\u00e7\u00e3o Parlamentar (depois foram desmembradas) do Minist\u00e9rio P\u00fablico Federal. Fui convidada a assumir o cargo pelo ent\u00e3o procurador geral da Rep\u00fablica Sep\u00falveda Pertence e fiquei tamb\u00e9m com seu sucessor Aristides Junqueira. Dois homens que completaram minha forma\u00e7\u00e3o jornal\u00edstica.<\/p>\n<p>Com suas novas atribui\u00e7\u00f5es concedidas pela Constitui\u00e7\u00e3o de 1988, a Procuradoria Geral da Rep\u00fablica passou a atuar mais intensamente junto aos camponeses, \u00edndios, quilombolas, meio ambiente, enfim, Direitos Humanos, que sempre foi minha causa de vida e \u00e1rea de atua\u00e7\u00e3o profissional nos jornais onde trabalhei.<\/p>\n<p>H\u00e1 na Procuraldoria Geral um setor que se chama Procuradoria Federal dos Direitos do Cidad\u00e3o, a PFDC. Seu chefe, nessa \u00e9poca era o procurador \u00c1lvaro Augusto Ribeiro Costa, posteriormente Advogado Geral da Uni\u00e3o do primeiro governo Lula e um dos mais queridos amigos. E l\u00e1 atuavam outros dois grandes amigos com quem me encontro toda vez que vou a Bras\u00edlia, Eug\u00eanio Arag\u00e3o, ex-ministro da Justi\u00e7a de Dilma Roussef e Aur\u00e9lio Veiga Rios, que conheci ainda crian\u00e7a.<\/p>\n<p>A PFDC decidiu promover um encontro para debater a quest\u00e3o da viol\u00eancia no sul do Par\u00e1, onde dezenas de camponeses e l\u00edderes sindicais vinham sendo seletivamente assassinados por pistoleiros das grandes fazendas e os primeiros madeireiros que come\u00e7avam a se instalar na regi\u00e3o do Araguaia\/Tocantins, numa \u00e1rea de 45 milh\u00f5es de hectares. Foram convidadas vi\u00favas e demais familiares das v\u00edtimas do latif\u00fandio, o padre Ricardo Rezende, al\u00e9m de outros especialistas e o Nobel da Paz, Adolfo P\u00e9rez Esquivel. Na \u00e9poca, Kakay, que come\u00e7ava sua ascens\u00e3o, era respons\u00e1vel pelo setor de Direitos Humanos da OAB, tamb\u00e9m convidado. Ele estava sempre circulando na Procuradoria Geral.<\/p>\n<p>P\u00e9rez Esquivel chegou num fim de tarde e \u00e0 noite fomos todos, inclusive Kakay, jantar numa churrascaria. Estavam l\u00e1 alguns procuradores, o Nobel e eu. N\u00e3o me lembro se Padre Ricardo estava na mesa. \u00c9 preciso dizer que eu era a \u00fanica mulher nesse universo. Mas sempre estive acostumada a esse tipo de situa\u00e7\u00e3o. N\u00e3o havia nenhum jornalista a n\u00e3o ser eu mesma e que h\u00e1 algum tempo estava afastada de jornal por ser incompat\u00edvel com minha fun\u00e7\u00e3o.<\/p>\n<p>Pelas tantas, nem sei por que, Kakay, talvez querendo desajeitadamente mostrar intimidade comigo passou a falar de mim, afinal, n\u00f3s sempre fomos amigos e deu-se o desencontro quando disse \u201cessa \u00e9 a louca da Mem\u00e9lia (at\u00e9 a\u00ed, tudo bem) \u00e9 uma jornalista que FAZ TUDO QUE S\u00d3 OS HOMENS FAZEM\u201d. E eu N\u00c3O GOSTEI. Abominei esse perfil digno de um <em>machist\u00f3ide<\/em> e joguei uma dose do meu whisky, Cutty Sark, na cara do Kakay. Houve segundos de constrangimento que se n\u00e3o me engano, dr. Aur\u00e9lio quebrou dizendo, \u201cse ela faz isso na frente do Pr\u00eamio Nobel da Paz, imaginem com os inimigos\u201d. Todos rimos, Kakay ainda estava sem gra\u00e7a, mas pelo texto que ele escreveu hoje percebo que aquele copo de whisky o feriu profundamente, a ponto de ele mentir num texto mais de 30 anos depois.<\/p>\n<p>Kakay, n\u00e3o vou deixar de te gostar e te admirar mas, cuidado com tua mem\u00f3ria. Ela pode te trair por v\u00e1rias raz\u00f5es, uma dessas \u00e9 a vaidade. O ser humano tem uma enorme dificuldade de admitir seus momentos de derrotas. Estou at\u00e9 trabalhando num texto sobre isso do novo livro do escritor Urariano Mota a ser lan\u00e7ado brevemente. \u00c9 compreens\u00edvel esse comportamento.<\/p>\n<p>Outra coisa que quero te dizer, Kakay \u00e9 que jamais correria ou gritaria ao ver uma autoridade. Cresci no meio de autoridades n\u00e3o s\u00f3 do Brasil, mas do Uruguai e Fran\u00e7a e nunca precisei de nenhuma dessas autoridades para me tornar uma jornalista respeitada. Eu seria deserdada pela fam\u00edlia.<\/p>\n<p>E finalmente quero te dizer que jamais jogaria um cinzeiro em quem quer que fosse, mesmo se a ofensa fosse maior do que essa que voc\u00ea me fez. Porque as cinzas iam fazer a maior sujeira. Jogo whisky sem problema porque acerto o alvo. Outra coisa, voc\u00ea nem \u00e9 nordestino para ter direito ao uso do estilo r\u00e9gio, al\u00e9m de tudo, voc\u00ea me deve essa dose de Cutty Sark.<\/p>\n<p>Fa\u00e7a as pazes com o passado.<\/p>\n<p>O post <a href=\"https:\/\/vermelho.org.br\/2025\/10\/18\/as-fantasias-de-kakay\/\">As fantasias de Kakay<\/a> apareceu primeiro em <a href=\"https:\/\/vermelho.org.br\/\">Vermelho<\/a>.<\/p>\n<!-- Begin Yuzo --><div class='yuzo_related_post style-1'  data-version='5.12.89'><!-- without result --><div class='yuzo_clearfixed yuzo__title yuzo__title'><h3>Related Post<\/h3><\/div>\n\t\t\t\t\t\t  <div class=\"relatedthumb \" style=\"width:125px;float:left;overflow:hidden;\">  \n\t\t\t\t\t\t\t  \n\t\t\t\t\t\t\t  <a  href=\"https:\/\/redept.com.br\/blogosfera\/noticias-do-dia-com-o-jornal-tvt-news-segunda-edicao-21-08-2025\/\"  >\n\t\t\t\t\t\t\t\t\t  <div class=\"yuzo-img-wrap \" style=\"width: 125px;height:90px;\">\n\t\t\t\t\t\t\t\t\t\t\n\t\t\t\t\t\t\t\t\t\t<div class=\"yuzo-img\" style=\"background:url('https:\/\/redept.com.br\/blogosfera\/wp-content\/uploads\/2025\/08\/jornal_tvt_news-26-150x150.jpeg') 50% 50% no-repeat;width: 125px;height:90px;margin-bottom: 5px;background-size: cover; \"><\/div>\n\t\t\t\t\t\t\t\t\t  <\/div>\n\t\t\t\t\t\t\t\t\t  \n\t\t\t\t\t\t\t\t   <span class=\"yuzo__text--title\" style=\"font-size:13px;\">Not\u00edcias do dia com o Jornal TVT News Segunda Edi\u00e7...<\/span>\n\t\t\t\t\t\t\t  \n\t\t\t\t\t\t\t  \n\t\t\t\t\t\t\t  <\/a>\n\n\t\t\t\t\t\t  <\/div>\n\t\t\t\t\t\t  <div class=\"relatedthumb \" style=\"width:125px;float:left;overflow:hidden;\">  \n\t\t\t\t\t\t\t  \n\t\t\t\t\t\t\t  <a  href=\"https:\/\/redept.com.br\/blogosfera\/memoria-quando-afugentamos-o-general-da-ditadura\/\"  >\n\t\t\t\t\t\t\t\t\t  <div class=\"yuzo-img-wrap \" style=\"width: 125px;height:90px;\">\n\t\t\t\t\t\t\t\t\t\t\n\t\t\t\t\t\t\t\t\t\t<div class=\"yuzo-img\" style=\"background:url('https:\/\/redept.com.br\/blogosfera\/wp-content\/uploads\/2025\/05\/936259bebb5c0e410d2fff18157328a8a6478515-1024x767-1-150x150.jpg') 50% 50% no-repeat;width: 125px;height:90px;margin-bottom: 5px;background-size: cover; \"><\/div>\n\t\t\t\t\t\t\t\t\t  <\/div>\n\t\t\t\t\t\t\t\t\t  \n\t\t\t\t\t\t\t\t   <span class=\"yuzo__text--title\" style=\"font-size:13px;\">Mem\u00f3ria: Quando afugentamos o General da ditadura<\/span>\n\t\t\t\t\t\t\t  \n\t\t\t\t\t\t\t  \n\t\t\t\t\t\t\t  <\/a>\n\n\t\t\t\t\t\t  <\/div>\n\t\t\t\t\t\t  <div class=\"relatedthumb \" style=\"width:125px;float:left;overflow:hidden;\">  \n\t\t\t\t\t\t\t  \n\t\t\t\t\t\t\t  <a  href=\"https:\/\/redept.com.br\/blogosfera\/demonstration-in-brazil-condemns-trumps-plans-for-gaza-amid-heavy-police-presence-and-intimidation\/\"  >\n\t\t\t\t\t\t\t\t\t  <div class=\"yuzo-img-wrap \" style=\"width: 125px;height:90px;\">\n\t\t\t\t\t\t\t\t\t\t\n\t\t\t\t\t\t\t\t\t\t<div class=\"yuzo-img\" style=\"background:url('https:\/\/redept.org\/blogosfera\/wp-content\/plugins\/yuzo-related-post\/assets\/images\/default.png') 50% 50% no-repeat;width: 125px;height:90px;margin-bottom: 5px;background-size: cover; \"><\/div>\n\t\t\t\t\t\t\t\t\t  <\/div>\n\t\t\t\t\t\t\t\t\t  \n\t\t\t\t\t\t\t\t   <span class=\"yuzo__text--title\" style=\"font-size:13px;\">Demonstration in Brazil condemns Trump\u2019s pla...<\/span>\n\t\t\t\t\t\t\t  \n\t\t\t\t\t\t\t  \n\t\t\t\t\t\t\t  <\/a>\n\n\t\t\t\t\t\t  <\/div>\n\t\t\t\t\t\t  <div class=\"relatedthumb \" style=\"width:125px;float:left;overflow:hidden;\">  \n\t\t\t\t\t\t\t  \n\t\t\t\t\t\t\t  <a  href=\"https:\/\/redept.com.br\/blogosfera\/lideres-da-oposicao-apoiam-propostas-para-manter-escala-6x1-e-barrar-mudanca-na-constituicao\/\"  >\n\t\t\t\t\t\t\t\t\t  <div class=\"yuzo-img-wrap \" style=\"width: 125px;height:90px;\">\n\t\t\t\t\t\t\t\t\t\t\n\t\t\t\t\t\t\t\t\t\t<div class=\"yuzo-img\" style=\"background:url('https:\/\/redept.com.br\/blogosfera\/wp-content\/uploads\/2026\/02\/ciro-nogueira-150x150.jpg') 50% 50% no-repeat;width: 125px;height:90px;margin-bottom: 5px;background-size: cover; \"><\/div>\n\t\t\t\t\t\t\t\t\t  <\/div>\n\t\t\t\t\t\t\t\t\t  \n\t\t\t\t\t\t\t\t   <span class=\"yuzo__text--title\" style=\"font-size:13px;\">L\u00edderes da oposi\u00e7\u00e3o apoiam propostas para manter e...<\/span>\n\t\t\t\t\t\t\t  \n\t\t\t\t\t\t\t  \n\t\t\t\t\t\t\t  <\/a>\n\n\t\t\t\t\t\t  <\/div>\n<\/div> <script>\n\t\t\t\t\t\t  jQuery(document).ready(function( $ ){\n\t\t\t\t\t\t\t\/\/jQuery('.yuzo_related_post').equalizer({ overflow : 'relatedthumb' });\n\t\t\t\t\t\t\tjQuery('.yuzo_related_post .yuzo_wraps').equalizer({ columns : '> div' });\n\t\t\t\t\t\t   })\n\t\t\t\t\t\t  <\/script> <!-- End Yuzo :) -->","protected":false},"excerpt":{"rendered":"<p>Ariano Suassuna, no seu livro \u201cO Romance da Pedra do Reino\u201d tem uma explica\u00e7\u00e3o deliciosa para aqueles que contam hist\u00f3rias exagerando nas fantasias, exageros com cor e cheiro de mentira. Ele diz que essa maneira de contar hist\u00f3rias \u00e9 \u201cestilo r\u00e9gio\u201d. E hoje logo cedo, ainda deitada, me deparei com uma dessas hist\u00f3rias. Quando acordo [&hellip;]<\/p>\n","protected":false},"author":2,"featured_media":0,"comment_status":"open","ping_status":"closed","sticky":false,"template":"","format":"standard","meta":{"fifu_image_url":"","fifu_image_alt":"","footnotes":""},"categories":[309,10323,25666],"tags":[],"class_list":["post-59134","post","type-post","status-publish","format-standard","hentry","category-cultura","category-kakay","category-memelia-moreira"],"_links":{"self":[{"href":"https:\/\/redept.com.br\/blogosfera\/wp-json\/wp\/v2\/posts\/59134","targetHints":{"allow":["GET"]}}],"collection":[{"href":"https:\/\/redept.com.br\/blogosfera\/wp-json\/wp\/v2\/posts"}],"about":[{"href":"https:\/\/redept.com.br\/blogosfera\/wp-json\/wp\/v2\/types\/post"}],"author":[{"embeddable":true,"href":"https:\/\/redept.com.br\/blogosfera\/wp-json\/wp\/v2\/users\/2"}],"replies":[{"embeddable":true,"href":"https:\/\/redept.com.br\/blogosfera\/wp-json\/wp\/v2\/comments?post=59134"}],"version-history":[{"count":0,"href":"https:\/\/redept.com.br\/blogosfera\/wp-json\/wp\/v2\/posts\/59134\/revisions"}],"wp:attachment":[{"href":"https:\/\/redept.com.br\/blogosfera\/wp-json\/wp\/v2\/media?parent=59134"}],"wp:term":[{"taxonomy":"category","embeddable":true,"href":"https:\/\/redept.com.br\/blogosfera\/wp-json\/wp\/v2\/categories?post=59134"},{"taxonomy":"post_tag","embeddable":true,"href":"https:\/\/redept.com.br\/blogosfera\/wp-json\/wp\/v2\/tags?post=59134"}],"curies":[{"name":"wp","href":"https:\/\/api.w.org\/{rel}","templated":true}]}}