{"id":59445,"date":"2025-10-20T18:20:23","date_gmt":"2025-10-20T21:20:23","guid":{"rendered":"https:\/\/redept.com.br\/blogosfera\/descriminalizacao-do-aborto-o-embate-entre-lei-e-dignidade-no-stf\/"},"modified":"2025-10-20T18:20:23","modified_gmt":"2025-10-20T21:20:23","slug":"descriminalizacao-do-aborto-o-embate-entre-lei-e-dignidade-no-stf","status":"publish","type":"post","link":"https:\/\/redept.com.br\/blogosfera\/descriminalizacao-do-aborto-o-embate-entre-lei-e-dignidade-no-stf\/","title":{"rendered":"Descriminaliza\u00e7\u00e3o do aborto: o embate entre lei e dignidade no STF"},"content":{"rendered":"<p><img loading=\"lazy\" width=\"1024\" height=\"613\"src=\"https:\/\/redept.com.br\/blogosfera\/wp-content\/uploads\/2025\/10\/foto-Tomas-Silva-AGBR.webp\" alt=\"\" decoding=\"async\" loading=\"lazy\" srcset=\"https:\/\/vermelho.org.br\/wp-content\/uploads\/2025\/10\/foto-Tomas-Silva-AGBR-1024x613.webp 1024w, https:\/\/vermelho.org.br\/wp-content\/uploads\/2025\/10\/foto-Tomas-Silva-AGBR-300x179.webp 300w, https:\/\/vermelho.org.br\/wp-content\/uploads\/2025\/10\/foto-Tomas-Silva-AGBR-768x459.webp 768w, https:\/\/redept.com.br\/blogosfera\/wp-content\/uploads\/2025\/10\/foto-Tomas-Silva-AGBR.webp 1170w\" sizes=\"auto, (max-width: 1024px) 100vw, 1024px\"><\/p>\n<p>O Brasil assiste a um confronto hist\u00f3rico, onde um\u00a0<a href=\"https:\/\/www.jusbrasil.com.br\/topicos\/10649268\/decreto-lei-n-2848-de-07-de-dezembro-de-1940?verified=true\" target=\"_blank\" rel=\"noreferrer noopener\">C\u00f3digo Penal<\/a>\u00a0de 1940, eco de uma sociedade patriarcal e conservadora, \u00e9 desafiado pelos princ\u00edpios fundamentais de dignidade, sa\u00fade e autonomia consagrados na\u00a0<a href=\"https:\/\/www.jusbrasil.com.br\/topicos\/302754\/constituicao-federal-de-1988?verified=true\" target=\"_blank\" rel=\"noreferrer noopener\">Constitui\u00e7\u00e3o de 1988<\/a>. A arena para essa batalha \u00e9 o Supremo Tribunal Federal, e a causa \u00e9 a Argui\u00e7\u00e3o de Descumprimento de Preceito Fundamental (ADPF) 442, que for\u00e7a o pa\u00eds a encarar uma verdade inconveniente: a criminaliza\u00e7\u00e3o do aborto \u00e9 uma pol\u00edtica de Estado que fracassou, transformando-se em uma m\u00e1quina de encarceramento e morte de mulheres.<\/p>\n<p>Ancorada em uma legisla\u00e7\u00e3o de quase um s\u00e9culo, a resist\u00eancia \u00e0 descriminaliza\u00e7\u00e3o se apega \u00e0 prote\u00e7\u00e3o da vida desde a concep\u00e7\u00e3o, um argumento que, embora relevante, ignora a colis\u00e3o com outros direitos fundamentais. Invoca-se a soberania do Poder Legislativo, defendendo que apenas o Congresso Nacional teria a legitimidade para alterar a lei. Contudo, essa defesa da in\u00e9rcia parlamentar soa como um pretexto para perpetuar um status quo insustent\u00e1vel, onde a omiss\u00e3o do Legislativo custa vidas e imp\u00f5e ao Judici\u00e1rio a responsabilidade de garantir a supremacia da Constitui\u00e7\u00e3o.<\/p>\n<p>Do outro lado, a tese favor\u00e1vel \u00e0 descriminaliza\u00e7\u00e3o n\u00e3o trata o aborto como um ideal, mas como uma realidade social que a lei penal se recusa a enxergar. A criminaliza\u00e7\u00e3o se revela uma pol\u00edtica p\u00fablica ineficaz e cruel, que n\u00e3o impede a interrup\u00e7\u00e3o da gravidez, mas a transforma em um massacre silencioso, empurrando milhares de mulheres, majoritariamente negras, pobres e perif\u00e9ricas, para a clandestinidade de procedimentos inseguros. Manter essa proibi\u00e7\u00e3o \u00e9, na pr\u00e1tica, uma senten\u00e7a de morte ou de graves sequelas para uma parcela da popula\u00e7\u00e3o, em flagrante viola\u00e7\u00e3o ao direito \u00e0 vida, \u00e0 sa\u00fade e, sobretudo, \u00e0 dignidade da pessoa humana, pilar central da Rep\u00fablica. For\u00e7ar uma mulher a levar adiante uma gesta\u00e7\u00e3o contra sua vontade, sob a amea\u00e7a de pris\u00e3o, \u00e9 reduzir seu corpo a um mero instrumento biol\u00f3gico a servi\u00e7o do Estado, uma forma de tortura psicol\u00f3gica e uma nega\u00e7\u00e3o de sua autonomia.<\/p>\n<p>O julgamento da\u00a0<a href=\"https:\/\/www.jusbrasil.com.br\/jurisprudencia\/stf\/2675368110?verified=true\" target=\"_blank\" rel=\"noreferrer noopener\">ADPF 442<\/a>\u00a0foi iniciado pela Ministra Rosa Weber com um voto contundente pela descriminaliza\u00e7\u00e3o at\u00e9 a 12\u00aa semana, declarando a incompatibilidade dos artigos\u00a0<a href=\"https:\/\/www.jusbrasil.com.br\/topicos\/10625007\/artigo-124-do-decreto-lei-n-2848-de-07-de-dezembro-de-1940?verified=true\" target=\"_blank\" rel=\"noreferrer noopener\">124<\/a>\u00a0e\u00a0<a href=\"https:\/\/www.jusbrasil.com.br\/topicos\/10624935\/artigo-126-do-decreto-lei-n-2848-de-07-de-dezembro-de-1940?verified=true\" target=\"_blank\" rel=\"noreferrer noopener\">126<\/a>\u00a0do C\u00f3digo Penal com a Constitui\u00e7\u00e3o. O julgamento, no entanto, foi suspenso por um pedido de destaque do Ministro Lu\u00eds Roberto Barroso, atual presidente do STF, o que transferiu o caso do plen\u00e1rio virtual para uma sess\u00e3o presencial. Apesar de ainda n\u00e3o ter votado formalmente na ADPF 442, o Ministro Barroso j\u00e1 possui um hist\u00f3rico de posicionamentos favor\u00e1veis \u00e0 mat\u00e9ria. Foi ele o redator do ac\u00f3rd\u00e3o no julgamento do\u00a0<a href=\"https:\/\/www.jusbrasil.com.br\/jurisprudencia\/stf\/25336663?verified=true\" target=\"_blank\" rel=\"noreferrer noopener\">Habeas Corpus 124.306<\/a>\u00a0pela Primeira Turma, que em 2016 afastou a criminaliza\u00e7\u00e3o do aborto no primeiro trimestre. Naquela ocasi\u00e3o, seu voto articulou que a criminaliza\u00e7\u00e3o viola a autonomia da mulher, seus direitos sexuais e reprodutivos e sua integridade f\u00edsica e ps\u00edquica, al\u00e9m de representar uma discrimina\u00e7\u00e3o contra mulheres pobres. A suspens\u00e3o, portanto, n\u00e3o sinaliza um retrocesso, mas uma mudan\u00e7a de estrat\u00e9gia para um debate mais aprofundado, onde a posi\u00e7\u00e3o j\u00e1 consolidada do ministro deve refor\u00e7ar a tese pela descriminaliza\u00e7\u00e3o. O Brasil aguarda a decis\u00e3o que definir\u00e1 se permanecer\u00e1 atrelado a um passado punitivista ou se finalmente alinhar\u00e1 sua legisla\u00e7\u00e3o \u00e0 promessa constitucional de uma sociedade livre, justa e solid\u00e1ria.<\/p>\n<p>O post <a href=\"https:\/\/vermelho.org.br\/2025\/10\/20\/descriminalizacao-do-aborto-o-embate-entre-lei-e-dignidade-no-stf\/\">Descriminaliza\u00e7\u00e3o do aborto: o embate entre lei e dignidade no STF<\/a> apareceu primeiro em <a href=\"https:\/\/vermelho.org.br\/\">Vermelho<\/a>.<\/p>\n<!-- Begin Yuzo --><div class='yuzo_related_post style-1'  data-version='5.12.89'><!-- without result --><div class='yuzo_clearfixed yuzo__title yuzo__title'><h3>Related Post<\/h3><\/div>\n\t\t\t\t\t\t  <div class=\"relatedthumb \" style=\"width:125px;float:left;overflow:hidden;\">  \n\t\t\t\t\t\t\t  \n\t\t\t\t\t\t\t  <a  href=\"https:\/\/sul21.com.br\/noticias\/geral\/2025\/11\/agergs-tem-apenas-tres-servidores-para-fiscalizar-concessionarias-de-energia\/\"  >\n\t\t\t\t\t\t\t\t\t  <div class=\"yuzo-img-wrap \" style=\"width: 125px;height:90px;\">\n\t\t\t\t\t\t\t\t\t\t\n\t\t\t\t\t\t\t\t\t\t<div class=\"yuzo-img\" style=\"background:url('https:\/\/redept.org\/blogosfera\/wp-content\/plugins\/yuzo-related-post\/assets\/images\/default.png') 50% 50% no-repeat;width: 125px;height:90px;margin-bottom: 5px;background-size: cover; \"><\/div>\n\t\t\t\t\t\t\t\t\t  <\/div>\n\t\t\t\t\t\t\t\t\t  \n\t\t\t\t\t\t\t\t   <span class=\"yuzo__text--title\" style=\"font-size:13px;\">Agergs tem apenas tr\u00eas servidores para fiscalizar ...<\/span>\n\t\t\t\t\t\t\t  \n\t\t\t\t\t\t\t  \n\t\t\t\t\t\t\t  <\/a>\n\n\t\t\t\t\t\t  <\/div>\n\t\t\t\t\t\t  <div class=\"relatedthumb \" style=\"width:125px;float:left;overflow:hidden;\">  \n\t\t\t\t\t\t\t  \n\t\t\t\t\t\t\t  <a  href=\"https:\/\/redept.com.br\/blogosfera\/a-nova-santa-alianca-e-seus-objetivos-opacos\/\"  >\n\t\t\t\t\t\t\t\t\t  <div class=\"yuzo-img-wrap \" style=\"width: 125px;height:90px;\">\n\t\t\t\t\t\t\t\t\t\t\n\t\t\t\t\t\t\t\t\t\t<div class=\"yuzo-img\" style=\"background:url('https:\/\/redept.com.br\/blogosfera\/wp-content\/uploads\/2025\/04\/Sem-titulo-1-1024x577-1-150x150.png') 50% 50% no-repeat;width: 125px;height:90px;margin-bottom: 5px;background-size: cover; \"><\/div>\n\t\t\t\t\t\t\t\t\t  <\/div>\n\t\t\t\t\t\t\t\t\t  \n\t\t\t\t\t\t\t\t   <span class=\"yuzo__text--title\" style=\"font-size:13px;\">A nova Santa Alian\u00e7a e seus objetivos opacos<\/span>\n\t\t\t\t\t\t\t  \n\t\t\t\t\t\t\t  \n\t\t\t\t\t\t\t  <\/a>\n\n\t\t\t\t\t\t  <\/div>\n\t\t\t\t\t\t  <div class=\"relatedthumb \" style=\"width:125px;float:left;overflow:hidden;\">  \n\t\t\t\t\t\t\t  \n\t\t\t\t\t\t\t  <a  href=\"https:\/\/redept.com.br\/blogosfera\/dpu-pede-revogacao-de-norma-que-libera-mineracao-em-assentamentos-da-reforma-agraria\/\"  >\n\t\t\t\t\t\t\t\t\t  <div class=\"yuzo-img-wrap \" style=\"width: 125px;height:90px;\">\n\t\t\t\t\t\t\t\t\t\t\n\t\t\t\t\t\t\t\t\t\t<div class=\"yuzo-img\" style=\"background:url('https:\/\/redept.org\/blogosfera\/wp-content\/plugins\/yuzo-related-post\/assets\/images\/default.png') 50% 50% no-repeat;width: 125px;height:90px;margin-bottom: 5px;background-size: cover; \"><\/div>\n\t\t\t\t\t\t\t\t\t  <\/div>\n\t\t\t\t\t\t\t\t\t  \n\t\t\t\t\t\t\t\t   <span class=\"yuzo__text--title\" style=\"font-size:13px;\">DPU pede revoga\u00e7\u00e3o de norma que libera minera\u00e7\u00e3o e...<\/span>\n\t\t\t\t\t\t\t  \n\t\t\t\t\t\t\t  \n\t\t\t\t\t\t\t  <\/a>\n\n\t\t\t\t\t\t  <\/div>\n\t\t\t\t\t\t  <div class=\"relatedthumb \" style=\"width:125px;float:left;overflow:hidden;\">  \n\t\t\t\t\t\t\t  \n\t\t\t\t\t\t\t  <a  href=\"https:\/\/redept.com.br\/blogosfera\/stf-ja-condenou-mais-de-800-reus-pela-trama-golpista\/\"  >\n\t\t\t\t\t\t\t\t\t  <div class=\"yuzo-img-wrap \" style=\"width: 125px;height:90px;\">\n\t\t\t\t\t\t\t\t\t\t\n\t\t\t\t\t\t\t\t\t\t<div class=\"yuzo-img\" style=\"background:url('https:\/\/redept.org\/blogosfera\/wp-content\/plugins\/yuzo-related-post\/assets\/images\/default.png') 50% 50% no-repeat;width: 125px;height:90px;margin-bottom: 5px;background-size: cover; \"><\/div>\n\t\t\t\t\t\t\t\t\t  <\/div>\n\t\t\t\t\t\t\t\t\t  \n\t\t\t\t\t\t\t\t   <span class=\"yuzo__text--title\" style=\"font-size:13px;\">STF j\u00e1 condenou mais de 800 r\u00e9us pela trama golpis...<\/span>\n\t\t\t\t\t\t\t  \n\t\t\t\t\t\t\t  \n\t\t\t\t\t\t\t  <\/a>\n\n\t\t\t\t\t\t  <\/div>\n<\/div> <script>\n\t\t\t\t\t\t  jQuery(document).ready(function( $ ){\n\t\t\t\t\t\t\t\/\/jQuery('.yuzo_related_post').equalizer({ overflow : 'relatedthumb' });\n\t\t\t\t\t\t\tjQuery('.yuzo_related_post .yuzo_wraps').equalizer({ columns : '> div' });\n\t\t\t\t\t\t   })\n\t\t\t\t\t\t  <\/script> <!-- End Yuzo :) -->","protected":false},"excerpt":{"rendered":"<p>O Brasil assiste a um confronto hist\u00f3rico, onde um\u00a0C\u00f3digo Penal\u00a0de 1940, eco de uma sociedade patriarcal e conservadora, \u00e9 desafiado pelos princ\u00edpios fundamentais de dignidade, sa\u00fade e autonomia consagrados na\u00a0Constitui\u00e7\u00e3o de 1988. A arena para essa batalha \u00e9 o Supremo Tribunal Federal, e a causa \u00e9 a Argui\u00e7\u00e3o de Descumprimento de Preceito Fundamental (ADPF) 442, [&hellip;]<\/p>\n","protected":false},"author":2,"featured_media":0,"comment_status":"open","ping_status":"closed","sticky":false,"template":"","format":"standard","meta":{"fifu_image_url":"","fifu_image_alt":"","footnotes":""},"categories":[25941,3460,443,25942,444,132,260],"tags":[],"class_list":["post-59445","post","type-post","status-publish","format-standard","hentry","category-adpf-442","category-codigo-penal","category-descriminalizacao-do-aborto","category-dignidade-humana","category-direitos-das-mulheres","category-politica","category-stf"],"_links":{"self":[{"href":"https:\/\/redept.com.br\/blogosfera\/wp-json\/wp\/v2\/posts\/59445","targetHints":{"allow":["GET"]}}],"collection":[{"href":"https:\/\/redept.com.br\/blogosfera\/wp-json\/wp\/v2\/posts"}],"about":[{"href":"https:\/\/redept.com.br\/blogosfera\/wp-json\/wp\/v2\/types\/post"}],"author":[{"embeddable":true,"href":"https:\/\/redept.com.br\/blogosfera\/wp-json\/wp\/v2\/users\/2"}],"replies":[{"embeddable":true,"href":"https:\/\/redept.com.br\/blogosfera\/wp-json\/wp\/v2\/comments?post=59445"}],"version-history":[{"count":0,"href":"https:\/\/redept.com.br\/blogosfera\/wp-json\/wp\/v2\/posts\/59445\/revisions"}],"wp:attachment":[{"href":"https:\/\/redept.com.br\/blogosfera\/wp-json\/wp\/v2\/media?parent=59445"}],"wp:term":[{"taxonomy":"category","embeddable":true,"href":"https:\/\/redept.com.br\/blogosfera\/wp-json\/wp\/v2\/categories?post=59445"},{"taxonomy":"post_tag","embeddable":true,"href":"https:\/\/redept.com.br\/blogosfera\/wp-json\/wp\/v2\/tags?post=59445"}],"curies":[{"name":"wp","href":"https:\/\/api.w.org\/{rel}","templated":true}]}}