{"id":59644,"date":"2025-10-21T17:59:32","date_gmt":"2025-10-21T20:59:32","guid":{"rendered":"https:\/\/redept.com.br\/blogosfera\/petrobras-obtem-licenca-para-perfurar-petroleo-na-margem-equatorial\/"},"modified":"2025-10-21T17:59:32","modified_gmt":"2025-10-21T20:59:32","slug":"petrobras-obtem-licenca-para-perfurar-petroleo-na-margem-equatorial","status":"publish","type":"post","link":"https:\/\/redept.com.br\/blogosfera\/petrobras-obtem-licenca-para-perfurar-petroleo-na-margem-equatorial\/","title":{"rendered":"Petrobras obt\u00e9m licen\u00e7a para perfurar petr\u00f3leo na Margem Equatorial"},"content":{"rendered":"<p><img fetchpriority=\"high\" width=\"1024\" height=\"344\"src=\"https:\/\/redept.com.br\/blogosfera\/wp-content\/uploads\/2025\/10\/Captura-de-Tela-2025-10-21-as-165336.png\" alt=\"\" decoding=\"async\" srcset=\"https:\/\/vermelho.org.br\/wp-content\/uploads\/2025\/10\/Captura-de-Tela-2025-10-21-as-16.53.36-1024x344.png 1024w, https:\/\/vermelho.org.br\/wp-content\/uploads\/2025\/10\/Captura-de-Tela-2025-10-21-as-16.53.36-300x101.png 300w, https:\/\/vermelho.org.br\/wp-content\/uploads\/2025\/10\/Captura-de-Tela-2025-10-21-as-16.53.36-768x258.png 768w, https:\/\/redept.com.br\/blogosfera\/wp-content\/uploads\/2025\/10\/Captura-de-Tela-2025-10-21-as-165336.png 1147w\" sizes=\"(max-width: 1024px) 100vw, 1024px\"><\/p>\n<p>O Instituto Brasileiro do Meio Ambiente e dos Recursos Naturais Renov\u00e1veis (Ibama), ap\u00f3s cinco anos de impasse e an\u00e1lises t\u00e9cnicas rigorosas, concedeu \u00e0 Petrobras a licen\u00e7a para perfurar um po\u00e7o explorat\u00f3rio na Bacia da Foz do Amazonas, uma \u00e1rea que a estatal denomina Margem Equatorial. A libera\u00e7\u00e3o acontece a menos de um m\u00eas da COP30 no Brasil \u2014 a ser realizada em Bel\u00e9m (PA), entre 10 e 21 de novembro de 2025.<\/p>\n<p>A decis\u00e3o, anunciada oficialmente, encerra uma longa disputa burocr\u00e1tica e, ao mesmo tempo, reabre o debate entre o desenvolvimento econ\u00f4mico \u2014 com soberania energ\u00e9tica \u2014 e a preserva\u00e7\u00e3o do bioma amaz\u00f4nico \u2014 com a mitiga\u00e7\u00e3o do aquecimento clim\u00e1tico decorrente do uso de combust\u00edveis f\u00f3sseis. A Petrobras, contudo, ressalta que o po\u00e7o est\u00e1 a uma dist\u00e2ncia de mais de 500 quil\u00f4metros da foz do Rio Amazonas, em alto-mar, e que operar\u00e1 com o mais alto grau de seguran\u00e7a e qualidade t\u00e9cnica.<\/p>\n<p><strong>O futuro da soberania energ\u00e9tica e a transi\u00e7\u00e3o justa<\/strong><\/p>\n<p>A ala econ\u00f4mica do governo enxerga a Margem Equatorial como uma nova e promissora fronteira de energia, essencial para o pa\u00eds. O Minist\u00e9rio de Minas e Energia (MME), sob a lideran\u00e7a de Alexandre Silveira, tem sido a voz mais efusiva em prol da explora\u00e7\u00e3o.<\/p>\n<p>Em nota divulgada pelo MME, Silveira celebrou a libera\u00e7\u00e3o, classificando-a como um passo fundamental para o Brasil. Segundo o ministro, a regi\u00e3o representa o \u201cfuturo da nossa soberania energ\u00e9tica\u201d, e o pa\u00eds \u201cn\u00e3o pode abrir m\u00e3o de conhecer seu potencial\u201d. <\/p>\n<p>A Petrobras, por sua vez, defende em seu portal institucional que o petr\u00f3leo obtido nessa nova fronteira ser\u00e1 crucial para financiar a transi\u00e7\u00e3o energ\u00e9tica do pa\u00eds, atuando de maneira integrada para desenvolver bioprodutos e novas fontes renov\u00e1veis.<\/p>\n<p><strong>Leia mais: <\/strong><a href=\"https:\/\/vermelho.org.br\/2025\/02\/12\/lula-prega-pesquisa-na-margem-equatorial-antes-de-exploracao\/\">Lula defende libera\u00e7\u00e3o de pesquisa na Margem Equatorial antes de explora\u00e7\u00e3o<\/a><\/p>\n<p>O ministro ainda salienta que a explora\u00e7\u00e3o ser\u00e1 feita com total responsabilidade ambiental e baseada em crit\u00e9rios t\u00e9cnicos e sustent\u00e1veis, garantindo que o petr\u00f3leo brasileiro tenha uma das menores pegadas de carbono por barril produzido no mundo.<\/p>\n<p>A expectativa econ\u00f4mica por tr\u00e1s do projeto \u00e9 gigantesca. O potencial de petr\u00f3leo estimado na Margem Equatorial pode chegar a 10 bilh\u00f5es de barris, segundo estudos internos do MME, compar\u00e1vel \u00e0s descobertas feitas em pa\u00edses vizinhos como Guiana e Suriname. <\/p>\n<p>O bloco espec\u00edfico liberado pelo Ibama, conforme estudo citado pelo ministro Alexandre Silveira, tem potencial preliminar de 5,6 bilh\u00f5es de barris de \u00f3leo. Em termos financeiros, a Petrobras pretende injetar cerca de US$ 3 bilh\u00f5es em investimentos nos primeiros anos do plano 2025-2029, valor que, na cota\u00e7\u00e3o atual, ultrapassa R$ 16,1 bilh\u00f5es. Em contrapartida, num horizonte mais longo, o governo calcula que a arrecada\u00e7\u00e3o da estatal possa ultrapassar R$ 1 trilh\u00e3o.<\/p>\n<p>Este potencial trar\u00e1 benef\u00edcios para os estados vizinhos, localizados na Margem Equatorial, que se estende do Amap\u00e1 ao Rio Grande do Norte. A gera\u00e7\u00e3o de empregos, infraestrutura e, futuramente, a distribui\u00e7\u00e3o de royalties devem beneficiar diretamente os estados do Amap\u00e1 (AP) e Par\u00e1 (PA), Maranh\u00e3o (MA), Piau\u00ed (PI), Cear\u00e1 (CE) e Rio Grande do Norte (RN). O governador do Amap\u00e1, Cl\u00e9cio Lu\u00eds, e o ministro Silveira apoiaram publicamente a fase de estudos.\u00a0<\/p>\n<p><strong>A responsabilidade ambiental no palco global<\/strong><\/p>\n<p>Depois da autoriza\u00e7\u00e3o, o Minist\u00e9rio do Meio Ambiente e Mudan\u00e7a do Clima (MMA), chefiado por Marina Silva, manteve-se em sil\u00eancio inicial. Contudo, a libera\u00e7\u00e3o s\u00f3 ocorreu porque a Petrobras se adequou \u00e0s exig\u00eancias de um projeto de explora\u00e7\u00e3o que, segundo a empresa, \u00e9 ambientalmente seguro. <\/p>\n<p>O pr\u00f3prio Ibama, ao emitir a licen\u00e7a de opera\u00e7\u00e3o para a perfura\u00e7\u00e3o mar\u00edtima, destacou em nota oficial que o processo foi longo e exigiu o cumprimento de requisitos adicionais da Petrobras, dentre os quais a inclus\u00e3o de embarca\u00e7\u00f5es dedicadas ao atendimento da fauna atingida e a realiza\u00e7\u00e3o de um novo exerc\u00edcio simulado de resposta a emerg\u00eancias durante a atividade. Com isso, o \u00f3rg\u00e3o busca mostrar o rigor do licenciamento que procura integrar o desenvolvimento econ\u00f4mico com o aprimoramento da infraestrutura de prote\u00e7\u00e3o ambiental, protegendo a fauna, a flora e as comunidades afetadas.<\/p>\n<p>Ainda assim, a decis\u00e3o n\u00e3o aplacou as cr\u00edticas. Organiza\u00e7\u00f5es ambientalistas consideram o aval uma sabotagem \u00e0 agenda clim\u00e1tica brasileira e ao Acordo de Paris, uma vez que a expans\u00e3o de combust\u00edveis f\u00f3sseis em uma regi\u00e3o sens\u00edvel da Amaz\u00f4nia coloca o pa\u00eds na contram\u00e3o das expectativas globais de descarboniza\u00e7\u00e3o. O risco de judicializa\u00e7\u00e3o do processo, com movimentos sociais buscando anular a licen\u00e7a, n\u00e3o est\u00e1 afastado.<\/p>\n<p>O ouro negro da Margem Equatorial se tornou o maior teste para a pol\u00edtica de concilia\u00e7\u00e3o do governo: provar que o desenvolvimento da soberania energ\u00e9tica, sustentado por investimentos de um petr\u00f3leo que se pretende \u201climpo\u201d, pode caminhar lado a lado com o compromisso de sustentabilidade diante dos olhos do mundo.<\/p>\n<p>O post <a href=\"https:\/\/vermelho.org.br\/2025\/10\/21\/rascunhsob-o-olhar-da-cop30-o-pais-investe-r-16-bi-buscando-soberania-e-sustentabilidadeo-automatico\/\">Petrobras obt\u00e9m licen\u00e7a para perfurar petr\u00f3leo na Margem Equatorial<\/a> apareceu primeiro em <a href=\"https:\/\/vermelho.org.br\/\">Vermelho<\/a>.<\/p>\n<!-- Begin Yuzo --><div class='yuzo_related_post style-1'  data-version='5.12.89'><!-- without result --><div class='yuzo_clearfixed yuzo__title yuzo__title'><h3>Related Post<\/h3><\/div>\n\t\t\t\t\t\t  <div class=\"relatedthumb \" style=\"width:125px;float:left;overflow:hidden;\">  \n\t\t\t\t\t\t\t  \n\t\t\t\t\t\t\t  <a  href=\"https:\/\/redept.com.br\/blogosfera\/venezuela-se-arma-para-resistir-a-ofensiva-dos-eua-apos-decadas-de-cerco\/\"  >\n\t\t\t\t\t\t\t\t\t  <div class=\"yuzo-img-wrap \" style=\"width: 125px;height:90px;\">\n\t\t\t\t\t\t\t\t\t\t\n\t\t\t\t\t\t\t\t\t\t<div class=\"yuzo-img\" style=\"background:url('https:\/\/redept.com.br\/blogosfera\/wp-content\/uploads\/2025\/12\/Maduro-alerta-2048x1091-1-150x150.png') 50% 50% no-repeat;width: 125px;height:90px;margin-bottom: 5px;background-size: cover; \"><\/div>\n\t\t\t\t\t\t\t\t\t  <\/div>\n\t\t\t\t\t\t\t\t\t  \n\t\t\t\t\t\t\t\t   <span class=\"yuzo__text--title\" style=\"font-size:13px;\">Venezuela se arma para resistir a ofensiva dos EUA...<\/span>\n\t\t\t\t\t\t\t  \n\t\t\t\t\t\t\t  \n\t\t\t\t\t\t\t  <\/a>\n\n\t\t\t\t\t\t  <\/div>\n\t\t\t\t\t\t  <div class=\"relatedthumb \" style=\"width:125px;float:left;overflow:hidden;\">  \n\t\t\t\t\t\t\t  \n\t\t\t\t\t\t\t  <a  href=\"https:\/\/redept.com.br\/blogosfera\/vitinho-vive-comunidade-de-caraiva-ba-celebra-missa-de-7o-dia-em-memoria-de-jovem-morto-em-acao-policial\/\"  >\n\t\t\t\t\t\t\t\t\t  <div class=\"yuzo-img-wrap \" style=\"width: 125px;height:90px;\">\n\t\t\t\t\t\t\t\t\t\t\n\t\t\t\t\t\t\t\t\t\t<div class=\"yuzo-img\" style=\"background:url('https:\/\/redept.org\/blogosfera\/wp-content\/plugins\/yuzo-related-post\/assets\/images\/default.png') 50% 50% no-repeat;width: 125px;height:90px;margin-bottom: 5px;background-size: cover; \"><\/div>\n\t\t\t\t\t\t\t\t\t  <\/div>\n\t\t\t\t\t\t\t\t\t  \n\t\t\t\t\t\t\t\t   <span class=\"yuzo__text--title\" style=\"font-size:13px;\">\u2018Vitinho Vive\u2019: Comunidade de Cara\u00edva (BA) celebra...<\/span>\n\t\t\t\t\t\t\t  \n\t\t\t\t\t\t\t  \n\t\t\t\t\t\t\t  <\/a>\n\n\t\t\t\t\t\t  <\/div>\n\t\t\t\t\t\t  <div class=\"relatedthumb \" style=\"width:125px;float:left;overflow:hidden;\">  \n\t\t\t\t\t\t\t  \n\t\t\t\t\t\t\t  <a  href=\"https:\/\/redept.com.br\/blogosfera\/120-anos-da-morte-de-fernando-pessoa-celebrando-um-dos-maiores-poetas-da-lingua-portuguesa\/\"  >\n\t\t\t\t\t\t\t\t\t  <div class=\"yuzo-img-wrap \" style=\"width: 125px;height:90px;\">\n\t\t\t\t\t\t\t\t\t\t\n\t\t\t\t\t\t\t\t\t\t<div class=\"yuzo-img\" style=\"background:url('https:\/\/redept.org\/blogosfera\/wp-content\/plugins\/yuzo-related-post\/assets\/images\/default.png') 50% 50% no-repeat;width: 125px;height:90px;margin-bottom: 5px;background-size: cover; \"><\/div>\n\t\t\t\t\t\t\t\t\t  <\/div>\n\t\t\t\t\t\t\t\t\t  \n\t\t\t\t\t\t\t\t   <span class=\"yuzo__text--title\" style=\"font-size:13px;\">120 anos da morte de Fernando Pessoa: celebrando u...<\/span>\n\t\t\t\t\t\t\t  \n\t\t\t\t\t\t\t  \n\t\t\t\t\t\t\t  <\/a>\n\n\t\t\t\t\t\t  <\/div>\n\t\t\t\t\t\t  <div class=\"relatedthumb \" style=\"width:125px;float:left;overflow:hidden;\">  \n\t\t\t\t\t\t\t  \n\t\t\t\t\t\t\t  <a  href=\"https:\/\/redept.com.br\/blogosfera\/israel-avanca-em-invasao-ao-libano-e-captura-estrategico-castelo-de-beaufort\/\"  >\n\t\t\t\t\t\t\t\t\t  <div class=\"yuzo-img-wrap \" style=\"width: 125px;height:90px;\">\n\t\t\t\t\t\t\t\t\t\t\n\t\t\t\t\t\t\t\t\t\t<div class=\"yuzo-img\" style=\"background:url('https:\/\/redept.com.br\/blogosfera\/wp-content\/uploads\/2026\/06\/beaufort-150x150.jpg') 50% 50% no-repeat;width: 125px;height:90px;margin-bottom: 5px;background-size: cover; \"><\/div>\n\t\t\t\t\t\t\t\t\t  <\/div>\n\t\t\t\t\t\t\t\t\t  \n\t\t\t\t\t\t\t\t   <span class=\"yuzo__text--title\" style=\"font-size:13px;\">Israel avan\u00e7a em invas\u00e3o ao L\u00edbano e captura estra...<\/span>\n\t\t\t\t\t\t\t  \n\t\t\t\t\t\t\t  \n\t\t\t\t\t\t\t  <\/a>\n\n\t\t\t\t\t\t  <\/div>\n<\/div> <script>\n\t\t\t\t\t\t  jQuery(document).ready(function( $ ){\n\t\t\t\t\t\t\t\/\/jQuery('.yuzo_related_post').equalizer({ overflow : 'relatedthumb' });\n\t\t\t\t\t\t\tjQuery('.yuzo_related_post .yuzo_wraps').equalizer({ columns : '> div' });\n\t\t\t\t\t\t   })\n\t\t\t\t\t\t  <\/script> <!-- End Yuzo :) -->","protected":false},"excerpt":{"rendered":"<p>O Instituto Brasileiro do Meio Ambiente e dos Recursos Naturais Renov\u00e1veis (Ibama), ap\u00f3s cinco anos de impasse e an\u00e1lises t\u00e9cnicas rigorosas, concedeu \u00e0 Petrobras a licen\u00e7a para perfurar um po\u00e7o explorat\u00f3rio na Bacia da Foz do Amazonas, uma \u00e1rea que a estatal denomina Margem Equatorial. A libera\u00e7\u00e3o acontece a menos de um m\u00eas da COP30 [&hellip;]<\/p>\n","protected":false},"author":2,"featured_media":0,"comment_status":"open","ping_status":"closed","sticky":false,"template":"","format":"standard","meta":{"fifu_image_url":"","fifu_image_alt":"","footnotes":""},"categories":[2519,221,684,3597,26136,26137,1647],"tags":[],"class_list":["post-59644","post","type-post","status-publish","format-standard","hentry","category-cop30","category-economia","category-ibama","category-margem-equatorial","category-ministerio-de-meio-ambiente","category-ministerio-de-minas-e-energia-mme","category-petrobras"],"_links":{"self":[{"href":"https:\/\/redept.com.br\/blogosfera\/wp-json\/wp\/v2\/posts\/59644","targetHints":{"allow":["GET"]}}],"collection":[{"href":"https:\/\/redept.com.br\/blogosfera\/wp-json\/wp\/v2\/posts"}],"about":[{"href":"https:\/\/redept.com.br\/blogosfera\/wp-json\/wp\/v2\/types\/post"}],"author":[{"embeddable":true,"href":"https:\/\/redept.com.br\/blogosfera\/wp-json\/wp\/v2\/users\/2"}],"replies":[{"embeddable":true,"href":"https:\/\/redept.com.br\/blogosfera\/wp-json\/wp\/v2\/comments?post=59644"}],"version-history":[{"count":0,"href":"https:\/\/redept.com.br\/blogosfera\/wp-json\/wp\/v2\/posts\/59644\/revisions"}],"wp:attachment":[{"href":"https:\/\/redept.com.br\/blogosfera\/wp-json\/wp\/v2\/media?parent=59644"}],"wp:term":[{"taxonomy":"category","embeddable":true,"href":"https:\/\/redept.com.br\/blogosfera\/wp-json\/wp\/v2\/categories?post=59644"},{"taxonomy":"post_tag","embeddable":true,"href":"https:\/\/redept.com.br\/blogosfera\/wp-json\/wp\/v2\/tags?post=59644"}],"curies":[{"name":"wp","href":"https:\/\/api.w.org\/{rel}","templated":true}]}}