{"id":59915,"date":"2025-10-22T19:00:24","date_gmt":"2025-10-22T22:00:24","guid":{"rendered":"https:\/\/redept.com.br\/blogosfera\/noboa-recusa-dialogar-com-movimentos-sociais-e-pede-ajuda-estrangeira-contra-protestos\/"},"modified":"2025-10-22T19:00:24","modified_gmt":"2025-10-22T22:00:24","slug":"noboa-recusa-dialogar-com-movimentos-sociais-e-pede-ajuda-estrangeira-contra-protestos","status":"publish","type":"post","link":"https:\/\/redept.com.br\/blogosfera\/noboa-recusa-dialogar-com-movimentos-sociais-e-pede-ajuda-estrangeira-contra-protestos\/","title":{"rendered":"Noboa recusa dialogar com movimentos sociais e pede ajuda estrangeira contra protestos"},"content":{"rendered":"<p>Na quinta semana de greve nacional, a repress\u00e3o intensificou-se nas comunidades ind\u00edgenas e zonas urbanas de Quito, com a\u00e7\u00f5es policiais e militares ap\u00f3s o fracasso das negocia\u00e7\u00f5es previstas para esta segunda-feira. Segundo o correspondente do jornal mexicano, <em>La Jornada<\/em>, o presidente equatoriano, Daniel Noboa, solicitou apoio \u00e0 Organiza\u00e7\u00e3o dos Estados Americanos (OEA) e ao adido militar israelense para \u201crefor\u00e7ar\u201d sua estrat\u00e9gia de seguran\u00e7a.<\/p>\n<p>L\u00edderes ind\u00edgenas e camponeses, sindicatos e estudantes confirmaram a manuten\u00e7\u00e3o da greve popular at\u00e9 que o governo elimine o aumento de um d\u00f3lar no pre\u00e7o do diesel, liberte todos os presos, desbloqueie rodovias e estradas em v\u00e1rias prov\u00edncias de postos de controlo militar e permita o di\u00e1logo para estabelecer uma agenda pol\u00edtica centrada na crise econ\u00f3mica, na inseguran\u00e7a, nos servi\u00e7os p\u00fablicos e na falta de atendimento m\u00e9dico em hospitais estaduais.<\/p>\n<p>A resposta governamental foi uma recusa contundente ao di\u00e1logo e uma repress\u00e3o policial e militar em quase todo o territ\u00f3rio nacional. Noboa fez essa declara\u00e7\u00e3o ap\u00f3s reunir-se com o secret\u00e1rio-geral da OEA, Albert Ramdin, com quem assinou um acordo para a \u201cseguran\u00e7a multidimensional\u201d.<\/p>\n<p>Ramdin afirmou que o Equador enfrenta uma \u201csitua\u00e7\u00e3o de seguran\u00e7a complexa, marcada pelo crescimento e expans\u00e3o de redes criminosas transnacionais\u201d, o que exige o fortalecimento dos seus sistemas de intelig\u00eancia e o combate ao narcotr\u00e1fico em conjunto com a OEA.<\/p>\n<p>\u201cEssa realidade exige respostas abrangentes, sustentadas e coordenadas; exige coordena\u00e7\u00e3o, coordena\u00e7\u00e3o efetiva entre institui\u00e7\u00f5es nacionais e coopera\u00e7\u00e3o internacional\u201d, declarou.<\/p>\n<figure aria-describedby=\"caption-attachment-235264\"><img fetchpriority=\"high\" decoding=\"async\"src=\"https:\/\/redept.com.br\/blogosfera\/wp-content\/uploads\/2025\/10\/g3ef5bpwsaa2j7r.webp\" alt=\"Movimento de ind\u00edgenas, sindicatos e estudantes exige fim do aumento de US$ 1 no combust\u00edvel e desmilitariza\u00e7\u00e3o de rodovias ap\u00f3s colapso de negocia\u00e7\u00f5esConaie\/X\" width=\"2048\" height=\"1152\" srcset=\"https:\/\/redept.com.br\/blogosfera\/wp-content\/uploads\/2025\/10\/g3ef5bpwsaa2j7r.webp 2048w, https:\/\/operamundi.uol.com.br\/wp-content\/uploads\/2025\/10\/g3ef5bpwsaa2j7r-300x169.webp 300w, https:\/\/operamundi.uol.com.br\/wp-content\/uploads\/2025\/10\/g3ef5bpwsaa2j7r-1024x576.webp 1024w, https:\/\/operamundi.uol.com.br\/wp-content\/uploads\/2025\/10\/g3ef5bpwsaa2j7r-768x432.webp 768w, https:\/\/operamundi.uol.com.br\/wp-content\/uploads\/2025\/10\/g3ef5bpwsaa2j7r-1536x864.webp 1536w, https:\/\/operamundi.uol.com.br\/wp-content\/uploads\/2025\/10\/g3ef5bpwsaa2j7r-150x84.webp 150w, https:\/\/operamundi.uol.com.br\/wp-content\/uploads\/2025\/10\/g3ef5bpwsaa2j7r-750x422.webp 750w, https:\/\/operamundi.uol.com.br\/wp-content\/uploads\/2025\/10\/g3ef5bpwsaa2j7r-1140x641.webp 1140w\" sizes=\"(max-width: 2048px) 100vw, 2048px\"><figcaption>Movimento de ind\u00edgenas, sindicatos e estudantes exige fim do aumento de US$ 1 no combust\u00edvel e desmilitariza\u00e7\u00e3o de rodovias ap\u00f3s colapso de negocia\u00e7\u00f5es<br \/>Conaie\/X<\/figcaption><\/figure>\n<p>O acordo abranger\u00e1 coopera\u00e7\u00e3o em sistemas de intelig\u00eancia, controlo do tr\u00e1fico il\u00edcito de armas, preven\u00e7\u00e3o da viol\u00eancia (n\u00e3o se esclarece se relacionada com a greve nacional), fortalecimento do sistema prisional e seguran\u00e7a cibern\u00e9tica.<\/p>\n<p>Entretanto, o embaixador de Israel no Equador, Tzach Sarid, anunciou que o Adido de Defesa israelense, sediado em Buenos Aires, visitar\u00e1 o pa\u00eds andino na pr\u00f3xima semana para colaborar no combate \u00e0 inseguran\u00e7a.<\/p>\n<p>Contudo, tanto a visita do secret\u00e1rio da OEA quanto a do representante israelense ocorrem em meio \u00e0 greve nacional, que se tornou a principal preocupa\u00e7\u00e3o e foco de a\u00e7\u00e3o do governo, j\u00e1 com um m\u00eas de dura\u00e7\u00e3o e sem resolu\u00e7\u00e3o, seja por meio de di\u00e1logo ou de repress\u00e3o.<\/p>\n<p>O post Noboa recusa dialogar com movimentos sociais e pede ajuda estrangeira contra protestos apareceu primeiro em Opera Mundi.<\/p>\n<!-- Begin Yuzo --><div class='yuzo_related_post style-1'  data-version='5.12.89'><!-- without result --><div class='yuzo_clearfixed yuzo__title yuzo__title'><h3>Related Post<\/h3><\/div>\n\t\t\t\t\t\t  <div class=\"relatedthumb \" style=\"width:125px;float:left;overflow:hidden;\">  \n\t\t\t\t\t\t\t  \n\t\t\t\t\t\t\t  <a  href=\"https:\/\/redept.com.br\/blogosfera\/lula-defende-valorizacao-continua-do-salario-minimo\/\"  >\n\t\t\t\t\t\t\t\t\t  <div class=\"yuzo-img-wrap \" style=\"width: 125px;height:90px;\">\n\t\t\t\t\t\t\t\t\t\t\n\t\t\t\t\t\t\t\t\t\t<div class=\"yuzo-img\" style=\"background:url('https:\/\/redept.com.br\/blogosfera\/wp-content\/uploads\/2026\/01\/Captura-de-Tela-2026-01-16-as-150526-150x150.png') 50% 50% no-repeat;width: 125px;height:90px;margin-bottom: 5px;background-size: cover; \"><\/div>\n\t\t\t\t\t\t\t\t\t  <\/div>\n\t\t\t\t\t\t\t\t\t  \n\t\t\t\t\t\t\t\t   <span class=\"yuzo__text--title\" style=\"font-size:13px;\">Lula defende valoriza\u00e7\u00e3o cont\u00ednua do sal\u00e1rio m\u00ednim...<\/span>\n\t\t\t\t\t\t\t  \n\t\t\t\t\t\t\t  \n\t\t\t\t\t\t\t  <\/a>\n\n\t\t\t\t\t\t  <\/div>\n\t\t\t\t\t\t  <div class=\"relatedthumb \" style=\"width:125px;float:left;overflow:hidden;\">  \n\t\t\t\t\t\t\t  \n\t\t\t\t\t\t\t  <a  href=\"https:\/\/redept.com.br\/blogosfera\/noticias-do-dia-com-o-jornal-tvt-news-segunda-edicao-28-11-2025\/\"  >\n\t\t\t\t\t\t\t\t\t  <div class=\"yuzo-img-wrap \" style=\"width: 125px;height:90px;\">\n\t\t\t\t\t\t\t\t\t\t\n\t\t\t\t\t\t\t\t\t\t<div class=\"yuzo-img\" style=\"background:url('https:\/\/redept.com.br\/blogosfera\/wp-content\/uploads\/2025\/11\/jornal_tvt_news-35-150x150.jpeg') 50% 50% no-repeat;width: 125px;height:90px;margin-bottom: 5px;background-size: cover; \"><\/div>\n\t\t\t\t\t\t\t\t\t  <\/div>\n\t\t\t\t\t\t\t\t\t  \n\t\t\t\t\t\t\t\t   <span class=\"yuzo__text--title\" style=\"font-size:13px;\">Not\u00edcias do dia com o Jornal TVT News Segunda Edi\u00e7...<\/span>\n\t\t\t\t\t\t\t  \n\t\t\t\t\t\t\t  \n\t\t\t\t\t\t\t  <\/a>\n\n\t\t\t\t\t\t  <\/div>\n\t\t\t\t\t\t  <div class=\"relatedthumb \" style=\"width:125px;float:left;overflow:hidden;\">  \n\t\t\t\t\t\t\t  \n\t\t\t\t\t\t\t  <a  href=\"https:\/\/redept.com.br\/blogosfera\/bradesco-patas-no-brasil-focinho-nos-eua\/\"  >\n\t\t\t\t\t\t\t\t\t  <div class=\"yuzo-img-wrap \" style=\"width: 125px;height:90px;\">\n\t\t\t\t\t\t\t\t\t\t\n\t\t\t\t\t\t\t\t\t\t<div class=\"yuzo-img\" style=\"background:url('https:\/\/redept.com.br\/blogosfera\/wp-content\/uploads\/2025\/08\/Screenshot-2025-08-05-at-19-31-18-36ef649a262b2631bc4d0252602bacf7avif-imagem-AVIF-700-467-pixels-150x150.png') 50% 50% no-repeat;width: 125px;height:90px;margin-bottom: 5px;background-size: cover; \"><\/div>\n\t\t\t\t\t\t\t\t\t  <\/div>\n\t\t\t\t\t\t\t\t\t  \n\t\t\t\t\t\t\t\t   <span class=\"yuzo__text--title\" style=\"font-size:13px;\">Bradesco: patas no Brasil, focinho nos EUA<\/span>\n\t\t\t\t\t\t\t  \n\t\t\t\t\t\t\t  \n\t\t\t\t\t\t\t  <\/a>\n\n\t\t\t\t\t\t  <\/div>\n\t\t\t\t\t\t  <div class=\"relatedthumb \" style=\"width:125px;float:left;overflow:hidden;\">  \n\t\t\t\t\t\t\t  \n\t\t\t\t\t\t\t  <a  href=\"https:\/\/redept.com.br\/blogosfera\/flavio-esta-assustado-com-mar-de-lama-que-pode-engolir-nogueira-enquanto-lula-vence-outro-round\/\"  >\n\t\t\t\t\t\t\t\t\t  <div class=\"yuzo-img-wrap \" style=\"width: 125px;height:90px;\">\n\t\t\t\t\t\t\t\t\t\t\n\t\t\t\t\t\t\t\t\t\t<div class=\"yuzo-img\" style=\"background:url('https:\/\/redept.org\/blogosfera\/wp-content\/plugins\/yuzo-related-post\/assets\/images\/default.png') 50% 50% no-repeat;width: 125px;height:90px;margin-bottom: 5px;background-size: cover; \"><\/div>\n\t\t\t\t\t\t\t\t\t  <\/div>\n\t\t\t\t\t\t\t\t\t  \n\t\t\t\t\t\t\t\t   <span class=\"yuzo__text--title\" style=\"font-size:13px;\">Fl\u00e1vio est\u00e1 \u201cassustado\u201d com \u201cmar de lama\u201d que pode...<\/span>\n\t\t\t\t\t\t\t  \n\t\t\t\t\t\t\t  \n\t\t\t\t\t\t\t  <\/a>\n\n\t\t\t\t\t\t  <\/div>\n<\/div> <script>\n\t\t\t\t\t\t  jQuery(document).ready(function( $ ){\n\t\t\t\t\t\t\t\/\/jQuery('.yuzo_related_post').equalizer({ overflow : 'relatedthumb' });\n\t\t\t\t\t\t\tjQuery('.yuzo_related_post .yuzo_wraps').equalizer({ columns : '> div' });\n\t\t\t\t\t\t   })\n\t\t\t\t\t\t  <\/script> <!-- End Yuzo :) -->","protected":false},"excerpt":{"rendered":"<p>Na quinta semana de greve nacional, a repress\u00e3o intensificou-se nas comunidades ind\u00edgenas e zonas urbanas de Quito, com a\u00e7\u00f5es policiais e militares ap\u00f3s o fracasso das negocia\u00e7\u00f5es previstas para esta segunda-feira. Segundo o correspondente do jornal mexicano, La Jornada, o presidente equatoriano, Daniel Noboa, solicitou apoio \u00e0 Organiza\u00e7\u00e3o dos Estados Americanos (OEA) e ao adido [\u2026]<\/p>\n<p>O post <a href=\"https:\/\/operamundi.uol.com.br\/politica-e-economia\/noboa-recusa-dialogar-com-movimentos-sociais-e-pede-ajuda-estrangeira-contra-protestos\/\">Noboa recusa dialogar com movimentos sociais e pede ajuda estrangeira contra protestos<\/a> apareceu primeiro em <a href=\"https:\/\/operamundi.uol.com.br\/\">Opera Mundi<\/a>.<\/p>\n","protected":false},"author":2,"featured_media":59916,"comment_status":"closed","ping_status":"closed","sticky":false,"template":"","format":"standard","meta":{"fifu_image_url":"","fifu_image_alt":"","footnotes":""},"categories":[26366,3604,655,26367,5518],"tags":[],"class_list":["post-59915","post","type-post","status-publish","format-standard","has-post-thumbnail","hentry","category-ajuda-estrangeira","category-daniel-noboa","category-equador","category-greve-nacional-indigena","category-politica-e-economia"],"_links":{"self":[{"href":"https:\/\/redept.com.br\/blogosfera\/wp-json\/wp\/v2\/posts\/59915","targetHints":{"allow":["GET"]}}],"collection":[{"href":"https:\/\/redept.com.br\/blogosfera\/wp-json\/wp\/v2\/posts"}],"about":[{"href":"https:\/\/redept.com.br\/blogosfera\/wp-json\/wp\/v2\/types\/post"}],"author":[{"embeddable":true,"href":"https:\/\/redept.com.br\/blogosfera\/wp-json\/wp\/v2\/users\/2"}],"replies":[{"embeddable":true,"href":"https:\/\/redept.com.br\/blogosfera\/wp-json\/wp\/v2\/comments?post=59915"}],"version-history":[{"count":0,"href":"https:\/\/redept.com.br\/blogosfera\/wp-json\/wp\/v2\/posts\/59915\/revisions"}],"wp:featuredmedia":[{"embeddable":true,"href":"https:\/\/redept.com.br\/blogosfera\/wp-json\/wp\/v2\/media\/59916"}],"wp:attachment":[{"href":"https:\/\/redept.com.br\/blogosfera\/wp-json\/wp\/v2\/media?parent=59915"}],"wp:term":[{"taxonomy":"category","embeddable":true,"href":"https:\/\/redept.com.br\/blogosfera\/wp-json\/wp\/v2\/categories?post=59915"},{"taxonomy":"post_tag","embeddable":true,"href":"https:\/\/redept.com.br\/blogosfera\/wp-json\/wp\/v2\/tags?post=59915"}],"curies":[{"name":"wp","href":"https:\/\/api.w.org\/{rel}","templated":true}]}}