{"id":59917,"date":"2025-10-22T19:20:35","date_gmt":"2025-10-22T22:20:35","guid":{"rendered":"https:\/\/redept.com.br\/blogosfera\/stf-publica-decisao-que-condenou-bolsonaro-a-27-anos-e-3-meses-por-tentativa-de-golpe\/"},"modified":"2025-10-22T19:20:35","modified_gmt":"2025-10-22T22:20:35","slug":"stf-publica-decisao-que-condenou-bolsonaro-a-27-anos-e-3-meses-por-tentativa-de-golpe","status":"publish","type":"post","link":"https:\/\/redept.com.br\/blogosfera\/stf-publica-decisao-que-condenou-bolsonaro-a-27-anos-e-3-meses-por-tentativa-de-golpe\/","title":{"rendered":"STF publica decis\u00e3o que condenou Bolsonaro a 27 anos e 3 meses por tentativa de golpe"},"content":{"rendered":"<p>O Supremo Tribunal Federal (STF) publicou nesta quarta-feira (22\/10) o ac\u00f3rd\u00e3o \u2013 decis\u00e3o colegiada \u2013 que condenou o ex-presidente Jair Bolsonaro a 27 anos e tr\u00eas meses de pris\u00e3o por crimes contra a democracia, entre outros.<\/p>\n<p>Com a divulga\u00e7\u00e3o da decis\u00e3o por escrito come\u00e7a a contagem regressiva para as defesas. Pelas regras, no dia seguinte \u00e0 publica\u00e7\u00e3o do ac\u00f3rd\u00e3o no Di\u00e1rio de Justi\u00e7a Eletr\u00f4nico (DJe), ou seja, nesta quinta-feira (23\/10), come\u00e7a a contar prazo de cinco dias para a apresenta\u00e7\u00e3o daqueles que, em tese, seriam os \u00faltimos recursos no caso.<\/p>\n<p>Junto com sete de seus antigos aliados, integrantes do chamado N\u00facleo 1 da trama golpista (ou N\u00facleo crucial) Bolsonaro foi condenado por 4 votos a 1 pela Primeira Turma do STF, em 11 de setembro.<\/p>\n<p>Ele foi considerado culpado dos crimes de golpe de Estado e atentado contra o Estado Democr\u00e1tico de Direito e organiza\u00e7\u00e3o criminosa armada, da qual foi considerado l\u00edder.<\/p>\n<p>Bolsonaro e a maioria dos outros r\u00e9us tamb\u00e9m foram condenados por dano qualificado e deteriora\u00e7\u00e3o do patrim\u00f4nio tombado, crimes relacionados aos atos antidemocr\u00e1ticos de 8 de janeiro de 2023 \u2013 quando milhares de bolsonaristas invadiram e depredaram as sedes dos Tr\u00eas Poderes, em Bras\u00edlia.<\/p>\n<h3>Recursos e embargos<\/h3>\n<p>Nenhum dos r\u00e9us, por\u00e9m, come\u00e7ou a cumprir pena. Isso porque ainda restam recursos poss\u00edveis \u00e0 pr\u00f3pria Primeira Turma. Pelo regimento interno do Supremo, n\u00e3o cabe recurso ao plen\u00e1rio, mas apenas ao pr\u00f3prio colegiado que julgou a a\u00e7\u00e3o.<\/p>\n<p>Para as defesas, \u00e9 poss\u00edvel apresentar ainda os chamados embargos de declara\u00e7\u00e3o, em que os advogados podem apontar omiss\u00f5es e obscuridades no texto da decis\u00e3o publicada.<\/p>\n<p>Em geral, esse tipo de apelo n\u00e3o tem o efeito de reverter decis\u00f5es judiciais, mas apenas esclarec\u00ea-las.<\/p>\n<p>J\u00e1 os embargos infringentes, mais amplos, podem se valer dos votos divergentes como argumento para ainda tentar reverter o resultado do julgamento. Para esse tipo de recurso ser aceito, contudo, seriam necess\u00e1rios ao menos dois votos divergentes.<\/p>\n<p>No julgamento do n\u00facleo principal do golpe, votaram pela condena\u00e7\u00e3o os ministros Alexandre de Moraes, Fl\u00e1vio Dino, C\u00e1rmen L\u00facia e Cristiano Zanin.<\/p>\n<p>Apenas o ministro Luiz Fux divergiu, votando primeiro pela anula\u00e7\u00e3o da a\u00e7\u00e3o penal, e em seguida, no m\u00e9rito, pediu a absolvi\u00e7\u00e3o de todos os acusados.<\/p>\n<p>Os advogados dos r\u00e9us podem apelar a Moraes, relator do caso, que aceite os embargos do tipo infringentes mesmo com apenas um voto divergente \u2013 do ministro Fux.<\/p>\n<p>Muitas vezes as defesas tamb\u00e9m apresentam embargos de declara\u00e7\u00e3o que, se providos apenas para esclarecer a reda\u00e7\u00e3o da decis\u00e3o, acabam tendo efeitos infringentes, ou seja, conseguem reverter o resultado final.<\/p>\n<figure aria-describedby=\"caption-attachment-235268\"><img fetchpriority=\"high\" fetchpriority=\"high\" decoding=\"async\"src=\"https:\/\/redept.com.br\/blogosfera\/wp-content\/uploads\/2025\/10\/0d7a8318.webp\" alt=\"\" width=\"1170\" height=\"700\" srcset=\"https:\/\/redept.com.br\/blogosfera\/wp-content\/uploads\/2025\/10\/0d7a8318.webp 1170w, https:\/\/operamundi.uol.com.br\/wp-content\/uploads\/2025\/10\/0d7a8318-300x179.webp 300w, https:\/\/operamundi.uol.com.br\/wp-content\/uploads\/2025\/10\/0d7a8318-1024x613.webp 1024w, https:\/\/operamundi.uol.com.br\/wp-content\/uploads\/2025\/10\/0d7a8318-768x459.webp 768w, https:\/\/operamundi.uol.com.br\/wp-content\/uploads\/2025\/10\/0d7a8318-150x90.webp 150w, https:\/\/operamundi.uol.com.br\/wp-content\/uploads\/2025\/10\/0d7a8318-750x449.webp 750w, https:\/\/operamundi.uol.com.br\/wp-content\/uploads\/2025\/10\/0d7a8318-1140x682.webp 1140w\" sizes=\"(max-width: 1170px) 100vw, 1170px\"><figcaption>STF tem julgado n\u00facleo<br \/>Valter Campanato\/Ag\u00eancia Brasil<\/figcaption><\/figure>\n<p>Somente ap\u00f3s o julgamento de todos os recursos, com o chamado tr\u00e2nsito em julgado, \u00e9 que eventualmente os ministros da Primeira Turma devem definir o local e o regime inicial do cumprimento de pena pelos condenados. Pela legisla\u00e7\u00e3o, penas altas devem ter in\u00edcio em regime fechado.<\/p>\n<p>H\u00e1 exce\u00e7\u00f5es, por exemplo, quando n\u00e3o houver unidade prisional capaz de prover cuidados m\u00e9dicos necess\u00e1rios para alguma enfermidade grave do preso. Nesses casos, \u00e9 poss\u00edvel a concess\u00e3o de regimes mais brandos por quest\u00f5es humanit\u00e1rias.<\/p>\n<h3>N\u00facleo de desinforma\u00e7\u00e3o da tentativa de golpe<\/h3>\n<p>Al\u00e9m disso, a Primeira Turma do STF tamb\u00e9m definiu na \u00faltima ter\u00e7a-feira (21\/10) as penas dos sete r\u00e9us do N\u00facleo 4 da trama golpista ocorrida durante o governo do ex-presidente Jair Bolsonaro.<\/p>\n<p>Por 4 votos a 1, a maioria dos ministros do colegiado concordou com a den\u00fancia da Procuradoria-Geral da Rep\u00fablica (PGR) e condenou os acusados. O colegiado entendeu que os r\u00e9us promoveram a\u00e7\u00f5es de desinforma\u00e7\u00e3o para propagar not\u00edcias falsas sobre o processo eleitoral e ataques virtuais a institui\u00e7\u00f5es e autoridades, em 2022.<\/p>\n<h4>Confira a pena dos r\u00e9us:<\/h4>\n<ul>\n<li>\u00c2ngelo Martins Denicoli (major da reserva do Ex\u00e9rcito) \u2013 17 anos de pris\u00e3o em regime fechado;<\/li>\n<li>Reginaldo Vieira de Abreu (coronel do Ex\u00e9rcito) \u2013 15 anos e seis meses de pris\u00e3o em regime fechado;<\/li>\n<li>Marcelo Ara\u00fajo Bormevet (policial federal) \u2013 14 anos e seis meses de pris\u00e3o em regime fechado;<\/li>\n<li>Giancarlo Gomes Rodrigues (subtenente do Ex\u00e9rcito) \u2013 14 anos de pris\u00e3o em regime fechado;<\/li>\n<li>Ailton Gon\u00e7alves Moraes Barros (major da reserva do Ex\u00e9rcito) \u2013 13 anos de pris\u00e3o em regime fechado;<\/li>\n<li>Guilherme Marques de Almeida (tenente-coronel do Ex\u00e9rcito) \u2013 13 anos e seis meses de pris\u00e3o em regime fechado;<\/li>\n<li>Carlos Cesar Moretzsohn Rocha (presidente do Instituto Voto Legal) \u2013 7 anos e seis meses em regime semiaberto.<\/li>\n<\/ul>\n<p>Os r\u00e9us foram condenados pelos crimes de pelos crimes de organiza\u00e7\u00e3o criminosa armada, tentativa de aboli\u00e7\u00e3o violenta do Estado Democr\u00e1tico de Direito, golpe de Estado, dano qualificado pela viol\u00eancia e grave amea\u00e7a e deteriora\u00e7\u00e3o de patrim\u00f4nio tombado.<\/p>\n<p>Carlos Carlos Cesar Moretzsohn foi o \u00fanico condenado somente por dois crimes: organiza\u00e7\u00e3o criminosa armada e tentativa de aboli\u00e7\u00e3o violenta do Estado Democr\u00e1tico de Direito<\/p>\n<p>Os acusados n\u00e3o ser\u00e3o presos automaticamente porque as defesas podem recorrer da condena\u00e7\u00e3o.<\/p>\n<h3>Indeniza\u00e7\u00e3o<\/h3>\n<p>Em fun\u00e7\u00e3o da condena\u00e7\u00e3o, os apenados tamb\u00e9m dever\u00e3o pagar R$ 30 milh\u00f5es de forma solid\u00e1ria pelos preju\u00edzos causados pela depreda\u00e7\u00e3o dos pr\u00e9dios p\u00fablicos durante os atos golpistas de 8 de janeiro. O valor ser\u00e1 dividido com os demais condenados pela trama golpista. Al\u00e9m disso, eles ficam ineleg\u00edveis pelo prazo de oito anos ap\u00f3s o cumprimento da pena.<\/p>\n<p>Os militares dever\u00e3o ser julgados pelo Superior Tribunal Militar (STM) em uma a\u00e7\u00e3o para perda do oficialato.<\/p>\n<h3>Outros n\u00facleos<\/h3>\n<p>At\u00e9 o momento, o STF j\u00e1 condenou 15 r\u00e9us pela trama golpista. Al\u00e9m dos sete condenados do n\u00facleo de desinforma\u00e7\u00e3o, a Corte j\u00e1 apenou mais oito acusados, que pertencem ao N\u00facleo 1, liderado pelo ex-presidente Jair Bolsonaro.<\/p>\n<p>O julgamento do n\u00facleo 3 est\u00e1 marcado para 11 de novembro. O grupo 2 ser\u00e1 julgado a partir de 9 de dezembro.<\/p>\n<p>O n\u00facleo 5 \u00e9 formado pelo empres\u00e1rio Paulo Figueiredo, neto do ex-presidente da ditadura Jo\u00e3o Figueiredo. Ele mora dos Estados Unidos e n\u00e3o apresentou defesa no processo. Ainda n\u00e3o h\u00e1 previs\u00e3o para o julgamento.<\/p>\n<p>O post STF publica decis\u00e3o que condenou Bolsonaro a 27 anos e 3 meses por tentativa de golpe apareceu primeiro em Opera Mundi.<\/p>\n<!-- Begin Yuzo --><div class='yuzo_related_post style-1'  data-version='5.12.89'><!-- without result --><div class='yuzo_clearfixed yuzo__title yuzo__title'><h3>Related Post<\/h3><\/div>\n\t\t\t\t\t\t  <div class=\"relatedthumb \" style=\"width:125px;float:left;overflow:hidden;\">  \n\t\t\t\t\t\t\t  \n\t\t\t\t\t\t\t  <a  href=\"https:\/\/redept.com.br\/blogosfera\/acordo-mercosul-ue-entra-em-vigor-com-tarifa-zero-para-5-mil-produtos\/\"  >\n\t\t\t\t\t\t\t\t\t  <div class=\"yuzo-img-wrap \" style=\"width: 125px;height:90px;\">\n\t\t\t\t\t\t\t\t\t\t\n\t\t\t\t\t\t\t\t\t\t<div class=\"yuzo-img\" style=\"background:url('https:\/\/redept.com.br\/blogosfera\/wp-content\/uploads\/2026\/04\/shutterstock_dM2ICXq-150x150.jpg') 50% 50% no-repeat;width: 125px;height:90px;margin-bottom: 5px;background-size: cover; \"><\/div>\n\t\t\t\t\t\t\t\t\t  <\/div>\n\t\t\t\t\t\t\t\t\t  \n\t\t\t\t\t\t\t\t   <span class=\"yuzo__text--title\" style=\"font-size:13px;\">Acordo Mercosul-UE entra em vigor com tarifa zero ...<\/span>\n\t\t\t\t\t\t\t  \n\t\t\t\t\t\t\t  \n\t\t\t\t\t\t\t  <\/a>\n\n\t\t\t\t\t\t  <\/div>\n\t\t\t\t\t\t  <div class=\"relatedthumb \" style=\"width:125px;float:left;overflow:hidden;\">  \n\t\t\t\t\t\t\t  \n\t\t\t\t\t\t\t  <a  href=\"https:\/\/redept.com.br\/blogosfera\/trump-afirma-que-estaria-ok-em-autorizar-ataques-no-mexico\/\"  >\n\t\t\t\t\t\t\t\t\t  <div class=\"yuzo-img-wrap \" style=\"width: 125px;height:90px;\">\n\t\t\t\t\t\t\t\t\t\t\n\t\t\t\t\t\t\t\t\t\t<div class=\"yuzo-img\" style=\"background:url('https:\/\/redept.com.br\/blogosfera\/wp-content\/uploads\/2025\/11\/df542bd2-d5dd-464e-b0e1-bf521df994f2-150x150.jpeg') 50% 50% no-repeat;width: 125px;height:90px;margin-bottom: 5px;background-size: cover; \"><\/div>\n\t\t\t\t\t\t\t\t\t  <\/div>\n\t\t\t\t\t\t\t\t\t  \n\t\t\t\t\t\t\t\t   <span class=\"yuzo__text--title\" style=\"font-size:13px;\">Trump afirma que estaria \u201cOK\u201d em autorizar ataques...<\/span>\n\t\t\t\t\t\t\t  \n\t\t\t\t\t\t\t  \n\t\t\t\t\t\t\t  <\/a>\n\n\t\t\t\t\t\t  <\/div>\n\t\t\t\t\t\t  <div class=\"relatedthumb \" style=\"width:125px;float:left;overflow:hidden;\">  \n\t\t\t\t\t\t\t  \n\t\t\t\t\t\t\t  <a  href=\"https:\/\/redept.com.br\/blogosfera\/liberdade-de-manipulacao-lider-do-pcdob-critica-meta-por-encerrar-checagem-de-fatos\/\"  >\n\t\t\t\t\t\t\t\t\t  <div class=\"yuzo-img-wrap \" style=\"width: 125px;height:90px;\">\n\t\t\t\t\t\t\t\t\t\t\n\t\t\t\t\t\t\t\t\t\t<div class=\"yuzo-img\" style=\"background:url('https:\/\/redept.com.br\/blogosfera\/wp-content\/uploads\/2025\/01\/marciojerry_Mario-Agra_Camara-dos-Deputados-150x150.jpg') 50% 50% no-repeat;width: 125px;height:90px;margin-bottom: 5px;background-size: cover; \"><\/div>\n\t\t\t\t\t\t\t\t\t  <\/div>\n\t\t\t\t\t\t\t\t\t  \n\t\t\t\t\t\t\t\t   <span class=\"yuzo__text--title\" style=\"font-size:13px;\">\u201cLiberdade de manipula\u00e7\u00e3o\u201d: l\u00edder do PCdoB critica...<\/span>\n\t\t\t\t\t\t\t  \n\t\t\t\t\t\t\t  \n\t\t\t\t\t\t\t  <\/a>\n\n\t\t\t\t\t\t  <\/div>\n\t\t\t\t\t\t  <div class=\"relatedthumb \" style=\"width:125px;float:left;overflow:hidden;\">  \n\t\t\t\t\t\t\t  \n\t\t\t\t\t\t\t  <a  href=\"https:\/\/redept.com.br\/blogosfera\/fazenda-com-escravidao-e-assassinatos-pode-ter-despejo-de-sem-terra-no-para\/\"  >\n\t\t\t\t\t\t\t\t\t  <div class=\"yuzo-img-wrap \" style=\"width: 125px;height:90px;\">\n\t\t\t\t\t\t\t\t\t\t\n\t\t\t\t\t\t\t\t\t\t<div class=\"yuzo-img\" style=\"background:url('https:\/\/redept.com.br\/blogosfera\/wp-content\/uploads\/2025\/06\/velorio-sem-terra-mutamba-1024x576-150x150.jpeg') 50% 50% no-repeat;width: 125px;height:90px;margin-bottom: 5px;background-size: cover; \"><\/div>\n\t\t\t\t\t\t\t\t\t  <\/div>\n\t\t\t\t\t\t\t\t\t  \n\t\t\t\t\t\t\t\t   <span class=\"yuzo__text--title\" style=\"font-size:13px;\">Fazenda com escravid\u00e3o e assassinatos pode ter des...<\/span>\n\t\t\t\t\t\t\t  \n\t\t\t\t\t\t\t  \n\t\t\t\t\t\t\t  <\/a>\n\n\t\t\t\t\t\t  <\/div>\n<\/div> <script>\n\t\t\t\t\t\t  jQuery(document).ready(function( $ ){\n\t\t\t\t\t\t\t\/\/jQuery('.yuzo_related_post').equalizer({ overflow : 'relatedthumb' });\n\t\t\t\t\t\t\tjQuery('.yuzo_related_post .yuzo_wraps').equalizer({ columns : '> div' });\n\t\t\t\t\t\t   })\n\t\t\t\t\t\t  <\/script> <!-- End Yuzo :) -->","protected":false},"excerpt":{"rendered":"<p>O Supremo Tribunal Federal (STF) publicou nesta quarta-feira (22\/10) o ac\u00f3rd\u00e3o \u2013 decis\u00e3o colegiada \u2013 que condenou o ex-presidente Jair Bolsonaro a 27 anos e tr\u00eas meses de pris\u00e3o por crimes contra a democracia, entre outros. Com a divulga\u00e7\u00e3o da decis\u00e3o por escrito come\u00e7a a contagem regressiva para as defesas. Pelas regras, no dia seguinte [\u2026]<\/p>\n<p>O post <a href=\"https:\/\/operamundi.uol.com.br\/politica-e-economia\/stf-publica-decisao-que-condenou-bolsonaro-e-defesa-pode-recorrer-a-ultimos-recursos\/\">STF publica decis\u00e3o que condenou Bolsonaro a 27 anos e 3 meses por tentativa de golpe<\/a> apareceu primeiro em <a href=\"https:\/\/operamundi.uol.com.br\/\">Opera Mundi<\/a>.<\/p>\n","protected":false},"author":2,"featured_media":59918,"comment_status":"closed","ping_status":"closed","sticky":false,"template":"","format":"standard","meta":{"fifu_image_url":"","fifu_image_alt":"","footnotes":""},"categories":[1390,26368,1797,24450,5518,260],"tags":[],"class_list":["post-59917","post","type-post","status-publish","format-standard","has-post-thumbnail","hentry","category-bolsonaro","category-condenados","category-golpe","category-nucleo","category-politica-e-economia","category-stf"],"_links":{"self":[{"href":"https:\/\/redept.com.br\/blogosfera\/wp-json\/wp\/v2\/posts\/59917","targetHints":{"allow":["GET"]}}],"collection":[{"href":"https:\/\/redept.com.br\/blogosfera\/wp-json\/wp\/v2\/posts"}],"about":[{"href":"https:\/\/redept.com.br\/blogosfera\/wp-json\/wp\/v2\/types\/post"}],"author":[{"embeddable":true,"href":"https:\/\/redept.com.br\/blogosfera\/wp-json\/wp\/v2\/users\/2"}],"replies":[{"embeddable":true,"href":"https:\/\/redept.com.br\/blogosfera\/wp-json\/wp\/v2\/comments?post=59917"}],"version-history":[{"count":0,"href":"https:\/\/redept.com.br\/blogosfera\/wp-json\/wp\/v2\/posts\/59917\/revisions"}],"wp:featuredmedia":[{"embeddable":true,"href":"https:\/\/redept.com.br\/blogosfera\/wp-json\/wp\/v2\/media\/59918"}],"wp:attachment":[{"href":"https:\/\/redept.com.br\/blogosfera\/wp-json\/wp\/v2\/media?parent=59917"}],"wp:term":[{"taxonomy":"category","embeddable":true,"href":"https:\/\/redept.com.br\/blogosfera\/wp-json\/wp\/v2\/categories?post=59917"},{"taxonomy":"post_tag","embeddable":true,"href":"https:\/\/redept.com.br\/blogosfera\/wp-json\/wp\/v2\/tags?post=59917"}],"curies":[{"name":"wp","href":"https:\/\/api.w.org\/{rel}","templated":true}]}}