{"id":59922,"date":"2025-10-22T14:39:54","date_gmt":"2025-10-22T17:39:54","guid":{"rendered":"https:\/\/redept.com.br\/blogosfera\/fux-quer-mudar-a-coloracao-partidaria-na-segunda-turma\/"},"modified":"2025-10-22T14:39:54","modified_gmt":"2025-10-22T17:39:54","slug":"fux-quer-mudar-a-coloracao-partidaria-na-segunda-turma","status":"publish","type":"post","link":"https:\/\/redept.com.br\/blogosfera\/fux-quer-mudar-a-coloracao-partidaria-na-segunda-turma\/","title":{"rendered":"Fux quer mudar a colora\u00e7\u00e3o partid\u00e1ria na Segunda Turma"},"content":{"rendered":"<p>\u00c9 tanta coisa que ando lendo sobre essa rabiada do grandiloquente Fux, que me causa engulhos.<\/p>\n<p>A come\u00e7ar por Sergio Moro: \u201cO Ministro Fux honrou a toga e o Direito por onde passou. Continuar\u00e1 fazendo o mesmo na Segunda Turma do STF.\u201d<\/p>\n<p>Da declara\u00e7\u00e3o de quem \u00e9, esse elogio acaba virando uma casca de banana para o cabeleira.<\/p>\n<p>Moro \u00e9 um queima filme inato.<\/p>\n<p>Tem gente que diz que Fux quer repetir o caminho de Moro, do judici\u00e1rio pra pol\u00edtica e far\u00e1 uma harmoniza\u00e7\u00e3o capilar mais acesa, diria luminosa ao estilo arvore de natal.<\/p>\n<p>Pol\u00edtica \u00e9 isso, segundo o guru de Trump Steve Bannon: quem quer rir tem que fazer rir.<\/p>\n<p>O conjo da conja t\u00e1 empolgado com a ida de Fux pra 2\u00aa turma, mas est\u00e1 se esquecendo que Gilmar Mendes faz parte dela.<\/p>\n<p>O Bator\u00e9 de tamanco adicionou sobrecasaca um amarelo patriota no coco oco, pra mudar de estilo e l\u00edngua jur\u00eddica.<\/p>\n<p>Essa \u00e9 a grande esperan\u00e7a da terra plana para de alguma forma tornar o ignominioso eleg\u00edvel e impune.<\/p>\n<p>A ver.<\/p>\n<hr>\n<p><strong>Queridos leitores,<\/strong><br \/>\n<strong>Nosso blog \u00e9 um espa\u00e7o dedicado a compartilhar conhecimento, ideias e hist\u00f3rias que inspiram. Para continuarmos criando conte\u00fado de qualidade e mantendo este projeto vivo, contamos com o seu apoio! Se voc\u00ea gosta do que fazemos, considere contribuir com uma pequena doa\u00e7\u00e3o. Cada gesto faz a diferen\u00e7a e nos ajuda a crescer. Pix: 45013993768. Agradecemos de cora\u00e7\u00e3o o seu apoio.<\/strong><\/p>\n<hr>\n<p><strong>Siga-nos no Facebook:<\/strong> https:\/\/www.facebook.com\/profile.php?id=100070790366110<\/p>\n<p><strong>Siga-nos no X:<\/strong> https:\/\/x.com\/Antropofagista1<\/p>\n<p><strong>Siga-nos no Instagram<\/strong> https:\/\/www.instagram.com\/blogantropofagista?igsh=YzljYTk1ODg3Z<\/p>\n<p>The post Fux quer mudar a colora\u00e7\u00e3o partid\u00e1ria na Segunda Turma first appeared on Antropofagista.<\/p>\n<!-- Begin Yuzo --><div class='yuzo_related_post style-1'  data-version='5.12.89'><!-- without result --><div class='yuzo_clearfixed yuzo__title yuzo__title'><h3>Related Post<\/h3><\/div>\n\t\t\t\t\t\t  <div class=\"relatedthumb \" style=\"width:125px;float:left;overflow:hidden;\">  \n\t\t\t\t\t\t\t  \n\t\t\t\t\t\t\t  <a  href=\"https:\/\/redept.com.br\/blogosfera\/crescente-vermelho-envia-suprimentos-para-aliviar-desabastecimento-em-gaza\/\"  >\n\t\t\t\t\t\t\t\t\t  <div class=\"yuzo-img-wrap \" style=\"width: 125px;height:90px;\">\n\t\t\t\t\t\t\t\t\t\t\n\t\t\t\t\t\t\t\t\t\t<div class=\"yuzo-img\" style=\"background:url('https:\/\/redept.com.br\/blogosfera\/wp-content\/uploads\/2025\/09\/whatsapp-image-2025-09-29-at-173755-150x150.jpeg') 50% 50% no-repeat;width: 125px;height:90px;margin-bottom: 5px;background-size: cover; \"><\/div>\n\t\t\t\t\t\t\t\t\t  <\/div>\n\t\t\t\t\t\t\t\t\t  \n\t\t\t\t\t\t\t\t   <span class=\"yuzo__text--title\" style=\"font-size:13px;\">Crescente Vermelho envia suprimentos para aliviar ...<\/span>\n\t\t\t\t\t\t\t  \n\t\t\t\t\t\t\t  \n\t\t\t\t\t\t\t  <\/a>\n\n\t\t\t\t\t\t  <\/div>\n\t\t\t\t\t\t  <div class=\"relatedthumb \" style=\"width:125px;float:left;overflow:hidden;\">  \n\t\t\t\t\t\t\t  \n\t\t\t\t\t\t\t  <a  href=\"https:\/\/redept.com.br\/blogosfera\/em-razao-do-julgamento-de-bolsonaro-motta-convoca-sessoes-remotas-na-camara\/\"  >\n\t\t\t\t\t\t\t\t\t  <div class=\"yuzo-img-wrap \" style=\"width: 125px;height:90px;\">\n\t\t\t\t\t\t\t\t\t\t\n\t\t\t\t\t\t\t\t\t\t<div class=\"yuzo-img\" style=\"background:url('https:\/\/redept.com.br\/blogosfera\/wp-content\/uploads\/2025\/09\/Najara-AraujoCamara-dos-Deputados-150x150.jpg') 50% 50% no-repeat;width: 125px;height:90px;margin-bottom: 5px;background-size: cover; \"><\/div>\n\t\t\t\t\t\t\t\t\t  <\/div>\n\t\t\t\t\t\t\t\t\t  \n\t\t\t\t\t\t\t\t   <span class=\"yuzo__text--title\" style=\"font-size:13px;\">Em raz\u00e3o do julgamento de Bolsonaro, Motta convoca...<\/span>\n\t\t\t\t\t\t\t  \n\t\t\t\t\t\t\t  \n\t\t\t\t\t\t\t  <\/a>\n\n\t\t\t\t\t\t  <\/div>\n\t\t\t\t\t\t  <div class=\"relatedthumb \" style=\"width:125px;float:left;overflow:hidden;\">  \n\t\t\t\t\t\t\t  \n\t\t\t\t\t\t\t  <a  href=\"https:\/\/redept.com.br\/blogosfera\/trump-e-musk-fecham-usaid-e-geram-crise-institucional-nos-eua\/\"  >\n\t\t\t\t\t\t\t\t\t  <div class=\"yuzo-img-wrap \" style=\"width: 125px;height:90px;\">\n\t\t\t\t\t\t\t\t\t\t\n\t\t\t\t\t\t\t\t\t\t<div class=\"yuzo-img\" style=\"background:url('https:\/\/redept.com.br\/blogosfera\/wp-content\/uploads\/2025\/02\/AA1ymu5Z-150x150.jpg') 50% 50% no-repeat;width: 125px;height:90px;margin-bottom: 5px;background-size: cover; \"><\/div>\n\t\t\t\t\t\t\t\t\t  <\/div>\n\t\t\t\t\t\t\t\t\t  \n\t\t\t\t\t\t\t\t   <span class=\"yuzo__text--title\" style=\"font-size:13px;\">Trump e Musk fecham USAID e geram crise institucio...<\/span>\n\t\t\t\t\t\t\t  \n\t\t\t\t\t\t\t  \n\t\t\t\t\t\t\t  <\/a>\n\n\t\t\t\t\t\t  <\/div>\n\t\t\t\t\t\t  <div class=\"relatedthumb \" style=\"width:125px;float:left;overflow:hidden;\">  \n\t\t\t\t\t\t\t  \n\t\t\t\t\t\t\t  <a  href=\"https:\/\/redept.com.br\/blogosfera\/porto-alegre-27a-parada-livre-reuniu-milhares-de-pessoas-em-dia-de-celebracao-e-luta\/\"  >\n\t\t\t\t\t\t\t\t\t  <div class=\"yuzo-img-wrap \" style=\"width: 125px;height:90px;\">\n\t\t\t\t\t\t\t\t\t\t\n\t\t\t\t\t\t\t\t\t\t<div class=\"yuzo-img\" style=\"background:url('https:\/\/redept.org\/blogosfera\/wp-content\/plugins\/yuzo-related-post\/assets\/images\/default.png') 50% 50% no-repeat;width: 125px;height:90px;margin-bottom: 5px;background-size: cover; \"><\/div>\n\t\t\t\t\t\t\t\t\t  <\/div>\n\t\t\t\t\t\t\t\t\t  \n\t\t\t\t\t\t\t\t   <span class=\"yuzo__text--title\" style=\"font-size:13px;\">Porto Alegre: 27\u00aa Parada Livre reuniu milhares de ...<\/span>\n\t\t\t\t\t\t\t  \n\t\t\t\t\t\t\t  \n\t\t\t\t\t\t\t  <\/a>\n\n\t\t\t\t\t\t  <\/div>\n<\/div> <script>\n\t\t\t\t\t\t  jQuery(document).ready(function( $ ){\n\t\t\t\t\t\t\t\/\/jQuery('.yuzo_related_post').equalizer({ overflow : 'relatedthumb' });\n\t\t\t\t\t\t\tjQuery('.yuzo_related_post .yuzo_wraps').equalizer({ columns : '> div' });\n\t\t\t\t\t\t   })\n\t\t\t\t\t\t  <\/script> <!-- End Yuzo :) -->","protected":false},"excerpt":{"rendered":"<p>\u00c9 tanta coisa que ando lendo sobre essa rabiada do grandiloquente Fux, que me causa engulhos. A come\u00e7ar por Sergio Moro: \u201cO Ministro Fux honrou a toga e o Direito por onde passou. Continuar\u00e1 fazendo o mesmo na Segunda Turma do STF.\u201d Da declara\u00e7\u00e3o de quem \u00e9, esse elogio acaba virando uma casca de banana [\u2026]<\/p>\n<p>The post <a href=\"https:\/\/antropofagista.com.br\/2025\/10\/22\/fux-quer-mudar-a-coloracao-partidaria-na-segunda-turma\/\">Fux quer mudar a colora\u00e7\u00e3o partid\u00e1ria na Segunda Turma<\/a> first appeared on <a href=\"https:\/\/antropofagista.com.br\/\">Antropofagista<\/a>.<\/p>\n","protected":false},"author":2,"featured_media":0,"comment_status":"open","ping_status":"closed","sticky":false,"template":"","format":"standard","meta":{"fifu_image_url":"","fifu_image_alt":"","footnotes":""},"categories":[26372,18877,132,26373],"tags":[],"class_list":["post-59922","post","type-post","status-publish","format-standard","hentry","category-coloracao-partidaria","category-fux","category-politica","category-sefunda-turma"],"_links":{"self":[{"href":"https:\/\/redept.com.br\/blogosfera\/wp-json\/wp\/v2\/posts\/59922","targetHints":{"allow":["GET"]}}],"collection":[{"href":"https:\/\/redept.com.br\/blogosfera\/wp-json\/wp\/v2\/posts"}],"about":[{"href":"https:\/\/redept.com.br\/blogosfera\/wp-json\/wp\/v2\/types\/post"}],"author":[{"embeddable":true,"href":"https:\/\/redept.com.br\/blogosfera\/wp-json\/wp\/v2\/users\/2"}],"replies":[{"embeddable":true,"href":"https:\/\/redept.com.br\/blogosfera\/wp-json\/wp\/v2\/comments?post=59922"}],"version-history":[{"count":0,"href":"https:\/\/redept.com.br\/blogosfera\/wp-json\/wp\/v2\/posts\/59922\/revisions"}],"wp:attachment":[{"href":"https:\/\/redept.com.br\/blogosfera\/wp-json\/wp\/v2\/media?parent=59922"}],"wp:term":[{"taxonomy":"category","embeddable":true,"href":"https:\/\/redept.com.br\/blogosfera\/wp-json\/wp\/v2\/categories?post=59922"},{"taxonomy":"post_tag","embeddable":true,"href":"https:\/\/redept.com.br\/blogosfera\/wp-json\/wp\/v2\/tags?post=59922"}],"curies":[{"name":"wp","href":"https:\/\/api.w.org\/{rel}","templated":true}]}}