{"id":59989,"date":"2025-10-23T12:35:06","date_gmt":"2025-10-23T15:35:06","guid":{"rendered":"https:\/\/redept.com.br\/blogosfera\/fliv-tera-mesa-com-frei-betto-sobre-fe-e-politica-um-debate-necessario\/"},"modified":"2025-10-23T12:35:06","modified_gmt":"2025-10-23T15:35:06","slug":"fliv-tera-mesa-com-frei-betto-sobre-fe-e-politica-um-debate-necessario","status":"publish","type":"post","link":"https:\/\/redept.com.br\/blogosfera\/fliv-tera-mesa-com-frei-betto-sobre-fe-e-politica-um-debate-necessario\/","title":{"rendered":"Fliv ter\u00e1 mesa com Frei Betto sobre \u201cF\u00e9 e Pol\u00edtica \u2013 Um debate necess\u00e1rio\u201d"},"content":{"rendered":"<p><img fetchpriority=\"high\" width=\"1024\" height=\"492\"src=\"https:\/\/redept.com.br\/blogosfera\/wp-content\/uploads\/2025\/10\/CINE-DEBATE-FLIV-CAPA.jpeg\" alt=\"\" decoding=\"async\" srcset=\"https:\/\/vermelho.org.br\/wp-content\/uploads\/2025\/10\/CINE-DEBATE-FLIV-CAPA-1024x492.jpeg 1024w, https:\/\/vermelho.org.br\/wp-content\/uploads\/2025\/10\/CINE-DEBATE-FLIV-CAPA-300x144.jpeg 300w, https:\/\/vermelho.org.br\/wp-content\/uploads\/2025\/10\/CINE-DEBATE-FLIV-CAPA-768x369.jpeg 768w, https:\/\/redept.com.br\/blogosfera\/wp-content\/uploads\/2025\/10\/CINE-DEBATE-FLIV-CAPA.jpeg 1250w\" sizes=\"(max-width: 1024px) 100vw, 1024px\"><\/p>\n<p>Mesmo para os militantes de esquerda que eventualmente sejam agn\u00f3sticos ou ateus, \u00e9 inescap\u00e1vel o tema da religi\u00e3o, ainda mais que a ascens\u00e3o de uma extrema-direita de massas no Brasil teve como um dos pilares (e n\u00e3o s\u00f3 aqui) o crescimento vertiginoso de determinadas correntes crist\u00e3s ultraconservadoras que contrastam fortemente com outra vertente de atua\u00e7\u00e3o religiosa muito forte dos anos 1970 e 1980, ligada \u00e0 Igreja Cat\u00f3lica, as Comunidades Eclesiais de Base (CEBs), que, ao contr\u00e1rio, eram guiadas por vis\u00f5es avan\u00e7adas em termos de justi\u00e7a social e democracia.<\/p>\n<p>Um exame das experi\u00eancias ativas do setor progressista no campo da religi\u00e3o \u2013 e as CEBs, em nosso pa\u00eds, foram uma das maiores \u2013 pode apontar rumos mais precisos diante dos atuais desafios, pois embora a instrumentaliza\u00e7\u00e3o da f\u00e9 visando perpetuar a explora\u00e7\u00e3o tenha uma longa hist\u00f3ria, o atual fen\u00f4meno das igrejas evang\u00e9licas ligadas ao neofascismo comporta in\u00fameros aspectos novos, que \u00e9 preciso levar em conta para intervir com efic\u00e1cia.<\/p>\n<p>A 4\u00aa Edi\u00e7\u00e3o do Festival do Livro, no Rio de Janeiro, que come\u00e7a nesta quinta-feira (23), traz justamente, em sua programa\u00e7\u00e3o de abertura, a exibi\u00e7\u00e3o do document\u00e1rio \u201cF\u00e9 e Pol\u00edtica\u201d, obra que resgata a hist\u00f3ria das CEBs, seguida de um debate com o jornalista e escritor Frei Betto e a escritora Bel Correa, uma das organizadoras do livro hom\u00f4nimo que inspirou o document\u00e1rio. Isabelle Gomes, diretora do filme, far\u00e1 parte da mesa como mediadora.<\/p>\n<p>A Fliv ser\u00e1 realizada no Sinttel-Rio \u2013 Rua Morais e Silva, 94 \u2013 Maracan\u00e3, a entrada \u00e9 gratuita e a atividade ser\u00e1 iniciada \u00e0s 18h. Eu vou estar por l\u00e1. Quem puder, apare\u00e7a.<\/p>\n<p>__<\/p>\n<p>(BL)<\/p>\n<p>O post <a href=\"https:\/\/vermelho.org.br\/2025\/10\/23\/fliv-tera-mesa-com-frei-betto-sobre-fe-e-politica-um-debate-necessario\/\">Fliv ter\u00e1 mesa com Frei Betto sobre \u201cF\u00e9 e Pol\u00edtica \u2013 Um debate necess\u00e1rio\u201d<\/a> apareceu primeiro em <a href=\"https:\/\/vermelho.org.br\/\">Vermelho<\/a>.<\/p>\n<!-- Begin Yuzo --><div class='yuzo_related_post style-1'  data-version='5.12.89'><!-- without result --><div class='yuzo_clearfixed yuzo__title yuzo__title'><h3>Related Post<\/h3><\/div>\n\t\t\t\t\t\t  <div class=\"relatedthumb \" style=\"width:125px;float:left;overflow:hidden;\">  \n\t\t\t\t\t\t\t  \n\t\t\t\t\t\t\t  <a  href=\"https:\/\/redept.com.br\/blogosfera\/governo-anuncia-na-marcha-dos-prefeitos-construcao-de-130-mil-moradias\/\"  >\n\t\t\t\t\t\t\t\t\t  <div class=\"yuzo-img-wrap \" style=\"width: 125px;height:90px;\">\n\t\t\t\t\t\t\t\t\t\t\n\t\t\t\t\t\t\t\t\t\t<div class=\"yuzo-img\" style=\"background:url('https:\/\/redept.com.br\/blogosfera\/wp-content\/uploads\/2025\/05\/minha_casa_minha_vida124141-150x150.jpg') 50% 50% no-repeat;width: 125px;height:90px;margin-bottom: 5px;background-size: cover; \"><\/div>\n\t\t\t\t\t\t\t\t\t  <\/div>\n\t\t\t\t\t\t\t\t\t  \n\t\t\t\t\t\t\t\t   <span class=\"yuzo__text--title\" style=\"font-size:13px;\">Governo anuncia na Marcha dos Prefeitos constru\u00e7\u00e3o...<\/span>\n\t\t\t\t\t\t\t  \n\t\t\t\t\t\t\t  \n\t\t\t\t\t\t\t  <\/a>\n\n\t\t\t\t\t\t  <\/div>\n\t\t\t\t\t\t  <div class=\"relatedthumb \" style=\"width:125px;float:left;overflow:hidden;\">  \n\t\t\t\t\t\t\t  \n\t\t\t\t\t\t\t  <a  href=\"https:\/\/redept.com.br\/blogosfera\/acuado-por-desgaste-trump-tenta-reverter-crise-de-popularidade-em-discurso\/\"  >\n\t\t\t\t\t\t\t\t\t  <div class=\"yuzo-img-wrap \" style=\"width: 125px;height:90px;\">\n\t\t\t\t\t\t\t\t\t\t\n\t\t\t\t\t\t\t\t\t\t<div class=\"yuzo-img\" style=\"background:url('https:\/\/redept.com.br\/blogosfera\/wp-content\/uploads\/2026\/02\/0c0d95e5-c905-4ab2-b854-d7ff7486af70-150x150.jpeg') 50% 50% no-repeat;width: 125px;height:90px;margin-bottom: 5px;background-size: cover; \"><\/div>\n\t\t\t\t\t\t\t\t\t  <\/div>\n\t\t\t\t\t\t\t\t\t  \n\t\t\t\t\t\t\t\t   <span class=\"yuzo__text--title\" style=\"font-size:13px;\">Acuado por desgaste, Trump tenta reverter crise de...<\/span>\n\t\t\t\t\t\t\t  \n\t\t\t\t\t\t\t  \n\t\t\t\t\t\t\t  <\/a>\n\n\t\t\t\t\t\t  <\/div>\n\t\t\t\t\t\t  <div class=\"relatedthumb \" style=\"width:125px;float:left;overflow:hidden;\">  \n\t\t\t\t\t\t\t  \n\t\t\t\t\t\t\t  <a  href=\"https:\/\/redept.com.br\/blogosfera\/mobilizacao-social-e-seguranca-publica-como-a-esquerda-venceu-as-eleicoes-no-uruguai\/\"  >\n\t\t\t\t\t\t\t\t\t  <div class=\"yuzo-img-wrap \" style=\"width: 125px;height:90px;\">\n\t\t\t\t\t\t\t\t\t\t\n\t\t\t\t\t\t\t\t\t\t<div class=\"yuzo-img\" style=\"background:url('https:\/\/redept.org\/blogosfera\/wp-content\/plugins\/yuzo-related-post\/assets\/images\/default.png') 50% 50% no-repeat;width: 125px;height:90px;margin-bottom: 5px;background-size: cover; \"><\/div>\n\t\t\t\t\t\t\t\t\t  <\/div>\n\t\t\t\t\t\t\t\t\t  \n\t\t\t\t\t\t\t\t   <span class=\"yuzo__text--title\" style=\"font-size:13px;\">Mobiliza\u00e7\u00e3o social e seguran\u00e7a p\u00fablica: como a esq...<\/span>\n\t\t\t\t\t\t\t  \n\t\t\t\t\t\t\t  \n\t\t\t\t\t\t\t  <\/a>\n\n\t\t\t\t\t\t  <\/div>\n\t\t\t\t\t\t  <div class=\"relatedthumb \" style=\"width:125px;float:left;overflow:hidden;\">  \n\t\t\t\t\t\t\t  \n\t\t\t\t\t\t\t  <a  href=\"https:\/\/redept.com.br\/blogosfera\/saida-para-crise-climatica-deve-ser-coletiva-e-com-os-povos-do-campo-como-precursores-das-mudancas\/\"  >\n\t\t\t\t\t\t\t\t\t  <div class=\"yuzo-img-wrap \" style=\"width: 125px;height:90px;\">\n\t\t\t\t\t\t\t\t\t\t\n\t\t\t\t\t\t\t\t\t\t<div class=\"yuzo-img\" style=\"background:url('https:\/\/redept.com.br\/blogosfera\/wp-content\/uploads\/2024\/12\/WhatsApp-Image-2024-12-16-at-16.54.19-1-1024x682-1-150x150.jpeg') 50% 50% no-repeat;width: 125px;height:90px;margin-bottom: 5px;background-size: cover; \"><\/div>\n\t\t\t\t\t\t\t\t\t  <\/div>\n\t\t\t\t\t\t\t\t\t  \n\t\t\t\t\t\t\t\t   <span class=\"yuzo__text--title\" style=\"font-size:13px;\">Sa\u00edda para crise clim\u00e1tica deve ser coletiva e com...<\/span>\n\t\t\t\t\t\t\t  \n\t\t\t\t\t\t\t  \n\t\t\t\t\t\t\t  <\/a>\n\n\t\t\t\t\t\t  <\/div>\n<\/div> <script>\n\t\t\t\t\t\t  jQuery(document).ready(function( $ ){\n\t\t\t\t\t\t\t\/\/jQuery('.yuzo_related_post').equalizer({ overflow : 'relatedthumb' });\n\t\t\t\t\t\t\tjQuery('.yuzo_related_post .yuzo_wraps').equalizer({ columns : '> div' });\n\t\t\t\t\t\t   })\n\t\t\t\t\t\t  <\/script> <!-- End Yuzo :) -->","protected":false},"excerpt":{"rendered":"<p>Mesmo para os militantes de esquerda que eventualmente sejam agn\u00f3sticos ou ateus, \u00e9 inescap\u00e1vel o tema da religi\u00e3o, ainda mais que a ascens\u00e3o de uma extrema-direita de massas no Brasil teve como um dos pilares (e n\u00e3o s\u00f3 aqui) o crescimento vertiginoso de determinadas correntes crist\u00e3s ultraconservadoras que contrastam fortemente com outra vertente de atua\u00e7\u00e3o [&hellip;]<\/p>\n","protected":false},"author":2,"featured_media":0,"comment_status":"open","ping_status":"closed","sticky":false,"template":"","format":"standard","meta":{"fifu_image_url":"","fifu_image_alt":"","footnotes":""},"categories":[26434,309,26435,26436,24623,26437,26438],"tags":[],"class_list":["post-59989","post","type-post","status-publish","format-standard","hentry","category-cebs","category-cultura","category-fe-e-politica","category-festival-do-livro-do-rio","category-fliv","category-frei-betto","category-religiao-e-democracia"],"_links":{"self":[{"href":"https:\/\/redept.com.br\/blogosfera\/wp-json\/wp\/v2\/posts\/59989","targetHints":{"allow":["GET"]}}],"collection":[{"href":"https:\/\/redept.com.br\/blogosfera\/wp-json\/wp\/v2\/posts"}],"about":[{"href":"https:\/\/redept.com.br\/blogosfera\/wp-json\/wp\/v2\/types\/post"}],"author":[{"embeddable":true,"href":"https:\/\/redept.com.br\/blogosfera\/wp-json\/wp\/v2\/users\/2"}],"replies":[{"embeddable":true,"href":"https:\/\/redept.com.br\/blogosfera\/wp-json\/wp\/v2\/comments?post=59989"}],"version-history":[{"count":0,"href":"https:\/\/redept.com.br\/blogosfera\/wp-json\/wp\/v2\/posts\/59989\/revisions"}],"wp:attachment":[{"href":"https:\/\/redept.com.br\/blogosfera\/wp-json\/wp\/v2\/media?parent=59989"}],"wp:term":[{"taxonomy":"category","embeddable":true,"href":"https:\/\/redept.com.br\/blogosfera\/wp-json\/wp\/v2\/categories?post=59989"},{"taxonomy":"post_tag","embeddable":true,"href":"https:\/\/redept.com.br\/blogosfera\/wp-json\/wp\/v2\/tags?post=59989"}],"curies":[{"name":"wp","href":"https:\/\/api.w.org\/{rel}","templated":true}]}}