{"id":60210,"date":"2025-10-24T12:21:42","date_gmt":"2025-10-24T15:21:42","guid":{"rendered":"https:\/\/redept.com.br\/blogosfera\/com-alimentos-mais-baratos-previa-da-inflacao-de-outubro-aponta-desaceleracao\/"},"modified":"2025-10-24T12:21:42","modified_gmt":"2025-10-24T15:21:42","slug":"com-alimentos-mais-baratos-previa-da-inflacao-de-outubro-aponta-desaceleracao","status":"publish","type":"post","link":"https:\/\/redept.com.br\/blogosfera\/com-alimentos-mais-baratos-previa-da-inflacao-de-outubro-aponta-desaceleracao\/","title":{"rendered":"Com alimentos mais baratos, pr\u00e9via da infla\u00e7\u00e3o de outubro aponta desacelera\u00e7\u00e3o"},"content":{"rendered":"<p><img fetchpriority=\"high\" width=\"1024\" height=\"652\"src=\"https:\/\/redept.com.br\/blogosfera\/wp-content\/uploads\/2025\/10\/inflacao-alimentos_Rafa-Neddermeyer_Agencia-Brasil.jpg\" alt=\"\" decoding=\"async\" srcset=\"https:\/\/vermelho.org.br\/wp-content\/uploads\/2025\/05\/inflacao-alimentos_Rafa-Neddermeyer_Agencia-Brasil-1024x652.jpg 1024w, https:\/\/vermelho.org.br\/wp-content\/uploads\/2025\/05\/inflacao-alimentos_Rafa-Neddermeyer_Agencia-Brasil-300x191.jpg 300w, https:\/\/vermelho.org.br\/wp-content\/uploads\/2025\/05\/inflacao-alimentos_Rafa-Neddermeyer_Agencia-Brasil-768x489.jpg 768w, https:\/\/redept.com.br\/blogosfera\/wp-content\/uploads\/2025\/10\/inflacao-alimentos_Rafa-Neddermeyer_Agencia-Brasil.jpg 1299w\" sizes=\"(max-width: 1024px) 100vw, 1024px\"><\/p>\n<p>O \u00cdndice Nacional de Pre\u00e7os ao Consumidor Amplo 15 (IPCA-15), que \u00e9 uma pr\u00e9via mensal divulgada pelo IBGE, trouxe uma tr\u00e9gua parcial para os brasileiros em outubro.<\/p>\n<p>A pr\u00e9via da infla\u00e7\u00e3o oficial desacelerou para 0,18%, a menor taxa para o m\u00eas desde 2022. No acumulado de 12 meses, o \u00edndice caiu de 5,32% para 4,94%, sinalizando uma poss\u00edvel aproxima\u00e7\u00e3o do teto da meta inflacion\u00e1ria que \u00e9 de 4,50%, no ano.<\/p>\n<p>A desacelera\u00e7\u00e3o foi puxada por setores essenciais \u2014 como energia el\u00e9trica e alimentos \u2014 que apresentaram queda ou estabilidade nos pre\u00e7os. A energia residencial caiu 1,09%, reflexo da mudan\u00e7a na bandeira tarif\u00e1ria. J\u00e1 o grupo Alimenta\u00e7\u00e3o e Bebidas, o mais sens\u00edvel ao bolso do povo, registrou defla\u00e7\u00e3o pelo quinto m\u00eas consecutivo, com destaque para a cebola (-7,65%), o ovo (-3,01%) e o arroz (-1,37%).<\/p>\n<p>Entretanto, a infla\u00e7\u00e3o persiste nos setores mais vulner\u00e1veis \u00e0 especula\u00e7\u00e3o e \u00e0 sazonalidade. Transportes subiram 0,41%, pressionados pelos combust\u00edveis (gasolina +0,99%, etanol +3,09%) e pelas passagens a\u00e9reas (+4,39%). J\u00e1 as despesas pessoais \u2014 como lazer e turismo \u2014 tamb\u00e9m encareceram, com aumentos em cinema, teatro e pacotes tur\u00edsticos.<\/p>\n<p>A expectativa dos economistas \u00e9 que o IPCA feche o ano em torno de 4,70%, pressionado pela manuten\u00e7\u00e3o da taxa de juros \u2014 Selic \u2014 em 15% ao ano.<\/p>\n<p>O post <a href=\"https:\/\/vermelho.org.br\/2025\/10\/24\/com-alimentos-mais-baratos-previa-da-inflacao-de-outubro-aponta-desaceleracao\/\">Com alimentos mais baratos, pr\u00e9via da infla\u00e7\u00e3o de outubro aponta desacelera\u00e7\u00e3o<\/a> apareceu primeiro em <a href=\"https:\/\/vermelho.org.br\/\">Vermelho<\/a>.<\/p>\n<!-- Begin Yuzo --><div class='yuzo_related_post style-1'  data-version='5.12.89'><!-- without result --><div class='yuzo_clearfixed yuzo__title yuzo__title'><h3>Related Post<\/h3><\/div>\n\t\t\t\t\t\t  <div class=\"relatedthumb \" style=\"width:125px;float:left;overflow:hidden;\">  \n\t\t\t\t\t\t\t  \n\t\t\t\t\t\t\t  <a  href=\"https:\/\/redept.com.br\/blogosfera\/aumento-das-passagens-gestao-ricardo-nunes-tem-de-explicar-o-inexplicavel-a-justica-diz-vereador\/\"  >\n\t\t\t\t\t\t\t\t\t  <div class=\"yuzo-img-wrap \" style=\"width: 125px;height:90px;\">\n\t\t\t\t\t\t\t\t\t\t\n\t\t\t\t\t\t\t\t\t\t<div class=\"yuzo-img\" style=\"background:url('https:\/\/redept.org\/blogosfera\/wp-content\/plugins\/yuzo-related-post\/assets\/images\/default.png') 50% 50% no-repeat;width: 125px;height:90px;margin-bottom: 5px;background-size: cover; \"><\/div>\n\t\t\t\t\t\t\t\t\t  <\/div>\n\t\t\t\t\t\t\t\t\t  \n\t\t\t\t\t\t\t\t   <span class=\"yuzo__text--title\" style=\"font-size:13px;\">Aumento das passagens: gest\u00e3o Ricardo Nunes tem de...<\/span>\n\t\t\t\t\t\t\t  \n\t\t\t\t\t\t\t  \n\t\t\t\t\t\t\t  <\/a>\n\n\t\t\t\t\t\t  <\/div>\n\t\t\t\t\t\t  <div class=\"relatedthumb \" style=\"width:125px;float:left;overflow:hidden;\">  \n\t\t\t\t\t\t\t  \n\t\t\t\t\t\t\t  <a  href=\"https:\/\/redept.com.br\/blogosfera\/dia-do-samba-rock-e-celebrado-com-programacao-especial-em-sao-paulo\/\"  >\n\t\t\t\t\t\t\t\t\t  <div class=\"yuzo-img-wrap \" style=\"width: 125px;height:90px;\">\n\t\t\t\t\t\t\t\t\t\t\n\t\t\t\t\t\t\t\t\t\t<div class=\"yuzo-img\" style=\"background:url('https:\/\/redept.org\/blogosfera\/wp-content\/plugins\/yuzo-related-post\/assets\/images\/default.png') 50% 50% no-repeat;width: 125px;height:90px;margin-bottom: 5px;background-size: cover; \"><\/div>\n\t\t\t\t\t\t\t\t\t  <\/div>\n\t\t\t\t\t\t\t\t\t  \n\t\t\t\t\t\t\t\t   <span class=\"yuzo__text--title\" style=\"font-size:13px;\">Dia do Samba-Rock \u00e9 celebrado com programa\u00e7\u00e3o espe...<\/span>\n\t\t\t\t\t\t\t  \n\t\t\t\t\t\t\t  \n\t\t\t\t\t\t\t  <\/a>\n\n\t\t\t\t\t\t  <\/div>\n\t\t\t\t\t\t  <div class=\"relatedthumb \" style=\"width:125px;float:left;overflow:hidden;\">  \n\t\t\t\t\t\t\t  \n\t\t\t\t\t\t\t  <a  href=\"https:\/\/redept.com.br\/blogosfera\/previa-da-inflacao-oficial-fecha-ano-em-471\/\"  >\n\t\t\t\t\t\t\t\t\t  <div class=\"yuzo-img-wrap \" style=\"width: 125px;height:90px;\">\n\t\t\t\t\t\t\t\t\t\t\n\t\t\t\t\t\t\t\t\t\t<div class=\"yuzo-img\" style=\"background:url('https:\/\/redept.org\/blogosfera\/wp-content\/plugins\/yuzo-related-post\/assets\/images\/default.png') 50% 50% no-repeat;width: 125px;height:90px;margin-bottom: 5px;background-size: cover; \"><\/div>\n\t\t\t\t\t\t\t\t\t  <\/div>\n\t\t\t\t\t\t\t\t\t  \n\t\t\t\t\t\t\t\t   <span class=\"yuzo__text--title\" style=\"font-size:13px;\">Pr\u00e9via da infla\u00e7\u00e3o oficial fecha ano em 4,71%<\/span>\n\t\t\t\t\t\t\t  \n\t\t\t\t\t\t\t  \n\t\t\t\t\t\t\t  <\/a>\n\n\t\t\t\t\t\t  <\/div>\n\t\t\t\t\t\t  <div class=\"relatedthumb \" style=\"width:125px;float:left;overflow:hidden;\">  \n\t\t\t\t\t\t\t  \n\t\t\t\t\t\t\t  <a  href=\"https:\/\/redept.com.br\/blogosfera\/dino-manda-cgu-auditar-r-469-milhoes-de-emendas-sem-plano-de-trabalho\/\"  >\n\t\t\t\t\t\t\t\t\t  <div class=\"yuzo-img-wrap \" style=\"width: 125px;height:90px;\">\n\t\t\t\t\t\t\t\t\t\t\n\t\t\t\t\t\t\t\t\t\t<div class=\"yuzo-img\" style=\"background:url('https:\/\/redept.org\/blogosfera\/wp-content\/plugins\/yuzo-related-post\/assets\/images\/default.png') 50% 50% no-repeat;width: 125px;height:90px;margin-bottom: 5px;background-size: cover; \"><\/div>\n\t\t\t\t\t\t\t\t\t  <\/div>\n\t\t\t\t\t\t\t\t\t  \n\t\t\t\t\t\t\t\t   <span class=\"yuzo__text--title\" style=\"font-size:13px;\">Dino manda CGU auditar R$ 469 milh\u00f5es de emendas s...<\/span>\n\t\t\t\t\t\t\t  \n\t\t\t\t\t\t\t  \n\t\t\t\t\t\t\t  <\/a>\n\n\t\t\t\t\t\t  <\/div>\n<\/div> <script>\n\t\t\t\t\t\t  jQuery(document).ready(function( $ ){\n\t\t\t\t\t\t\t\/\/jQuery('.yuzo_related_post').equalizer({ overflow : 'relatedthumb' });\n\t\t\t\t\t\t\tjQuery('.yuzo_related_post .yuzo_wraps').equalizer({ columns : '> div' });\n\t\t\t\t\t\t   })\n\t\t\t\t\t\t  <\/script> <!-- End Yuzo :) -->","protected":false},"excerpt":{"rendered":"<p>O \u00cdndice Nacional de Pre\u00e7os ao Consumidor Amplo 15 (IPCA-15), que \u00e9 uma pr\u00e9via mensal divulgada pelo IBGE, trouxe uma tr\u00e9gua parcial para os brasileiros em outubro. A pr\u00e9via da infla\u00e7\u00e3o oficial desacelerou para 0,18%, a menor taxa para o m\u00eas desde 2022. No acumulado de 12 meses, o \u00edndice caiu de 5,32% para 4,94%, [&hellip;]<\/p>\n","protected":false},"author":2,"featured_media":0,"comment_status":"open","ping_status":"closed","sticky":false,"template":"","format":"standard","meta":{"fifu_image_url":"","fifu_image_alt":"","footnotes":""},"categories":[221,122,529],"tags":[],"class_list":["post-60210","post","type-post","status-publish","format-standard","hentry","category-economia","category-inflacao","category-ipca-15"],"_links":{"self":[{"href":"https:\/\/redept.com.br\/blogosfera\/wp-json\/wp\/v2\/posts\/60210","targetHints":{"allow":["GET"]}}],"collection":[{"href":"https:\/\/redept.com.br\/blogosfera\/wp-json\/wp\/v2\/posts"}],"about":[{"href":"https:\/\/redept.com.br\/blogosfera\/wp-json\/wp\/v2\/types\/post"}],"author":[{"embeddable":true,"href":"https:\/\/redept.com.br\/blogosfera\/wp-json\/wp\/v2\/users\/2"}],"replies":[{"embeddable":true,"href":"https:\/\/redept.com.br\/blogosfera\/wp-json\/wp\/v2\/comments?post=60210"}],"version-history":[{"count":0,"href":"https:\/\/redept.com.br\/blogosfera\/wp-json\/wp\/v2\/posts\/60210\/revisions"}],"wp:attachment":[{"href":"https:\/\/redept.com.br\/blogosfera\/wp-json\/wp\/v2\/media?parent=60210"}],"wp:term":[{"taxonomy":"category","embeddable":true,"href":"https:\/\/redept.com.br\/blogosfera\/wp-json\/wp\/v2\/categories?post=60210"},{"taxonomy":"post_tag","embeddable":true,"href":"https:\/\/redept.com.br\/blogosfera\/wp-json\/wp\/v2\/tags?post=60210"}],"curies":[{"name":"wp","href":"https:\/\/api.w.org\/{rel}","templated":true}]}}