{"id":6022,"date":"2024-11-21T17:45:41","date_gmt":"2024-11-21T20:45:41","guid":{"rendered":"https:\/\/redept.org\/blogosfera\/numero-de-empreendedoras-cresce-mas-renda-ainda-e-30-menor-do-que-a-dos-homens\/"},"modified":"2024-11-21T17:45:41","modified_gmt":"2024-11-21T20:45:41","slug":"numero-de-empreendedoras-cresce-mas-renda-ainda-e-30-menor-do-que-a-dos-homens","status":"publish","type":"post","link":"https:\/\/redept.com.br\/blogosfera\/numero-de-empreendedoras-cresce-mas-renda-ainda-e-30-menor-do-que-a-dos-homens\/","title":{"rendered":"N\u00famero de empreendedoras cresce, mas renda ainda \u00e9 30% menor do que a dos homens"},"content":{"rendered":"<div><img fetchpriority=\"high\" width=\"1024\" height=\"576\"src=\"https:\/\/redept.org\/blogosfera\/wp-content\/uploads\/2024\/11\/empreendedorismo_-Foto-Agencia-BrasilEBC.jpg\" class=\"attachment-large size-large wp-post-image\" alt=\"\" decoding=\"async\" srcset=\"https:\/\/vermelho.org.br\/wp-content\/uploads\/2024\/11\/empreendedorismo_-Foto-Agencia-BrasilEBC-1024x576.jpg 1024w, https:\/\/vermelho.org.br\/wp-content\/uploads\/2024\/11\/empreendedorismo_-Foto-Agencia-BrasilEBC-300x169.jpg 300w, https:\/\/vermelho.org.br\/wp-content\/uploads\/2024\/11\/empreendedorismo_-Foto-Agencia-BrasilEBC-768x432.jpg 768w, https:\/\/vermelho.org.br\/wp-content\/uploads\/2024\/11\/empreendedorismo_-Foto-Agencia-BrasilEBC-1536x864.jpg 1536w, https:\/\/redept.org\/blogosfera\/wp-content\/uploads\/2024\/11\/empreendedorismo_-Foto-Agencia-BrasilEBC.jpg 1890w\" sizes=\"(max-width: 1024px) 100vw, 1024px\"><\/p>\n<p>Embora tenham conquistado maior espa\u00e7o no meio empreendedor, as mulheres ganham menos do que os homens, especialmente no caso das negras, assim como em outras frentes do mercado de trabalho. Entre os anos de 2019 e 2023, o n\u00famero de brasileiras \u00e0 frente de uma empresa aumentou 5,7%, contra 4,5% dos homens.\u00a0<\/p>\n<p>Embora essa eleva\u00e7\u00e3o tenha contribu\u00eddo para reduzir em dois pontos percentuais a desigualdade de rendimento entre os g\u00eaneros, a disparidade ainda \u00e9 alta, tendo sa\u00eddo de 32% para 30%. Dessa forma, no quarto trimestre de 2023, os homens ganhavam, em m\u00e9dia, R$ 3,4 mil, e as mulheres, R$ 2,6 mil.<\/p>\n<p>Os dados foram obtidos pelo Sebrae, em levantamento que usou como base a Pesquisa Nacional por Amostra de Domic\u00edlios Cont\u00ednua (PNADC), do IBGE.\u00a0<\/p>\n<p><strong>Leia tamb\u00e9m: <\/strong><a href=\"https:\/\/vermelho.org.br\/2024\/11\/20\/mercado-de-trabalho-a-evidente-discriminacao-e-desigualdade-racial\/\">Mercado de trabalho, a evidente discrimina\u00e7\u00e3o e desigualdade racial<\/a><\/p>\n<p>Mas, \u201cse para as empreendedoras a situa\u00e7\u00e3o j\u00e1 \u00e9 dif\u00edcil, para as mulheres negras os obst\u00e1culos s\u00e3o ainda mais complexos\u201d, conforme explica a diretora de Administra\u00e7\u00e3o e Finan\u00e7as do Sebrae, Margarete Coelho. Isso porque, embora o levantamento indique um aumento ainda maior de empreendedoras negras \u2014 de 13,9% ante 10,3% entre os negros \u2014, a diferen\u00e7a da renda entre um empreendedor branco do sexo masculino e uma empreendedora negra \u00e9, em m\u00e9dia, superior a 60%.\u00a0<\/p>\n<p>Ainda de acordo com o Sebrae, os rendimentos de empreendedores sem instru\u00e7\u00e3o subiram 29,1% e entre aqueles que t\u00eam ensino fundamental e m\u00e9dio cresceram 6% e 6,4%, respectivamente. J\u00e1 entre os que tinham ensino superior, o rendimento m\u00e9dio real caiu 8%. Ainda assim, nesse p\u00fablico, os ganhos s\u00e3o mais de seis vezes maior do que entre os que n\u00e3o tem instru\u00e7\u00e3o.\u00a0<\/p>\n<p>O post <a href=\"https:\/\/vermelho.org.br\/2024\/11\/21\/numero-de-empreendedoras-cresce-mas-renda-ainda-e-30-menor-do-que-a-dos-homens\/\">N\u00famero de empreendedoras cresce, mas renda ainda \u00e9 30% menor do que a dos homens<\/a> apareceu primeiro em <a href=\"https:\/\/vermelho.org.br\/\">Vermelho<\/a>.<\/p>\n<\/div>\n<!-- Begin Yuzo --><div class='yuzo_related_post style-1'  data-version='5.12.89'><!-- without result --><div class='yuzo_clearfixed yuzo__title yuzo__title'><h3>Related Post<\/h3><\/div>\n\t\t\t\t\t\t  <div class=\"relatedthumb \" style=\"width:125px;float:left;overflow:hidden;\">  \n\t\t\t\t\t\t\t  \n\t\t\t\t\t\t\t  <a  href=\"https:\/\/redept.com.br\/blogosfera\/o-perigo-de-armar-a-guarda-municipal\/\"  >\n\t\t\t\t\t\t\t\t\t  <div class=\"yuzo-img-wrap \" style=\"width: 125px;height:90px;\">\n\t\t\t\t\t\t\t\t\t\t\n\t\t\t\t\t\t\t\t\t\t<div class=\"yuzo-img\" style=\"background:url('https:\/\/redept.org\/blogosfera\/wp-content\/plugins\/yuzo-related-post\/assets\/images\/default.png') 50% 50% no-repeat;width: 125px;height:90px;margin-bottom: 5px;background-size: cover; \"><\/div>\n\t\t\t\t\t\t\t\t\t  <\/div>\n\t\t\t\t\t\t\t\t\t  \n\t\t\t\t\t\t\t\t   <span class=\"yuzo__text--title\" style=\"font-size:13px;\">O perigo de armar a Guarda Municipal<\/span>\n\t\t\t\t\t\t\t  \n\t\t\t\t\t\t\t  \n\t\t\t\t\t\t\t  <\/a>\n\n\t\t\t\t\t\t  <\/div>\n\t\t\t\t\t\t  <div class=\"relatedthumb \" style=\"width:125px;float:left;overflow:hidden;\">  \n\t\t\t\t\t\t\t  \n\t\t\t\t\t\t\t  <a  href=\"https:\/\/redept.com.br\/blogosfera\/petrobras-anuncia-3o-corte-no-preco-do-diesel-em-36-dias\/\"  >\n\t\t\t\t\t\t\t\t\t  <div class=\"yuzo-img-wrap \" style=\"width: 125px;height:90px;\">\n\t\t\t\t\t\t\t\t\t\t\n\t\t\t\t\t\t\t\t\t\t<div class=\"yuzo-img\" style=\"background:url('https:\/\/redept.org\/blogosfera\/wp-content\/plugins\/yuzo-related-post\/assets\/images\/default.png') 50% 50% no-repeat;width: 125px;height:90px;margin-bottom: 5px;background-size: cover; \"><\/div>\n\t\t\t\t\t\t\t\t\t  <\/div>\n\t\t\t\t\t\t\t\t\t  \n\t\t\t\t\t\t\t\t   <span class=\"yuzo__text--title\" style=\"font-size:13px;\">Petrobras anuncia 3\u00ba corte no pre\u00e7o do diesel em 3...<\/span>\n\t\t\t\t\t\t\t  \n\t\t\t\t\t\t\t  \n\t\t\t\t\t\t\t  <\/a>\n\n\t\t\t\t\t\t  <\/div>\n\t\t\t\t\t\t  <div class=\"relatedthumb \" style=\"width:125px;float:left;overflow:hidden;\">  \n\t\t\t\t\t\t\t  \n\t\t\t\t\t\t\t  <a  href=\"https:\/\/redept.com.br\/blogosfera\/trama-golpista-moraes-mantem-prisao-do-general-mario-fernandes\/\"  >\n\t\t\t\t\t\t\t\t\t  <div class=\"yuzo-img-wrap \" style=\"width: 125px;height:90px;\">\n\t\t\t\t\t\t\t\t\t\t\n\t\t\t\t\t\t\t\t\t\t<div class=\"yuzo-img\" style=\"background:url('https:\/\/redept.org\/blogosfera\/wp-content\/plugins\/yuzo-related-post\/assets\/images\/default.png') 50% 50% no-repeat;width: 125px;height:90px;margin-bottom: 5px;background-size: cover; \"><\/div>\n\t\t\t\t\t\t\t\t\t  <\/div>\n\t\t\t\t\t\t\t\t\t  \n\t\t\t\t\t\t\t\t   <span class=\"yuzo__text--title\" style=\"font-size:13px;\">Trama golpista: Moraes mant\u00e9m pris\u00e3o do general M\u00e1...<\/span>\n\t\t\t\t\t\t\t  \n\t\t\t\t\t\t\t  \n\t\t\t\t\t\t\t  <\/a>\n\n\t\t\t\t\t\t  <\/div>\n\t\t\t\t\t\t  <div class=\"relatedthumb \" style=\"width:125px;float:left;overflow:hidden;\">  \n\t\t\t\t\t\t\t  \n\t\t\t\t\t\t\t  <a  href=\"https:\/\/redept.com.br\/blogosfera\/maduro-assume-novo-mandato-e-reafirma-poder-popular-contra-o-imperialismo\/\"  >\n\t\t\t\t\t\t\t\t\t  <div class=\"yuzo-img-wrap \" style=\"width: 125px;height:90px;\">\n\t\t\t\t\t\t\t\t\t\t\n\t\t\t\t\t\t\t\t\t\t<div class=\"yuzo-img\" style=\"background:url('https:\/\/redept.com.br\/blogosfera\/wp-content\/uploads\/2025\/01\/1736520723678134137089a_1736520723_3x2_lg-1-150x150.jpg') 50% 50% no-repeat;width: 125px;height:90px;margin-bottom: 5px;background-size: cover; \"><\/div>\n\t\t\t\t\t\t\t\t\t  <\/div>\n\t\t\t\t\t\t\t\t\t  \n\t\t\t\t\t\t\t\t   <span class=\"yuzo__text--title\" style=\"font-size:13px;\">Maduro assume novo mandato e reafirma poder popula...<\/span>\n\t\t\t\t\t\t\t  \n\t\t\t\t\t\t\t  \n\t\t\t\t\t\t\t  <\/a>\n\n\t\t\t\t\t\t  <\/div>\n<\/div> <script>\n\t\t\t\t\t\t  jQuery(document).ready(function( $ ){\n\t\t\t\t\t\t\t\/\/jQuery('.yuzo_related_post').equalizer({ overflow : 'relatedthumb' });\n\t\t\t\t\t\t\tjQuery('.yuzo_related_post .yuzo_wraps').equalizer({ columns : '> div' });\n\t\t\t\t\t\t   })\n\t\t\t\t\t\t  <\/script> <!-- End Yuzo :) -->","protected":false},"excerpt":{"rendered":"<p>Embora tenham conquistado maior espa\u00e7o no meio empreendedor, as mulheres ganham menos do que os homens, especialmente no caso das negras, assim como em outras frentes do mercado de trabalho. Entre os anos de 2019 e 2023, o n\u00famero de brasileiras \u00e0 frente de uma empresa aumentou 5,7%, contra 4,5% dos homens.\u00a0 Embora essa eleva\u00e7\u00e3o [&hellip;]<\/p>\n","protected":false},"author":2,"featured_media":6023,"comment_status":"closed","ping_status":"closed","sticky":false,"template":"","format":"standard","meta":{"fifu_image_url":"","fifu_image_alt":"","footnotes":""},"categories":[1389,221,1258,1031,377],"tags":[],"class_list":["post-6022","post","type-post","status-publish","format-standard","has-post-thumbnail","hentry","category-desigualdade-de-genero","category-economia","category-empreendedorismo","category-mercado-de-trabalho","category-trabalho"],"_links":{"self":[{"href":"https:\/\/redept.com.br\/blogosfera\/wp-json\/wp\/v2\/posts\/6022","targetHints":{"allow":["GET"]}}],"collection":[{"href":"https:\/\/redept.com.br\/blogosfera\/wp-json\/wp\/v2\/posts"}],"about":[{"href":"https:\/\/redept.com.br\/blogosfera\/wp-json\/wp\/v2\/types\/post"}],"author":[{"embeddable":true,"href":"https:\/\/redept.com.br\/blogosfera\/wp-json\/wp\/v2\/users\/2"}],"replies":[{"embeddable":true,"href":"https:\/\/redept.com.br\/blogosfera\/wp-json\/wp\/v2\/comments?post=6022"}],"version-history":[{"count":0,"href":"https:\/\/redept.com.br\/blogosfera\/wp-json\/wp\/v2\/posts\/6022\/revisions"}],"wp:featuredmedia":[{"embeddable":true,"href":"https:\/\/redept.com.br\/blogosfera\/wp-json\/wp\/v2\/media\/6023"}],"wp:attachment":[{"href":"https:\/\/redept.com.br\/blogosfera\/wp-json\/wp\/v2\/media?parent=6022"}],"wp:term":[{"taxonomy":"category","embeddable":true,"href":"https:\/\/redept.com.br\/blogosfera\/wp-json\/wp\/v2\/categories?post=6022"},{"taxonomy":"post_tag","embeddable":true,"href":"https:\/\/redept.com.br\/blogosfera\/wp-json\/wp\/v2\/tags?post=6022"}],"curies":[{"name":"wp","href":"https:\/\/api.w.org\/{rel}","templated":true}]}}