{"id":6029,"date":"2024-11-21T18:28:52","date_gmt":"2024-11-21T21:28:52","guid":{"rendered":"https:\/\/redept.org\/blogosfera\/assista-ao-documentario-ousar-viver-historias-da-maria\/"},"modified":"2024-11-21T18:28:52","modified_gmt":"2024-11-21T21:28:52","slug":"assista-ao-documentario-ousar-viver-historias-da-maria","status":"publish","type":"post","link":"https:\/\/redept.com.br\/blogosfera\/assista-ao-documentario-ousar-viver-historias-da-maria\/","title":{"rendered":"Assista ao document\u00e1rio \u201cOusar Viver! Hist\u00f3rias da Maria\u201d"},"content":{"rendered":"<div><img fetchpriority=\"high\" width=\"1024\" height=\"576\"src=\"https:\/\/redept.org\/blogosfera\/wp-content\/uploads\/2024\/11\/maria-pimentel.jpg\" class=\"attachment-large size-large wp-post-image\" alt=\"\" decoding=\"async\" srcset=\"https:\/\/vermelho.org.br\/wp-content\/uploads\/2024\/11\/maria-pimentel-1024x576.jpg 1024w, https:\/\/vermelho.org.br\/wp-content\/uploads\/2024\/11\/maria-pimentel-300x169.jpg 300w, https:\/\/vermelho.org.br\/wp-content\/uploads\/2024\/11\/maria-pimentel-768x432.jpg 768w, https:\/\/vermelho.org.br\/wp-content\/uploads\/2024\/11\/maria-pimentel-1536x864.jpg 1536w, https:\/\/redept.org\/blogosfera\/wp-content\/uploads\/2024\/11\/maria-pimentel.jpg 1890w\" sizes=\"(max-width: 1024px) 100vw, 1024px\"><\/p>\n<p>Lan\u00e7ado nesta quarta-feira (20) na Cinemateca Brasileira, em S\u00e3o Paulo, o document\u00e1rio <a href=\"https:\/\/vermelho.org.br\/2024\/11\/17\/ousar-viver-historias-da-maria-sera-lancado-na-cinemateca-em-sao-paulo\/\">\u201cOusar Viver! Hist\u00f3rias da Maria\u201d<\/a>, dirigido pelo cineasta Silvio Tendler, est\u00e1 dispon\u00edvel para ser assistido gratuitamente no canal do Instituto Angelim \u2014 um dos realizadores, juntamente com a Caliban Produ\u00e7\u00f5es \u2014 no Youtube.\u00a0<\/p>\n<p>O longa metragem conta a trajet\u00f3ria de Maria Pimentel, militante hist\u00f3rica do Movimento Revolucion\u00e1rio 8 de Outubro (MR8). Maria foi presa e exilada, e desde sua volta ao Brasil, em 1975, cumpriu papel destacado na reorganiza\u00e7\u00e3o do movimento sindical e feminino, atuando de forma decisiva para a redemocratiza\u00e7\u00e3o do pa\u00eds.\u00a0<\/p>\n<p>Atualmente, Maria, com 76 anos, faz parte do Comit\u00ea Central do PCdoB e da dire\u00e7\u00e3o nacional da Central dos Trabalhadores e Trabalhadoras do Brasil (CTB).\u00a0<\/p>\n<p>Ao falar sobre o document\u00e1rio, Tendler destacou que o objetivo \u00e9 \u201cmostrar que a luta pela democracia n\u00e3o foi apenas um esfor\u00e7o de um grupo seleto, mas envolveu a dedica\u00e7\u00e3o de muitas mulheres, que frequentemente permanecem invis\u00edveis na hist\u00f3ria\u201d.\u00a0Veja abaixo o filme.<\/p>\n<figure class=\"wp-block-embed is-type-video is-provider-youtube wp-block-embed-youtube wp-embed-aspect-16-9 wp-has-aspect-ratio\">\n<div class=\"wp-block-embed__wrapper\">\n<iframe title=\"Ousar Viver! Hist\u00f3rias da Maria\" width=\"500\" height=\"281\" src=\"https:\/\/www.youtube.com\/embed\/hz68ofAIons?feature=oembed\" frameborder=\"0\" allow=\"accelerometer; autoplay; clipboard-write; encrypted-media; gyroscope; picture-in-picture; web-share\" referrerpolicy=\"strict-origin-when-cross-origin\" allowfullscreen><\/iframe>\n<\/div>\n<\/figure>\n<p>(PL)<\/p>\n<p>O post <a href=\"https:\/\/vermelho.org.br\/2024\/11\/21\/documentario-ousar-viver-historias-da-maria-esta-disponivel-na-internet\/\">Assista ao document\u00e1rio \u201cOusar Viver! Hist\u00f3rias da Maria\u201d<\/a> apareceu primeiro em <a href=\"https:\/\/vermelho.org.br\/\">Vermelho<\/a>.<\/p>\n<\/div>\n<!-- Begin Yuzo --><div class='yuzo_related_post style-1'  data-version='5.12.89'><!-- without result --><div class='yuzo_clearfixed yuzo__title yuzo__title'><h3>Related Post<\/h3><\/div>\n\t\t\t\t\t\t  <div class=\"relatedthumb \" style=\"width:125px;float:left;overflow:hidden;\">  \n\t\t\t\t\t\t\t  \n\t\t\t\t\t\t\t  <a  href=\"https:\/\/redept.com.br\/blogosfera\/pronaf-e-fno-resgate-necessario-por-beto-faro\/\"  >\n\t\t\t\t\t\t\t\t\t  <div class=\"yuzo-img-wrap \" style=\"width: 125px;height:90px;\">\n\t\t\t\t\t\t\t\t\t\t\n\t\t\t\t\t\t\t\t\t\t<div class=\"yuzo-img\" style=\"background:url('https:\/\/redept.org\/blogosfera\/wp-content\/plugins\/yuzo-related-post\/assets\/images\/default.png') 50% 50% no-repeat;width: 125px;height:90px;margin-bottom: 5px;background-size: cover; \"><\/div>\n\t\t\t\t\t\t\t\t\t  <\/div>\n\t\t\t\t\t\t\t\t\t  \n\t\t\t\t\t\t\t\t   <span class=\"yuzo__text--title\" style=\"font-size:13px;\">Pronaf e FNO: resgate necess\u00e1rio, por Beto Faro<\/span>\n\t\t\t\t\t\t\t  \n\t\t\t\t\t\t\t  \n\t\t\t\t\t\t\t  <\/a>\n\n\t\t\t\t\t\t  <\/div>\n\t\t\t\t\t\t  <div class=\"relatedthumb \" style=\"width:125px;float:left;overflow:hidden;\">  \n\t\t\t\t\t\t\t  \n\t\t\t\t\t\t\t  <a  href=\"https:\/\/redept.com.br\/blogosfera\/pm-que-matou-jovem-negro-em-parelheiros-e-afastado\/\"  >\n\t\t\t\t\t\t\t\t\t  <div class=\"yuzo-img-wrap \" style=\"width: 125px;height:90px;\">\n\t\t\t\t\t\t\t\t\t\t\n\t\t\t\t\t\t\t\t\t\t<div class=\"yuzo-img\" style=\"background:url('https:\/\/redept.com.br\/blogosfera\/wp-content\/uploads\/2025\/07\/Fabio-Anderson-Pereira-de-Almeida-150x150.jpg') 50% 50% no-repeat;width: 125px;height:90px;margin-bottom: 5px;background-size: cover; \"><\/div>\n\t\t\t\t\t\t\t\t\t  <\/div>\n\t\t\t\t\t\t\t\t\t  \n\t\t\t\t\t\t\t\t   <span class=\"yuzo__text--title\" style=\"font-size:13px;\">PM que matou jovem negro em Parelheiros \u00e9 afastado...<\/span>\n\t\t\t\t\t\t\t  \n\t\t\t\t\t\t\t  \n\t\t\t\t\t\t\t  <\/a>\n\n\t\t\t\t\t\t  <\/div>\n\t\t\t\t\t\t  <div class=\"relatedthumb \" style=\"width:125px;float:left;overflow:hidden;\">  \n\t\t\t\t\t\t\t  \n\t\t\t\t\t\t\t  <a  href=\"https:\/\/redept.com.br\/blogosfera\/assistam-a-silvio-tendler\/\"  >\n\t\t\t\t\t\t\t\t\t  <div class=\"yuzo-img-wrap \" style=\"width: 125px;height:90px;\">\n\t\t\t\t\t\t\t\t\t\t\n\t\t\t\t\t\t\t\t\t\t<div class=\"yuzo-img\" style=\"background:url('https:\/\/redept.com.br\/blogosfera\/wp-content\/uploads\/2025\/09\/image_processing20211106-13537-bsuqua-750x480-1-150x150.jpeg') 50% 50% no-repeat;width: 125px;height:90px;margin-bottom: 5px;background-size: cover; \"><\/div>\n\t\t\t\t\t\t\t\t\t  <\/div>\n\t\t\t\t\t\t\t\t\t  \n\t\t\t\t\t\t\t\t   <span class=\"yuzo__text--title\" style=\"font-size:13px;\">\u201cAssistam a Silvio Tendler\u201d<\/span>\n\t\t\t\t\t\t\t  \n\t\t\t\t\t\t\t  \n\t\t\t\t\t\t\t  <\/a>\n\n\t\t\t\t\t\t  <\/div>\n\t\t\t\t\t\t  <div class=\"relatedthumb \" style=\"width:125px;float:left;overflow:hidden;\">  \n\t\t\t\t\t\t\t  \n\t\t\t\t\t\t\t  <a  href=\"https:\/\/redept.com.br\/blogosfera\/o-velho-novo-recife-e-a-mais-longa-duracao-da-juventude\/\"  >\n\t\t\t\t\t\t\t\t\t  <div class=\"yuzo-img-wrap \" style=\"width: 125px;height:90px;\">\n\t\t\t\t\t\t\t\t\t\t\n\t\t\t\t\t\t\t\t\t\t<div class=\"yuzo-img\" style=\"background:url('https:\/\/redept.com.br\/blogosfera\/wp-content\/uploads\/2025\/07\/urariano-mota_Jan-Ribeiro_Secult-PE-Jan-Ribeiro_Secult-PE-150x150.jpg') 50% 50% no-repeat;width: 125px;height:90px;margin-bottom: 5px;background-size: cover; \"><\/div>\n\t\t\t\t\t\t\t\t\t  <\/div>\n\t\t\t\t\t\t\t\t\t  \n\t\t\t\t\t\t\t\t   <span class=\"yuzo__text--title\" style=\"font-size:13px;\">O velho-novo Recife e \u201cA Mais Longa Dura\u00e7\u00e3o da Juv...<\/span>\n\t\t\t\t\t\t\t  \n\t\t\t\t\t\t\t  \n\t\t\t\t\t\t\t  <\/a>\n\n\t\t\t\t\t\t  <\/div>\n<\/div> <script>\n\t\t\t\t\t\t  jQuery(document).ready(function( $ ){\n\t\t\t\t\t\t\t\/\/jQuery('.yuzo_related_post').equalizer({ overflow : 'relatedthumb' });\n\t\t\t\t\t\t\tjQuery('.yuzo_related_post .yuzo_wraps').equalizer({ columns : '> div' });\n\t\t\t\t\t\t   })\n\t\t\t\t\t\t  <\/script> <!-- End Yuzo :) -->","protected":false},"excerpt":{"rendered":"<p>Lan\u00e7ado nesta quarta-feira (20) na Cinemateca Brasileira, em S\u00e3o Paulo, o document\u00e1rio \u201cOusar Viver! Hist\u00f3rias da Maria\u201d, dirigido pelo cineasta Silvio Tendler, est\u00e1 dispon\u00edvel para ser assistido gratuitamente no canal do Instituto Angelim \u2014 um dos realizadores, juntamente com a Caliban Produ\u00e7\u00f5es \u2014 no Youtube.\u00a0 O longa metragem conta a trajet\u00f3ria de Maria Pimentel, militante [&hellip;]<\/p>\n","protected":false},"author":2,"featured_media":6030,"comment_status":"closed","ping_status":"closed","sticky":false,"template":"","format":"standard","meta":{"fifu_image_url":"","fifu_image_alt":"","footnotes":""},"categories":[309,2088],"tags":[],"class_list":["post-6029","post","type-post","status-publish","format-standard","has-post-thumbnail","hentry","category-cultura","category-ousar-viver-historias-de-maria"],"_links":{"self":[{"href":"https:\/\/redept.com.br\/blogosfera\/wp-json\/wp\/v2\/posts\/6029","targetHints":{"allow":["GET"]}}],"collection":[{"href":"https:\/\/redept.com.br\/blogosfera\/wp-json\/wp\/v2\/posts"}],"about":[{"href":"https:\/\/redept.com.br\/blogosfera\/wp-json\/wp\/v2\/types\/post"}],"author":[{"embeddable":true,"href":"https:\/\/redept.com.br\/blogosfera\/wp-json\/wp\/v2\/users\/2"}],"replies":[{"embeddable":true,"href":"https:\/\/redept.com.br\/blogosfera\/wp-json\/wp\/v2\/comments?post=6029"}],"version-history":[{"count":0,"href":"https:\/\/redept.com.br\/blogosfera\/wp-json\/wp\/v2\/posts\/6029\/revisions"}],"wp:featuredmedia":[{"embeddable":true,"href":"https:\/\/redept.com.br\/blogosfera\/wp-json\/wp\/v2\/media\/6030"}],"wp:attachment":[{"href":"https:\/\/redept.com.br\/blogosfera\/wp-json\/wp\/v2\/media?parent=6029"}],"wp:term":[{"taxonomy":"category","embeddable":true,"href":"https:\/\/redept.com.br\/blogosfera\/wp-json\/wp\/v2\/categories?post=6029"},{"taxonomy":"post_tag","embeddable":true,"href":"https:\/\/redept.com.br\/blogosfera\/wp-json\/wp\/v2\/tags?post=6029"}],"curies":[{"name":"wp","href":"https:\/\/api.w.org\/{rel}","templated":true}]}}