{"id":60326,"date":"2025-10-24T13:50:32","date_gmt":"2025-10-24T16:50:32","guid":{"rendered":"https:\/\/redept.com.br\/blogosfera\/milei-nomeia-economista-sem-experiencia-diplomatica-como-novo-chanceler\/"},"modified":"2025-10-24T13:50:32","modified_gmt":"2025-10-24T16:50:32","slug":"milei-nomeia-economista-sem-experiencia-diplomatica-como-novo-chanceler","status":"publish","type":"post","link":"https:\/\/redept.com.br\/blogosfera\/milei-nomeia-economista-sem-experiencia-diplomatica-como-novo-chanceler\/","title":{"rendered":"Milei nomeia economista sem experi\u00eancia diplom\u00e1tica como novo chanceler"},"content":{"rendered":"<p>O governo da Argentina anunciou nesta quinta-feira (23\/10) o nome do economista Pablo Quirno como novo ministro das Rela\u00e7\u00f5es Exteriores do pa\u00eds.<\/p>\n<p>A decis\u00e3o causou certa controv\u00e9rsia nos meios locais, j\u00e1 que Quirno \u00e9 um economista com longa experi\u00eancia no mercado financeiro, com grande parte de sua carreira ligada ao banco norte-americano JP Morgan, mas sem nenhuma experi\u00eancia ou forma\u00e7\u00e3o diplom\u00e1tica.<\/p>\n<p>Quirno ser\u00e1 o terceiro chanceler em menos de dois anos desde que o presidente de extrema direita Javier Milei assumiu o governo da Argentina, em dezembro de 2023.<\/p>\n<h3>Antecessores<\/h3>\n<p>O novo titular das Rela\u00e7\u00f5es Exteriores substituir\u00e1 Gerardo Werthein, que renunciou na \u00faltima quarta-feira (22\/10). Segundo o site <em>El Destape<\/em>, o motivo da ren\u00fancia teria sido as desaven\u00e7as entre o agora ex-chanceler e o ministro da Economia, Luis Caputo.<\/p>\n<p>J\u00e1 o di\u00e1rio <em>P\u00e1gina\/12<\/em> afirmou que a queda teria ocorrido devido ao fato de que o c\u00edrculo mais pr\u00f3ximo ao presidente considerou que a reuni\u00e3o entre Milei e Trump na Casa Branca, ocorrida h\u00e1 uma semana, n\u00e3o teria obtido os resultados esperados, e que o chanceler seria o principal culpado por essa situa\u00e7\u00e3o.<\/p>\n<p>Vale lembrar que, na ocasi\u00e3o, Estados Unidos e Argentina assinaram um acordo para um swap de US$ 20 bilh\u00f5es do Tesouro norte-americano a Buenos Aries, mas o encontro terminou com uma amea\u00e7a de Trump, que chegou a dizer que \u201cn\u00f3s n\u00e3o seremos mais t\u00e3o generosos com a Argentina\u201d, caso o partido governista A Liberdade Avan\u00e7a n\u00e3o consiga uma vit\u00f3ria nas elei\u00e7\u00f5es legislativas do pr\u00f3ximo domingo (26\/10).<\/p>\n<figure aria-describedby=\"caption-attachment-235517\"><img loading=\"lazy\" loading=\"lazy\" decoding=\"async\"src=\"https:\/\/redept.com.br\/blogosfera\/wp-content\/uploads\/2025\/10\/milei-3.jpg\" alt=\"\" width=\"800\" height=\"582\" srcset=\"https:\/\/redept.com.br\/blogosfera\/wp-content\/uploads\/2025\/10\/milei-3.jpg 800w, https:\/\/operamundi.uol.com.br\/wp-content\/uploads\/2025\/10\/milei-3-300x218.jpg 300w, https:\/\/operamundi.uol.com.br\/wp-content\/uploads\/2025\/10\/milei-3-768x559.jpg 768w, https:\/\/operamundi.uol.com.br\/wp-content\/uploads\/2025\/10\/milei-3-150x109.jpg 150w, https:\/\/operamundi.uol.com.br\/wp-content\/uploads\/2025\/10\/milei-3-120x86.jpg 120w, https:\/\/operamundi.uol.com.br\/wp-content\/uploads\/2025\/10\/milei-3-750x546.jpg 750w\" sizes=\"auto, (max-width: 800px) 100vw, 800px\"><figcaption>Novo chanceler da Argentina tem longa experi\u00eancia como economista do banco norte-americano JP Morgan <br \/>Javier Milei \/ X<\/figcaption><\/figure>\n<p>Werthein permaneceu quase um ano no cargo, j\u00e1 que havia assumido em 30 de outubro de 2024, ap\u00f3s a demiss\u00e3o de sua antecessora, Diana Mondino, responsabilizada pelo fato de a Argentina ter votado contra o bloqueio econ\u00f4mico a Cuba em uma sess\u00e3o da Organiza\u00e7\u00e3o das Na\u00e7\u00f5es Unidas (ONU), naquele ano.<\/p>\n<h3>Outro renunciado<\/h3>\n<p>Tamb\u00e9m nesta quinta-feira se produziu uma segunda baixa no minist\u00e9rio de Milei, atrav\u00e9s de outra ren\u00fancia: a do agora ex-ministro da Justi\u00e7a, Mariano C\u00faneo Libarona.<\/p>\n<p>Segundo o <em>P\u00e1gina\/12<\/em>, o jurista teria tomado a decis\u00e3o de deixar o governo por se sentir insatisfeito com a aproxim\u00e7\u00e3o entre o mandat\u00e1rio e o subsecret\u00e1rio Sebasti\u00e1n Amerio, considerado como uma figura pr\u00f3xima \u00e0 ministra de Seguran\u00e7a P\u00fablica, Patricia Bullrich.<\/p>\n<p>Ademais, os meios locais afirmam que Amerio \u00e9 o favorito para assumir a titularidade da pasta, a partir da reforma ministerial que deve ser anunciada ap\u00f3s as elei\u00e7\u00f5es legislativas marcadas para o pr\u00f3ximo domingo.<\/p>\n<p>No entanto, h\u00e1 rumores que tamb\u00e9m indicam a possibidade de haver uma fus\u00e3o entre os minist\u00e9rios da Justi\u00e7a e de Seguran\u00e7a P\u00fablica.<\/p>\n<p>Com informa\u00e7\u00f5es de <em>P\u00e1gina\/12<\/em>.<\/p>\n<p>O post Milei nomeia economista sem experi\u00eancia diplom\u00e1tica como novo chanceler apareceu primeiro em Opera Mundi.<\/p>\n<!-- Begin Yuzo --><div class='yuzo_related_post style-1'  data-version='5.12.89'><!-- without result --><div class='yuzo_clearfixed yuzo__title yuzo__title'><h3>Related Post<\/h3><\/div>\n\t\t\t\t\t\t  <div class=\"relatedthumb \" style=\"width:125px;float:left;overflow:hidden;\">  \n\t\t\t\t\t\t\t  \n\t\t\t\t\t\t\t  <a  href=\"https:\/\/redept.com.br\/blogosfera\/haddad-deve-anunciar-isencao-de-ir-para-quem-ganha-ate-r-5-mil\/\"  >\n\t\t\t\t\t\t\t\t\t  <div class=\"yuzo-img-wrap \" style=\"width: 125px;height:90px;\">\n\t\t\t\t\t\t\t\t\t\t\n\t\t\t\t\t\t\t\t\t\t<div class=\"yuzo-img\" style=\"background:url('https:\/\/redept.com.br\/blogosfera\/wp-content\/uploads\/2024\/11\/lula-apex-sebrael_mcamgo_abr_17092024-11-150x150.webp') 50% 50% no-repeat;width: 125px;height:90px;margin-bottom: 5px;background-size: cover; \"><\/div>\n\t\t\t\t\t\t\t\t\t  <\/div>\n\t\t\t\t\t\t\t\t\t  \n\t\t\t\t\t\t\t\t   <span class=\"yuzo__text--title\" style=\"font-size:13px;\">Haddad deve anunciar isen\u00e7\u00e3o de IR para quem ganha...<\/span>\n\t\t\t\t\t\t\t  \n\t\t\t\t\t\t\t  \n\t\t\t\t\t\t\t  <\/a>\n\n\t\t\t\t\t\t  <\/div>\n\t\t\t\t\t\t  <div class=\"relatedthumb \" style=\"width:125px;float:left;overflow:hidden;\">  \n\t\t\t\t\t\t\t  \n\t\t\t\t\t\t\t  <a  href=\"https:\/\/redept.com.br\/blogosfera\/exposicao-na-zona-norte-do-recife-traz-arte-feita-por-mulheres-com-deficiencia\/\"  >\n\t\t\t\t\t\t\t\t\t  <div class=\"yuzo-img-wrap \" style=\"width: 125px;height:90px;\">\n\t\t\t\t\t\t\t\t\t\t\n\t\t\t\t\t\t\t\t\t\t<div class=\"yuzo-img\" style=\"background:url('https:\/\/redept.org\/blogosfera\/wp-content\/plugins\/yuzo-related-post\/assets\/images\/default.png') 50% 50% no-repeat;width: 125px;height:90px;margin-bottom: 5px;background-size: cover; \"><\/div>\n\t\t\t\t\t\t\t\t\t  <\/div>\n\t\t\t\t\t\t\t\t\t  \n\t\t\t\t\t\t\t\t   <span class=\"yuzo__text--title\" style=\"font-size:13px;\">Exposi\u00e7\u00e3o na zona norte do Recife traz arte feita ...<\/span>\n\t\t\t\t\t\t\t  \n\t\t\t\t\t\t\t  \n\t\t\t\t\t\t\t  <\/a>\n\n\t\t\t\t\t\t  <\/div>\n\t\t\t\t\t\t  <div class=\"relatedthumb \" style=\"width:125px;float:left;overflow:hidden;\">  \n\t\t\t\t\t\t\t  \n\t\t\t\t\t\t\t  <a  href=\"https:\/\/redept.com.br\/blogosfera\/da-cana-de-acucar-ao-futuro-cuba-aposta-na-agroecologia-com-bioinsumo\/\"  >\n\t\t\t\t\t\t\t\t\t  <div class=\"yuzo-img-wrap \" style=\"width: 125px;height:90px;\">\n\t\t\t\t\t\t\t\t\t\t\n\t\t\t\t\t\t\t\t\t\t<div class=\"yuzo-img\" style=\"background:url('https:\/\/redept.org\/blogosfera\/wp-content\/plugins\/yuzo-related-post\/assets\/images\/default.png') 50% 50% no-repeat;width: 125px;height:90px;margin-bottom: 5px;background-size: cover; \"><\/div>\n\t\t\t\t\t\t\t\t\t  <\/div>\n\t\t\t\t\t\t\t\t\t  \n\t\t\t\t\t\t\t\t   <span class=\"yuzo__text--title\" style=\"font-size:13px;\">Da cana-de-a\u00e7\u00facar ao futuro: Cuba aposta na agroec...<\/span>\n\t\t\t\t\t\t\t  \n\t\t\t\t\t\t\t  \n\t\t\t\t\t\t\t  <\/a>\n\n\t\t\t\t\t\t  <\/div>\n\t\t\t\t\t\t  <div class=\"relatedthumb \" style=\"width:125px;float:left;overflow:hidden;\">  \n\t\t\t\t\t\t\t  \n\t\t\t\t\t\t\t  <a  href=\"https:\/\/redept.com.br\/blogosfera\/novo-indiciamento-de-bolsonaro-nao-muda-curso-do-julgamento-da-trama-golpista-avalia-criminalista\/\"  >\n\t\t\t\t\t\t\t\t\t  <div class=\"yuzo-img-wrap \" style=\"width: 125px;height:90px;\">\n\t\t\t\t\t\t\t\t\t\t\n\t\t\t\t\t\t\t\t\t\t<div class=\"yuzo-img\" style=\"background:url('https:\/\/redept.org\/blogosfera\/wp-content\/plugins\/yuzo-related-post\/assets\/images\/default.png') 50% 50% no-repeat;width: 125px;height:90px;margin-bottom: 5px;background-size: cover; \"><\/div>\n\t\t\t\t\t\t\t\t\t  <\/div>\n\t\t\t\t\t\t\t\t\t  \n\t\t\t\t\t\t\t\t   <span class=\"yuzo__text--title\" style=\"font-size:13px;\">\u2018Novo indiciamento de Bolsonaro n\u00e3o muda curso do ...<\/span>\n\t\t\t\t\t\t\t  \n\t\t\t\t\t\t\t  \n\t\t\t\t\t\t\t  <\/a>\n\n\t\t\t\t\t\t  <\/div>\n<\/div> <script>\n\t\t\t\t\t\t  jQuery(document).ready(function( $ ){\n\t\t\t\t\t\t\t\/\/jQuery('.yuzo_related_post').equalizer({ overflow : 'relatedthumb' });\n\t\t\t\t\t\t\tjQuery('.yuzo_related_post .yuzo_wraps').equalizer({ columns : '> div' });\n\t\t\t\t\t\t   })\n\t\t\t\t\t\t  <\/script> <!-- End Yuzo :) -->","protected":false},"excerpt":{"rendered":"<p>O governo da Argentina anunciou nesta quinta-feira (23\/10) o nome do economista Pablo Quirno como novo ministro das Rela\u00e7\u00f5es Exteriores do pa\u00eds. A decis\u00e3o causou certa controv\u00e9rsia nos meios locais, j\u00e1 que Quirno \u00e9 um economista com longa experi\u00eancia no mercado financeiro, com grande parte de sua carreira ligada ao banco norte-americano JP Morgan, mas [\u2026]<\/p>\n<p>O post <a href=\"https:\/\/operamundi.uol.com.br\/politica-e-economia\/milei-nomeia-economista-sem-experiencia-diplomatica-como-novo-chanceler\/\">Milei nomeia economista sem experi\u00eancia diplom\u00e1tica como novo chanceler<\/a> apareceu primeiro em <a href=\"https:\/\/operamundi.uol.com.br\/\">Opera Mundi<\/a>.<\/p>\n","protected":false},"author":2,"featured_media":60327,"comment_status":"closed","ping_status":"closed","sticky":false,"template":"","format":"standard","meta":{"fifu_image_url":"","fifu_image_alt":"","footnotes":""},"categories":[272,26726,1185,1717,9,26727,20167,6741,26728,2161,26729,5518,1453],"tags":[],"class_list":["post-60326","post","type-post","status-publish","format-standard","has-post-thumbnail","hentry","category-argentina","category-banco","category-cuba","category-diana-mondino","category-eua","category-gerardo-wrthein","category-jp-morgan","category-luis-caputo","category-mariano-cuneo-libarona","category-milei","category-pablo-quirno","category-politica-e-economia","category-trump"],"_links":{"self":[{"href":"https:\/\/redept.com.br\/blogosfera\/wp-json\/wp\/v2\/posts\/60326","targetHints":{"allow":["GET"]}}],"collection":[{"href":"https:\/\/redept.com.br\/blogosfera\/wp-json\/wp\/v2\/posts"}],"about":[{"href":"https:\/\/redept.com.br\/blogosfera\/wp-json\/wp\/v2\/types\/post"}],"author":[{"embeddable":true,"href":"https:\/\/redept.com.br\/blogosfera\/wp-json\/wp\/v2\/users\/2"}],"replies":[{"embeddable":true,"href":"https:\/\/redept.com.br\/blogosfera\/wp-json\/wp\/v2\/comments?post=60326"}],"version-history":[{"count":0,"href":"https:\/\/redept.com.br\/blogosfera\/wp-json\/wp\/v2\/posts\/60326\/revisions"}],"wp:featuredmedia":[{"embeddable":true,"href":"https:\/\/redept.com.br\/blogosfera\/wp-json\/wp\/v2\/media\/60327"}],"wp:attachment":[{"href":"https:\/\/redept.com.br\/blogosfera\/wp-json\/wp\/v2\/media?parent=60326"}],"wp:term":[{"taxonomy":"category","embeddable":true,"href":"https:\/\/redept.com.br\/blogosfera\/wp-json\/wp\/v2\/categories?post=60326"},{"taxonomy":"post_tag","embeddable":true,"href":"https:\/\/redept.com.br\/blogosfera\/wp-json\/wp\/v2\/tags?post=60326"}],"curies":[{"name":"wp","href":"https:\/\/api.w.org\/{rel}","templated":true}]}}