{"id":60531,"date":"2025-10-26T16:30:00","date_gmt":"2025-10-26T19:30:00","guid":{"rendered":"https:\/\/redept.com.br\/blogosfera\/lula-faz-80-anos-as-politicas-publicas-que-transformaram-a-vida-dos-brasileiros\/"},"modified":"2025-10-26T16:30:00","modified_gmt":"2025-10-26T19:30:00","slug":"lula-faz-80-anos-as-politicas-publicas-que-transformaram-a-vida-dos-brasileiros","status":"publish","type":"post","link":"https:\/\/redept.com.br\/blogosfera\/lula-faz-80-anos-as-politicas-publicas-que-transformaram-a-vida-dos-brasileiros\/","title":{"rendered":"Lula faz 80 anos: as pol\u00edticas p\u00fablicas que transformaram a vida dos brasileiros"},"content":{"rendered":"<p>Ao completar 80 anos neste 27 de outubro, o presidente <strong>Luiz In\u00e1cio Lula da Silva<\/strong> chega a uma marca que transcende sua trajet\u00f3ria pol\u00edtica: a de ter conduzido, ao longo de seus governos, uma das mais profundas transforma\u00e7\u00f5es sociais e econ\u00f4micas da hist\u00f3ria recente do Brasil. <\/p>\n<p>De oper\u00e1rio metal\u00fargico a l\u00edder de um projeto de desenvolvimento voltado para a inclus\u00e3o, Lula consolidou uma agenda que colocou milh\u00f5es de brasileiros no mapa da cidadania e do consumo, redefinindo o papel do Estado como agente de combate \u00e0 desigualdade. Relembre as pol\u00edticas criadas e institu\u00eddas durante os tr\u00eas mandatos de Lula com a  <strong><a href=\"https:\/\/tvtnews.com.br\/\">TVT News<\/a><\/strong>.<\/p>\n<h2>Da estabilidade \u00e0 inclus\u00e3o: o in\u00edcio de um novo Brasil<\/h2>\n<p>Quando assumiu a presid\u00eancia em 2003, Lula enfrentava um pa\u00eds desconfiado. O mercado temia rupturas e a sociedade, cansada de promessas frustradas, esperava resultados concretos. Sua resposta veio com uma combina\u00e7\u00e3o in\u00e9dita: responsabilidade fiscal aliada a pol\u00edticas sociais de larga escala.\u00a0<\/p>\n<p>Durante os dois primeiros mandatos (2003\u20132010), o governo quitou antecipadamente a d\u00edvida com o Fundo Monet\u00e1rio Internacional (FMI), acumulou reservas cambiais e garantiu estabilidade macroecon\u00f4mica. A solidez das contas p\u00fablicas abriu espa\u00e7o para o que viria a ser a marca central de sua gest\u00e3o: a inclus\u00e3o social.<\/p>\n<h2>Bolsa Fam\u00edlia: o programa que mudou um pa\u00eds<\/h2>\n<p>Criado em 2003, o Bolsa Fam\u00edlia nasceu da unifica\u00e7\u00e3o de programas anteriores, como o Bolsa Escola, o Bolsa Alimenta\u00e7\u00e3o, o Aux\u00edlio G\u00e1s e o Cart\u00e3o Alimenta\u00e7\u00e3o, que operavam de forma fragmentada e sob diferentes minist\u00e9rios. Com o Bolsa Fam\u00edlia, essas a\u00e7\u00f5es foram integradas em um \u00fanico sistema de transfer\u00eancia de renda, administrado por meio do Cadastro \u00danico, o que permitiu maior efici\u00eancia, transpar\u00eancia e foco nos grupos de menor renda.<\/p>\n<p>A estrutura do programa \u00e9 simples e necess\u00e1ria: trata-se de uma transfer\u00eancia de renda condicionada, voltada para fam\u00edlias em situa\u00e7\u00e3o de pobreza e extrema pobreza. Para receber o benef\u00edcio, as fam\u00edlias precisam manter as crian\u00e7as na escola e cumprir compromissos b\u00e1sicos de sa\u00fade, como a vacina\u00e7\u00e3o infantil e o acompanhamento pr\u00e9-natal das gestantes. Essas condicionalidades transformaram o Bolsa Fam\u00edlia n\u00e3o apenas em um programa de combate \u00e0 fome, mas em uma pol\u00edtica de promo\u00e7\u00e3o da cidadania e de quebra do ciclo intergeracional da pobreza.<\/p>\n<p>Ao longo de sua trajet\u00f3ria, o n\u00famero de benefici\u00e1rios cresceu rapidamente: de cerca de 6 milh\u00f5es de fam\u00edlias em 2004 para mais de 14 milh\u00f5es em 2014, alcan\u00e7ando mais de um quinto da popula\u00e7\u00e3o brasileira. Em 2012, foi criado o Benef\u00edcio de Supera\u00e7\u00e3o da Extrema Pobreza (BSP), que complementava a renda das fam\u00edlias para garantir que ultrapassassem a linha da extrema pobreza.<\/p>\n<p>Ap\u00f3s ser substitu\u00eddo pelo Aux\u00edlio Brasil em 2021, o programa foi retomado em 2023 com uma nova configura\u00e7\u00e3o. O Novo Bolsa Fam\u00edlia estabeleceu um benef\u00edcio base de R$ 600 por fam\u00edlia, acrescido de valores adicionais de R$ 150 para crian\u00e7as de at\u00e9 6 anos e R$ 50 para gestantes, crian\u00e7as e adolescentes de 7 a 18 anos. Essa reformula\u00e7\u00e3o refor\u00e7ou o car\u00e1ter inclusivo do programa e ampliou seu alcance, especialmente entre mulheres negras e fam\u00edlias chefiadas por m\u00e3es solo, grupos que historicamente concentram os maiores \u00edndices de vulnerabilidade social.<\/p>\n<p>O Bolsa Fam\u00edlia \u00e9 amplamente reconhecido por sua efici\u00eancia na focaliza\u00e7\u00e3o: cerca de 70% dos recursos chegam aos 20% mais pobres da popula\u00e7\u00e3o, aponta estudos do Ipea. Essa precis\u00e3o faz do programa uma das transfer\u00eancias de renda mais progressivas do mundo.<\/p>\n<p>Em termos de resultados, os impactos s\u00e3o expressivos. O programa reduziu a pobreza extrema em aproximadamente 25% e contribuiu para quase 10% da queda da desigualdade de renda no pa\u00eds entre 2001 e 2015. Durante o per\u00edodo de maior expans\u00e3o (2001\u20132006), o Bolsa Fam\u00edlia respondeu por at\u00e9 17% da redu\u00e7\u00e3o do \u00edndice de Gini, que mede a desigualdade.<\/p>\n<figure><img fetchpriority=\"high\" fetchpriority=\"high\" decoding=\"async\" width=\"1024\" height=\"617\"src=\"https:\/\/redept.com.br\/blogosfera\/wp-content\/uploads\/2025\/10\/Lula-com-estudantes-na-inauguracao-da-nova-sede-da-Universidade-Federal-Fluminense.jpg\" alt=\"lula-estudantes-inauguracao-nova-sede-universidade-federal-fluminense-uff-campos-ricardo-stuckert-pr-tvt-news\" title=\"Lula faz 80 anos: as pol\u00edticas p\u00fablicas que transformaram a vida dos brasileiros 1\" srcset=\"https:\/\/tvtnews.com.br\/wp-content\/uploads\/2025\/10\/Lula-com-estudantes-na-inauguracao-da-nova-sede-da-Universidade-Federal-Fluminense-1024x617.jpg 1024w, https:\/\/tvtnews.com.br\/wp-content\/uploads\/2025\/10\/Lula-com-estudantes-na-inauguracao-da-nova-sede-da-Universidade-Federal-Fluminense-300x181.jpg 300w, https:\/\/tvtnews.com.br\/wp-content\/uploads\/2025\/10\/Lula-com-estudantes-na-inauguracao-da-nova-sede-da-Universidade-Federal-Fluminense-768x463.jpg 768w, https:\/\/tvtnews.com.br\/wp-content\/uploads\/2025\/10\/Lula-com-estudantes-na-inauguracao-da-nova-sede-da-Universidade-Federal-Fluminense-1536x925.jpg 1536w, https:\/\/redept.com.br\/blogosfera\/wp-content\/uploads\/2025\/10\/Lula-com-estudantes-na-inauguracao-da-nova-sede-da-Universidade-Federal-Fluminense.jpg 1600w\" sizes=\"(max-width: 1024px) 100vw, 1024px\"><figcaption>Lula com estudantes na inaugura\u00e7\u00e3o da nova sede da Universidade Federal Fluminense (UFF Campos). Foto: Ricardo Stuckert\/PR<\/figcaption><\/figure>\n<h2>Educa\u00e7\u00e3o: porta de entrada para a mobilidade social<\/h2>\n<p>Nenhuma pol\u00edtica simboliza melhor o ideal de ascens\u00e3o social dos governos Lula do que as iniciativas na educa\u00e7\u00e3o. Programas como Prouni, Sisu, Fies e a Lei de Cotas abriram as portas do ensino superior para jovens de baixa renda, negros, pardos e ind\u00edgenas. O n\u00famero de estudantes de primeira gera\u00e7\u00e3o nas universidades p\u00fablicas cresceu exponencialmente, alterando o perfil das salas de aula no pa\u00eds.\u00a0<\/p>\n<p>Mais recentemente, Lula ampliou o alcance dessas pol\u00edticas com o P\u00e9-de-Meia, que oferece uma poupan\u00e7a para estudantes do ensino m\u00e9dio, e o Mais Professores, que valoriza a forma\u00e7\u00e3o docente com bolsas mensais e cria uma prova nacional de ingresso na carreira.<\/p>\n<h3>Programa Universidade para Todos (Prouni)<\/h3>\n<p>Criado em 2004, o Prouni permite que estudantes de baixa renda ingressem em universidades privadas por meio de bolsas integrais ou parciais, concedidas em troca de isen\u00e7\u00f5es fiscais \u00e0s institui\u00e7\u00f5es participantes. A sele\u00e7\u00e3o \u00e9 feita com base na nota do Enem e inclui crit\u00e9rios de a\u00e7\u00e3o afirmativa para negros, ind\u00edgenas e pessoas com defici\u00eancia, tornando-se um dos mais importantes mecanismos de inclus\u00e3o universit\u00e1ria do pa\u00eds.<\/p>\n<h3>Sistema de Sele\u00e7\u00e3o Unificada (Sisu)<\/h3>\n<p>O Sisu, lan\u00e7ado em 2010, reorganizou o processo de ingresso nas universidades p\u00fablicas federais, utilizando as notas do Enem como crit\u00e9rio \u00fanico de sele\u00e7\u00e3o. O modelo centralizado garantiu maior transpar\u00eancia, eliminou sobreposi\u00e7\u00f5es de vestibulares e democratizou o acesso \u00e0s institui\u00e7\u00f5es federais, ao mesmo tempo em que fortaleceu a fun\u00e7\u00e3o do Enem como instrumento nacional de avalia\u00e7\u00e3o.<\/p>\n<h3>Fundo de Financiamento Estudantil (Fies)<\/h3>\n<p>J\u00e1 o Fies, embora criado antes do governo Lula, foi ampliado e reformulado para oferecer cr\u00e9dito estudantil a alunos de institui\u00e7\u00f5es privadas com condi\u00e7\u00f5es mais acess\u00edveis de pagamento. Apesar dos avan\u00e7os, o programa enfrentou desafios de inadimpl\u00eancia, o que levou a novas reestrutura\u00e7\u00f5es com o objetivo de equilibrar sustentabilidade fiscal e inclus\u00e3o.<\/p>\n<h3>P\u00e9-de-Meia<\/h3>\n<p>O P\u00e9-de-Meia, lan\u00e7ado em 2024, \u00e9 um programa de incentivo financeiro que funciona como uma poupan\u00e7a educacional. No ensino m\u00e9dio, oferece at\u00e9 R$ 9.200 aos estudantes que frequentam regularmente as aulas e participam de avalia\u00e7\u00f5es como o Enem, buscando reduzir a evas\u00e3o e incentivar a continuidade dos estudos. Sua vers\u00e3o voltada \u00e0s licenciaturas oferece bolsa mensal de R$ 1.050 a estudantes com bom desempenho no Enem, dos quais R$ 350 ficam retidos e s\u00e3o liberados apenas se o graduado ingressar na rede p\u00fablica de ensino ap\u00f3s a formatura, em uma estrat\u00e9gia que liga incentivo financeiro \u00e0 valoriza\u00e7\u00e3o da carreira docente.<\/p>\n<h3>Programa Mais Professores para o Brasil<\/h3>\n<p>Complementando essa agenda, o Mais Professores, criado em 2025, busca atrair e qualificar profissionais para a educa\u00e7\u00e3o b\u00e1sica. Entre suas iniciativas, destaca-se a Prova Nacional Docente (PND), uma esp\u00e9cie de \u201cEnem dos Professores\u201d, que pode ser usada por estados e munic\u00edpios como crit\u00e9rio de sele\u00e7\u00e3o. O programa tamb\u00e9m oferece a Bolsa Mais Professores, de R$ 2.100 mensais, para docentes que atuam em regi\u00f5es com escassez de profissionais, condicionada \u00e0 realiza\u00e7\u00e3o de uma p\u00f3s-gradua\u00e7\u00e3o voltada \u00e0 educa\u00e7\u00e3o b\u00e1sica. Al\u00e9m disso, o Portal de Forma\u00e7\u00e3o centraliza cursos, especializa\u00e7\u00f5es e materiais pedag\u00f3gicos para o aperfei\u00e7oamento cont\u00ednuo dos educadores.<\/p>\n<figure><img decoding=\"async\" width=\"1024\" height=\"618\"src=\"https:\/\/redept.com.br\/blogosfera\/wp-content\/uploads\/2025\/10\/Lula-com-moradores-que-receberam-unidades-do-Minha-Casa-Minha-Vida-no-Rio-Grande-do-Sul.jpg\" alt=\"lula-moradores-receberam-unidades-minha-casa-minha-vida-rio-grande-do-sul-ricardo-stuckert-pr-tvt-news\" title=\"Lula faz 80 anos: as pol\u00edticas p\u00fablicas que transformaram a vida dos brasileiros 2\" srcset=\"https:\/\/tvtnews.com.br\/wp-content\/uploads\/2025\/10\/Lula-com-moradores-que-receberam-unidades-do-Minha-Casa-Minha-Vida-no-Rio-Grande-do-Sul-1024x618.jpg 1024w, https:\/\/tvtnews.com.br\/wp-content\/uploads\/2025\/10\/Lula-com-moradores-que-receberam-unidades-do-Minha-Casa-Minha-Vida-no-Rio-Grande-do-Sul-300x181.jpg 300w, https:\/\/tvtnews.com.br\/wp-content\/uploads\/2025\/10\/Lula-com-moradores-que-receberam-unidades-do-Minha-Casa-Minha-Vida-no-Rio-Grande-do-Sul-768x464.jpg 768w, https:\/\/tvtnews.com.br\/wp-content\/uploads\/2025\/10\/Lula-com-moradores-que-receberam-unidades-do-Minha-Casa-Minha-Vida-no-Rio-Grande-do-Sul-1536x927.jpg 1536w, https:\/\/redept.com.br\/blogosfera\/wp-content\/uploads\/2025\/10\/Lula-com-moradores-que-receberam-unidades-do-Minha-Casa-Minha-Vida-no-Rio-Grande-do-Sul.jpg 1600w\" sizes=\"(max-width: 1024px) 100vw, 1024px\"><figcaption>Lula com moradores que receberam unidades do Minha Casa, Minha Vida no Rio Grande do Sul. Foto: Ricardo Stuckert\/PR<\/figcaption><\/figure>\n<h2>Luz, moradia e dignidade: o Estado chega onde o mercado n\u00e3o<\/h2>\n<p>Lula tamb\u00e9m levou o Estado a regi\u00f5es historicamente negligenciadas. Programas como Luz para Todos levaram energia el\u00e9trica a 16 milh\u00f5es de brasileiros em \u00e1reas rurais, enquanto o Minha Casa, Minha Vida garantiu moradia para milh\u00f5es de fam\u00edlias de baixa renda. J\u00e1 o Programa de Acelera\u00e7\u00e3o do Crescimento (PAC) buscou impulsionar obras de infraestrutura e gerar empregos, com \u00eanfase em habita\u00e7\u00e3o, saneamento e transporte.\u00a0<\/p>\n<p>Na sa\u00fade, o Mais M\u00e9dicos e o Farm\u00e1cia Popular foram decisivos para ampliar o acesso da popula\u00e7\u00e3o a servi\u00e7os b\u00e1sicos e medicamentos. O relan\u00e7amento de ambos em 2023 refor\u00e7ou o compromisso com a universaliza\u00e7\u00e3o do atendimento, integrando assist\u00eancia m\u00e9dica e distribui\u00e7\u00e3o gratuita de rem\u00e9dios para benefici\u00e1rios do Bolsa Fam\u00edlia.<\/p>\n<h3>Programa Luz para Todos<\/h3>\n<p>O Programa Luz para Todos (LPT), lan\u00e7ado em 2003, tinha o objetivo de universalizar o acesso \u00e0 energia el\u00e9trica em \u00e1reas rurais e isoladas do pa\u00eds. Antes de sua cria\u00e7\u00e3o, fam\u00edlias do campo arcavam com at\u00e9 85% dos custos da eletrifica\u00e7\u00e3o, o que gerava endividamento e perpetuava a exclus\u00e3o energ\u00e9tica. Com o LPT, o Estado assumiu o investimento, garantindo um direito b\u00e1sico e ampliando as oportunidades de desenvolvimento econ\u00f4mico e social nessas regi\u00f5es. Em 21 anos de exist\u00eancia, o programa levou energia a 17,5 milh\u00f5es de brasileiros, dos quais cerca de 16 milh\u00f5es sa\u00edram literalmente da escurid\u00e3o.\u00a0<\/p>\n<h3>Minha Casa, Minha Vida<\/h3>\n<p>Criado em 2009, o Minha Casa, Minha Vida (MCMV) \u00e9 a principal pol\u00edtica habitacional de interesse social do pa\u00eds. Mais do que reduzir o d\u00e9ficit de moradias, o programa funciona como uma engrenagem de desenvolvimento, articulando investimento p\u00fablico, gera\u00e7\u00e3o de emprego e dinamiza\u00e7\u00e3o da constru\u00e7\u00e3o civil. Desde sua cria\u00e7\u00e3o, o MCMV j\u00e1 entregou 8,4 milh\u00f5es de resid\u00eancias em todo o territ\u00f3rio nacional, tornando-se uma das maiores iniciativas habitacionais do mundo. Em sua nova fase, relan\u00e7ada em 2023, o programa prioriza a retomada e conclus\u00e3o de obras paralisadas, com uma meta de 2,17 milh\u00f5es de unidades, sendo 1,26 milh\u00e3o contratadas at\u00e9 o final de 2024.<\/p>\n<h3>Programa Mais M\u00e9dicos<\/h3>\n<p>Institu\u00eddo em 2013, o Mais M\u00e9dicos foi concebido para enfrentar a car\u00eancia de profissionais em \u00e1reas remotas e vulner\u00e1veis. Em seu auge, em 2014, mobilizou 18.240 m\u00e9dicos em mais de quatro mil munic\u00edpios e 34 Distritos Sanit\u00e1rios Especiais Ind\u00edgenas, atendendo cerca de 48 milh\u00f5es de pessoas. Ap\u00f3s um per\u00edodo de enfraquecimento entre 2016 e 2022, o programa foi revitalizado a partir de 2023, ampliando sua meta para 28 mil vagas em 4.547 munic\u00edpios. A nova fase refor\u00e7a a aten\u00e7\u00e3o \u00e0 sa\u00fade ind\u00edgena, prisional e \u00e0s regi\u00f5es de dif\u00edcil provimento, alcan\u00e7ando potencialmente 73 milh\u00f5es de brasileiros. O programa tamb\u00e9m passou a contar com o Mais M\u00e9dicos Especialistas, que integra forma\u00e7\u00e3o e pr\u00e1tica, estimulando a fixa\u00e7\u00e3o de profissionais nas \u00e1reas mais carentes.<\/p>\n<h3>Farm\u00e1cia Popular<\/h3>\n<p>Complementando o cuidado em sa\u00fade, o Farm\u00e1cia Popular foi criado em 2004 com a miss\u00e3o de garantir acesso a medicamentos essenciais a baixo custo. Apesar de sofrer descontinuidades e cortes em gest\u00f5es posteriores, o programa foi reestruturado em 2023 pelo Decreto n\u00ba 11.555, que restabeleceu sua for\u00e7a social. A nova fase introduziu a gratuidade total dos medicamentos para benefici\u00e1rios do Bolsa Fam\u00edlia, refor\u00e7ando o princ\u00edpio de que o acesso \u00e0 sa\u00fade deve ser universal e gratuito.<\/p>\n<figure><img decoding=\"async\" width=\"1024\" height=\"462\"src=\"https:\/\/redept.com.br\/blogosfera\/wp-content\/uploads\/2025\/10\/Lula-em-discurso-com-o-publico-na-Estacao-Ferroviaria-do-Forro.jpg\" alt=\"lula-discurso-publico-estacao-ferroviaria-forro-salgueiro-pernambuco-ricardo-stuckert-pr-tvt-news\n\" title=\"Lula faz 80 anos: as pol\u00edticas p\u00fablicas que transformaram a vida dos brasileiros 3\" srcset=\"https:\/\/tvtnews.com.br\/wp-content\/uploads\/2025\/10\/Lula-em-discurso-com-o-publico-na-Estacao-Ferroviaria-do-Forro-1024x462.jpg 1024w, https:\/\/tvtnews.com.br\/wp-content\/uploads\/2025\/10\/Lula-em-discurso-com-o-publico-na-Estacao-Ferroviaria-do-Forro-300x135.jpg 300w, https:\/\/tvtnews.com.br\/wp-content\/uploads\/2025\/10\/Lula-em-discurso-com-o-publico-na-Estacao-Ferroviaria-do-Forro-768x347.jpg 768w, https:\/\/tvtnews.com.br\/wp-content\/uploads\/2025\/10\/Lula-em-discurso-com-o-publico-na-Estacao-Ferroviaria-do-Forro-1536x693.jpg 1536w, https:\/\/redept.com.br\/blogosfera\/wp-content\/uploads\/2025\/10\/Lula-em-discurso-com-o-publico-na-Estacao-Ferroviaria-do-Forro.jpg 2048w\" sizes=\"(max-width: 1024px) 100vw, 1024px\"><figcaption>Lula em discurso com o p\u00fablico na Esta\u00e7\u00e3o Ferrovi\u00e1ria do Forr\u00f3, em Salgueiro, no Pernambuco. Foto: Ricardo Stuckert\/PR<\/figcaption><\/figure>\n<h2>Lula 3: reconstru\u00e7\u00e3o e novos desafios<\/h2>\n<p>O retorno de Lula ao poder em 2023 marcou o in\u00edcio de uma fase de reconstru\u00e7\u00e3o nacional. O cen\u00e1rio pol\u00edtico, no entanto, \u00e9 mais desafiador do que vinte anos atr\u00e1s: um Congresso de maioria conservadora, um or\u00e7amento mais engessado e uma economia global em transforma\u00e7\u00e3o. Apesar das complexidades, o governo lan\u00e7ou programas estruturais de grande alcance, como o Desenrola Brasil, que renegociou R$ 53 bilh\u00f5es em d\u00edvidas de fam\u00edlias endividadas, e a Nova Ind\u00fastria Brasil, voltada \u00e0 reindustrializa\u00e7\u00e3o sustent\u00e1vel e \u00e0 transi\u00e7\u00e3o verde.\u00a0<\/p>\n<p>A Reforma Tribut\u00e1ria, aprovada com apoio do governo, vai simplificar e unificar a tributa\u00e7\u00e3o sobre bens e servi\u00e7os, modernizando o sistema, al\u00e9m de devolver parte dos impostos pagos por fam\u00edlias de baixa renda.<\/p>\n<h2>O legado de Lula: inclus\u00e3o como pol\u00edtica de Estado<\/h2>\n<p>Ao longo de duas d\u00e9cadas, Lula deixou uma marca duradoura: mostrou que crescimento econ\u00f4mico e justi\u00e7a social n\u00e3o s\u00e3o objetivos opostos. Sob seus governos, o Brasil viu a maior redu\u00e7\u00e3o da desigualdade de sua hist\u00f3ria, consolidando pol\u00edticas p\u00fablicas que sobreviveram a diferentes conjunturas e governos.\u00a0<\/p>\n<p>Agora, aos 80 anos, o desafio que se imp\u00f5e \u00e9 transformar esse legado em um novo ciclo de desenvolvimento sustent\u00e1vel, que seja capaz de combinar inclus\u00e3o, produtividade e inova\u00e7\u00e3o. Lula chega a essa idade n\u00e3o apenas como personagem hist\u00f3rico, mas como s\u00edmbolo de um pa\u00eds que volta a ter esperan\u00e7a.\u00a0<\/p>\n<\/p>\n<p>The post <a rel=\"nofollow\" href=\"https:\/\/tvtnews.com.br\/lula-80-anos-politicas-publicas-transformaram-vidas\/\">Lula faz 80 anos: as pol\u00edticas p\u00fablicas que transformaram a vida dos brasileiros<\/a> appeared first on <a rel=\"nofollow\" href=\"https:\/\/tvtnews.com.br\/\">TVT News<\/a>.<\/p>\n<!-- Begin Yuzo --><div class='yuzo_related_post style-1'  data-version='5.12.89'><!-- without result --><div class='yuzo_clearfixed yuzo__title yuzo__title'><h3>Related Post<\/h3><\/div>\n\t\t\t\t\t\t  <div class=\"relatedthumb \" style=\"width:125px;float:left;overflow:hidden;\">  \n\t\t\t\t\t\t\t  \n\t\t\t\t\t\t\t  <a  href=\"https:\/\/sul21.com.br\/noticias\/geral\/2025\/09\/bolsonaro-recebe-alta-e-e-diagnosticado-com-cancer-de-pele-em-estagio-inicial\/\"  >\n\t\t\t\t\t\t\t\t\t  <div class=\"yuzo-img-wrap \" style=\"width: 125px;height:90px;\">\n\t\t\t\t\t\t\t\t\t\t\n\t\t\t\t\t\t\t\t\t\t<div class=\"yuzo-img\" style=\"background:url('https:\/\/agenciabrasil.ebc.com.br\/ebc.png?id=1659171&amp;o=node') 50% 50% no-repeat;width: 125px;height:90px;margin-bottom: 5px;background-size: cover; \"><\/div>\n\t\t\t\t\t\t\t\t\t  <\/div>\n\t\t\t\t\t\t\t\t\t  \n\t\t\t\t\t\t\t\t   <span class=\"yuzo__text--title\" style=\"font-size:13px;\">Bolsonaro recebe alta e \u00e9 diagnosticado com c\u00e2ncer...<\/span>\n\t\t\t\t\t\t\t  \n\t\t\t\t\t\t\t  \n\t\t\t\t\t\t\t  <\/a>\n\n\t\t\t\t\t\t  <\/div>\n\t\t\t\t\t\t  <div class=\"relatedthumb \" style=\"width:125px;float:left;overflow:hidden;\">  \n\t\t\t\t\t\t\t  \n\t\t\t\t\t\t\t  <a  href=\"https:\/\/redept.com.br\/blogosfera\/um-mes-de-mobilizacoes-no-panama-marcado-por-rejeicao-social-e-repressao-estatal\/\"  >\n\t\t\t\t\t\t\t\t\t  <div class=\"yuzo-img-wrap \" style=\"width: 125px;height:90px;\">\n\t\t\t\t\t\t\t\t\t\t\n\t\t\t\t\t\t\t\t\t\t<div class=\"yuzo-img\" style=\"background:url('https:\/\/redept.org\/blogosfera\/wp-content\/plugins\/yuzo-related-post\/assets\/images\/default.png') 50% 50% no-repeat;width: 125px;height:90px;margin-bottom: 5px;background-size: cover; \"><\/div>\n\t\t\t\t\t\t\t\t\t  <\/div>\n\t\t\t\t\t\t\t\t\t  \n\t\t\t\t\t\t\t\t   <span class=\"yuzo__text--title\" style=\"font-size:13px;\">Um m\u00eas de mobiliza\u00e7\u00f5es no Panam\u00e1 marcado por rejei...<\/span>\n\t\t\t\t\t\t\t  \n\t\t\t\t\t\t\t  \n\t\t\t\t\t\t\t  <\/a>\n\n\t\t\t\t\t\t  <\/div>\n\t\t\t\t\t\t  <div class=\"relatedthumb \" style=\"width:125px;float:left;overflow:hidden;\">  \n\t\t\t\t\t\t\t  \n\t\t\t\t\t\t\t  <a  href=\"https:\/\/redept.com.br\/blogosfera\/petroleo-desperta-o-lado-trump-de-lula\/\"  >\n\t\t\t\t\t\t\t\t\t  <div class=\"yuzo-img-wrap \" style=\"width: 125px;height:90px;\">\n\t\t\t\t\t\t\t\t\t\t\n\t\t\t\t\t\t\t\t\t\t<div class=\"yuzo-img\" style=\"background:url('https:\/\/redept.org\/blogosfera\/wp-content\/plugins\/yuzo-related-post\/assets\/images\/default.png') 50% 50% no-repeat;width: 125px;height:90px;margin-bottom: 5px;background-size: cover; \"><\/div>\n\t\t\t\t\t\t\t\t\t  <\/div>\n\t\t\t\t\t\t\t\t\t  \n\t\t\t\t\t\t\t\t   <span class=\"yuzo__text--title\" style=\"font-size:13px;\">Petr\u00f3leo desperta o lado Trump de Lula<\/span>\n\t\t\t\t\t\t\t  \n\t\t\t\t\t\t\t  \n\t\t\t\t\t\t\t  <\/a>\n\n\t\t\t\t\t\t  <\/div>\n\t\t\t\t\t\t  <div class=\"relatedthumb \" style=\"width:125px;float:left;overflow:hidden;\">  \n\t\t\t\t\t\t\t  \n\t\t\t\t\t\t\t  <a  href=\"https:\/\/redept.com.br\/blogosfera\/libano-anuncia-ex-presidente-do-tribunal-de-haia-como-primeiro-ministro\/\"  >\n\t\t\t\t\t\t\t\t\t  <div class=\"yuzo-img-wrap \" style=\"width: 125px;height:90px;\">\n\t\t\t\t\t\t\t\t\t\t\n\t\t\t\t\t\t\t\t\t\t<div class=\"yuzo-img\" style=\"background:url('https:\/\/redept.com.br\/blogosfera\/wp-content\/uploads\/2025\/02\/unnamed-file-150x150.jpg') 50% 50% no-repeat;width: 125px;height:90px;margin-bottom: 5px;background-size: cover; \"><\/div>\n\t\t\t\t\t\t\t\t\t  <\/div>\n\t\t\t\t\t\t\t\t\t  \n\t\t\t\t\t\t\t\t   <span class=\"yuzo__text--title\" style=\"font-size:13px;\">L\u00edbano anuncia ex-presidente do Tribunal de Haia c...<\/span>\n\t\t\t\t\t\t\t  \n\t\t\t\t\t\t\t  \n\t\t\t\t\t\t\t  <\/a>\n\n\t\t\t\t\t\t  <\/div>\n<\/div> <script>\n\t\t\t\t\t\t  jQuery(document).ready(function( $ ){\n\t\t\t\t\t\t\t\/\/jQuery('.yuzo_related_post').equalizer({ overflow : 'relatedthumb' });\n\t\t\t\t\t\t\tjQuery('.yuzo_related_post .yuzo_wraps').equalizer({ columns : '> div' });\n\t\t\t\t\t\t   })\n\t\t\t\t\t\t  <\/script> <!-- End Yuzo :) -->","protected":false},"excerpt":{"rendered":"<p>Ao completar 80 anos neste 27 de outubro, o presidente Luiz In\u00e1cio Lula da Silva chega a uma marca que transcende sua trajet\u00f3ria pol\u00edtica: a de ter conduzido, ao longo de seus governos, uma das mais profundas transforma\u00e7\u00f5es sociais e econ\u00f4micas da hist\u00f3ria recente do Brasil. De oper\u00e1rio metal\u00fargico a l\u00edder de um projeto de [&hellip;]<\/p>\n","protected":false},"author":2,"featured_media":0,"comment_status":"open","ping_status":"closed","sticky":false,"template":"","format":"standard","meta":{"fifu_image_url":"","fifu_image_alt":"","footnotes":""},"categories":[264,472,112,26799,132],"tags":[],"class_list":["post-60531","post","type-post","status-publish","format-standard","hentry","category-cidadania","category-destaque-ahome","category-lula","category-lula-80-anos","category-politica"],"_links":{"self":[{"href":"https:\/\/redept.com.br\/blogosfera\/wp-json\/wp\/v2\/posts\/60531","targetHints":{"allow":["GET"]}}],"collection":[{"href":"https:\/\/redept.com.br\/blogosfera\/wp-json\/wp\/v2\/posts"}],"about":[{"href":"https:\/\/redept.com.br\/blogosfera\/wp-json\/wp\/v2\/types\/post"}],"author":[{"embeddable":true,"href":"https:\/\/redept.com.br\/blogosfera\/wp-json\/wp\/v2\/users\/2"}],"replies":[{"embeddable":true,"href":"https:\/\/redept.com.br\/blogosfera\/wp-json\/wp\/v2\/comments?post=60531"}],"version-history":[{"count":0,"href":"https:\/\/redept.com.br\/blogosfera\/wp-json\/wp\/v2\/posts\/60531\/revisions"}],"wp:attachment":[{"href":"https:\/\/redept.com.br\/blogosfera\/wp-json\/wp\/v2\/media?parent=60531"}],"wp:term":[{"taxonomy":"category","embeddable":true,"href":"https:\/\/redept.com.br\/blogosfera\/wp-json\/wp\/v2\/categories?post=60531"},{"taxonomy":"post_tag","embeddable":true,"href":"https:\/\/redept.com.br\/blogosfera\/wp-json\/wp\/v2\/tags?post=60531"}],"curies":[{"name":"wp","href":"https:\/\/api.w.org\/{rel}","templated":true}]}}