{"id":60769,"date":"2025-10-27T18:55:03","date_gmt":"2025-10-27T21:55:03","guid":{"rendered":"https:\/\/redept.com.br\/blogosfera\/onibus-com-torcedores-do-flamengo-tomba-na-via-dutra\/"},"modified":"2025-10-27T18:55:03","modified_gmt":"2025-10-27T21:55:03","slug":"onibus-com-torcedores-do-flamengo-tomba-na-via-dutra","status":"publish","type":"post","link":"https:\/\/redept.com.br\/blogosfera\/onibus-com-torcedores-do-flamengo-tomba-na-via-dutra\/","title":{"rendered":"\u00d4nibus com torcedores do Flamengo tomba na Via Dutra"},"content":{"rendered":"<p>Um \u00f4nibus com torcedores do <a href=\"https:\/\/tvtnews.com.br\/justica-absolve-reus-incendio-no-ninho-do-urubu\/\" data-type=\"post\" data-id=\"768216\">Flamengo<\/a> que seguiam para a <a href=\"https:\/\/tvtnews.com.br\/tag\/argentina\/\" data-type=\"post_tag\" data-id=\"4427\">Argentina<\/a> para acompanharem o jogo entre o Rubro-Negro e o Racing (Argentina) v\u00e1lido pelas semifinais da <a href=\"https:\/\/tvtnews.com.br\/semifinais-da-libertadores-datas-duelos-chaveamento\/\" data-type=\"post\" data-id=\"765622\">Copa Libertadores<\/a>, sofreu um acidente na tarde desta segunda-feira (27) na Via Dutra. Segundo informa\u00e7\u00f5es da concession\u00e1ria da rodovia, h\u00e1 46 feridos, quatro em estado grave. <\/p>\n<p>Leia em <a href=\"http:\/\/tvtntews.com.br\/\" data-type=\"link\" data-id=\"tvtntews.com.br\" target=\"_blank\" rel=\"noopener noreferrer nofollow\">TVT News<\/a>, com informa\u00e7\u00f5es da Ag\u00eancia Brasil e AFP<\/p>\n<h2>Torcedores do Flamengo ficam feridos em acidente com \u00f4nibus que ia para Argentina<\/h2>\n<p>Torcedores do Flamengo ficaram feridos nesta segunda-feira no acidente envolvendo um \u00f4nibus que transportava torcedores do Flamengo que viajava do Brasil para a Argentina para a partida da sele\u00e7\u00e3o brasileira contra o <a href=\"https:\/\/tvtnews.com.br\/saiba-quais-sao-clubes-classificados-mundial-2029\/\" data-type=\"post\" data-id=\"756412\">Racing<\/a>, na quarta-feira, pelas semifinais da Copa Libertadores, informaram autoridades.<\/p>\n<p>\u201cO Centro de Controle Operacional da RioSP foi acionado nesta segunda-feira, \u00e0s 15h51 [hor\u00e1rio de Bras\u00edlia], para atender o tombamento de um \u00f4nibus no qil\u00f4metro 281 da Via Dutra, pista sentido S\u00e3o Paulo, no munic\u00edpio de Barra Mansa [RJ]. O Corpo de Bombeiros e as equipes de opera\u00e7\u00f5es e resgate da concession\u00e1ria est\u00e3o no local para orientar o tr\u00e1fego e prestar atendimento \u00e0s v\u00edtimas\u201d, informou a assessoria de imprensa da Motiva Rodovias em nota enviada \u00e0\u00a0<strong>Ag\u00eancia Brasil<\/strong>.<\/p>\n<p>Segundo a empresa que administra a Dutra, \u201cforam registradas 46 v\u00edtimas, sendo 32 leves, 10 moderadas e quatro\u00a0graves. A per\u00edcia est\u00e1 no local e o destombamento ser\u00e1 realizado pela equipe de opera\u00e7\u00f5es da concession\u00e1ria\u201d.<\/p>\n<p>O Flamengo tamb\u00e9m se manifestou sobre o acidente com seus torcedores. \u201cO Flamengo tomou conhecimento do acidente que ocorreu com o \u00f4nibus de torcedores que seguiam para Buenos Aires e entrou em contato com o Prefeito de Barra Mansa, Luiz Furlani, que prontamente colocou \u00e0 disposi\u00e7\u00e3o o Hospital Municipal e a Santa Casa para atendimento aos acidentados. O clube tamb\u00e9m acionou o Comando Geral do Corpo de Bombeiros e est\u00e1 em contato direto com a Superintend\u00eancia da PRF Rio, acompanhando todas as provid\u00eancias no local\u201d, diz o Rubro-Negro em nota.<\/p>\n<p>O Flamengo enfrenta o Racing na pr\u00f3xima quarta-feira (29), a partir das 21h30, no est\u00e1dio El Cilindro, em Avellaneda, no jogo de volta das semifinais da Copa Libertadores da Am\u00e9rica. No confronto de ida o Rubro-Negro triunfou por 1 a 0.<\/p>\n<p>Fotos e v\u00eddeos do \u00f4nibus, atravessado de lado no meio da rua, viralizaram nas redes sociais. O acidente ocorreu por volta das 16h.<\/p>\n<\/p>\n<p>Com informa\u00e7\u00f5es da Ag\u00eancia Brasil e da AFP<\/p>\n<\/p>\n<p>The post <a rel=\"nofollow\" href=\"https:\/\/tvtnews.com.br\/onibus-torcedores-do-flamengo-tomba-na-via-dutra\/\">\u00d4nibus com torcedores do Flamengo tomba na Via Dutra<\/a> appeared first on <a rel=\"nofollow\" href=\"https:\/\/tvtnews.com.br\/\">TVT News<\/a>.<\/p>\n<!-- Begin Yuzo --><div class='yuzo_related_post style-1'  data-version='5.12.89'><!-- without result --><div class='yuzo_clearfixed yuzo__title yuzo__title'><h3>Related Post<\/h3><\/div>\n\t\t\t\t\t\t  <div class=\"relatedthumb \" style=\"width:125px;float:left;overflow:hidden;\">  \n\t\t\t\t\t\t\t  \n\t\t\t\t\t\t\t  <a  href=\"https:\/\/redept.com.br\/blogosfera\/protestos-contra-trump-explodem-nos-eua-e-viram-movimento-nacional\/\"  >\n\t\t\t\t\t\t\t\t\t  <div class=\"yuzo-img-wrap \" style=\"width: 125px;height:90px;\">\n\t\t\t\t\t\t\t\t\t\t\n\t\t\t\t\t\t\t\t\t\t<div class=\"yuzo-img\" style=\"background:url('https:\/\/redept.com.br\/blogosfera\/wp-content\/uploads\/2025\/06\/image-14-1-150x150.png') 50% 50% no-repeat;width: 125px;height:90px;margin-bottom: 5px;background-size: cover; \"><\/div>\n\t\t\t\t\t\t\t\t\t  <\/div>\n\t\t\t\t\t\t\t\t\t  \n\t\t\t\t\t\t\t\t   <span class=\"yuzo__text--title\" style=\"font-size:13px;\">Protestos contra Trump explodem nos EUA e viram mo...<\/span>\n\t\t\t\t\t\t\t  \n\t\t\t\t\t\t\t  \n\t\t\t\t\t\t\t  <\/a>\n\n\t\t\t\t\t\t  <\/div>\n\t\t\t\t\t\t  <div class=\"relatedthumb \" style=\"width:125px;float:left;overflow:hidden;\">  \n\t\t\t\t\t\t\t  \n\t\t\t\t\t\t\t  <a  href=\"https:\/\/redept.com.br\/blogosfera\/cop30-filme-sobre-contaminacao-por-mercurio-na-amazonia-tem-sessoes-especiais\/\"  >\n\t\t\t\t\t\t\t\t\t  <div class=\"yuzo-img-wrap \" style=\"width: 125px;height:90px;\">\n\t\t\t\t\t\t\t\t\t\t\n\t\t\t\t\t\t\t\t\t\t<div class=\"yuzo-img\" style=\"background:url('https:\/\/redept.org\/blogosfera\/wp-content\/plugins\/yuzo-related-post\/assets\/images\/default.png') 50% 50% no-repeat;width: 125px;height:90px;margin-bottom: 5px;background-size: cover; \"><\/div>\n\t\t\t\t\t\t\t\t\t  <\/div>\n\t\t\t\t\t\t\t\t\t  \n\t\t\t\t\t\t\t\t   <span class=\"yuzo__text--title\" style=\"font-size:13px;\">COP30: Filme sobre contamina\u00e7\u00e3o por merc\u00fario na Am...<\/span>\n\t\t\t\t\t\t\t  \n\t\t\t\t\t\t\t  \n\t\t\t\t\t\t\t  <\/a>\n\n\t\t\t\t\t\t  <\/div>\n\t\t\t\t\t\t  <div class=\"relatedthumb \" style=\"width:125px;float:left;overflow:hidden;\">  \n\t\t\t\t\t\t\t  \n\t\t\t\t\t\t\t  <a  href=\"https:\/\/redept.com.br\/blogosfera\/grupos-compartilham-desinformacao-sobre-autismo-para-lucrar-com-cura-milagrosa-diz-pesquisador-da-fgv\/\"  >\n\t\t\t\t\t\t\t\t\t  <div class=\"yuzo-img-wrap \" style=\"width: 125px;height:90px;\">\n\t\t\t\t\t\t\t\t\t\t\n\t\t\t\t\t\t\t\t\t\t<div class=\"yuzo-img\" style=\"background:url('https:\/\/redept.org\/blogosfera\/wp-content\/plugins\/yuzo-related-post\/assets\/images\/default.png') 50% 50% no-repeat;width: 125px;height:90px;margin-bottom: 5px;background-size: cover; \"><\/div>\n\t\t\t\t\t\t\t\t\t  <\/div>\n\t\t\t\t\t\t\t\t\t  \n\t\t\t\t\t\t\t\t   <span class=\"yuzo__text--title\" style=\"font-size:13px;\">Grupos compartilham desinforma\u00e7\u00e3o sobre autismo pa...<\/span>\n\t\t\t\t\t\t\t  \n\t\t\t\t\t\t\t  \n\t\t\t\t\t\t\t  <\/a>\n\n\t\t\t\t\t\t  <\/div>\n\t\t\t\t\t\t  <div class=\"relatedthumb \" style=\"width:125px;float:left;overflow:hidden;\">  \n\t\t\t\t\t\t\t  \n\t\t\t\t\t\t\t  <a  href=\"https:\/\/redept.com.br\/blogosfera\/lula-vai-ao-panama-participar-do-forum-economico-da-al-e-caribe\/\"  >\n\t\t\t\t\t\t\t\t\t  <div class=\"yuzo-img-wrap \" style=\"width: 125px;height:90px;\">\n\t\t\t\t\t\t\t\t\t\t\n\t\t\t\t\t\t\t\t\t\t<div class=\"yuzo-img\" style=\"background:url('https:\/\/redept.org\/blogosfera\/wp-content\/plugins\/yuzo-related-post\/assets\/images\/default.png') 50% 50% no-repeat;width: 125px;height:90px;margin-bottom: 5px;background-size: cover; \"><\/div>\n\t\t\t\t\t\t\t\t\t  <\/div>\n\t\t\t\t\t\t\t\t\t  \n\t\t\t\t\t\t\t\t   <span class=\"yuzo__text--title\" style=\"font-size:13px;\">Lula vai ao Panam\u00e1 participar do F\u00f3rum Econ\u00f4mico d...<\/span>\n\t\t\t\t\t\t\t  \n\t\t\t\t\t\t\t  \n\t\t\t\t\t\t\t  <\/a>\n\n\t\t\t\t\t\t  <\/div>\n<\/div> <script>\n\t\t\t\t\t\t  jQuery(document).ready(function( $ ){\n\t\t\t\t\t\t\t\/\/jQuery('.yuzo_related_post').equalizer({ overflow : 'relatedthumb' });\n\t\t\t\t\t\t\tjQuery('.yuzo_related_post .yuzo_wraps').equalizer({ columns : '> div' });\n\t\t\t\t\t\t   })\n\t\t\t\t\t\t  <\/script> <!-- End Yuzo :) -->","protected":false},"excerpt":{"rendered":"<p>Um \u00f4nibus com torcedores do Flamengo que seguiam para a Argentina para acompanharem o jogo entre o Rubro-Negro e o Racing (Argentina) v\u00e1lido pelas semifinais da Copa Libertadores, sofreu um acidente na tarde desta segunda-feira (27) na Via Dutra. Segundo informa\u00e7\u00f5es da concession\u00e1ria da rodovia, h\u00e1 46 feridos, quatro em estado grave. Leia em TVT [&hellip;]<\/p>\n","protected":false},"author":2,"featured_media":0,"comment_status":"open","ping_status":"closed","sticky":false,"template":"","format":"standard","meta":{"fifu_image_url":"","fifu_image_alt":"","footnotes":""},"categories":[272,489,1507,227,2921],"tags":[],"class_list":["post-60769","post","type-post","status-publish","format-standard","hentry","category-argentina","category-destaque-pequeno","category-esportes","category-futebol","category-transportes"],"_links":{"self":[{"href":"https:\/\/redept.com.br\/blogosfera\/wp-json\/wp\/v2\/posts\/60769","targetHints":{"allow":["GET"]}}],"collection":[{"href":"https:\/\/redept.com.br\/blogosfera\/wp-json\/wp\/v2\/posts"}],"about":[{"href":"https:\/\/redept.com.br\/blogosfera\/wp-json\/wp\/v2\/types\/post"}],"author":[{"embeddable":true,"href":"https:\/\/redept.com.br\/blogosfera\/wp-json\/wp\/v2\/users\/2"}],"replies":[{"embeddable":true,"href":"https:\/\/redept.com.br\/blogosfera\/wp-json\/wp\/v2\/comments?post=60769"}],"version-history":[{"count":0,"href":"https:\/\/redept.com.br\/blogosfera\/wp-json\/wp\/v2\/posts\/60769\/revisions"}],"wp:attachment":[{"href":"https:\/\/redept.com.br\/blogosfera\/wp-json\/wp\/v2\/media?parent=60769"}],"wp:term":[{"taxonomy":"category","embeddable":true,"href":"https:\/\/redept.com.br\/blogosfera\/wp-json\/wp\/v2\/categories?post=60769"},{"taxonomy":"post_tag","embeddable":true,"href":"https:\/\/redept.com.br\/blogosfera\/wp-json\/wp\/v2\/tags?post=60769"}],"curies":[{"name":"wp","href":"https:\/\/api.w.org\/{rel}","templated":true}]}}