{"id":60805,"date":"2025-10-27T14:00:14","date_gmt":"2025-10-27T17:00:14","guid":{"rendered":"https:\/\/redept.com.br\/blogosfera\/presidente-da-guatemala-denuncia-tentativa-de-golpe-do-judiciario\/"},"modified":"2025-10-27T14:00:14","modified_gmt":"2025-10-27T17:00:14","slug":"presidente-da-guatemala-denuncia-tentativa-de-golpe-do-judiciario","status":"publish","type":"post","link":"https:\/\/redept.com.br\/blogosfera\/presidente-da-guatemala-denuncia-tentativa-de-golpe-do-judiciario\/","title":{"rendered":"Presidente da Guatemala denuncia tentativa de golpe do Judici\u00e1rio"},"content":{"rendered":"<p>O presidente da Guatemala, Bernardo Ar\u00e9valo, denunciou neste domingo (26\/10) uma tentativa de golpe de Estado vinda do Sistema Judici\u00e1rio do pa\u00eds.<\/p>\n<p>O presidente guatemalteco acusou a procuradora-geral, Consuelo Porras, e o juiz do Minist\u00e9rio P\u00fablico (MP), Freddy Orellana, de tentarem alterar a ordem constitucional do pa\u00eds, acusando-os de fazer parte e proteger a corrup\u00e7\u00e3o que assola a Guatemala h\u00e1 d\u00e9cadas.<\/p>\n<p>\u201cA alian\u00e7a criminosa dentro do Minist\u00e9rio P\u00fablico e de certas \u00e1reas do sistema judici\u00e1rio busca perturbar a ordem democr\u00e1tica\u201d, denunciou.<\/p>\n<blockquote>\n<p dir=\"ltr\" lang=\"es\">El presidente @BArevalodeLeon dirigi\u00f3 un mensaje a la naci\u00f3n para informar acciones en beneficio de la democracia. \ud83e\udef1\ud83c\udffb\u200d\ud83e\udef2\ud83c\udffd pic.twitter.com\/jVF86C2cjw<\/p>\n<p>\u2014 Gobierno de Guatemala \ud83c\uddec\ud83c\uddf9 (@GuatemalaGob) October 27, 2025<\/p>\n<\/blockquote>\n<p>Ar\u00e9valo denunciou que Orellana, a quem descreveu como \u201cum assassino de aluguel a servi\u00e7o de Porras\u201d, est\u00e1 tentando for\u00e7ar o Tribunal Supremo Eleitoral (TSE) a distorcer os resultados das elei\u00e7\u00f5es e anular a elei\u00e7\u00e3o de pol\u00edticos do partido.<\/p>\n<p>\u201cA investida judicial que est\u00e3o lan\u00e7ando com a\u00e7\u00f5es ilegais demonstra a mesma inten\u00e7\u00e3o: impedir a restaura\u00e7\u00e3o das institui\u00e7\u00f5es democr\u00e1ticas, criar condi\u00e7\u00f5es para corromper os processos eleitorais para os \u00f3rg\u00e3os judiciais e de fiscaliza\u00e7\u00e3o previstos para 2026 e enterrar a possibilidade de elei\u00e7\u00f5es livres, transparentes e justas em 2027\u2033, alertou o presidente.<\/p>\n<p>Segundo Ar\u00e9valo, \u201cPorras, Orellana e seus outros conspiradores pat\u00e9ticos criaram um contexto de terror para afundar\u201d a Guatemala. \u201cEles fizeram isso usando processos judiciais ileg\u00edtimos para prender e torturar cidad\u00e3os honestos, tentando desencorajar a defesa da democracia e buscando obter falsas confiss\u00f5es e acusa\u00e7\u00f5es como ferramenta para um golpe de Estado\u201d, acrescentou.<\/p>\n<p>Diante da amea\u00e7a, o mandat\u00e1rio progressista pediu que o Supremo Tribunal de Justi\u00e7a (STJ) destitua Orellana, e solicitou uma reuni\u00e3o com a Organiza\u00e7\u00e3o dos Estados Americanos (OEA) para que os abusos do Judici\u00e1rio guatemalteco sejam expostos.<\/p>\n<p>Tamb\u00e9m exigiu que a OEA \u201caplique os procedimentos estabelecidos na Carta Democr\u00e1tica para enfrentar as amea\u00e7as \u00e0 democracia\u201d, como visitas de observadores, avalia\u00e7\u00f5es e relat\u00f3rios.<\/p>\n<p>Ar\u00e9valo tamb\u00e9m pediu \u00e0 comunidade internacional que \u201cpermane\u00e7a vigilante\u201d sobre a situa\u00e7\u00e3o no pa\u00eds centro-americano.<\/p>\n<figure aria-describedby=\"caption-attachment-235778\"><img loading=\"lazy\" loading=\"lazy\" decoding=\"async\"src=\"https:\/\/redept.com.br\/blogosfera\/wp-content\/uploads\/2025\/10\/gxxo9hjw4aam4uu.jpg\" alt=\"\" width=\"2048\" height=\"1366\" srcset=\"https:\/\/redept.com.br\/blogosfera\/wp-content\/uploads\/2025\/10\/gxxo9hjw4aam4uu.jpg 2048w, https:\/\/operamundi.uol.com.br\/wp-content\/uploads\/2025\/10\/gxxo9hjw4aam4uu-300x200.jpg 300w, https:\/\/operamundi.uol.com.br\/wp-content\/uploads\/2025\/10\/gxxo9hjw4aam4uu-1024x683.jpg 1024w, https:\/\/operamundi.uol.com.br\/wp-content\/uploads\/2025\/10\/gxxo9hjw4aam4uu-768x512.jpg 768w, https:\/\/operamundi.uol.com.br\/wp-content\/uploads\/2025\/10\/gxxo9hjw4aam4uu-1536x1025.jpg 1536w, https:\/\/operamundi.uol.com.br\/wp-content\/uploads\/2025\/10\/gxxo9hjw4aam4uu-150x100.jpg 150w, https:\/\/operamundi.uol.com.br\/wp-content\/uploads\/2025\/10\/gxxo9hjw4aam4uu-750x500.jpg 750w, https:\/\/operamundi.uol.com.br\/wp-content\/uploads\/2025\/10\/gxxo9hjw4aam4uu-1140x760.jpg 1140w\" sizes=\"auto, (max-width: 2048px) 100vw, 2048px\"><figcaption>Decis\u00e3o de Orellana implica na anula\u00e7\u00e3o completa do partido da autoridade eleitoral do pa\u00eds, afetando diretamente cargos ocupados por pol\u00edticos do partido no Executivo, inclusive o da Presid\u00eancia<br \/>Bernardo Ar\u00e9valo\/X<\/figcaption><\/figure>\n<p>\u201cPedimos \u00e0 comunidade internacional que n\u00e3o desvie sua aten\u00e7\u00e3o do golpe que est\u00e1 sendo tentado agora na Guatemala\u201d, solicitou Ar\u00e9valo, acompanhado pela vice-presidente Karin Herrera, seu gabinete ministerial e deputados do Movimento Semente em transmiss\u00e3o nacional.<\/p>\n<blockquote>\n<p dir=\"ltr\" lang=\"es\">Guatemala no puede ser reh\u00e9n de quienes usan la toga para servir a la corrupci\u00f3n. Es hora de defender la democracia con decisi\u00f3n. |#CadenaNacional https:\/\/t.co\/P6jpRTZU1d<\/p>\n<p>\u2014 Bernardo Ar\u00e9valo (@BArevalodeLeon) October 27, 2025<\/p>\n<\/blockquote>\n<p>O chefe de Estado convocou a popula\u00e7\u00e3o, os povos ind\u00edgenas e todos os setores a se mobilizarem contra o golpe de Estado. \u201cNossa voz deve ser ouvida alta e clara: n\u00e3o ao golpe e \u00e0 corrup\u00e7\u00e3o, sim \u00e0 democracia, \u00e0 liberdade, ao respeito \u00e0 vontade soberana do povo guatemalteco\u201d, enfatizou.<\/p>\n<p>De acordo com a ag\u00eancia de not\u00edcias Prensa Latina, o secret\u00e1rio de Comunica\u00e7\u00e3o Social da Presid\u00eancia guatemalteca, Santiago Palomo, declarou nesta segunda-feira (27\/10) que o governo est\u00e1 dando continuidade \u00e0s a\u00e7\u00f5es anunciadas pelo presidente Ar\u00e9valo.<\/p>\n<p>Em entrevista coletiva no Pal\u00e1cio Nacional da Cultura, sede do Poder Executivo, Palomo declarou que o governo tinha conhecimento sobre o aumento das \u201ctentativas desesperadas de burlar a lei\u201d.<\/p>\n<p>De acordo com o representante, as tentativas de desestabiliza\u00e7\u00e3o cresceram porque Ar\u00e9valo deve indicar um novo procurador-geral para substituir Porras at\u00e9 maio de 2026.<\/p>\n<h3>Persegui\u00e7\u00e3o contra o Movimento Semente<\/h3>\n<p>A den\u00fancia de Ar\u00e9valo surge no contexto da persegui\u00e7\u00e3o judicial que sofre seu partido, ap\u00f3s Orellana ordenar, na \u00faltima sexta-feira (24\/10), a nulidade absoluta do partido governista, Movimento Semente, com o qual Ar\u00e9valo venceu as elei\u00e7\u00f5es presidenciais de 2023.<\/p>\n<p>A decis\u00e3o do juiz implica na anula\u00e7\u00e3o completa do partido da autoridade eleitoral do pa\u00eds, afetando diretamente cargos ocupados por pol\u00edticos do partido no Executivo, inclusive o da Presid\u00eancia.<\/p>\n<p>Os procedimentos jur\u00eddicos contra o Movimento Semente ganharam for\u00e7a depois que Ar\u00e9valo foi o segundo presidenci\u00e1vel mais votado no primeiro turno da elei\u00e7\u00e3o em 2023, classificando-se para a disputa do segundo turno.<\/p>\n<p>O Minist\u00e9rio P\u00fablico e o juiz Orellana tentaram primeiro impedi-lo de participar do segundo turno, e depois impedir que os candidatos vencedores do Movimento Semente tomassem posse, o que Ar\u00e9valo denunciou como um golpe judicial.<\/p>\n<p><em>(*) Com TeleSUR, informa\u00e7\u00f5es de Prensa Comunitaria e Prensa Latina<\/em><\/p>\n<p>O post Presidente da Guatemala denuncia tentativa de golpe do Judici\u00e1rio apareceu primeiro em Opera Mundi.<\/p>\n<!-- Begin Yuzo --><div class='yuzo_related_post style-1'  data-version='5.12.89'><!-- without result --><div class='yuzo_clearfixed yuzo__title yuzo__title'><h3>Related Post<\/h3><\/div>\n\t\t\t\t\t\t  <div class=\"relatedthumb \" style=\"width:125px;float:left;overflow:hidden;\">  \n\t\t\t\t\t\t\t  \n\t\t\t\t\t\t\t  <a  href=\"https:\/\/redept.com.br\/blogosfera\/acordo-nuclear-ira-exige-fim-de-ameacas-dos-eua-para-avancar-com-dialogo\/\"  >\n\t\t\t\t\t\t\t\t\t  <div class=\"yuzo-img-wrap \" style=\"width: 125px;height:90px;\">\n\t\t\t\t\t\t\t\t\t\t\n\t\t\t\t\t\t\t\t\t\t<div class=\"yuzo-img\" style=\"background:url('https:\/\/redept.com.br\/blogosfera\/wp-content\/uploads\/2026\/02\/airna-150x150.jpg') 50% 50% no-repeat;width: 125px;height:90px;margin-bottom: 5px;background-size: cover; \"><\/div>\n\t\t\t\t\t\t\t\t\t  <\/div>\n\t\t\t\t\t\t\t\t\t  \n\t\t\t\t\t\t\t\t   <span class=\"yuzo__text--title\" style=\"font-size:13px;\">Acordo nuclear: Ir\u00e3 exige fim de amea\u00e7as dos EUA p...<\/span>\n\t\t\t\t\t\t\t  \n\t\t\t\t\t\t\t  \n\t\t\t\t\t\t\t  <\/a>\n\n\t\t\t\t\t\t  <\/div>\n\t\t\t\t\t\t  <div class=\"relatedthumb \" style=\"width:125px;float:left;overflow:hidden;\">  \n\t\t\t\t\t\t\t  \n\t\t\t\t\t\t\t  <a  href=\"https:\/\/redept.com.br\/blogosfera\/marcha-massiva-toma-a-plaza-de-mayo-com-discurso-contundente-contra-milei\/\"  >\n\t\t\t\t\t\t\t\t\t  <div class=\"yuzo-img-wrap \" style=\"width: 125px;height:90px;\">\n\t\t\t\t\t\t\t\t\t\t\n\t\t\t\t\t\t\t\t\t\t<div class=\"yuzo-img\" style=\"background:url('https:\/\/redept.com.br\/blogosfera\/wp-content\/uploads\/2025\/03\/Captura-de-Tela-2025-03-24-as-19.33.00-150x150.png') 50% 50% no-repeat;width: 125px;height:90px;margin-bottom: 5px;background-size: cover; \"><\/div>\n\t\t\t\t\t\t\t\t\t  <\/div>\n\t\t\t\t\t\t\t\t\t  \n\t\t\t\t\t\t\t\t   <span class=\"yuzo__text--title\" style=\"font-size:13px;\">Marcha massiva toma a Plaza de Mayo com discurso c...<\/span>\n\t\t\t\t\t\t\t  \n\t\t\t\t\t\t\t  \n\t\t\t\t\t\t\t  <\/a>\n\n\t\t\t\t\t\t  <\/div>\n\t\t\t\t\t\t  <div class=\"relatedthumb \" style=\"width:125px;float:left;overflow:hidden;\">  \n\t\t\t\t\t\t\t  \n\t\t\t\t\t\t\t  <a  href=\"https:\/\/sul21.com.br\/opiniao\/2025\/08\/politicas-de-saude-na-fronteira-brasil-uruguai-por-janaina-collar-e-joao-beccon-de-almeida-neto\/\"  >\n\t\t\t\t\t\t\t\t\t  <div class=\"yuzo-img-wrap \" style=\"width: 125px;height:90px;\">\n\t\t\t\t\t\t\t\t\t\t\n\t\t\t\t\t\t\t\t\t\t<div class=\"yuzo-img\" style=\"background:url('https:\/\/redept.org\/blogosfera\/wp-content\/plugins\/yuzo-related-post\/assets\/images\/default.png') 50% 50% no-repeat;width: 125px;height:90px;margin-bottom: 5px;background-size: cover; \"><\/div>\n\t\t\t\t\t\t\t\t\t  <\/div>\n\t\t\t\t\t\t\t\t\t  \n\t\t\t\t\t\t\t\t   <span class=\"yuzo__text--title\" style=\"font-size:13px;\">Pol\u00edticas de sa\u00fade na fronteira Brasil-Uruguai (po...<\/span>\n\t\t\t\t\t\t\t  \n\t\t\t\t\t\t\t  \n\t\t\t\t\t\t\t  <\/a>\n\n\t\t\t\t\t\t  <\/div>\n\t\t\t\t\t\t  <div class=\"relatedthumb \" style=\"width:125px;float:left;overflow:hidden;\">  \n\t\t\t\t\t\t\t  \n\t\t\t\t\t\t\t  <a  href=\"https:\/\/redept.com.br\/blogosfera\/governo-lula-quer-frear-alta-de-combustiveis-com-compensacao-tributaria\/\"  >\n\t\t\t\t\t\t\t\t\t  <div class=\"yuzo-img-wrap \" style=\"width: 125px;height:90px;\">\n\t\t\t\t\t\t\t\t\t\t\n\t\t\t\t\t\t\t\t\t\t<div class=\"yuzo-img\" style=\"background:url('https:\/\/redept.com.br\/blogosfera\/wp-content\/uploads\/2026\/04\/economia-alta-combustiveis-20180103-0004-copy-150x150.jpg') 50% 50% no-repeat;width: 125px;height:90px;margin-bottom: 5px;background-size: cover; \"><\/div>\n\t\t\t\t\t\t\t\t\t  <\/div>\n\t\t\t\t\t\t\t\t\t  \n\t\t\t\t\t\t\t\t   <span class=\"yuzo__text--title\" style=\"font-size:13px;\">Governo Lula quer frear alta de combust\u00edveis com c...<\/span>\n\t\t\t\t\t\t\t  \n\t\t\t\t\t\t\t  \n\t\t\t\t\t\t\t  <\/a>\n\n\t\t\t\t\t\t  <\/div>\n<\/div> <script>\n\t\t\t\t\t\t  jQuery(document).ready(function( $ ){\n\t\t\t\t\t\t\t\/\/jQuery('.yuzo_related_post').equalizer({ overflow : 'relatedthumb' });\n\t\t\t\t\t\t\tjQuery('.yuzo_related_post .yuzo_wraps').equalizer({ columns : '> div' });\n\t\t\t\t\t\t   })\n\t\t\t\t\t\t  <\/script> <!-- End Yuzo :) -->","protected":false},"excerpt":{"rendered":"<p>O presidente da Guatemala, Bernardo Ar\u00e9valo, denunciou neste domingo (26\/10) uma tentativa de golpe de Estado vinda do Sistema Judici\u00e1rio do pa\u00eds. O presidente guatemalteco acusou a procuradora-geral, Consuelo Porras, e o juiz do Minist\u00e9rio P\u00fablico (MP), Freddy Orellana, de tentarem alterar a ordem constitucional do pa\u00eds, acusando-os de fazer parte e proteger a corrup\u00e7\u00e3o [\u2026]<\/p>\n<p>O post <a href=\"https:\/\/operamundi.uol.com.br\/politica-e-economia\/presidente-da-guatemala-denuncia-tentativa-de-golpe-do-judiciario\/\">Presidente da Guatemala denuncia tentativa de golpe do Judici\u00e1rio<\/a> apareceu primeiro em <a href=\"https:\/\/operamundi.uol.com.br\/\">Opera Mundi<\/a>.<\/p>\n","protected":false},"author":2,"featured_media":60806,"comment_status":"closed","ping_status":"closed","sticky":false,"template":"","format":"standard","meta":{"fifu_image_url":"","fifu_image_alt":"","footnotes":""},"categories":[27038,1797,326,27039,27040,5518],"tags":[],"class_list":["post-60805","post","type-post","status-publish","format-standard","has-post-thumbnail","hentry","category-bernardo-arevalo","category-golpe","category-guatemala","category-juridico","category-movimento-semente","category-politica-e-economia"],"_links":{"self":[{"href":"https:\/\/redept.com.br\/blogosfera\/wp-json\/wp\/v2\/posts\/60805","targetHints":{"allow":["GET"]}}],"collection":[{"href":"https:\/\/redept.com.br\/blogosfera\/wp-json\/wp\/v2\/posts"}],"about":[{"href":"https:\/\/redept.com.br\/blogosfera\/wp-json\/wp\/v2\/types\/post"}],"author":[{"embeddable":true,"href":"https:\/\/redept.com.br\/blogosfera\/wp-json\/wp\/v2\/users\/2"}],"replies":[{"embeddable":true,"href":"https:\/\/redept.com.br\/blogosfera\/wp-json\/wp\/v2\/comments?post=60805"}],"version-history":[{"count":0,"href":"https:\/\/redept.com.br\/blogosfera\/wp-json\/wp\/v2\/posts\/60805\/revisions"}],"wp:featuredmedia":[{"embeddable":true,"href":"https:\/\/redept.com.br\/blogosfera\/wp-json\/wp\/v2\/media\/60806"}],"wp:attachment":[{"href":"https:\/\/redept.com.br\/blogosfera\/wp-json\/wp\/v2\/media?parent=60805"}],"wp:term":[{"taxonomy":"category","embeddable":true,"href":"https:\/\/redept.com.br\/blogosfera\/wp-json\/wp\/v2\/categories?post=60805"},{"taxonomy":"post_tag","embeddable":true,"href":"https:\/\/redept.com.br\/blogosfera\/wp-json\/wp\/v2\/tags?post=60805"}],"curies":[{"name":"wp","href":"https:\/\/api.w.org\/{rel}","templated":true}]}}