{"id":60807,"date":"2025-10-27T15:08:27","date_gmt":"2025-10-27T18:08:27","guid":{"rendered":"https:\/\/redept.com.br\/blogosfera\/radiohead-anuncia-que-nao-tocara-em-israel-enquanto-netanyahu-for-premie\/"},"modified":"2025-10-27T15:08:27","modified_gmt":"2025-10-27T18:08:27","slug":"radiohead-anuncia-que-nao-tocara-em-israel-enquanto-netanyahu-for-premie","status":"publish","type":"post","link":"https:\/\/redept.com.br\/blogosfera\/radiohead-anuncia-que-nao-tocara-em-israel-enquanto-netanyahu-for-premie\/","title":{"rendered":"Radiohead anuncia que n\u00e3o tocar\u00e1 em Israel enquanto Netanyahu for premi\u00ea"},"content":{"rendered":"<p>O vocalista da banda inglesa Radiohead, Thom Yorke, afirmou que o grupo tomou a decis\u00e3o de n\u00e3o se apresentar mais em Israel enquanto o pa\u00eds estiver sendo governado pelo atual premi\u00ea Benjamin Netanyahu.<\/p>\n<p>Em entrevista publicada neste domingo (26\/10) no <em>Sunday Times Magazine<\/em>, o m\u00fasico brit\u00e2nico foi perguntado sobre se a banda voltaria a tocar em Tel Aviv, como fez em 2017 durante a turn\u00ea do \u00e1lbum <em>A Moon Shaped Pool<\/em>.<\/p>\n<p>Em resposta, Yorke disse que \u201cde jeito nenhum\u201d, e emendou frisando que preferia estar \u201ca mais de cinco mil milhas de dist\u00e2ncia do regime de Netanyahu\u201d.<\/p>\n<p>Apesar de publicada neste fim de semana, a entrevista com Yorke e outros membros do Radiohead aconteceu antes da assinatura do recente acordo de paz entre Israel e Hamas, que imp\u00f4s um novo cessar-fogo na Faixa de Gaza, dois anos depois do in\u00edcio do genoc\u00eddio que j\u00e1 matou dezenas de milhares de civis palestinos.<\/p>\n<p>Na mat\u00e9ria, os integrantes da banda voltaram a rebater as cr\u00edticas que receberam h\u00e1 oito anos atr\u00e1s com a mesma alega\u00e7\u00e3o de que os shows na capital israelense n\u00e3o significam o apoio ao governo sionista do pa\u00eds.<\/p>\n<p>\u201cN\u00e3o apoiamos Netanyahu assim como n\u00e3o apoiamos Trump, mas ainda assim continuamos tocando nos Estados Unidos\u201d, argumentou Yorke.<\/p>\n<figure aria-describedby=\"caption-attachment-235797\"><img loading=\"lazy\" loading=\"lazy\" decoding=\"async\"src=\"https:\/\/redept.com.br\/blogosfera\/wp-content\/uploads\/2025\/10\/radiohead.jpg\" alt=\"\" width=\"800\" height=\"676\" srcset=\"https:\/\/redept.com.br\/blogosfera\/wp-content\/uploads\/2025\/10\/radiohead.jpg 800w, https:\/\/operamundi.uol.com.br\/wp-content\/uploads\/2025\/10\/radiohead-300x254.jpg 300w, https:\/\/operamundi.uol.com.br\/wp-content\/uploads\/2025\/10\/radiohead-768x649.jpg 768w, https:\/\/operamundi.uol.com.br\/wp-content\/uploads\/2025\/10\/radiohead-150x127.jpg 150w, https:\/\/operamundi.uol.com.br\/wp-content\/uploads\/2025\/10\/radiohead-750x634.jpg 750w\" sizes=\"auto, (max-width: 800px) 100vw, 800px\"><figcaption>Banda inglesa tocou em Israel em 2017 mas anunciou que n\u00e3o ir\u00e1 mais ao pa\u00eds enquanto Netanyahy foe premi\u00ea <br \/>Sunday Times Magazine<\/figcaption><\/figure>\n<h3>BDS e Roger Waters<\/h3>\n<p>Na ocasi\u00e3o dos shows em Tel Aviv no ano de 2017, o Radiohead n\u00e3o s\u00f3 ignorou as cr\u00edticas por realizar shows em Israel como criticou o movimento de Boicote, Desinvestimento e San\u00e7\u00f5es contra o pa\u00eds (BDS, por sua sigla em ingl\u00eas), e um dos principais porta-vozes dessa iniciativa, o tamb\u00e9m m\u00fasico ingl\u00eas Roger Waters, ex-integrante da banda Pink Floyd.<\/p>\n<p>Outra reclama\u00e7\u00e3o dos m\u00fasicos \u00e9 que, al\u00e9m dos questionamentos \u00e0 banda, tamb\u00e9m h\u00e1 cobran\u00e7as sobre o guitarrista Jonny Greenwood, que se apresentou com seu projeto solo em Tel Aviv no ano passado, quando j\u00e1 estava acontecendo o atual genoc\u00eddio em Gaza.<\/p>\n<p>Ademais, Greenwood \u00e9 casado com uma artista israelense e mant\u00e9m uma colabora\u00e7\u00e3o de longa data com o m\u00fasico de rock israelense Dudu Tassa.<\/p>\n<p>Em resposta a esse questionamento, o guitarrista afirmou que quando esteve em Tel Aviv em 2024, al\u00e9m do show, tamb\u00e9m participou dos protestos realizados em Israel pedindo a deposi\u00e7\u00e3o de Netanyahu.<\/p>\n<p>Com informa\u00e7\u00f5es do <em>The Guardian<\/em>.<\/p>\n<p>O post Radiohead anuncia que n\u00e3o tocar\u00e1 em Israel enquanto Netanyahu for premi\u00ea apareceu primeiro em Opera Mundi.<\/p>\n<!-- Begin Yuzo --><div class='yuzo_related_post style-1'  data-version='5.12.89'><!-- without result --><div class='yuzo_clearfixed yuzo__title yuzo__title'><h3>Related Post<\/h3><\/div>\n\t\t\t\t\t\t  <div class=\"relatedthumb \" style=\"width:125px;float:left;overflow:hidden;\">  \n\t\t\t\t\t\t\t  \n\t\t\t\t\t\t\t  <a  href=\"https:\/\/redept.com.br\/blogosfera\/limite-de-trabalho-em-feriados-passa-a-valer-a-partir-de-julho\/\"  >\n\t\t\t\t\t\t\t\t\t  <div class=\"yuzo-img-wrap \" style=\"width: 125px;height:90px;\">\n\t\t\t\t\t\t\t\t\t\t\n\t\t\t\t\t\t\t\t\t\t<div class=\"yuzo-img\" style=\"background:url('https:\/\/redept.org\/blogosfera\/wp-content\/plugins\/yuzo-related-post\/assets\/images\/default.png') 50% 50% no-repeat;width: 125px;height:90px;margin-bottom: 5px;background-size: cover; \"><\/div>\n\t\t\t\t\t\t\t\t\t  <\/div>\n\t\t\t\t\t\t\t\t\t  \n\t\t\t\t\t\t\t\t   <span class=\"yuzo__text--title\" style=\"font-size:13px;\">Limite de trabalho em feriados passa a valer a par...<\/span>\n\t\t\t\t\t\t\t  \n\t\t\t\t\t\t\t  \n\t\t\t\t\t\t\t  <\/a>\n\n\t\t\t\t\t\t  <\/div>\n\t\t\t\t\t\t  <div class=\"relatedthumb \" style=\"width:125px;float:left;overflow:hidden;\">  \n\t\t\t\t\t\t\t  \n\t\t\t\t\t\t\t  <a  href=\"https:\/\/redept.com.br\/blogosfera\/versoes-de-braga-netto-desmoronam-diante-de-provas-e-delacoes-sobre-trama-golpista\/\"  >\n\t\t\t\t\t\t\t\t\t  <div class=\"yuzo-img-wrap \" style=\"width: 125px;height:90px;\">\n\t\t\t\t\t\t\t\t\t\t\n\t\t\t\t\t\t\t\t\t\t<div class=\"yuzo-img\" style=\"background:url('https:\/\/redept.com.br\/blogosfera\/wp-content\/uploads\/2025\/06\/54581136473_7865a2c4cc_k-1-150x150.jpg') 50% 50% no-repeat;width: 125px;height:90px;margin-bottom: 5px;background-size: cover; \"><\/div>\n\t\t\t\t\t\t\t\t\t  <\/div>\n\t\t\t\t\t\t\t\t\t  \n\t\t\t\t\t\t\t\t   <span class=\"yuzo__text--title\" style=\"font-size:13px;\">Vers\u00f5es de Braga Netto desmoronam diante de provas...<\/span>\n\t\t\t\t\t\t\t  \n\t\t\t\t\t\t\t  \n\t\t\t\t\t\t\t  <\/a>\n\n\t\t\t\t\t\t  <\/div>\n\t\t\t\t\t\t  <div class=\"relatedthumb \" style=\"width:125px;float:left;overflow:hidden;\">  \n\t\t\t\t\t\t\t  \n\t\t\t\t\t\t\t  <a  href=\"https:\/\/redept.com.br\/blogosfera\/burger-king-e-colocado-a-venda-na-argentina-em-meio-a-crise-economica\/\"  >\n\t\t\t\t\t\t\t\t\t  <div class=\"yuzo-img-wrap \" style=\"width: 125px;height:90px;\">\n\t\t\t\t\t\t\t\t\t\t\n\t\t\t\t\t\t\t\t\t\t<div class=\"yuzo-img\" style=\"background:url('https:\/\/redept.org\/blogosfera\/wp-content\/plugins\/yuzo-related-post\/assets\/images\/default.png') 50% 50% no-repeat;width: 125px;height:90px;margin-bottom: 5px;background-size: cover; \"><\/div>\n\t\t\t\t\t\t\t\t\t  <\/div>\n\t\t\t\t\t\t\t\t\t  \n\t\t\t\t\t\t\t\t   <span class=\"yuzo__text--title\" style=\"font-size:13px;\">Burger King \u00e9 colocado \u00e0 venda na Argentina em mei...<\/span>\n\t\t\t\t\t\t\t  \n\t\t\t\t\t\t\t  \n\t\t\t\t\t\t\t  <\/a>\n\n\t\t\t\t\t\t  <\/div>\n\t\t\t\t\t\t  <div class=\"relatedthumb \" style=\"width:125px;float:left;overflow:hidden;\">  \n\t\t\t\t\t\t\t  \n\t\t\t\t\t\t\t  <a  href=\"https:\/\/redept.com.br\/blogosfera\/celio-turino-a-elegancia-da-primeira-dama-contem-uma-mensagem-no-figurino\/\"  >\n\t\t\t\t\t\t\t\t\t  <div class=\"yuzo-img-wrap \" style=\"width: 125px;height:90px;\">\n\t\t\t\t\t\t\t\t\t\t\n\t\t\t\t\t\t\t\t\t\t<div class=\"yuzo-img\" style=\"background:url('https:\/\/redept.org\/blogosfera\/wp-content\/plugins\/yuzo-related-post\/assets\/images\/default.png') 50% 50% no-repeat;width: 125px;height:90px;margin-bottom: 5px;background-size: cover; \"><\/div>\n\t\t\t\t\t\t\t\t\t  <\/div>\n\t\t\t\t\t\t\t\t\t  \n\t\t\t\t\t\t\t\t   <span class=\"yuzo__text--title\" style=\"font-size:13px;\">Celio Turino: A eleg\u00e2ncia da primeira-dama cont\u00e9m ...<\/span>\n\t\t\t\t\t\t\t  \n\t\t\t\t\t\t\t  \n\t\t\t\t\t\t\t  <\/a>\n\n\t\t\t\t\t\t  <\/div>\n<\/div> <script>\n\t\t\t\t\t\t  jQuery(document).ready(function( $ ){\n\t\t\t\t\t\t\t\/\/jQuery('.yuzo_related_post').equalizer({ overflow : 'relatedthumb' });\n\t\t\t\t\t\t\tjQuery('.yuzo_related_post .yuzo_wraps').equalizer({ columns : '> div' });\n\t\t\t\t\t\t   })\n\t\t\t\t\t\t  <\/script> <!-- End Yuzo :) -->","protected":false},"excerpt":{"rendered":"<p>O vocalista da banda inglesa Radiohead, Thom Yorke, afirmou que o grupo tomou a decis\u00e3o de n\u00e3o se apresentar mais em Israel enquanto o pa\u00eds estiver sendo governado pelo atual premi\u00ea Benjamin Netanyahu. Em entrevista publicada neste domingo (26\/10) no Sunday Times Magazine, o m\u00fasico brit\u00e2nico foi perguntado sobre se a banda voltaria a tocar [\u2026]<\/p>\n<p>O post <a href=\"https:\/\/operamundi.uol.com.br\/guerra-israel-x-palestina\/radiohead-anuncia-que-nao-tocara-em-israel-enquanto-netanyahu-for-premie\/\">Radiohead anuncia que n\u00e3o tocar\u00e1 em Israel enquanto Netanyahu for premi\u00ea<\/a> apareceu primeiro em <a href=\"https:\/\/operamundi.uol.com.br\/\">Opera Mundi<\/a>.<\/p>\n","protected":false},"author":2,"featured_media":60808,"comment_status":"closed","ping_status":"closed","sticky":false,"template":"","format":"standard","meta":{"fifu_image_url":"","fifu_image_alt":"","footnotes":""},"categories":[6142,27041,9,402,325,3938,997,25,27042,53,54,20721,27043,9524],"tags":[],"class_list":["post-60807","post","type-post","status-publish","format-standard","has-post-thumbnail","hentry","category-bds","category-dudu-tessa","category-eua","category-faixa-de-gaza","category-genocidio","category-guerra-israel-x-palestina","category-hamas","category-israel","category-jonny-greenwood","category-netanyahu","category-palestina","category-pink-floyd","category-radiohead","category-roger-waters"],"_links":{"self":[{"href":"https:\/\/redept.com.br\/blogosfera\/wp-json\/wp\/v2\/posts\/60807","targetHints":{"allow":["GET"]}}],"collection":[{"href":"https:\/\/redept.com.br\/blogosfera\/wp-json\/wp\/v2\/posts"}],"about":[{"href":"https:\/\/redept.com.br\/blogosfera\/wp-json\/wp\/v2\/types\/post"}],"author":[{"embeddable":true,"href":"https:\/\/redept.com.br\/blogosfera\/wp-json\/wp\/v2\/users\/2"}],"replies":[{"embeddable":true,"href":"https:\/\/redept.com.br\/blogosfera\/wp-json\/wp\/v2\/comments?post=60807"}],"version-history":[{"count":0,"href":"https:\/\/redept.com.br\/blogosfera\/wp-json\/wp\/v2\/posts\/60807\/revisions"}],"wp:featuredmedia":[{"embeddable":true,"href":"https:\/\/redept.com.br\/blogosfera\/wp-json\/wp\/v2\/media\/60808"}],"wp:attachment":[{"href":"https:\/\/redept.com.br\/blogosfera\/wp-json\/wp\/v2\/media?parent=60807"}],"wp:term":[{"taxonomy":"category","embeddable":true,"href":"https:\/\/redept.com.br\/blogosfera\/wp-json\/wp\/v2\/categories?post=60807"},{"taxonomy":"post_tag","embeddable":true,"href":"https:\/\/redept.com.br\/blogosfera\/wp-json\/wp\/v2\/tags?post=60807"}],"curies":[{"name":"wp","href":"https:\/\/api.w.org\/{rel}","templated":true}]}}