{"id":60811,"date":"2025-10-27T17:00:07","date_gmt":"2025-10-27T20:00:07","guid":{"rendered":"https:\/\/redept.com.br\/blogosfera\/aos-92-anos-paul-biya-e-reeleito-presidente-do-camaroes-pela-oitava-vez\/"},"modified":"2025-10-27T17:00:07","modified_gmt":"2025-10-27T20:00:07","slug":"aos-92-anos-paul-biya-e-reeleito-presidente-do-camaroes-pela-oitava-vez","status":"publish","type":"post","link":"https:\/\/redept.com.br\/blogosfera\/aos-92-anos-paul-biya-e-reeleito-presidente-do-camaroes-pela-oitava-vez\/","title":{"rendered":"Aos 92 anos, Paul Biya \u00e9 reeleito presidente do Camar\u00f5es pela oitava vez"},"content":{"rendered":"<p>Paul Biya, de 92 anos e no poder desde 1982, foi reeleito presidente de Camar\u00f5es, sem surpresa, para um oitavo mandato, com 53,66% dos votos, de acordo com os resultados oficiais anunciados pelo Conselho Constitucional na segunda-feira (27\/10).<\/p>\n<p>A maioria dos analistas esperava que Paul Biya, o chefe de Estado em exerc\u00edcio mais velho do mundo, conquistasse outro mandato de sete anos, em um sistema que seus cr\u00edticos acusam de ter se tornado engessado ao longo de seus 43 anos no poder.<\/p>\n<p>Mas a vota\u00e7\u00e3o foi mais acirrada do que o esperado. O l\u00edder da oposi\u00e7\u00e3o Issa Tchiroma Bakary ficou em segundo lugar, com mais de um ter\u00e7o dos votos (35,19%), segundo dados oficiais.<\/p>\n<p>Bakary reivindicou a vit\u00f3ria sobre o presidente em exerc\u00edcio ap\u00f3s a elei\u00e7\u00e3o de 12 de outubro e convocou os camaroneses a sa\u00edrem em massa para defender sua vit\u00f3ria em \u201cmarchas pac\u00edficas\u201d. Quatro pessoas morreram no domingo na capital econ\u00f4mica, Duala, durante manifesta\u00e7\u00f5es em apoio ao l\u00edder da oposi\u00e7\u00e3o, anunciou o governador da regi\u00e3o. As for\u00e7as de seguran\u00e7a come\u00e7aram atirando g\u00e1s lacrimog\u00eaneo antes de disparar \u201cmuni\u00e7\u00e3o real\u201d, segundo manifestantes entrevistados pela <em>AFP<\/em>.<\/p>\n<p>A participa\u00e7\u00e3o eleitoral foi de 46,31%, segundo os resultados do Conselho Constitucional, anunciados 15 dias ap\u00f3s a elei\u00e7\u00e3o.<\/p>\n<figure aria-describedby=\"caption-attachment-235810\"><img loading=\"lazy\" loading=\"lazy\" decoding=\"async\"src=\"https:\/\/redept.com.br\/blogosfera\/wp-content\/uploads\/2025\/10\/gjczhbqxaaahwtc.jpg\" alt=\"\" width=\"2000\" height=\"1143\" srcset=\"https:\/\/redept.com.br\/blogosfera\/wp-content\/uploads\/2025\/10\/gjczhbqxaaahwtc.jpg 2000w, https:\/\/operamundi.uol.com.br\/wp-content\/uploads\/2025\/10\/gjczhbqxaaahwtc-300x171.jpg 300w, https:\/\/operamundi.uol.com.br\/wp-content\/uploads\/2025\/10\/gjczhbqxaaahwtc-1024x585.jpg 1024w, https:\/\/operamundi.uol.com.br\/wp-content\/uploads\/2025\/10\/gjczhbqxaaahwtc-768x439.jpg 768w, https:\/\/operamundi.uol.com.br\/wp-content\/uploads\/2025\/10\/gjczhbqxaaahwtc-1536x878.jpg 1536w, https:\/\/operamundi.uol.com.br\/wp-content\/uploads\/2025\/10\/gjczhbqxaaahwtc-150x86.jpg 150w, https:\/\/operamundi.uol.com.br\/wp-content\/uploads\/2025\/10\/gjczhbqxaaahwtc-750x429.jpg 750w, https:\/\/operamundi.uol.com.br\/wp-content\/uploads\/2025\/10\/gjczhbqxaaahwtc-1140x652.jpg 1140w\" sizes=\"auto, (max-width: 2000px) 100vw, 2000px\"><figcaption>Cr\u00edticos acusam que sistema pol\u00edtico foi engessado ao longo de 43 anos de Biya no poder<br \/>CELLCOM PRC\/X<\/figcaption><\/figure>\n<p>Cabral Libii ficou em terceiro lugar na disputa, com 3,41%, seguido por Bello Bouba Ma\u00efgari, com 2,45%, e Hermine Patricia Toma\u00efno Ndam Njoya, a \u00fanica mulher, com 1,66%.<\/p>\n<p>Os outros oito candidatos receberam, cada um, no m\u00e1ximo 1% dos votos.<\/p>\n<h3>\u201cResultados falsificados\u201d<\/h3>\n<p>Com\u00edcios foram proibidos e a circula\u00e7\u00e3o restringida na maioria das principais cidades do pa\u00eds at\u00e9 o an\u00fancio do presidente eleito. Mas, desde a semana passada, apoiadores de Issa Tchiroma Bakary, que, segundo sua pr\u00f3pria contagem, obteve 54,8% dos votos, contra 31,3% do atual presidente Paul Biya, t\u00eam sa\u00eddo \u00e0s ruas esporadicamente para reivindicar a vit\u00f3ria na elei\u00e7\u00e3o presidencial.<\/p>\n<p>Ele convocou os camaroneses na quarta-feira (29\/10) a se manifestarem caso o Conselho Constitucional proclame \u201cresultados falsificados e manipulados\u201d.<\/p>\n<p>Desde as primeiras horas da manh\u00e3, patrulhas da pol\u00edcia est\u00e3o posicionadas nos principais cruzamentos da capital, Yaound\u00e9, enquanto ve\u00edculos blindados est\u00e3o estacionados perto de \u00e1reas consideradas sens\u00edveis. A pol\u00edcia afirma que quer \u201cgarantir a seguran\u00e7a do processo eleitoral e evitar qualquer interrup\u00e7\u00e3o\u201d.<\/p>\n<p>Em v\u00e1rios bairros de Yaound\u00e9, muitas lojas e postos de gasolina mantiveram as portas fechadas, temendo dist\u00farbios. O transporte p\u00fablico est\u00e1 funcionando em ritmo lento e o tr\u00e2nsito est\u00e1 excepcionalmente tranquilo. Paul Biya \u00e9 o segundo chefe de Estado a liderar Camar\u00f5es desde sua independ\u00eancia da Fran\u00e7a em 1960, e governou reprimindo toda a oposi\u00e7\u00e3o, sobrevivendo \u00e0 turbul\u00eancia econ\u00f4mica e a um conflito separatista desde 2016 nas duas regi\u00f5es de l\u00edngua inglesa do pa\u00eds.<\/p>\n<p>O post Aos 92 anos, Paul Biya \u00e9 reeleito presidente do Camar\u00f5es pela oitava vez apareceu primeiro em Opera Mundi.<\/p>\n<!-- Begin Yuzo --><div class='yuzo_related_post style-1'  data-version='5.12.89'><!-- without result --><div class='yuzo_clearfixed yuzo__title yuzo__title'><h3>Related Post<\/h3><\/div>\n\t\t\t\t\t\t  <div class=\"relatedthumb \" style=\"width:125px;float:left;overflow:hidden;\">  \n\t\t\t\t\t\t\t  \n\t\t\t\t\t\t\t  <a  href=\"https:\/\/sul21.com.br\/noticias\/geral\/2025\/09\/cpi-melo-critica-atendimento-da-ceee-equatorial-e-promete-entregar-dossie-a-deputados\/\"  >\n\t\t\t\t\t\t\t\t\t  <div class=\"yuzo-img-wrap \" style=\"width: 125px;height:90px;\">\n\t\t\t\t\t\t\t\t\t\t\n\t\t\t\t\t\t\t\t\t\t<div class=\"yuzo-img\" style=\"background:url('https:\/\/redept.org\/blogosfera\/wp-content\/plugins\/yuzo-related-post\/assets\/images\/default.png') 50% 50% no-repeat;width: 125px;height:90px;margin-bottom: 5px;background-size: cover; \"><\/div>\n\t\t\t\t\t\t\t\t\t  <\/div>\n\t\t\t\t\t\t\t\t\t  \n\t\t\t\t\t\t\t\t   <span class=\"yuzo__text--title\" style=\"font-size:13px;\">CPI: Melo critica atendimento da CEEE Equatorial e...<\/span>\n\t\t\t\t\t\t\t  \n\t\t\t\t\t\t\t  \n\t\t\t\t\t\t\t  <\/a>\n\n\t\t\t\t\t\t  <\/div>\n\t\t\t\t\t\t  <div class=\"relatedthumb \" style=\"width:125px;float:left;overflow:hidden;\">  \n\t\t\t\t\t\t\t  \n\t\t\t\t\t\t\t  <a  href=\"https:\/\/www.pragmatismopolitico.com.br\/2025\/10\/semifinais-da-sul-americana-2025-taticas-favoritos-e-previsoes-para-a-grande-final.html\"  >\n\t\t\t\t\t\t\t\t\t  <div class=\"yuzo-img-wrap \" style=\"width: 125px;height:90px;\">\n\t\t\t\t\t\t\t\t\t\t\n\t\t\t\t\t\t\t\t\t\t<div class=\"yuzo-img\" style=\"background:url('https:\/\/www.pragmatismopolitico.com.br\/wp-content\/uploads\/2025\/10\/aposte.jpg') 50% 50% no-repeat;width: 125px;height:90px;margin-bottom: 5px;background-size: cover; \"><\/div>\n\t\t\t\t\t\t\t\t\t  <\/div>\n\t\t\t\t\t\t\t\t\t  \n\t\t\t\t\t\t\t\t   <span class=\"yuzo__text--title\" style=\"font-size:13px;\">Semifinais da Sul-Americana 2025: t\u00e1ticas, favorit...<\/span>\n\t\t\t\t\t\t\t  \n\t\t\t\t\t\t\t  \n\t\t\t\t\t\t\t  <\/a>\n\n\t\t\t\t\t\t  <\/div>\n\t\t\t\t\t\t  <div class=\"relatedthumb \" style=\"width:125px;float:left;overflow:hidden;\">  \n\t\t\t\t\t\t\t  \n\t\t\t\t\t\t\t  <a  href=\"https:\/\/redept.com.br\/blogosfera\/copelmi-desiste-do-projeto-mina-guaiba-e-usina-termeletrica-no-rio-grande-do-sul\/\"  >\n\t\t\t\t\t\t\t\t\t  <div class=\"yuzo-img-wrap \" style=\"width: 125px;height:90px;\">\n\t\t\t\t\t\t\t\t\t\t\n\t\t\t\t\t\t\t\t\t\t<div class=\"yuzo-img\" style=\"background:url('https:\/\/redept.com.br\/blogosfera\/wp-content\/uploads\/2025\/03\/image_processing20200201-29235-1lhqopm-1-150x150.jpg') 50% 50% no-repeat;width: 125px;height:90px;margin-bottom: 5px;background-size: cover; \"><\/div>\n\t\t\t\t\t\t\t\t\t  <\/div>\n\t\t\t\t\t\t\t\t\t  \n\t\t\t\t\t\t\t\t   <span class=\"yuzo__text--title\" style=\"font-size:13px;\">Copelmi desiste do projeto Mina Gua\u00edba e Usina Ter...<\/span>\n\t\t\t\t\t\t\t  \n\t\t\t\t\t\t\t  \n\t\t\t\t\t\t\t  <\/a>\n\n\t\t\t\t\t\t  <\/div>\n\t\t\t\t\t\t  <div class=\"relatedthumb \" style=\"width:125px;float:left;overflow:hidden;\">  \n\t\t\t\t\t\t\t  \n\t\t\t\t\t\t\t  <a  href=\"https:\/\/redept.com.br\/blogosfera\/russia-fornecera-petroleo-a-cuba-para-amenizar-estrangulamento-energetico-dos-eua\/\"  >\n\t\t\t\t\t\t\t\t\t  <div class=\"yuzo-img-wrap \" style=\"width: 125px;height:90px;\">\n\t\t\t\t\t\t\t\t\t\t\n\t\t\t\t\t\t\t\t\t\t<div class=\"yuzo-img\" style=\"background:url('https:\/\/redept.org\/blogosfera\/wp-content\/plugins\/yuzo-related-post\/assets\/images\/default.png') 50% 50% no-repeat;width: 125px;height:90px;margin-bottom: 5px;background-size: cover; \"><\/div>\n\t\t\t\t\t\t\t\t\t  <\/div>\n\t\t\t\t\t\t\t\t\t  \n\t\t\t\t\t\t\t\t   <span class=\"yuzo__text--title\" style=\"font-size:13px;\">R\u00fassia fornecer\u00e1 petr\u00f3leo a Cuba para amenizar est...<\/span>\n\t\t\t\t\t\t\t  \n\t\t\t\t\t\t\t  \n\t\t\t\t\t\t\t  <\/a>\n\n\t\t\t\t\t\t  <\/div>\n<\/div> <script>\n\t\t\t\t\t\t  jQuery(document).ready(function( $ ){\n\t\t\t\t\t\t\t\/\/jQuery('.yuzo_related_post').equalizer({ overflow : 'relatedthumb' });\n\t\t\t\t\t\t\tjQuery('.yuzo_related_post .yuzo_wraps').equalizer({ columns : '> div' });\n\t\t\t\t\t\t   })\n\t\t\t\t\t\t  <\/script> <!-- End Yuzo :) -->","protected":false},"excerpt":{"rendered":"<p>Paul Biya, de 92 anos e no poder desde 1982, foi reeleito presidente de Camar\u00f5es, sem surpresa, para um oitavo mandato, com 53,66% dos votos, de acordo com os resultados oficiais anunciados pelo Conselho Constitucional na segunda-feira (27\/10). A maioria dos analistas esperava que Paul Biya, o chefe de Estado em exerc\u00edcio mais velho do [\u2026]<\/p>\n<p>O post <a href=\"https:\/\/operamundi.uol.com.br\/politica-e-economia\/aos-92-anos-paul-biya-e-reeleito-presidente-do-camaroes-pela-oitava-vez\/\">Aos 92 anos, Paul Biya \u00e9 reeleito presidente do Camar\u00f5es pela oitava vez<\/a> apareceu primeiro em <a href=\"https:\/\/operamundi.uol.com.br\/\">Opera Mundi<\/a>.<\/p>\n","protected":false},"author":2,"featured_media":60812,"comment_status":"closed","ping_status":"closed","sticky":false,"template":"","format":"standard","meta":{"fifu_image_url":"","fifu_image_alt":"","footnotes":""},"categories":[8582,1392,22,9279,27046,5518,3481],"tags":[],"class_list":["post-60811","post","type-post","status-publish","format-standard","has-post-thumbnail","hentry","category-camaroes","category-eleicao","category-franca","category-independencia","category-paul-biya","category-politica-e-economia","category-presidente"],"_links":{"self":[{"href":"https:\/\/redept.com.br\/blogosfera\/wp-json\/wp\/v2\/posts\/60811","targetHints":{"allow":["GET"]}}],"collection":[{"href":"https:\/\/redept.com.br\/blogosfera\/wp-json\/wp\/v2\/posts"}],"about":[{"href":"https:\/\/redept.com.br\/blogosfera\/wp-json\/wp\/v2\/types\/post"}],"author":[{"embeddable":true,"href":"https:\/\/redept.com.br\/blogosfera\/wp-json\/wp\/v2\/users\/2"}],"replies":[{"embeddable":true,"href":"https:\/\/redept.com.br\/blogosfera\/wp-json\/wp\/v2\/comments?post=60811"}],"version-history":[{"count":0,"href":"https:\/\/redept.com.br\/blogosfera\/wp-json\/wp\/v2\/posts\/60811\/revisions"}],"wp:featuredmedia":[{"embeddable":true,"href":"https:\/\/redept.com.br\/blogosfera\/wp-json\/wp\/v2\/media\/60812"}],"wp:attachment":[{"href":"https:\/\/redept.com.br\/blogosfera\/wp-json\/wp\/v2\/media?parent=60811"}],"wp:term":[{"taxonomy":"category","embeddable":true,"href":"https:\/\/redept.com.br\/blogosfera\/wp-json\/wp\/v2\/categories?post=60811"},{"taxonomy":"post_tag","embeddable":true,"href":"https:\/\/redept.com.br\/blogosfera\/wp-json\/wp\/v2\/tags?post=60811"}],"curies":[{"name":"wp","href":"https:\/\/api.w.org\/{rel}","templated":true}]}}