{"id":60835,"date":"2025-10-27T22:00:58","date_gmt":"2025-10-28T01:00:58","guid":{"rendered":"https:\/\/redept.com.br\/blogosfera\/reduto-de-motta-dobra-fluxo-de-jatinhos-e-vira-destino-de-jbs-e-outros-empresarios\/"},"modified":"2025-10-27T22:00:58","modified_gmt":"2025-10-28T01:00:58","slug":"reduto-de-motta-dobra-fluxo-de-jatinhos-e-vira-destino-de-jbs-e-outros-empresarios","status":"publish","type":"post","link":"https:\/\/redept.com.br\/blogosfera\/reduto-de-motta-dobra-fluxo-de-jatinhos-e-vira-destino-de-jbs-e-outros-empresarios\/","title":{"rendered":"Reduto de Motta dobra fluxo de jatinhos e vira destino de JBS e outros empres\u00e1rios"},"content":{"rendered":"<div><img fetchpriority=\"high\" width=\"1170\" height=\"700\" src=\"data:image\/svg+xml,%3Csvg%20xmlns='http:\/\/www.w3.org\/2000\/svg'%20viewBox='0%200%201170%20700'%3E%3C\/svg%3E\" alt=\"\" decoding=\"async\" fetchpriority=\"high\" data-src=\"https:\/\/redept.com.br\/blogosfera\/wp-content\/uploads\/2025\/10\/deputados_hugo_motta.webp\" data-type=\"string\"><\/div>\n<p>Por Lucas Marchesini (Folhapress) \u2013 A elei\u00e7\u00e3o de Hugo Motta (Republicanos-PB) para a presid\u00eancia da C\u00e2mara dos Deputados teve um efeito inesperado muito longe do Congresso Nacional. O tr\u00e1fego de jatinhos privados no aeroporto de Patos (PB), ber\u00e7o pol\u00edtico do presidente da C\u00e2mara, quase dobrou desde que o paraibano foi eleito para comandar a Casa. [\u2026]<\/p>\n<!-- Begin Yuzo --><div class='yuzo_related_post style-1'  data-version='5.12.89'><!-- without result --><div class='yuzo_clearfixed yuzo__title yuzo__title'><h3>Related Post<\/h3><\/div>\n\t\t\t\t\t\t  <div class=\"relatedthumb \" style=\"width:125px;float:left;overflow:hidden;\">  \n\t\t\t\t\t\t\t  \n\t\t\t\t\t\t\t  <a  href=\"https:\/\/redept.com.br\/blogosfera\/como-a-desinformacao-sobre-o-ira-chega-ate-a-gente\/\"  >\n\t\t\t\t\t\t\t\t\t  <div class=\"yuzo-img-wrap \" style=\"width: 125px;height:90px;\">\n\t\t\t\t\t\t\t\t\t\t\n\t\t\t\t\t\t\t\t\t\t<div class=\"yuzo-img\" style=\"background:url('https:\/\/redept.org\/blogosfera\/wp-content\/plugins\/yuzo-related-post\/assets\/images\/default.png') 50% 50% no-repeat;width: 125px;height:90px;margin-bottom: 5px;background-size: cover; \"><\/div>\n\t\t\t\t\t\t\t\t\t  <\/div>\n\t\t\t\t\t\t\t\t\t  \n\t\t\t\t\t\t\t\t   <span class=\"yuzo__text--title\" style=\"font-size:13px;\">Como a (des)informa\u00e7\u00e3o sobre o Ir\u00e3 chega at\u00e9 a gen...<\/span>\n\t\t\t\t\t\t\t  \n\t\t\t\t\t\t\t  \n\t\t\t\t\t\t\t  <\/a>\n\n\t\t\t\t\t\t  <\/div>\n\t\t\t\t\t\t  <div class=\"relatedthumb \" style=\"width:125px;float:left;overflow:hidden;\">  \n\t\t\t\t\t\t\t  \n\t\t\t\t\t\t\t  <a  href=\"https:\/\/redept.com.br\/blogosfera\/posada-lanca-flecha-envenenada-album-que-une-musica-urbana-latina-e-memoria-ancestral-indigena\/\"  >\n\t\t\t\t\t\t\t\t\t  <div class=\"yuzo-img-wrap \" style=\"width: 125px;height:90px;\">\n\t\t\t\t\t\t\t\t\t\t\n\t\t\t\t\t\t\t\t\t\t<div class=\"yuzo-img\" style=\"background:url('https:\/\/redept.org\/blogosfera\/wp-content\/plugins\/yuzo-related-post\/assets\/images\/default.png') 50% 50% no-repeat;width: 125px;height:90px;margin-bottom: 5px;background-size: cover; \"><\/div>\n\t\t\t\t\t\t\t\t\t  <\/div>\n\t\t\t\t\t\t\t\t\t  \n\t\t\t\t\t\t\t\t   <span class=\"yuzo__text--title\" style=\"font-size:13px;\">Posada lan\u00e7a \u2018Flecha Envenenada\u2019, \u00e1lbum que une m\u00fa...<\/span>\n\t\t\t\t\t\t\t  \n\t\t\t\t\t\t\t  \n\t\t\t\t\t\t\t  <\/a>\n\n\t\t\t\t\t\t  <\/div>\n\t\t\t\t\t\t  <div class=\"relatedthumb \" style=\"width:125px;float:left;overflow:hidden;\">  \n\t\t\t\t\t\t\t  \n\t\t\t\t\t\t\t  <a  href=\"https:\/\/redept.com.br\/blogosfera\/ex-delegado-considerado-inimigo-numero-1-do-pcc-e-morto-a-tiros-em-sp\/\"  >\n\t\t\t\t\t\t\t\t\t  <div class=\"yuzo-img-wrap \" style=\"width: 125px;height:90px;\">\n\t\t\t\t\t\t\t\t\t\t\n\t\t\t\t\t\t\t\t\t\t<div class=\"yuzo-img\" style=\"background:url('https:\/\/redept.org\/blogosfera\/wp-content\/plugins\/yuzo-related-post\/assets\/images\/default.png') 50% 50% no-repeat;width: 125px;height:90px;margin-bottom: 5px;background-size: cover; \"><\/div>\n\t\t\t\t\t\t\t\t\t  <\/div>\n\t\t\t\t\t\t\t\t\t  \n\t\t\t\t\t\t\t\t   <span class=\"yuzo__text--title\" style=\"font-size:13px;\">Ex-delegado considerado \u2018inimigo n\u00famero 1\u2019 do PCC ...<\/span>\n\t\t\t\t\t\t\t  \n\t\t\t\t\t\t\t  \n\t\t\t\t\t\t\t  <\/a>\n\n\t\t\t\t\t\t  <\/div>\n\t\t\t\t\t\t  <div class=\"relatedthumb \" style=\"width:125px;float:left;overflow:hidden;\">  \n\t\t\t\t\t\t\t  \n\t\t\t\t\t\t\t  <a  href=\"https:\/\/redept.com.br\/blogosfera\/movimentos-fazem-ato-contra-violencia-policial-em-sp-e-cobram-acao-do-ministerio-publico-contra-derrite-e-tarcisio\/\"  >\n\t\t\t\t\t\t\t\t\t  <div class=\"yuzo-img-wrap \" style=\"width: 125px;height:90px;\">\n\t\t\t\t\t\t\t\t\t\t\n\t\t\t\t\t\t\t\t\t\t<div class=\"yuzo-img\" style=\"background:url('https:\/\/redept.org\/blogosfera\/wp-content\/plugins\/yuzo-related-post\/assets\/images\/default.png') 50% 50% no-repeat;width: 125px;height:90px;margin-bottom: 5px;background-size: cover; \"><\/div>\n\t\t\t\t\t\t\t\t\t  <\/div>\n\t\t\t\t\t\t\t\t\t  \n\t\t\t\t\t\t\t\t   <span class=\"yuzo__text--title\" style=\"font-size:13px;\">Movimentos fazem ato contra viol\u00eancia policial em ...<\/span>\n\t\t\t\t\t\t\t  \n\t\t\t\t\t\t\t  \n\t\t\t\t\t\t\t  <\/a>\n\n\t\t\t\t\t\t  <\/div>\n<\/div> <script>\n\t\t\t\t\t\t  jQuery(document).ready(function( $ ){\n\t\t\t\t\t\t\t\/\/jQuery('.yuzo_related_post').equalizer({ overflow : 'relatedthumb' });\n\t\t\t\t\t\t\tjQuery('.yuzo_related_post .yuzo_wraps').equalizer({ columns : '> div' });\n\t\t\t\t\t\t   })\n\t\t\t\t\t\t  <\/script> <!-- End Yuzo :) -->","protected":false},"excerpt":{"rendered":"<div><img decoding=\"async\" width=\"1170\" height=\"700\" src=\"\/\/www.w3.org\/2000\/svg'%20viewBox='0%200%201170%20700'%3E%3C\/svg%3E\" alt=\"\" data-src=\"https:\/\/iclnoticias.com.br\/app\/uploads\/2025\/10\/deputados_hugo_motta.webp\" data-type=\"string\"><\/div>\n<p>Por Lucas Marchesini (Folhapress) \u2013 A elei\u00e7\u00e3o de Hugo Motta (Republicanos-PB) para a presid\u00eancia da C\u00e2mara dos Deputados teve um efeito inesperado muito longe do Congresso Nacional. O tr\u00e1fego de jatinhos privados no aeroporto de Patos (PB), ber\u00e7o pol\u00edtico do presidente da C\u00e2mara, quase dobrou desde que o paraibano foi eleito para comandar a Casa. [\u2026]<\/p>\n","protected":false},"author":2,"featured_media":60836,"comment_status":"open","ping_status":"closed","sticky":false,"template":"","format":"standard","meta":{"fifu_image_url":"","fifu_image_alt":"","footnotes":""},"categories":[3325,5891,132],"tags":[],"class_list":["post-60835","post","type-post","status-publish","format-standard","has-post-thumbnail","hentry","category-hugo-motta","category-jbs","category-politica"],"_links":{"self":[{"href":"https:\/\/redept.com.br\/blogosfera\/wp-json\/wp\/v2\/posts\/60835","targetHints":{"allow":["GET"]}}],"collection":[{"href":"https:\/\/redept.com.br\/blogosfera\/wp-json\/wp\/v2\/posts"}],"about":[{"href":"https:\/\/redept.com.br\/blogosfera\/wp-json\/wp\/v2\/types\/post"}],"author":[{"embeddable":true,"href":"https:\/\/redept.com.br\/blogosfera\/wp-json\/wp\/v2\/users\/2"}],"replies":[{"embeddable":true,"href":"https:\/\/redept.com.br\/blogosfera\/wp-json\/wp\/v2\/comments?post=60835"}],"version-history":[{"count":0,"href":"https:\/\/redept.com.br\/blogosfera\/wp-json\/wp\/v2\/posts\/60835\/revisions"}],"wp:featuredmedia":[{"embeddable":true,"href":"https:\/\/redept.com.br\/blogosfera\/wp-json\/wp\/v2\/media\/60836"}],"wp:attachment":[{"href":"https:\/\/redept.com.br\/blogosfera\/wp-json\/wp\/v2\/media?parent=60835"}],"wp:term":[{"taxonomy":"category","embeddable":true,"href":"https:\/\/redept.com.br\/blogosfera\/wp-json\/wp\/v2\/categories?post=60835"},{"taxonomy":"post_tag","embeddable":true,"href":"https:\/\/redept.com.br\/blogosfera\/wp-json\/wp\/v2\/tags?post=60835"}],"curies":[{"name":"wp","href":"https:\/\/api.w.org\/{rel}","templated":true}]}}