{"id":60976,"date":"2025-10-28T18:00:19","date_gmt":"2025-10-28T21:00:19","guid":{"rendered":"https:\/\/redept.com.br\/blogosfera\/garantismo-x-punitivismo-o-que-realmente-esta-em-jogo-nas-indicacoes-ao-stf\/"},"modified":"2025-10-28T18:00:19","modified_gmt":"2025-10-28T21:00:19","slug":"garantismo-x-punitivismo-o-que-realmente-esta-em-jogo-nas-indicacoes-ao-stf","status":"publish","type":"post","link":"https:\/\/redept.com.br\/blogosfera\/garantismo-x-punitivismo-o-que-realmente-esta-em-jogo-nas-indicacoes-ao-stf\/","title":{"rendered":"Garantismo x Punitivismo: o que realmente est\u00e1 em jogo nas indica\u00e7\u00f5es ao STF"},"content":{"rendered":"<p><img loading=\"lazy\" width=\"1024\" height=\"576\"src=\"https:\/\/redept.com.br\/blogosfera\/wp-content\/uploads\/2025\/10\/stf-por-stf.jpg\" alt=\"\" decoding=\"async\" loading=\"lazy\" srcset=\"https:\/\/vermelho.org.br\/wp-content\/uploads\/2025\/02\/stf-por-stf-1024x576.jpg 1024w, https:\/\/vermelho.org.br\/wp-content\/uploads\/2025\/02\/stf-por-stf-300x169.jpg 300w, https:\/\/vermelho.org.br\/wp-content\/uploads\/2025\/02\/stf-por-stf-768x432.jpg 768w, https:\/\/vermelho.org.br\/wp-content\/uploads\/2025\/02\/stf-por-stf-1536x864.jpg 1536w, https:\/\/redept.com.br\/blogosfera\/wp-content\/uploads\/2025\/10\/stf-por-stf.jpg 1890w\" sizes=\"auto, (max-width: 1024px) 100vw, 1024px\"><\/p>\n<p>A cada nova vaga aberta no Supremo Tribunal Federal, o pa\u00eds volta seus olhos para a escolha do pr\u00f3ximo guardi\u00e3o da Constitui\u00e7\u00e3o Federal de 1988, a mais longeva de nossa hist\u00f3ria republicana em tempos de paz. A decis\u00e3o, de compet\u00eancia do presidente da Rep\u00fablica, ultrapassa os limites da pol\u00edtica e alcan\u00e7a o cora\u00e7\u00e3o do Estado Democr\u00e1tico de Direito: o perfil de quem interpretar\u00e1 os direitos e garantias fundamentais do cidad\u00e3o brasileiro.<\/p>\n<p>Nos \u00faltimos anos, debates sobre representatividade t\u00eam ganhado for\u00e7a, como o que motivou o\u00a0<a href=\"https:\/\/www.jusbrasil.com.br\/jurisprudencia\/stj\/3475933408?verified=true\" target=\"_blank\" rel=\"noreferrer noopener\">Mandado de Seguran\u00e7a n\u00ba 40573<\/a>, impetrado pela Rede Feminista de Juristas (deFEMde), reivindicando que uma das vagas fosse preenchida por uma mulher negra. A pauta \u00e9 leg\u00edtima, mas suscita uma reflex\u00e3o necess\u00e1ria: a representatividade simb\u00f3lica pode substituir a defesa real dos direitos fundamentais?<\/p>\n<p>A Constitui\u00e7\u00e3o Federal, em seu artigo\u00a0<a href=\"https:\/\/www.jusbrasil.com.br\/topicos\/10688828\/artigo-101-da-constituicao-federal-de-1988?verified=true\" target=\"_blank\" rel=\"noreferrer noopener\">101<\/a>, \u00e9 clara ao estabelecer que cabe ao presidente da Rep\u00fablica indicar o ministro do STF, cuja nomea\u00e7\u00e3o se efetiva ap\u00f3s sabatina na Comiss\u00e3o de Constitui\u00e7\u00e3o e Justi\u00e7a e aprova\u00e7\u00e3o pelo Senado Federal. O texto constitucional exige apenas not\u00f3rio saber jur\u00eddico e reputa\u00e7\u00e3o ilibada e, em nenhum momento, condiciona a escolha a crit\u00e9rios identit\u00e1rios. Portanto, a representatividade \u00e9 um valor democr\u00e1tico, mas n\u00e3o pode se sobrepor \u00e0 miss\u00e3o essencial do Supremo: garantir direitos, conter abusos e limitar o poder punitivo do Estado.<\/p>\n<p>O verdadeiro crit\u00e9rio, nesse momento, deveria ser o perfil garantista do indicado. Como ensina Luigi Ferrajoli, \u201cpor garantismo devemos entender a real e efetiva tutela dos direitos fundamentais.\u201d Essa concep\u00e7\u00e3o, desenvolvida a partir do p\u00f3s-guerra, lembra que o Direito Penal s\u00f3 \u00e9 leg\u00edtimo quando serve para proteger o indiv\u00edduo contra o pr\u00f3prio Estado, e n\u00e3o o contr\u00e1rio.<\/p>\n<p>Ao longo da hist\u00f3ria, te\u00f3ricos como Cesare Beccaria, em\u00a0<em>Dos Delitos e das Penas<\/em>, j\u00e1 advertiam que a crueldade travestida de justi\u00e7a \u00e9 o primeiro sintoma da tirania. D\u00e9cadas depois, Michel Foucault, em\u00a0<em>Vigiar e Punir<\/em>, mostrou que o sistema penal moderno n\u00e3o apenas pune, mas tamb\u00e9m produz corpos d\u00f3ceis, controla popula\u00e7\u00f5es e fabrica desigualdades. No Brasil, Alessandro Baratta e Jess\u00e9 Souza demonstraram que o punitivismo serve para manter hierarquias sociais, alimentando o encarceramento em massa de jovens, pretos e pobres.<\/p>\n<p>Os n\u00fameros e as decis\u00f5es judiciais confirmam o alerta. O pr\u00f3prio STF, no julgamento da\u00a0<a href=\"https:\/\/www.jusbrasil.com.br\/busca?q=adpf+347\" target=\"_blank\" rel=\"noreferrer noopener\">ADPF 347<\/a>, reconheceu o estado de coisas inconstitucional no sistema prisional, uma viola\u00e7\u00e3o massiva e persistente de direitos fundamentais decorrente de falhas estruturais. A cultura punitivista, enraizada na estrutura judicial e policial, converteu o pa\u00eds em uma f\u00e1brica de pris\u00f5es e fac\u00e7\u00f5es.<\/p>\n<p>A fragilidade da presun\u00e7\u00e3o de inoc\u00eancia, princ\u00edpio basilar do garantismo, \u00e9 constantemente posta \u00e0 prova. O STF tem reafirmado sua import\u00e2ncia, como no\u00a0<a href=\"https:\/\/www.jusbrasil.com.br\/busca?q=are+1.497.072%2Fpi\" target=\"_blank\" rel=\"noreferrer noopener\">ARE 1.497.072\/PI<\/a>, ao decidir que processos penais em andamento n\u00e3o podem impedir a matr\u00edcula em cursos de forma\u00e7\u00e3o, e no\u00a0<a href=\"https:\/\/www.jusbrasil.com.br\/busca?q=rhc+228.580%2Fsc\" target=\"_blank\" rel=\"noreferrer noopener\">RHC 228.580\/SC<\/a>, que veda a condena\u00e7\u00e3o baseada exclusivamente em reconhecimento fotogr\u00e1fico falho. O Superior Tribunal de Justi\u00e7a segue a mesma linha, como visto no\u00a0<a href=\"https:\/\/www.jusbrasil.com.br\/busca?q=agrg+no+rhc+172.369%2Fsc\" target=\"_blank\" rel=\"noreferrer noopener\">AgRg no RHC 172.369\/SC<\/a>, que recha\u00e7ou a execu\u00e7\u00e3o provis\u00f3ria da pena como viola\u00e7\u00e3o \u00e0 presun\u00e7\u00e3o de inoc\u00eancia.<\/p>\n<p>Em nome da \u201cseguran\u00e7a p\u00fablica\u201d, produz-se mais viol\u00eancia, mais exclus\u00e3o e menos justi\u00e7a. O STJ, sens\u00edvel a essa realidade, tem utilizado o\u00a0<em>habeas corpus<\/em>\u00a0como instrumento para mitigar os efeitos do encarceramento em massa, como na decis\u00e3o do\u00a0<a href=\"https:\/\/www.jusbrasil.com.br\/jurisprudencia\/stj\/2107736625?verified=true\" target=\"_blank\" rel=\"noreferrer noopener\">HC 681.627\/MT<\/a>, que considerou a superlota\u00e7\u00e3o e o \u201cestado de coisas inconstitucional\u201d para afastar a pris\u00e3o preventiva em crimes sem viol\u00eancia.<\/p>\n<p>Por isso, a discuss\u00e3o sobre quem ocupar\u00e1 uma cadeira no STF deve ir al\u00e9m do g\u00eanero ou da cor. O verdadeiro compromisso identit\u00e1rio de um ministro deve ser com a identidade constitucional: com o garantismo, a liberdade, a dignidade humana e a limita\u00e7\u00e3o do poder estatal. De nada adianta um ministro representar uma classe social se suas decis\u00f5es refor\u00e7arem o mesmo sistema penal que oprime essa classe.<\/p>\n<p>Cada nova vaga no STF \u00e9, portanto, uma oportunidade hist\u00f3rica para reafirmar o projeto humanista e garantista inscrito na Constitui\u00e7\u00e3o de 1988. O pa\u00eds n\u00e3o precisa de um novo justiceiro, mas de um int\u00e9rprete da Constitui\u00e7\u00e3o, consciente de que a Justi\u00e7a n\u00e3o \u00e9 o bra\u00e7o armado do Estado, mas o seu freio moral. O pr\u00f3ximo ministro deve ser guardi\u00e3o das liberdades p\u00fablicas, n\u00e3o c\u00famplice da puni\u00e7\u00e3o cega.<\/p>\n<p>Mais do que um nome, o Brasil precisa de um sentido. E esse sentido \u00e9 o constitucional: lembrar que a Justi\u00e7a existe para limitar o poder, e n\u00e3o para ampli\u00e1-lo.<\/p>\n<p>O post <a href=\"https:\/\/vermelho.org.br\/2025\/10\/28\/garantismo-e-o-punitivismo-o-que-realmente-esta-em-jogo-nas-indicacoes-ao-stf\/\">Garantismo x Punitivismo: o que realmente est\u00e1 em jogo nas indica\u00e7\u00f5es ao STF<\/a> apareceu primeiro em <a href=\"https:\/\/vermelho.org.br\/\">Vermelho<\/a>.<\/p>\n<!-- Begin Yuzo --><div class='yuzo_related_post style-1'  data-version='5.12.89'><!-- without result --><div class='yuzo_clearfixed yuzo__title yuzo__title'><h3>Related Post<\/h3><\/div>\n\t\t\t\t\t\t  <div class=\"relatedthumb \" style=\"width:125px;float:left;overflow:hidden;\">  \n\t\t\t\t\t\t\t  \n\t\t\t\t\t\t\t  <a  href=\"https:\/\/redept.com.br\/blogosfera\/em-meio-a-incendios-na-patagonia-governo-milei-criminaliza-indigenas-mapuche-que-pedem-ajuda-e-tao-importante-quanto-a-amazonia\/\"  >\n\t\t\t\t\t\t\t\t\t  <div class=\"yuzo-img-wrap \" style=\"width: 125px;height:90px;\">\n\t\t\t\t\t\t\t\t\t\t\n\t\t\t\t\t\t\t\t\t\t<div class=\"yuzo-img\" style=\"background:url('https:\/\/redept.org\/blogosfera\/wp-content\/plugins\/yuzo-related-post\/assets\/images\/default.png') 50% 50% no-repeat;width: 125px;height:90px;margin-bottom: 5px;background-size: cover; \"><\/div>\n\t\t\t\t\t\t\t\t\t  <\/div>\n\t\t\t\t\t\t\t\t\t  \n\t\t\t\t\t\t\t\t   <span class=\"yuzo__text--title\" style=\"font-size:13px;\">Em meio a inc\u00eandios na Patag\u00f4nia, governo Milei cr...<\/span>\n\t\t\t\t\t\t\t  \n\t\t\t\t\t\t\t  \n\t\t\t\t\t\t\t  <\/a>\n\n\t\t\t\t\t\t  <\/div>\n\t\t\t\t\t\t  <div class=\"relatedthumb \" style=\"width:125px;float:left;overflow:hidden;\">  \n\t\t\t\t\t\t\t  \n\t\t\t\t\t\t\t  <a  href=\"https:\/\/redept.com.br\/blogosfera\/auto-do-guriata-traz-shows-e-oficinas-de-bumba-meu-boi-a-sao-paulo\/\"  >\n\t\t\t\t\t\t\t\t\t  <div class=\"yuzo-img-wrap \" style=\"width: 125px;height:90px;\">\n\t\t\t\t\t\t\t\t\t\t\n\t\t\t\t\t\t\t\t\t\t<div class=\"yuzo-img\" style=\"background:url('https:\/\/redept.com.br\/blogosfera\/wp-content\/uploads\/2025\/12\/Musical-Auto-do-Guriata-sobre-o-Bumba-Meu-Boi-150x150.jpeg') 50% 50% no-repeat;width: 125px;height:90px;margin-bottom: 5px;background-size: cover; \"><\/div>\n\t\t\t\t\t\t\t\t\t  <\/div>\n\t\t\t\t\t\t\t\t\t  \n\t\t\t\t\t\t\t\t   <span class=\"yuzo__text--title\" style=\"font-size:13px;\">Auto do Guriat\u00e3 traz shows e oficinas de Bumba Meu...<\/span>\n\t\t\t\t\t\t\t  \n\t\t\t\t\t\t\t  \n\t\t\t\t\t\t\t  <\/a>\n\n\t\t\t\t\t\t  <\/div>\n\t\t\t\t\t\t  <div class=\"relatedthumb \" style=\"width:125px;float:left;overflow:hidden;\">  \n\t\t\t\t\t\t\t  \n\t\t\t\t\t\t\t  <a  href=\"https:\/\/sul21.com.br\/noticias\/geral\/2025\/10\/nao-precisaremos-do-horario-de-verao-neste-ano-afirma-ministro-de-minas-e-energia\/\"  >\n\t\t\t\t\t\t\t\t\t  <div class=\"yuzo-img-wrap \" style=\"width: 125px;height:90px;\">\n\t\t\t\t\t\t\t\t\t\t\n\t\t\t\t\t\t\t\t\t\t<div class=\"yuzo-img\" style=\"background:url('https:\/\/agenciabrasil.ebc.com.br\/ebc.png?id=1662758&amp;o=node') 50% 50% no-repeat;width: 125px;height:90px;margin-bottom: 5px;background-size: cover; \"><\/div>\n\t\t\t\t\t\t\t\t\t  <\/div>\n\t\t\t\t\t\t\t\t\t  \n\t\t\t\t\t\t\t\t   <span class=\"yuzo__text--title\" style=\"font-size:13px;\">\u2018N\u00e3o precisaremos do hor\u00e1rio de ver\u00e3o neste ano\u2019, ...<\/span>\n\t\t\t\t\t\t\t  \n\t\t\t\t\t\t\t  \n\t\t\t\t\t\t\t  <\/a>\n\n\t\t\t\t\t\t  <\/div>\n\t\t\t\t\t\t  <div class=\"relatedthumb \" style=\"width:125px;float:left;overflow:hidden;\">  \n\t\t\t\t\t\t\t  \n\t\t\t\t\t\t\t  <a  href=\"https:\/\/redept.com.br\/blogosfera\/quatro-candidatos-disputam-a-eleicao-suplementar-para-prefeito-no-dia-12-de-abril-em-cachoeirinha-rs\/\"  >\n\t\t\t\t\t\t\t\t\t  <div class=\"yuzo-img-wrap \" style=\"width: 125px;height:90px;\">\n\t\t\t\t\t\t\t\t\t\t\n\t\t\t\t\t\t\t\t\t\t<div class=\"yuzo-img\" style=\"background:url('https:\/\/redept.org\/blogosfera\/wp-content\/plugins\/yuzo-related-post\/assets\/images\/default.png') 50% 50% no-repeat;width: 125px;height:90px;margin-bottom: 5px;background-size: cover; \"><\/div>\n\t\t\t\t\t\t\t\t\t  <\/div>\n\t\t\t\t\t\t\t\t\t  \n\t\t\t\t\t\t\t\t   <span class=\"yuzo__text--title\" style=\"font-size:13px;\">Quatro candidatos disputam a elei\u00e7\u00e3o suplementar p...<\/span>\n\t\t\t\t\t\t\t  \n\t\t\t\t\t\t\t  \n\t\t\t\t\t\t\t  <\/a>\n\n\t\t\t\t\t\t  <\/div>\n<\/div> <script>\n\t\t\t\t\t\t  jQuery(document).ready(function( $ ){\n\t\t\t\t\t\t\t\/\/jQuery('.yuzo_related_post').equalizer({ overflow : 'relatedthumb' });\n\t\t\t\t\t\t\tjQuery('.yuzo_related_post .yuzo_wraps').equalizer({ columns : '> div' });\n\t\t\t\t\t\t   })\n\t\t\t\t\t\t  <\/script> <!-- End Yuzo :) -->","protected":false},"excerpt":{"rendered":"<p>A cada nova vaga aberta no Supremo Tribunal Federal, o pa\u00eds volta seus olhos para a escolha do pr\u00f3ximo guardi\u00e3o da Constitui\u00e7\u00e3o Federal de 1988, a mais longeva de nossa hist\u00f3ria republicana em tempos de paz. A decis\u00e3o, de compet\u00eancia do presidente da Rep\u00fablica, ultrapassa os limites da pol\u00edtica e alcan\u00e7a o cora\u00e7\u00e3o do Estado [&hellip;]<\/p>\n","protected":false},"author":2,"featured_media":0,"comment_status":"open","ping_status":"closed","sticky":false,"template":"","format":"standard","meta":{"fifu_image_url":"","fifu_image_alt":"","footnotes":""},"categories":[27191,3086,20773,132,10611,17837,260],"tags":[],"class_list":["post-60976","post","type-post","status-publish","format-standard","hentry","category-direitos-fundamentais","category-estado-democratico-de-direito","category-garantismo","category-politica","category-presuncao-de-inocencia","category-punitivismo","category-stf"],"_links":{"self":[{"href":"https:\/\/redept.com.br\/blogosfera\/wp-json\/wp\/v2\/posts\/60976","targetHints":{"allow":["GET"]}}],"collection":[{"href":"https:\/\/redept.com.br\/blogosfera\/wp-json\/wp\/v2\/posts"}],"about":[{"href":"https:\/\/redept.com.br\/blogosfera\/wp-json\/wp\/v2\/types\/post"}],"author":[{"embeddable":true,"href":"https:\/\/redept.com.br\/blogosfera\/wp-json\/wp\/v2\/users\/2"}],"replies":[{"embeddable":true,"href":"https:\/\/redept.com.br\/blogosfera\/wp-json\/wp\/v2\/comments?post=60976"}],"version-history":[{"count":0,"href":"https:\/\/redept.com.br\/blogosfera\/wp-json\/wp\/v2\/posts\/60976\/revisions"}],"wp:attachment":[{"href":"https:\/\/redept.com.br\/blogosfera\/wp-json\/wp\/v2\/media?parent=60976"}],"wp:term":[{"taxonomy":"category","embeddable":true,"href":"https:\/\/redept.com.br\/blogosfera\/wp-json\/wp\/v2\/categories?post=60976"},{"taxonomy":"post_tag","embeddable":true,"href":"https:\/\/redept.com.br\/blogosfera\/wp-json\/wp\/v2\/tags?post=60976"}],"curies":[{"name":"wp","href":"https:\/\/api.w.org\/{rel}","templated":true}]}}