{"id":60978,"date":"2025-10-28T18:02:10","date_gmt":"2025-10-28T21:02:10","guid":{"rendered":"https:\/\/redept.com.br\/blogosfera\/sus-e-unica-opcao-de-acesso-a-saude-para-mais-de-160-milhoes-de-brasileiros\/"},"modified":"2025-10-28T18:02:10","modified_gmt":"2025-10-28T21:02:10","slug":"sus-e-unica-opcao-de-acesso-a-saude-para-mais-de-160-milhoes-de-brasileiros","status":"publish","type":"post","link":"https:\/\/redept.com.br\/blogosfera\/sus-e-unica-opcao-de-acesso-a-saude-para-mais-de-160-milhoes-de-brasileiros\/","title":{"rendered":"SUS \u00e9 \u00fanica op\u00e7\u00e3o de acesso \u00e0 Sa\u00fade para mais de 160 milh\u00f5es de brasileiros"},"content":{"rendered":"<p><img loading=\"lazy\" width=\"754\" height=\"503\"src=\"https:\/\/redept.com.br\/blogosfera\/wp-content\/uploads\/2025\/10\/sus-foto-atendimento.webp\" alt=\"\" decoding=\"async\" loading=\"lazy\" srcset=\"https:\/\/redept.com.br\/blogosfera\/wp-content\/uploads\/2025\/10\/sus-foto-atendimento.webp 754w, https:\/\/vermelho.org.br\/wp-content\/uploads\/2025\/10\/sus-foto-atendimento-300x200.webp 300w, https:\/\/vermelho.org.br\/wp-content\/uploads\/2025\/10\/sus-foto-atendimento-272x182.webp 272w\" sizes=\"auto, (max-width: 754px) 100vw, 754px\"><\/p>\n<p>Em um pa\u00eds marcado por desigualdades hist\u00f3ricas, o Sistema \u00danico de Sa\u00fade (SUS) permanece como a principal \u2014 e muitas vezes \u00fanica \u2014 porta de entrada para cuidados m\u00e9dicos da maioria absoluta dos brasileiros. Criado h\u00e1 35 anos, o SUS \u00e9 hoje o maior sistema p\u00fablico e universal de sa\u00fade do mundo, respons\u00e1vel por acolher cerca de 160 milh\u00f5es de pessoas no Brasil, o equivalente a 75,3% da popula\u00e7\u00e3o nacional.<\/p>\n<p>Um estudo in\u00e9dito da Rep\u00fablica.org, com base em dados do DataSUS, revela que apenas 52,77 milh\u00f5es de brasileiros possuem planos de sa\u00fade privados. A cobertura suplementar, concentrada nas regi\u00f5es Sul e Sudeste, contrasta com a realidade do Norte e Nordeste, onde mais de 80% da popula\u00e7\u00e3o depende exclusivamente do SUS. Em S\u00e3o Paulo, estado com maior cobertura privada, 59,9% da popula\u00e7\u00e3o depende do sistema p\u00fablico \u2014 o menor \u00edndice do pa\u00eds. J\u00e1 em Roraima, 95,7% dos moradores n\u00e3o t\u00eam plano de sa\u00fade, configurando a maior taxa de depend\u00eancia do SUS entre todas as unidades federativas.<\/p>\n<p>Essas disparidades mostram que a medicina privada n\u00e3o consegue superar barreiras estruturais profundas, como baixa renda, infraestrutura prec\u00e1ria, escassez de unidades de sa\u00fade e longas dist\u00e2ncias para atendimento. Embora esteja em expans\u00e3o, a l\u00f3gica do mercado n\u00e3o alcan\u00e7a o povo pobre. A Ag\u00eancia Nacional de Sa\u00fade Suplementar (ANS), em seu balan\u00e7o, revela que a cobertura privada atinge aproximadamente 25% da popula\u00e7\u00e3o e est\u00e1 concentrada nas regi\u00f5es mais ricas do pa\u00eds.<\/p>\n<p><strong>Profissionais: concentra\u00e7\u00e3o e rotatividade<\/strong><\/p>\n<p>A desigualdade tamb\u00e9m se expressa na distribui\u00e7\u00e3o de m\u00e9dicos. A regi\u00e3o Norte conta com apenas 1,7 m\u00e9dicos por mil habitantes, contra uma m\u00e9dia nacional de 2,98. A concentra\u00e7\u00e3o em capitais e regi\u00f5es metropolitanas aprofunda o abismo entre os que t\u00eam e os que n\u00e3o t\u00eam acesso \u00e0 sa\u00fade.<\/p>\n<p>Mesmo com avan\u00e7os como em programas Sa\u00fade da Fam\u00edlia \u2014 que cobre 99% das regi\u00f5es \u2014, a rotatividade de profissionais compromete a continuidade do servi\u00e7o. Em 2024, a taxa de desligamento chegou a 33,9% nas \u00e1reas mais vulner\u00e1veis.<\/p>\n<p><strong>Subfinanciamento cr\u00f4nico amea\u00e7a a universaliza\u00e7\u00e3o<\/strong><\/p>\n<p>O Sistema \u00danico de Sa\u00fade, respons\u00e1vel por aproximadamente 2,8 bilh\u00f5es de atendimentos anuais e sustentado por uma for\u00e7a de trabalho de 3,5 milh\u00f5es de profissionais, enfrenta, apesar de sua ampla capilaridade e abrang\u00eancia, um grave estrangulamento or\u00e7ament\u00e1rio. Em 2025, o Minist\u00e9rio da Sa\u00fade destinou R$ 246 bilh\u00f5es ao SUS, o que corresponde a aproximadamente 8% das despesas prim\u00e1rias federais (ou pouco mais de 4% do or\u00e7amento federal total). Segundo a Institui\u00e7\u00e3o Fiscal Independente (IFI), os gastos projetados para a \u00e1rea \u2014 com crescimento m\u00e9dio de 3,9% ao ano \u2014 excedem o limite estabelecido pelo novo arcabou\u00e7o fiscal, fixado em 2,5%. Diante do envelhecimento populacional e da crescente demanda por tecnologias m\u00e9dicas, o risco de colapso torna-se cada vez mais iminente.<\/p>\n<p>Para manter-se como refer\u00eancia mundial em transplantes, com 30 mil procedimentos realizados em 2024, e com o maior programa de vacina\u00e7\u00e3o da Am\u00e9rica Latina, o SUS precisa ter assegurado receitas p\u00fablicas. <\/p>\n<\/p>\n<p>O post <a href=\"https:\/\/vermelho.org.br\/2025\/10\/28\/sus-e-unica-opcao-de-acesso-a-saude-para-maioria-dos-brasileiros\/\">SUS \u00e9 \u00fanica op\u00e7\u00e3o de acesso \u00e0 Sa\u00fade para mais de 160 milh\u00f5es de brasileiros<\/a> apareceu primeiro em <a href=\"https:\/\/vermelho.org.br\/\">Vermelho<\/a>.<\/p>\n<!-- Begin Yuzo --><div class='yuzo_related_post style-1'  data-version='5.12.89'><!-- without result --><div class='yuzo_clearfixed yuzo__title yuzo__title'><h3>Related Post<\/h3><\/div>\n\t\t\t\t\t\t  <div class=\"relatedthumb \" style=\"width:125px;float:left;overflow:hidden;\">  \n\t\t\t\t\t\t\t  \n\t\t\t\t\t\t\t  <a  href=\"https:\/\/redept.com.br\/blogosfera\/posicionamentos-da-cooabriel-4c-e-nestle-sobre-caso-de-trabalho-escravo-no-sitio-mata-verde\/\"  >\n\t\t\t\t\t\t\t\t\t  <div class=\"yuzo-img-wrap \" style=\"width: 125px;height:90px;\">\n\t\t\t\t\t\t\t\t\t\t\n\t\t\t\t\t\t\t\t\t\t<div class=\"yuzo-img\" style=\"background:url('https:\/\/redept.com.br\/blogosfera\/wp-content\/uploads\/2025\/07\/2122.png') 50% 50% no-repeat;width: 125px;height:90px;margin-bottom: 5px;background-size: cover; \"><\/div>\n\t\t\t\t\t\t\t\t\t  <\/div>\n\t\t\t\t\t\t\t\t\t  \n\t\t\t\t\t\t\t\t   <span class=\"yuzo__text--title\" style=\"font-size:13px;\">Posicionamentos da Cooabriel, 4C e Nestl\u00e9 sobre ca...<\/span>\n\t\t\t\t\t\t\t  \n\t\t\t\t\t\t\t  \n\t\t\t\t\t\t\t  <\/a>\n\n\t\t\t\t\t\t  <\/div>\n\t\t\t\t\t\t  <div class=\"relatedthumb \" style=\"width:125px;float:left;overflow:hidden;\">  \n\t\t\t\t\t\t\t  \n\t\t\t\t\t\t\t  <a  href=\"https:\/\/redept.com.br\/blogosfera\/procuradora-geral-de-israel-renuncia-apos-escandalo-sobre-abusos-de-detentos\/\"  >\n\t\t\t\t\t\t\t\t\t  <div class=\"yuzo-img-wrap \" style=\"width: 125px;height:90px;\">\n\t\t\t\t\t\t\t\t\t\t\n\t\t\t\t\t\t\t\t\t\t<div class=\"yuzo-img\" style=\"background:url('https:\/\/redept.com.br\/blogosfera\/wp-content\/uploads\/2025\/11\/in_od_autoorientmxf_2_autoorient_i-150x150.jpg') 50% 50% no-repeat;width: 125px;height:90px;margin-bottom: 5px;background-size: cover; \"><\/div>\n\t\t\t\t\t\t\t\t\t  <\/div>\n\t\t\t\t\t\t\t\t\t  \n\t\t\t\t\t\t\t\t   <span class=\"yuzo__text--title\" style=\"font-size:13px;\">Procuradora-geral de Israel renuncia ap\u00f3s esc\u00e2ndal...<\/span>\n\t\t\t\t\t\t\t  \n\t\t\t\t\t\t\t  \n\t\t\t\t\t\t\t  <\/a>\n\n\t\t\t\t\t\t  <\/div>\n\t\t\t\t\t\t  <div class=\"relatedthumb \" style=\"width:125px;float:left;overflow:hidden;\">  \n\t\t\t\t\t\t\t  \n\t\t\t\t\t\t\t  <a  href=\"https:\/\/redept.com.br\/blogosfera\/acordo-mercosul-ue-lula-celebra-o-multilateralismo-e-von-der-leyen-a-abertura\/\"  >\n\t\t\t\t\t\t\t\t\t  <div class=\"yuzo-img-wrap \" style=\"width: 125px;height:90px;\">\n\t\t\t\t\t\t\t\t\t\t\n\t\t\t\t\t\t\t\t\t\t<div class=\"yuzo-img\" style=\"background:url('https:\/\/redept.com.br\/blogosfera\/wp-content\/uploads\/2026\/01\/URSULA_LULA-2-e1768590267625-150x150.jpg') 50% 50% no-repeat;width: 125px;height:90px;margin-bottom: 5px;background-size: cover; \"><\/div>\n\t\t\t\t\t\t\t\t\t  <\/div>\n\t\t\t\t\t\t\t\t\t  \n\t\t\t\t\t\t\t\t   <span class=\"yuzo__text--title\" style=\"font-size:13px;\">Acordo Mercosul-UE: Lula celebra o multilateralism...<\/span>\n\t\t\t\t\t\t\t  \n\t\t\t\t\t\t\t  \n\t\t\t\t\t\t\t  <\/a>\n\n\t\t\t\t\t\t  <\/div>\n\t\t\t\t\t\t  <div class=\"relatedthumb \" style=\"width:125px;float:left;overflow:hidden;\">  \n\t\t\t\t\t\t\t  \n\t\t\t\t\t\t\t  <a  href=\"https:\/\/redept.com.br\/blogosfera\/unifesp-recebe-debate-sobre-memoria-da-chacina-de-osasco-e-barueri\/\"  >\n\t\t\t\t\t\t\t\t\t  <div class=\"yuzo-img-wrap \" style=\"width: 125px;height:90px;\">\n\t\t\t\t\t\t\t\t\t\t\n\t\t\t\t\t\t\t\t\t\t<div class=\"yuzo-img\" style=\"background:url('https:\/\/redept.org\/blogosfera\/wp-content\/plugins\/yuzo-related-post\/assets\/images\/default.png') 50% 50% no-repeat;width: 125px;height:90px;margin-bottom: 5px;background-size: cover; \"><\/div>\n\t\t\t\t\t\t\t\t\t  <\/div>\n\t\t\t\t\t\t\t\t\t  \n\t\t\t\t\t\t\t\t   <span class=\"yuzo__text--title\" style=\"font-size:13px;\">Unifesp recebe debate sobre mem\u00f3ria da chacina de ...<\/span>\n\t\t\t\t\t\t\t  \n\t\t\t\t\t\t\t  \n\t\t\t\t\t\t\t  <\/a>\n\n\t\t\t\t\t\t  <\/div>\n<\/div> <script>\n\t\t\t\t\t\t  jQuery(document).ready(function( $ ){\n\t\t\t\t\t\t\t\/\/jQuery('.yuzo_related_post').equalizer({ overflow : 'relatedthumb' });\n\t\t\t\t\t\t\tjQuery('.yuzo_related_post .yuzo_wraps').equalizer({ columns : '> div' });\n\t\t\t\t\t\t   })\n\t\t\t\t\t\t  <\/script> <!-- End Yuzo :) -->","protected":false},"excerpt":{"rendered":"<p>Em um pa\u00eds marcado por desigualdades hist\u00f3ricas, o Sistema \u00danico de Sa\u00fade (SUS) permanece como a principal \u2014 e muitas vezes \u00fanica \u2014 porta de entrada para cuidados m\u00e9dicos da maioria absoluta dos brasileiros. Criado h\u00e1 35 anos, o SUS \u00e9 hoje o maior sistema p\u00fablico e universal de sa\u00fade do mundo, respons\u00e1vel por acolher [&hellip;]<\/p>\n","protected":false},"author":2,"featured_media":0,"comment_status":"open","ping_status":"closed","sticky":false,"template":"","format":"standard","meta":{"fifu_image_url":"","fifu_image_alt":"","footnotes":""},"categories":[27192,23069,126,27193,14793,1256],"tags":[],"class_list":["post-60978","post","type-post","status-publish","format-standard","hentry","category-acesso-ao-sus","category-plano-de-saude","category-saude","category-saude-complementar","category-saude-privada","category-sus"],"_links":{"self":[{"href":"https:\/\/redept.com.br\/blogosfera\/wp-json\/wp\/v2\/posts\/60978","targetHints":{"allow":["GET"]}}],"collection":[{"href":"https:\/\/redept.com.br\/blogosfera\/wp-json\/wp\/v2\/posts"}],"about":[{"href":"https:\/\/redept.com.br\/blogosfera\/wp-json\/wp\/v2\/types\/post"}],"author":[{"embeddable":true,"href":"https:\/\/redept.com.br\/blogosfera\/wp-json\/wp\/v2\/users\/2"}],"replies":[{"embeddable":true,"href":"https:\/\/redept.com.br\/blogosfera\/wp-json\/wp\/v2\/comments?post=60978"}],"version-history":[{"count":0,"href":"https:\/\/redept.com.br\/blogosfera\/wp-json\/wp\/v2\/posts\/60978\/revisions"}],"wp:attachment":[{"href":"https:\/\/redept.com.br\/blogosfera\/wp-json\/wp\/v2\/media?parent=60978"}],"wp:term":[{"taxonomy":"category","embeddable":true,"href":"https:\/\/redept.com.br\/blogosfera\/wp-json\/wp\/v2\/categories?post=60978"},{"taxonomy":"post_tag","embeddable":true,"href":"https:\/\/redept.com.br\/blogosfera\/wp-json\/wp\/v2\/tags?post=60978"}],"curies":[{"name":"wp","href":"https:\/\/api.w.org\/{rel}","templated":true}]}}