{"id":61007,"date":"2025-10-28T20:09:55","date_gmt":"2025-10-28T23:09:55","guid":{"rendered":"https:\/\/redept.com.br\/blogosfera\/camara-aprova-projeto-que-torna-crime-hediondo-falsificacao-de-bebida\/"},"modified":"2025-10-28T20:09:55","modified_gmt":"2025-10-28T23:09:55","slug":"camara-aprova-projeto-que-torna-crime-hediondo-falsificacao-de-bebida","status":"publish","type":"post","link":"https:\/\/redept.com.br\/blogosfera\/camara-aprova-projeto-que-torna-crime-hediondo-falsificacao-de-bebida\/","title":{"rendered":"C\u00e2mara aprova projeto que torna crime hediondo falsifica\u00e7\u00e3o de bebida"},"content":{"rendered":"<p><img loading=\"lazy\" width=\"885\" height=\"501\"src=\"https:\/\/redept.com.br\/blogosfera\/wp-content\/uploads\/2025\/10\/Bebida-falsificada.jpg\" alt=\"\" decoding=\"async\" loading=\"lazy\" srcset=\"https:\/\/redept.com.br\/blogosfera\/wp-content\/uploads\/2025\/10\/Bebida-falsificada.jpg 885w, https:\/\/vermelho.org.br\/wp-content\/uploads\/2025\/10\/Bebida-falsificada-300x170.jpg 300w, https:\/\/vermelho.org.br\/wp-content\/uploads\/2025\/10\/Bebida-falsificada-768x435.jpg 768w\" sizes=\"auto, (max-width: 885px) 100vw, 885px\"><\/p>\n<p>A C\u00e2mara dos Deputados aprovou nesta ter\u00e7a-feira (28) o projeto de lei que considera crime hediondo falsifica\u00e7\u00e3o de alimentos e bebidas. A mat\u00e9ria foi impulsionada ap\u00f3s os registros de v\u00e1rios casos de mortes causadas no pa\u00eds pela ingest\u00e3o de bebidas alco\u00f3licas com metanol.<\/p>\n<p>A proposta, que segue ao Senado, aumenta para 15 anos a pena para quem comete esse tipo de crime. Atualmente, a puni\u00e7\u00e3o varia de 4 a 8 anos e multa.<\/p>\n<p>De acordo com o relator, Kiko Celeguim (PT-SP), o texto fecha brechas que hoje dificultam o flagrante e o enquadramento do crime quando a pol\u00edcia encontra apenas r\u00f3tulos, garrafas, lacres e equipamentos, sem o l\u00edquido adulterado no local da opera\u00e7\u00e3o.<\/p>\n<p>Leia mais: <a href=\"https:\/\/vermelho.org.br\/2025\/10\/06\/apos-mortes-por-metanol-agu-manda-meta-tirar-do-ar-anuncios-de-falsificacao\/\">AGU manda Meta tirar do ar an\u00fancios de produtos usados para falsificar bebidas<\/a><\/p>\n<p>A proposta criminaliza a posse, guarda, venda e comercializa\u00e7\u00e3o de petrechos de falsifica\u00e7\u00e3o quando houver ind\u00edcios claros de inten\u00e7\u00e3o delitiva, prevendo pena de 4 a 8 anos.<\/p>\n<p>Para Celeguim, isso impede que falsificadores saiam por fian\u00e7a muito barata quando o flagrante n\u00e3o encontra o produto final, mas todo o aparato de fraude.<\/p>\n<p>\u201cDiante desse cen\u00e1rio, revestem-se de conveni\u00eancia e oportunidade n\u00e3o apenas os projetos que pretendem inserir a aludida conduta t\u00edpica no rol dos crimes hediondos, como tamb\u00e9m as proposi\u00e7\u00f5es que objetivam aumentar as penas cominadas a esse crime, a fim de guardar conson\u00e2ncia com o tratamento mais rigoroso dispensado aos delitos dotados de hediondez\u201d, justifica o relator.<\/p>\n<p>Ao comentar os epis\u00f3dios recentes, o deputado relembrou que houve suspeita de contamina\u00e7\u00e3o de mais de 250 pessoas no pa\u00eds, com cinco \u00f3bitos confirmados e casos em investiga\u00e7\u00e3o, atingindo 14 estados, um cen\u00e1rio em escala nacional, diferente dos eventos localizados que costumavam ocorrer.<\/p>\n<p>Para o relator, a velocidade e a capilaridade da distribui\u00e7\u00e3o indicam capacidade log\u00edstica de organiza\u00e7\u00f5es criminosas, o que exige uma investiga\u00e7\u00e3o inteligente, com rastro de dinheiro e de insumos.<\/p>\n<p>O post <a href=\"https:\/\/vermelho.org.br\/2025\/10\/28\/camara-aprova-projeto-que-torna-crime-hediondo-falsificacao-de-bebida\/\">C\u00e2mara aprova projeto que torna crime hediondo falsifica\u00e7\u00e3o de bebida<\/a> apareceu primeiro em <a href=\"https:\/\/vermelho.org.br\/\">Vermelho<\/a>.<\/p>\n<!-- Begin Yuzo --><div class='yuzo_related_post style-1'  data-version='5.12.89'><!-- without result --><div class='yuzo_clearfixed yuzo__title yuzo__title'><h3>Related Post<\/h3><\/div>\n\t\t\t\t\t\t  <div class=\"relatedthumb \" style=\"width:125px;float:left;overflow:hidden;\">  \n\t\t\t\t\t\t\t  \n\t\t\t\t\t\t\t  <a  href=\"https:\/\/redept.com.br\/blogosfera\/fraude-em-contracheques-atinge-mais-de-200-servidores-estaduais-aposentados-do-rs\/\"  >\n\t\t\t\t\t\t\t\t\t  <div class=\"yuzo-img-wrap \" style=\"width: 125px;height:90px;\">\n\t\t\t\t\t\t\t\t\t\t\n\t\t\t\t\t\t\t\t\t\t<div class=\"yuzo-img\" style=\"background:url('https:\/\/redept.org\/blogosfera\/wp-content\/plugins\/yuzo-related-post\/assets\/images\/default.png') 50% 50% no-repeat;width: 125px;height:90px;margin-bottom: 5px;background-size: cover; \"><\/div>\n\t\t\t\t\t\t\t\t\t  <\/div>\n\t\t\t\t\t\t\t\t\t  \n\t\t\t\t\t\t\t\t   <span class=\"yuzo__text--title\" style=\"font-size:13px;\">Fraude em contracheques atinge mais de 200 servido...<\/span>\n\t\t\t\t\t\t\t  \n\t\t\t\t\t\t\t  \n\t\t\t\t\t\t\t  <\/a>\n\n\t\t\t\t\t\t  <\/div>\n\t\t\t\t\t\t  <div class=\"relatedthumb \" style=\"width:125px;float:left;overflow:hidden;\">  \n\t\t\t\t\t\t\t  \n\t\t\t\t\t\t\t  <a  href=\"https:\/\/redept.com.br\/blogosfera\/medicos-indicam-cirurgia-no-ombro-de-bolsonaro-e-enviam-laudo-ao-stf\/\"  >\n\t\t\t\t\t\t\t\t\t  <div class=\"yuzo-img-wrap \" style=\"width: 125px;height:90px;\">\n\t\t\t\t\t\t\t\t\t\t\n\t\t\t\t\t\t\t\t\t\t<div class=\"yuzo-img\" style=\"background:url('https:\/\/redept.org\/blogosfera\/wp-content\/plugins\/yuzo-related-post\/assets\/images\/default.png') 50% 50% no-repeat;width: 125px;height:90px;margin-bottom: 5px;background-size: cover; \"><\/div>\n\t\t\t\t\t\t\t\t\t  <\/div>\n\t\t\t\t\t\t\t\t\t  \n\t\t\t\t\t\t\t\t   <span class=\"yuzo__text--title\" style=\"font-size:13px;\">M\u00e9dicos indicam cirurgia no ombro de Bolsonaro e e...<\/span>\n\t\t\t\t\t\t\t  \n\t\t\t\t\t\t\t  \n\t\t\t\t\t\t\t  <\/a>\n\n\t\t\t\t\t\t  <\/div>\n\t\t\t\t\t\t  <div class=\"relatedthumb \" style=\"width:125px;float:left;overflow:hidden;\">  \n\t\t\t\t\t\t\t  \n\t\t\t\t\t\t\t  <a  href=\"https:\/\/redept.com.br\/blogosfera\/flamengo-e-palmeiras-disputarao-a-7a-final-brasileira-da-libertadores-saiba-quando\/\"  >\n\t\t\t\t\t\t\t\t\t  <div class=\"yuzo-img-wrap \" style=\"width: 125px;height:90px;\">\n\t\t\t\t\t\t\t\t\t\t\n\t\t\t\t\t\t\t\t\t\t<div class=\"yuzo-img\" style=\"background:url('https:\/\/redept.org\/blogosfera\/wp-content\/plugins\/yuzo-related-post\/assets\/images\/default.png') 50% 50% no-repeat;width: 125px;height:90px;margin-bottom: 5px;background-size: cover; \"><\/div>\n\t\t\t\t\t\t\t\t\t  <\/div>\n\t\t\t\t\t\t\t\t\t  \n\t\t\t\t\t\t\t\t   <span class=\"yuzo__text--title\" style=\"font-size:13px;\">Flamengo e Palmeiras disputar\u00e3o a 7\u00aa final brasile...<\/span>\n\t\t\t\t\t\t\t  \n\t\t\t\t\t\t\t  \n\t\t\t\t\t\t\t  <\/a>\n\n\t\t\t\t\t\t  <\/div>\n\t\t\t\t\t\t  <div class=\"relatedthumb \" style=\"width:125px;float:left;overflow:hidden;\">  \n\t\t\t\t\t\t\t  \n\t\t\t\t\t\t\t  <a  href=\"https:\/\/redept.com.br\/blogosfera\/justica-nega-novamente-pedido-da-prefeitura-para-remocao-de-familias-para-obras-no-dique-do-sarandi\/\"  >\n\t\t\t\t\t\t\t\t\t  <div class=\"yuzo-img-wrap \" style=\"width: 125px;height:90px;\">\n\t\t\t\t\t\t\t\t\t\t\n\t\t\t\t\t\t\t\t\t\t<div class=\"yuzo-img\" style=\"background:url('https:\/\/redept.org\/blogosfera\/wp-content\/plugins\/yuzo-related-post\/assets\/images\/default.png') 50% 50% no-repeat;width: 125px;height:90px;margin-bottom: 5px;background-size: cover; \"><\/div>\n\t\t\t\t\t\t\t\t\t  <\/div>\n\t\t\t\t\t\t\t\t\t  \n\t\t\t\t\t\t\t\t   <span class=\"yuzo__text--title\" style=\"font-size:13px;\">Justi\u00e7a nega novamente pedido da Prefeitura para r...<\/span>\n\t\t\t\t\t\t\t  \n\t\t\t\t\t\t\t  \n\t\t\t\t\t\t\t  <\/a>\n\n\t\t\t\t\t\t  <\/div>\n<\/div> <script>\n\t\t\t\t\t\t  jQuery(document).ready(function( $ ){\n\t\t\t\t\t\t\t\/\/jQuery('.yuzo_related_post').equalizer({ overflow : 'relatedthumb' });\n\t\t\t\t\t\t\tjQuery('.yuzo_related_post .yuzo_wraps').equalizer({ columns : '> div' });\n\t\t\t\t\t\t   })\n\t\t\t\t\t\t  <\/script> <!-- End Yuzo :) -->","protected":false},"excerpt":{"rendered":"<p>A C\u00e2mara dos Deputados aprovou nesta ter\u00e7a-feira (28) o projeto de lei que considera crime hediondo falsifica\u00e7\u00e3o de alimentos e bebidas. A mat\u00e9ria foi impulsionada ap\u00f3s os registros de v\u00e1rios casos de mortes causadas no pa\u00eds pela ingest\u00e3o de bebidas alco\u00f3licas com metanol. A proposta, que segue ao Senado, aumenta para 15 anos a pena [&hellip;]<\/p>\n","protected":false},"author":2,"featured_media":0,"comment_status":"open","ping_status":"closed","sticky":false,"template":"","format":"standard","meta":{"fifu_image_url":"","fifu_image_alt":"","footnotes":""},"categories":[27228,298,5302,27229,23349,132],"tags":[],"class_list":["post-61007","post","type-post","status-publish","format-standard","hentry","category-bebida-alcoolica","category-camara-dos-deputados","category-crime","category-crime-hediondo","category-falsificacao","category-politica"],"_links":{"self":[{"href":"https:\/\/redept.com.br\/blogosfera\/wp-json\/wp\/v2\/posts\/61007","targetHints":{"allow":["GET"]}}],"collection":[{"href":"https:\/\/redept.com.br\/blogosfera\/wp-json\/wp\/v2\/posts"}],"about":[{"href":"https:\/\/redept.com.br\/blogosfera\/wp-json\/wp\/v2\/types\/post"}],"author":[{"embeddable":true,"href":"https:\/\/redept.com.br\/blogosfera\/wp-json\/wp\/v2\/users\/2"}],"replies":[{"embeddable":true,"href":"https:\/\/redept.com.br\/blogosfera\/wp-json\/wp\/v2\/comments?post=61007"}],"version-history":[{"count":0,"href":"https:\/\/redept.com.br\/blogosfera\/wp-json\/wp\/v2\/posts\/61007\/revisions"}],"wp:attachment":[{"href":"https:\/\/redept.com.br\/blogosfera\/wp-json\/wp\/v2\/media?parent=61007"}],"wp:term":[{"taxonomy":"category","embeddable":true,"href":"https:\/\/redept.com.br\/blogosfera\/wp-json\/wp\/v2\/categories?post=61007"},{"taxonomy":"post_tag","embeddable":true,"href":"https:\/\/redept.com.br\/blogosfera\/wp-json\/wp\/v2\/tags?post=61007"}],"curies":[{"name":"wp","href":"https:\/\/api.w.org\/{rel}","templated":true}]}}