{"id":61044,"date":"2025-10-28T14:00:12","date_gmt":"2025-10-28T17:00:12","guid":{"rendered":"https:\/\/redept.com.br\/blogosfera\/israel-fracassou-em-eliminar-liderancas-politicas-do-hamas-diz-vencedor-do-pulitzer\/"},"modified":"2025-10-28T14:00:12","modified_gmt":"2025-10-28T17:00:12","slug":"israel-fracassou-em-eliminar-liderancas-politicas-do-hamas-diz-vencedor-do-pulitzer","status":"publish","type":"post","link":"https:\/\/redept.com.br\/blogosfera\/israel-fracassou-em-eliminar-liderancas-politicas-do-hamas-diz-vencedor-do-pulitzer\/","title":{"rendered":"\u2018Israel fracassou em eliminar lideran\u00e7as pol\u00edticas do Hamas, diz vencedor do Pulitzer"},"content":{"rendered":"<p>O jornalista investigativo e vencedor do Pr\u00eamio Pulitzer Jeremy Scahill declarou, em entrevista ao D<em>emocracy Now<\/em>, que durante todo o genoc\u00eddio na Faixa de Gaza, e tamb\u00e9m no ataque promovido contra o Catar, Israel \u201cn\u00e3o conseguiu matar nenhum dos l\u00edderes pol\u00edticos\u201d do Hamas.<\/p>\n<p>Segundo o rep\u00f3rter norte-americano, os ataques das For\u00e7as de Defesa Israelenses (IDF) mataram jovens participantes da resist\u00eancia palestina e \u201cassistentes de escrit\u00f3rio do grupo\u201d.<\/p>\n<p>\u201cEram homens que, quando voc\u00ea se encontra com o Hamas em seus escrit\u00f3rios, est\u00e3o trazendo caf\u00e9 ou carregando sacolas. Eles s\u00e3o os respons\u00e1veis \u200b\u200bpela log\u00edstica. S\u00e3o jovens. Foram eles que Israel matou. Eles n\u00e3o mataram nenhum dos principais l\u00edderes\u201d, declarou.<\/p>\n<p>Como exemplo, o jornalista apontou dois principais l\u00edderes do Hamas que est\u00e3o vivos e j\u00e1 os entrevistou \u2014 Basem Naim e Ghazi Hamad.<\/p>\n<p>Sobre o ataque israelense contra o Catar para atingir a c\u00fapula negociadora do Hamas, em setembro passado, Scahill lembrou que as v\u00edtimas foram familiares de integrantes da resist\u00eancia e, mais uma vez, n\u00e3o foram os l\u00edderes.<\/p>\n<p>\u201cIsrael n\u00e3o matou nenhum dos altos funcion\u00e1rios do Hamas, mas v\u00e1rios funcion\u00e1rios administrativos, incluindo o secret\u00e1rio de Khalil al-Hayya [principal negociador do Hamas no Catar], al\u00e9m de seu filho, tamb\u00e9m atingindo sua esposa e nora\u201d, detalhou.<\/p>\n<p>Segundo o jornalista, \u201ch\u00e1 d\u00favidas se a inten\u00e7\u00e3o era de fato matar al-Hayya e sua equipe, ou se era fazer exatamente o que fizeram, tentar matar familiares e outras pessoas como um tiro de advert\u00eancia\u201d. Contudo afirmou que \u201cIsrael n\u00e3o costuma errar o alvo nesse sentido\u201d.<\/p>\n<figure aria-describedby=\"caption-attachment-235910\"><img loading=\"lazy\" loading=\"lazy\" decoding=\"async\"src=\"https:\/\/redept.com.br\/blogosfera\/wp-content\/uploads\/2025\/10\/khalil_al-hayya_2024.jpg\" alt=\"\" width=\"640\" height=\"427\" srcset=\"https:\/\/redept.com.br\/blogosfera\/wp-content\/uploads\/2025\/10\/khalil_al-hayya_2024.jpg 640w, https:\/\/operamundi.uol.com.br\/wp-content\/uploads\/2025\/10\/khalil_al-hayya_2024-300x200.jpg 300w, https:\/\/operamundi.uol.com.br\/wp-content\/uploads\/2025\/10\/khalil_al-hayya_2024-150x100.jpg 150w\" sizes=\"auto, (max-width: 640px) 100vw, 640px\"><figcaption>Khalil al-Hayya, principal negociador do Hamas no Catar<br \/>khamenei.ir\/Wikicommons<\/figcaption><\/figure>\n<h3>Frente palestina unificada<\/h3>\n<p>Em sua entrevista \u00e0 Amy Goodman, do <em>Democracy Now<\/em>, o jornalista investigativo tamb\u00e9m falou sobre a organiza\u00e7\u00e3o da resist\u00eancia palestina como um todo durante a segunda fase do cessar-fogo na Faixa de Gaza.<\/p>\n<p>Segundo Scahill, apesar do grupo palestino liderar as negocia\u00e7\u00f5es em rela\u00e7\u00e3o ao cessar-fogo, trocas de prisioneiros e estar em combate militar contra as IDF, h\u00e1 assuntos sobre o futuro do enclave palestino que n\u00e3o est\u00e3o a cargo apenas do Hamas<\/p>\n<p>\u201cEles t\u00eam dito consistentemente que quaisquer quest\u00f5es sobre o desarmamento do povo palestino, a governan\u00e7a de Gaza, e as futuras tentativas de unificar a Cisjord\u00e2nia ocupada, Jerusal\u00e9m ocupada e Gaza sob a bandeira de um Estado palestino independente s\u00e3o demandas que n\u00e3o est\u00e3o sob o mandato do Hamas\u201d, afirmou.<\/p>\n<p>De acordo com o rep\u00f3rter, \u201cdurante grande parte\u201d do genoc\u00eddio promovido por Israel o Hamas n\u00e3o tomou decis\u00f5es solo, mas \u201cconsultou uma ampla gama de fac\u00e7\u00f5es pol\u00edticas, incluindo seus oponentes pol\u00edticos\u201d, como Mustafa Barghouti \u2014 m\u00e9dico palestino, que \u00e9 figura de destaque na lideran\u00e7a pol\u00edtica regional por se apresentar como uma alterantiva \u00e0 luta armada.<\/p>\n<p>O vencedor do Pulitzer afirmou que o Hamas tamb\u00e9m est\u00e1 organizando diversas reuni\u00f5es com demais fac\u00e7\u00f5es pol\u00edticas palestinas, como a Jihad Isl\u00e2mica, e o Fatah, al\u00e9m da pr\u00f3pria Autoridade Nacional Palestina (ANP). Eles reconhecem a necessidade de uma \u201cfrente unificada contra uma agenda neocolonial\u201d que cuidar\u00e1 de todos os assuntos referentes ao futuro do enclave.<\/p>\n<p>\u201cTodas as fac\u00e7\u00f5es palestinas, independentemente do que pensem sobre o Hamas ou a Jihad Isl\u00e2mica, est\u00e3o na mesma p\u00e1gina. Eles entendem que o futuro est\u00e1 em jogo\u201d, acrescentou.<\/p>\n<p>O post \u2018Israel fracassou em eliminar lideran\u00e7as pol\u00edticas do Hamas, diz vencedor do Pulitzer apareceu primeiro em Opera Mundi.<\/p>\n<!-- Begin Yuzo --><div class='yuzo_related_post style-1'  data-version='5.12.89'><!-- without result --><div class='yuzo_clearfixed yuzo__title yuzo__title'><h3>Related Post<\/h3><\/div>\n\t\t\t\t\t\t  <div class=\"relatedthumb \" style=\"width:125px;float:left;overflow:hidden;\">  \n\t\t\t\t\t\t\t  \n\t\t\t\t\t\t\t  <a  href=\"https:\/\/redept.com.br\/blogosfera\/efeito-lula-inflacao-desacelera-para-familias-de-baixa-renda-diz-ipea\/\"  >\n\t\t\t\t\t\t\t\t\t  <div class=\"yuzo-img-wrap \" style=\"width: 125px;height:90px;\">\n\t\t\t\t\t\t\t\t\t\t\n\t\t\t\t\t\t\t\t\t\t<div class=\"yuzo-img\" style=\"background:url('https:\/\/redept.org\/blogosfera\/wp-content\/plugins\/yuzo-related-post\/assets\/images\/default.png') 50% 50% no-repeat;width: 125px;height:90px;margin-bottom: 5px;background-size: cover; \"><\/div>\n\t\t\t\t\t\t\t\t\t  <\/div>\n\t\t\t\t\t\t\t\t\t  \n\t\t\t\t\t\t\t\t   <span class=\"yuzo__text--title\" style=\"font-size:13px;\">Efeito Lula: infla\u00e7\u00e3o desacelera para fam\u00edlias de ...<\/span>\n\t\t\t\t\t\t\t  \n\t\t\t\t\t\t\t  \n\t\t\t\t\t\t\t  <\/a>\n\n\t\t\t\t\t\t  <\/div>\n\t\t\t\t\t\t  <div class=\"relatedthumb \" style=\"width:125px;float:left;overflow:hidden;\">  \n\t\t\t\t\t\t\t  \n\t\t\t\t\t\t\t  <a  href=\"https:\/\/redept.com.br\/blogosfera\/mostra-no-ccbb-em-sao-paulo-celebra-o-cinema-indigena-com-33-filmes-e-entrada-gratuita\/\"  >\n\t\t\t\t\t\t\t\t\t  <div class=\"yuzo-img-wrap \" style=\"width: 125px;height:90px;\">\n\t\t\t\t\t\t\t\t\t\t\n\t\t\t\t\t\t\t\t\t\t<div class=\"yuzo-img\" style=\"background:url('https:\/\/redept.org\/blogosfera\/wp-content\/plugins\/yuzo-related-post\/assets\/images\/default.png') 50% 50% no-repeat;width: 125px;height:90px;margin-bottom: 5px;background-size: cover; \"><\/div>\n\t\t\t\t\t\t\t\t\t  <\/div>\n\t\t\t\t\t\t\t\t\t  \n\t\t\t\t\t\t\t\t   <span class=\"yuzo__text--title\" style=\"font-size:13px;\">Mostra no CCBB em S\u00e3o Paulo celebra o cinema ind\u00edg...<\/span>\n\t\t\t\t\t\t\t  \n\t\t\t\t\t\t\t  \n\t\t\t\t\t\t\t  <\/a>\n\n\t\t\t\t\t\t  <\/div>\n\t\t\t\t\t\t  <div class=\"relatedthumb \" style=\"width:125px;float:left;overflow:hidden;\">  \n\t\t\t\t\t\t\t  \n\t\t\t\t\t\t\t  <a  href=\"https:\/\/redept.com.br\/blogosfera\/trump-volta-a-criticar-zelensky-ao-defender-que-crimeia-e-territorio-russo\/\"  >\n\t\t\t\t\t\t\t\t\t  <div class=\"yuzo-img-wrap \" style=\"width: 125px;height:90px;\">\n\t\t\t\t\t\t\t\t\t\t\n\t\t\t\t\t\t\t\t\t\t<div class=\"yuzo-img\" style=\"background:url('https:\/\/redept.com.br\/blogosfera\/wp-content\/uploads\/2025\/04\/ukraine_president_volodymyr_zelensky_us_president_donald_trump_clash_during_meeting-150x150.png') 50% 50% no-repeat;width: 125px;height:90px;margin-bottom: 5px;background-size: cover; \"><\/div>\n\t\t\t\t\t\t\t\t\t  <\/div>\n\t\t\t\t\t\t\t\t\t  \n\t\t\t\t\t\t\t\t   <span class=\"yuzo__text--title\" style=\"font-size:13px;\">Trump volta a criticar Zelensky ao defender que Cr...<\/span>\n\t\t\t\t\t\t\t  \n\t\t\t\t\t\t\t  \n\t\t\t\t\t\t\t  <\/a>\n\n\t\t\t\t\t\t  <\/div>\n\t\t\t\t\t\t  <div class=\"relatedthumb \" style=\"width:125px;float:left;overflow:hidden;\">  \n\t\t\t\t\t\t\t  \n\t\t\t\t\t\t\t  <a  href=\"https:\/\/sul21.com.br\/opiniao\/2025\/11\/a-escola-que-vigia-e-a-que-a-gente-sonha-por-joao-gabriel-toledo-medeiros\/\"  >\n\t\t\t\t\t\t\t\t\t  <div class=\"yuzo-img-wrap \" style=\"width: 125px;height:90px;\">\n\t\t\t\t\t\t\t\t\t\t\n\t\t\t\t\t\t\t\t\t\t<div class=\"yuzo-img\" style=\"background:url('https:\/\/redept.org\/blogosfera\/wp-content\/plugins\/yuzo-related-post\/assets\/images\/default.png') 50% 50% no-repeat;width: 125px;height:90px;margin-bottom: 5px;background-size: cover; \"><\/div>\n\t\t\t\t\t\t\t\t\t  <\/div>\n\t\t\t\t\t\t\t\t\t  \n\t\t\t\t\t\t\t\t   <span class=\"yuzo__text--title\" style=\"font-size:13px;\">A escola que vigia \u2014 e a que a gente sonha (por Jo...<\/span>\n\t\t\t\t\t\t\t  \n\t\t\t\t\t\t\t  \n\t\t\t\t\t\t\t  <\/a>\n\n\t\t\t\t\t\t  <\/div>\n<\/div> <script>\n\t\t\t\t\t\t  jQuery(document).ready(function( $ ){\n\t\t\t\t\t\t\t\/\/jQuery('.yuzo_related_post').equalizer({ overflow : 'relatedthumb' });\n\t\t\t\t\t\t\tjQuery('.yuzo_related_post .yuzo_wraps').equalizer({ columns : '> div' });\n\t\t\t\t\t\t   })\n\t\t\t\t\t\t  <\/script> <!-- End Yuzo :) -->","protected":false},"excerpt":{"rendered":"<p>O jornalista investigativo e vencedor do Pr\u00eamio Pulitzer Jeremy Scahill declarou, em entrevista ao Democracy Now, que durante todo o genoc\u00eddio na Faixa de Gaza, e tamb\u00e9m no ataque promovido contra o Catar, Israel \u201cn\u00e3o conseguiu matar nenhum dos l\u00edderes pol\u00edticos\u201d do Hamas. Segundo o rep\u00f3rter norte-americano, os ataques das For\u00e7as de Defesa Israelenses (IDF) [\u2026]<\/p>\n<p>O post <a href=\"https:\/\/operamundi.uol.com.br\/guerra-israel-x-palestina\/israel-fracassou-ao-tentar-eliminar-liderancas-politicas-do-hamas-diz-vencedor-do-pulitzer\/\">\u2018Israel fracassou em eliminar lideran\u00e7as pol\u00edticas do Hamas, diz vencedor do Pulitzer<\/a> apareceu primeiro em <a href=\"https:\/\/operamundi.uol.com.br\/\">Opera Mundi<\/a>.<\/p>\n","protected":false},"author":2,"featured_media":61045,"comment_status":"closed","ping_status":"closed","sticky":false,"template":"","format":"standard","meta":{"fifu_image_url":"","fifu_image_alt":"","footnotes":""},"categories":[2000,52,325,3938,997,25,27249],"tags":[],"class_list":["post-61044","post","type-post","status-publish","format-standard","has-post-thumbnail","hentry","category-cessar-fogo","category-gaza","category-genocidio","category-guerra-israel-x-palestina","category-hamas","category-israel","category-liderancas-politicas"],"_links":{"self":[{"href":"https:\/\/redept.com.br\/blogosfera\/wp-json\/wp\/v2\/posts\/61044","targetHints":{"allow":["GET"]}}],"collection":[{"href":"https:\/\/redept.com.br\/blogosfera\/wp-json\/wp\/v2\/posts"}],"about":[{"href":"https:\/\/redept.com.br\/blogosfera\/wp-json\/wp\/v2\/types\/post"}],"author":[{"embeddable":true,"href":"https:\/\/redept.com.br\/blogosfera\/wp-json\/wp\/v2\/users\/2"}],"replies":[{"embeddable":true,"href":"https:\/\/redept.com.br\/blogosfera\/wp-json\/wp\/v2\/comments?post=61044"}],"version-history":[{"count":0,"href":"https:\/\/redept.com.br\/blogosfera\/wp-json\/wp\/v2\/posts\/61044\/revisions"}],"wp:featuredmedia":[{"embeddable":true,"href":"https:\/\/redept.com.br\/blogosfera\/wp-json\/wp\/v2\/media\/61045"}],"wp:attachment":[{"href":"https:\/\/redept.com.br\/blogosfera\/wp-json\/wp\/v2\/media?parent=61044"}],"wp:term":[{"taxonomy":"category","embeddable":true,"href":"https:\/\/redept.com.br\/blogosfera\/wp-json\/wp\/v2\/categories?post=61044"},{"taxonomy":"post_tag","embeddable":true,"href":"https:\/\/redept.com.br\/blogosfera\/wp-json\/wp\/v2\/tags?post=61044"}],"curies":[{"name":"wp","href":"https:\/\/api.w.org\/{rel}","templated":true}]}}