{"id":61069,"date":"2025-10-28T21:17:11","date_gmt":"2025-10-29T00:17:11","guid":{"rendered":"https:\/\/redept.com.br\/blogosfera\/stf-reconhece-fim-da-acao-penal-do-golpe-para-mauro-cid\/"},"modified":"2025-10-28T21:17:11","modified_gmt":"2025-10-29T00:17:11","slug":"stf-reconhece-fim-da-acao-penal-do-golpe-para-mauro-cid","status":"publish","type":"post","link":"https:\/\/redept.com.br\/blogosfera\/stf-reconhece-fim-da-acao-penal-do-golpe-para-mauro-cid\/","title":{"rendered":"STF reconhece fim da a\u00e7\u00e3o penal do golpe para Mauro Cid"},"content":{"rendered":"<div><img fetchpriority=\"high\" width=\"600\" height=\"337\" src=\"data:image\/svg+xml,%3Csvg%20xmlns='http:\/\/www.w3.org\/2000\/svg'%20viewBox='0%200%20600%20337'%3E%3C\/svg%3E\" alt=\"\" decoding=\"async\" data-src=\"https:\/\/redept.com.br\/blogosfera\/wp-content\/uploads\/2025\/10\/962025-o-delator-mauro-cid-foi-interrogado-por-alexandre-de-moraes-1749501859835_v2_600x337.webp\" data-type=\"string\"><\/div>\n<p>O Supremo Tribunal Federal (STF) certificou nesta ter\u00e7a-feira (28) o fim da a\u00e7\u00e3o penal da trama golpista para o tenente-coronel Mauro Cid, ex-ajudante de ordens de Jair Bolsonaro. A medida foi tomada\u00a0pela Secretaria Judici\u00e1ria da Corte ap\u00f3s o fim do prazo para as defesas do militar, do ex-presidente Jair Bolsonaro e de demais condenados do [\u2026]<\/p>\n<!-- Begin Yuzo --><div class='yuzo_related_post style-1'  data-version='5.12.89'><!-- without result --><div class='yuzo_clearfixed yuzo__title yuzo__title'><h3>Related Post<\/h3><\/div>\n\t\t\t\t\t\t  <div class=\"relatedthumb \" style=\"width:125px;float:left;overflow:hidden;\">  \n\t\t\t\t\t\t\t  \n\t\t\t\t\t\t\t  <a  href=\"https:\/\/redept.com.br\/blogosfera\/entregar-despachos-e-mandados-do-judiciario-uma-jornada-de-risco-e-violencia\/\"  >\n\t\t\t\t\t\t\t\t\t  <div class=\"yuzo-img-wrap \" style=\"width: 125px;height:90px;\">\n\t\t\t\t\t\t\t\t\t\t\n\t\t\t\t\t\t\t\t\t\t<div class=\"yuzo-img\" style=\"background:url('https:\/\/redept.org\/blogosfera\/wp-content\/plugins\/yuzo-related-post\/assets\/images\/default.png') 50% 50% no-repeat;width: 125px;height:90px;margin-bottom: 5px;background-size: cover; \"><\/div>\n\t\t\t\t\t\t\t\t\t  <\/div>\n\t\t\t\t\t\t\t\t\t  \n\t\t\t\t\t\t\t\t   <span class=\"yuzo__text--title\" style=\"font-size:13px;\">Entregar despachos e mandados do Judici\u00e1rio: uma j...<\/span>\n\t\t\t\t\t\t\t  \n\t\t\t\t\t\t\t  \n\t\t\t\t\t\t\t  <\/a>\n\n\t\t\t\t\t\t  <\/div>\n\t\t\t\t\t\t  <div class=\"relatedthumb \" style=\"width:125px;float:left;overflow:hidden;\">  \n\t\t\t\t\t\t\t  \n\t\t\t\t\t\t\t  <a  href=\"https:\/\/redept.com.br\/blogosfera\/camara-aprova-projeto-que-enfrenta-crime-organizado-transnacional\/\"  >\n\t\t\t\t\t\t\t\t\t  <div class=\"yuzo-img-wrap \" style=\"width: 125px;height:90px;\">\n\t\t\t\t\t\t\t\t\t\t\n\t\t\t\t\t\t\t\t\t\t<div class=\"yuzo-img\" style=\"background:url('https:\/\/redept.org\/blogosfera\/wp-content\/plugins\/yuzo-related-post\/assets\/images\/default.png') 50% 50% no-repeat;width: 125px;height:90px;margin-bottom: 5px;background-size: cover; \"><\/div>\n\t\t\t\t\t\t\t\t\t  <\/div>\n\t\t\t\t\t\t\t\t\t  \n\t\t\t\t\t\t\t\t   <span class=\"yuzo__text--title\" style=\"font-size:13px;\">C\u00e2mara aprova projeto que enfrenta crime organizad...<\/span>\n\t\t\t\t\t\t\t  \n\t\t\t\t\t\t\t  \n\t\t\t\t\t\t\t  <\/a>\n\n\t\t\t\t\t\t  <\/div>\n\t\t\t\t\t\t  <div class=\"relatedthumb \" style=\"width:125px;float:left;overflow:hidden;\">  \n\t\t\t\t\t\t\t  \n\t\t\t\t\t\t\t  <a  href=\"https:\/\/redept.com.br\/blogosfera\/daniel-herz-20-anos-depois\/\"  >\n\t\t\t\t\t\t\t\t\t  <div class=\"yuzo-img-wrap \" style=\"width: 125px;height:90px;\">\n\t\t\t\t\t\t\t\t\t\t\n\t\t\t\t\t\t\t\t\t\t<div class=\"yuzo-img\" style=\"background:url('https:\/\/redept.com.br\/blogosfera\/wp-content\/uploads\/2026\/05\/image_processing20250131-804602-ek5o1q-150x150.jpg') 50% 50% no-repeat;width: 125px;height:90px;margin-bottom: 5px;background-size: cover; \"><\/div>\n\t\t\t\t\t\t\t\t\t  <\/div>\n\t\t\t\t\t\t\t\t\t  \n\t\t\t\t\t\t\t\t   <span class=\"yuzo__text--title\" style=\"font-size:13px;\">Daniel Herz, 20 anos depois<\/span>\n\t\t\t\t\t\t\t  \n\t\t\t\t\t\t\t  \n\t\t\t\t\t\t\t  <\/a>\n\n\t\t\t\t\t\t  <\/div>\n\t\t\t\t\t\t  <div class=\"relatedthumb \" style=\"width:125px;float:left;overflow:hidden;\">  \n\t\t\t\t\t\t\t  \n\t\t\t\t\t\t\t  <a  href=\"https:\/\/redept.com.br\/blogosfera\/estabilidade-amamentacao-e-home-office-conheca-os-direitos-das-maes-trabalhadoras\/\"  >\n\t\t\t\t\t\t\t\t\t  <div class=\"yuzo-img-wrap \" style=\"width: 125px;height:90px;\">\n\t\t\t\t\t\t\t\t\t\t\n\t\t\t\t\t\t\t\t\t\t<div class=\"yuzo-img\" style=\"background:url('https:\/\/redept.org\/blogosfera\/wp-content\/plugins\/yuzo-related-post\/assets\/images\/default.png') 50% 50% no-repeat;width: 125px;height:90px;margin-bottom: 5px;background-size: cover; \"><\/div>\n\t\t\t\t\t\t\t\t\t  <\/div>\n\t\t\t\t\t\t\t\t\t  \n\t\t\t\t\t\t\t\t   <span class=\"yuzo__text--title\" style=\"font-size:13px;\">Estabilidade, amamenta\u00e7\u00e3o e home office. Conhe\u00e7a o...<\/span>\n\t\t\t\t\t\t\t  \n\t\t\t\t\t\t\t  \n\t\t\t\t\t\t\t  <\/a>\n\n\t\t\t\t\t\t  <\/div>\n<\/div> <script>\n\t\t\t\t\t\t  jQuery(document).ready(function( $ ){\n\t\t\t\t\t\t\t\/\/jQuery('.yuzo_related_post').equalizer({ overflow : 'relatedthumb' });\n\t\t\t\t\t\t\tjQuery('.yuzo_related_post .yuzo_wraps').equalizer({ columns : '> div' });\n\t\t\t\t\t\t   })\n\t\t\t\t\t\t  <\/script> <!-- End Yuzo :) -->","protected":false},"excerpt":{"rendered":"<div><img decoding=\"async\" width=\"600\" height=\"337\" src=\"\/\/www.w3.org\/2000\/svg'%20viewBox='0%200%20600%20337'%3E%3C\/svg%3E\" alt=\"\" data-src=\"https:\/\/iclnoticias.com.br\/app\/uploads\/2025\/06\/962025-o-delator-mauro-cid-foi-interrogado-por-alexandre-de-moraes-1749501859835_v2_600x337.webp\" data-type=\"string\"><\/div>\n<p>O Supremo Tribunal Federal (STF) certificou nesta ter\u00e7a-feira (28) o fim da a\u00e7\u00e3o penal da trama golpista para o tenente-coronel Mauro Cid, ex-ajudante de ordens de Jair Bolsonaro. A medida foi tomada\u00a0pela Secretaria Judici\u00e1ria da Corte ap\u00f3s o fim do prazo para as defesas do militar, do ex-presidente Jair Bolsonaro e de demais condenados do [\u2026]<\/p>\n","protected":false},"author":2,"featured_media":61070,"comment_status":"open","ping_status":"closed","sticky":false,"template":"","format":"standard","meta":{"fifu_image_url":"","fifu_image_alt":"","footnotes":""},"categories":[2142,132,260,2232],"tags":[],"class_list":["post-61069","post","type-post","status-publish","format-standard","has-post-thumbnail","hentry","category-mauro-cid","category-politica","category-stf","category-trama-golpista"],"_links":{"self":[{"href":"https:\/\/redept.com.br\/blogosfera\/wp-json\/wp\/v2\/posts\/61069","targetHints":{"allow":["GET"]}}],"collection":[{"href":"https:\/\/redept.com.br\/blogosfera\/wp-json\/wp\/v2\/posts"}],"about":[{"href":"https:\/\/redept.com.br\/blogosfera\/wp-json\/wp\/v2\/types\/post"}],"author":[{"embeddable":true,"href":"https:\/\/redept.com.br\/blogosfera\/wp-json\/wp\/v2\/users\/2"}],"replies":[{"embeddable":true,"href":"https:\/\/redept.com.br\/blogosfera\/wp-json\/wp\/v2\/comments?post=61069"}],"version-history":[{"count":0,"href":"https:\/\/redept.com.br\/blogosfera\/wp-json\/wp\/v2\/posts\/61069\/revisions"}],"wp:featuredmedia":[{"embeddable":true,"href":"https:\/\/redept.com.br\/blogosfera\/wp-json\/wp\/v2\/media\/61070"}],"wp:attachment":[{"href":"https:\/\/redept.com.br\/blogosfera\/wp-json\/wp\/v2\/media?parent=61069"}],"wp:term":[{"taxonomy":"category","embeddable":true,"href":"https:\/\/redept.com.br\/blogosfera\/wp-json\/wp\/v2\/categories?post=61069"},{"taxonomy":"post_tag","embeddable":true,"href":"https:\/\/redept.com.br\/blogosfera\/wp-json\/wp\/v2\/tags?post=61069"}],"curies":[{"name":"wp","href":"https:\/\/api.w.org\/{rel}","templated":true}]}}