{"id":61183,"date":"2025-10-29T15:41:44","date_gmt":"2025-10-29T18:41:44","guid":{"rendered":"https:\/\/redept.com.br\/blogosfera\/dom-helder-camara-entra-para-o-livro-dos-herois-e-heroinas-da-patria\/"},"modified":"2025-10-29T15:41:44","modified_gmt":"2025-10-29T18:41:44","slug":"dom-helder-camara-entra-para-o-livro-dos-herois-e-heroinas-da-patria","status":"publish","type":"post","link":"https:\/\/redept.com.br\/blogosfera\/dom-helder-camara-entra-para-o-livro-dos-herois-e-heroinas-da-patria\/","title":{"rendered":"Dom H\u00e9lder C\u00e2mara entra para o Livro dos Her\u00f3is e Hero\u00ednas da P\u00e1tria"},"content":{"rendered":"<p><img fetchpriority=\"high\" width=\"860\" height=\"570\"src=\"https:\/\/redept.com.br\/blogosfera\/wp-content\/uploads\/2025\/10\/imagem_materia.jpeg\" alt=\"\" decoding=\"async\" srcset=\"https:\/\/redept.com.br\/blogosfera\/wp-content\/uploads\/2025\/10\/imagem_materia.jpeg 860w, https:\/\/vermelho.org.br\/wp-content\/uploads\/2025\/10\/imagem_materia-300x199.jpeg 300w, https:\/\/vermelho.org.br\/wp-content\/uploads\/2025\/10\/imagem_materia-768x509.jpeg 768w\" sizes=\"(max-width: 860px) 100vw, 860px\"><\/p>\n<p>O nome de Dom H\u00e9lder Pessoa C\u00e2mara foi inclu\u00eddo no Livro dos Her\u00f3is e Hero\u00ednas da P\u00e1tria, que homenageia personalidades que contribu\u00edram para a constru\u00e7\u00e3o do Brasil. A medida foi oficializada pela Lei n\u00ba 15.242, sancionada pelo presidente em exerc\u00edcio Geraldo Alckmin e publicada nesta quarta-feira (29) no Di\u00e1rio Oficial da Uni\u00e3o.<\/p>\n<p>O projeto que deu origem \u00e0 lei foi apresentado pelo senador Fernando Dueire (MDB-PE) e aprovado no Senado em agosto de 2023.<\/p>\n<p>Leia tamb\u00e9m: <a href=\"https:\/\/vermelho.org.br\/coluna\/25-anos-sem-dom-helder-camara\/\">25 anos sem Dom H\u00e9lder C\u00e2mara<\/a><br \/><a href=\"https:\/\/vermelho.org.br\/2022\/11\/17\/beatificacao-de-dom-helder-camara-avanca-no-vaticano\/\">Beatifica\u00e7\u00e3o de Dom Helder C\u00e2mara avan\u00e7a no Vaticano\u00a0<\/a><br \/><a href=\"https:\/\/vermelho.org.br\/prosa-poesia-arte\/urariano-mota-dom-helder-camara-no-recife-da-ditadura\/\">Urariano Mota: Dom H\u00e9lder C\u00e2mara no Recife da ditadura\u00a0<\/a><\/p>\n<p><strong>Um l\u00edder religioso e humanista<\/strong><\/p>\n<p>Nascido em Fortaleza (CE) em 1909, Dom H\u00e9lder foi bispo cat\u00f3lico, arcebispo em\u00e9rito de Olinda e Recife e um dos fundadores da Confer\u00eancia Nacional dos Bispos do Brasil (CNBB). Conhecido como o \u201cDom da Paz\u201d, destacou-se na defesa dos direitos humanos e da justi\u00e7a social, especialmente durante o regime militar.<\/p>\n<p>Poeta e humanista, publicou mais de 20 livros e escreveu milhares de cartas, cr\u00f4nicas e mensagens. Sua atua\u00e7\u00e3o em favor dos pobres e o enfrentamento \u00e0 viol\u00eancia do Estado lhe renderam quatro indica\u00e7\u00f5es ao Pr\u00eamio Nobel da Paz.<\/p>\n<p><strong>Legado de f\u00e9, coragem e compromisso social<\/strong><\/p>\n<p>Durante as d\u00e9cadas de 1960 a 1980, Dom H\u00e9lder tornou-se uma das vozes mais influentes da Igreja na Am\u00e9rica Latina, denunciando desigualdades e inspirando movimentos populares e pastorais sociais.<\/p>\n<p>Nos anos 1990, lan\u00e7ou a campanha \u201cAno 2000 Sem Mis\u00e9ria\u201d, propondo um pacto global para erradicar a pobreza no s\u00e9culo XXI. Faleceu em 1999, aos 90 anos, em Recife, e foi sepultado na Catedral da S\u00e9, em Olinda. Em 2015, o Vaticano abriu o processo de beatifica\u00e7\u00e3o e canoniza\u00e7\u00e3o do religioso.<\/p>\n<p><strong>O \u201cLivro de A\u00e7o\u201d e a mem\u00f3ria nacional<\/strong><\/p>\n<figure><img decoding=\"async\" width=\"1024\" height=\"649\"src=\"https:\/\/redept.com.br\/blogosfera\/wp-content\/uploads\/2025\/10\/Captura-de-Tela-2025-10-29-as-154030.png\" alt=\"\" srcset=\"https:\/\/vermelho.org.br\/wp-content\/uploads\/2025\/10\/Captura-de-Tela-2025-10-29-as-15.40.30-1024x649.png 1024w, https:\/\/vermelho.org.br\/wp-content\/uploads\/2025\/10\/Captura-de-Tela-2025-10-29-as-15.40.30-300x190.png 300w, https:\/\/vermelho.org.br\/wp-content\/uploads\/2025\/10\/Captura-de-Tela-2025-10-29-as-15.40.30-768x487.png 768w, https:\/\/vermelho.org.br\/wp-content\/uploads\/2025\/10\/Captura-de-Tela-2025-10-29-as-15.40.30-1536x974.png 1536w, https:\/\/redept.com.br\/blogosfera\/wp-content\/uploads\/2025\/10\/Captura-de-Tela-2025-10-29-as-154030.png 1542w\" sizes=\"(max-width: 1024px) 100vw, 1024px\"><figcaption><em><sup>O livro com p\u00e1ginas de a\u00e7o fica exposto na Pra\u00e7a dos Tr\u00eas Poderes<\/sup><\/em><\/figcaption><\/figure>\n<p>Criado em 1992, o Livro dos Her\u00f3is e Hero\u00ednas da P\u00e1tria \u2014 conhecido tamb\u00e9m como \u201cLivro de A\u00e7o\u201d \u2014 \u00e9 formado por p\u00e1ginas de a\u00e7o com os nomes e breves biografias dos homenageados. Reconhecido como Patrim\u00f4nio Cultural Material do Brasil, o livro est\u00e1 em exposi\u00e7\u00e3o permanente no Pante\u00e3o da P\u00e1tria, na Pra\u00e7a dos Tr\u00eas Poderes, em Bras\u00edlia.<\/p>\n<p>Ali est\u00e3o registrados nomes como Zumbi dos Palmares, Anita Garibaldi, Chico Mendes, Clarice Lispector e Paulo Freire \u2014 e agora tamb\u00e9m o de Dom H\u00e9lder C\u00e2mara, s\u00edmbolo maior da f\u00e9, da resist\u00eancia e da esperan\u00e7a crist\u00e3 no Brasil.<\/p>\n<p>O post <a href=\"https:\/\/vermelho.org.br\/2025\/10\/29\/dom-helder-camara-entra-para-o-livro-dos-herois-e-heroinas-da-patria\/\">Dom H\u00e9lder C\u00e2mara entra para o Livro dos Her\u00f3is e Hero\u00ednas da P\u00e1tria<\/a> apareceu primeiro em <a href=\"https:\/\/vermelho.org.br\/\">Vermelho<\/a>.<\/p>\n<!-- Begin Yuzo --><div class='yuzo_related_post style-1'  data-version='5.12.89'><!-- without result --><div class='yuzo_clearfixed yuzo__title yuzo__title'><h3>Related Post<\/h3><\/div>\n\t\t\t\t\t\t  <div class=\"relatedthumb \" style=\"width:125px;float:left;overflow:hidden;\">  \n\t\t\t\t\t\t\t  \n\t\t\t\t\t\t\t  <a  href=\"https:\/\/redept.com.br\/blogosfera\/ira-ataca-base-norte-americana-no-catar-entenda-na-tvt-news\/\"  >\n\t\t\t\t\t\t\t\t\t  <div class=\"yuzo-img-wrap \" style=\"width: 125px;height:90px;\">\n\t\t\t\t\t\t\t\t\t\t\n\t\t\t\t\t\t\t\t\t\t<div class=\"yuzo-img\" style=\"background:url('https:\/\/redept.org\/blogosfera\/wp-content\/plugins\/yuzo-related-post\/assets\/images\/default.png') 50% 50% no-repeat;width: 125px;height:90px;margin-bottom: 5px;background-size: cover; \"><\/div>\n\t\t\t\t\t\t\t\t\t  <\/div>\n\t\t\t\t\t\t\t\t\t  \n\t\t\t\t\t\t\t\t   <span class=\"yuzo__text--title\" style=\"font-size:13px;\">Ir\u00e3 ataca base norte-americana no Catar. Entenda n...<\/span>\n\t\t\t\t\t\t\t  \n\t\t\t\t\t\t\t  \n\t\t\t\t\t\t\t  <\/a>\n\n\t\t\t\t\t\t  <\/div>\n\t\t\t\t\t\t  <div class=\"relatedthumb \" style=\"width:125px;float:left;overflow:hidden;\">  \n\t\t\t\t\t\t\t  \n\t\t\t\t\t\t\t  <a  href=\"https:\/\/redept.com.br\/blogosfera\/jornalista-explica-motivo-de-moraes-ter-virado-alvo-da-faria-lima-e-tecnica-usada-pela-velha-midia-corporativa\/\"  >\n\t\t\t\t\t\t\t\t\t  <div class=\"yuzo-img-wrap \" style=\"width: 125px;height:90px;\">\n\t\t\t\t\t\t\t\t\t\t\n\t\t\t\t\t\t\t\t\t\t<div class=\"yuzo-img\" style=\"background:url('https:\/\/redept.org\/blogosfera\/wp-content\/plugins\/yuzo-related-post\/assets\/images\/default.png') 50% 50% no-repeat;width: 125px;height:90px;margin-bottom: 5px;background-size: cover; \"><\/div>\n\t\t\t\t\t\t\t\t\t  <\/div>\n\t\t\t\t\t\t\t\t\t  \n\t\t\t\t\t\t\t\t   <span class=\"yuzo__text--title\" style=\"font-size:13px;\">Jornalista explica motivo de Moraes ter virado \u201cal...<\/span>\n\t\t\t\t\t\t\t  \n\t\t\t\t\t\t\t  \n\t\t\t\t\t\t\t  <\/a>\n\n\t\t\t\t\t\t  <\/div>\n\t\t\t\t\t\t  <div class=\"relatedthumb \" style=\"width:125px;float:left;overflow:hidden;\">  \n\t\t\t\t\t\t\t  \n\t\t\t\t\t\t\t  <a  href=\"https:\/\/redept.com.br\/blogosfera\/justica-condena-propagadores-de-fake-news-contra-arroz-agroecologico-do-mst-por-danos-morais\/\"  >\n\t\t\t\t\t\t\t\t\t  <div class=\"yuzo-img-wrap \" style=\"width: 125px;height:90px;\">\n\t\t\t\t\t\t\t\t\t\t\n\t\t\t\t\t\t\t\t\t\t<div class=\"yuzo-img\" style=\"background:url('https:\/\/redept.org\/blogosfera\/wp-content\/plugins\/yuzo-related-post\/assets\/images\/default.png') 50% 50% no-repeat;width: 125px;height:90px;margin-bottom: 5px;background-size: cover; \"><\/div>\n\t\t\t\t\t\t\t\t\t  <\/div>\n\t\t\t\t\t\t\t\t\t  \n\t\t\t\t\t\t\t\t   <span class=\"yuzo__text--title\" style=\"font-size:13px;\">Justi\u00e7a condena propagadores de fake News contra a...<\/span>\n\t\t\t\t\t\t\t  \n\t\t\t\t\t\t\t  \n\t\t\t\t\t\t\t  <\/a>\n\n\t\t\t\t\t\t  <\/div>\n\t\t\t\t\t\t  <div class=\"relatedthumb \" style=\"width:125px;float:left;overflow:hidden;\">  \n\t\t\t\t\t\t\t  \n\t\t\t\t\t\t\t  <a  href=\"https:\/\/redept.com.br\/blogosfera\/ataques-contra-venezuela-ocorrem-apos-estrategia-frustrada-com-mexico-diz-washington-post-2\/\"  >\n\t\t\t\t\t\t\t\t\t  <div class=\"yuzo-img-wrap \" style=\"width: 125px;height:90px;\">\n\t\t\t\t\t\t\t\t\t\t\n\t\t\t\t\t\t\t\t\t\t<div class=\"yuzo-img\" style=\"background:url('https:\/\/redept.com.br\/blogosfera\/wp-content\/uploads\/2025\/12\/54951933558_1cf8f6814d_k-1-150x150.jpg') 50% 50% no-repeat;width: 125px;height:90px;margin-bottom: 5px;background-size: cover; \"><\/div>\n\t\t\t\t\t\t\t\t\t  <\/div>\n\t\t\t\t\t\t\t\t\t  \n\t\t\t\t\t\t\t\t   <span class=\"yuzo__text--title\" style=\"font-size:13px;\">Ataques contra Venezuela ocorrem ap\u00f3s estrat\u00e9gia f...<\/span>\n\t\t\t\t\t\t\t  \n\t\t\t\t\t\t\t  \n\t\t\t\t\t\t\t  <\/a>\n\n\t\t\t\t\t\t  <\/div>\n<\/div> <script>\n\t\t\t\t\t\t  jQuery(document).ready(function( $ ){\n\t\t\t\t\t\t\t\/\/jQuery('.yuzo_related_post').equalizer({ overflow : 'relatedthumb' });\n\t\t\t\t\t\t\tjQuery('.yuzo_related_post .yuzo_wraps').equalizer({ columns : '> div' });\n\t\t\t\t\t\t   })\n\t\t\t\t\t\t  <\/script> <!-- End Yuzo :) -->","protected":false},"excerpt":{"rendered":"<p>O nome de Dom H\u00e9lder Pessoa C\u00e2mara foi inclu\u00eddo no Livro dos Her\u00f3is e Hero\u00ednas da P\u00e1tria, que homenageia personalidades que contribu\u00edram para a constru\u00e7\u00e3o do Brasil. A medida foi oficializada pela Lei n\u00ba 15.242, sancionada pelo presidente em exerc\u00edcio Geraldo Alckmin e publicada nesta quarta-feira (29) no Di\u00e1rio Oficial da Uni\u00e3o. O projeto que [&hellip;]<\/p>\n","protected":false},"author":2,"featured_media":0,"comment_status":"open","ping_status":"closed","sticky":false,"template":"","format":"standard","meta":{"fifu_image_url":"","fifu_image_alt":"","footnotes":""},"categories":[45,4092,544,27357,3056,27358,202],"tags":[],"class_list":["post-61183","post","type-post","status-publish","format-standard","hentry","category-brasil","category-cnbb","category-ditadura-militar","category-dom-helder-camara","category-livro-dos-herois-e-heroinas-da-patri","category-memoria-nacional","category-religiao"],"_links":{"self":[{"href":"https:\/\/redept.com.br\/blogosfera\/wp-json\/wp\/v2\/posts\/61183","targetHints":{"allow":["GET"]}}],"collection":[{"href":"https:\/\/redept.com.br\/blogosfera\/wp-json\/wp\/v2\/posts"}],"about":[{"href":"https:\/\/redept.com.br\/blogosfera\/wp-json\/wp\/v2\/types\/post"}],"author":[{"embeddable":true,"href":"https:\/\/redept.com.br\/blogosfera\/wp-json\/wp\/v2\/users\/2"}],"replies":[{"embeddable":true,"href":"https:\/\/redept.com.br\/blogosfera\/wp-json\/wp\/v2\/comments?post=61183"}],"version-history":[{"count":0,"href":"https:\/\/redept.com.br\/blogosfera\/wp-json\/wp\/v2\/posts\/61183\/revisions"}],"wp:attachment":[{"href":"https:\/\/redept.com.br\/blogosfera\/wp-json\/wp\/v2\/media?parent=61183"}],"wp:term":[{"taxonomy":"category","embeddable":true,"href":"https:\/\/redept.com.br\/blogosfera\/wp-json\/wp\/v2\/categories?post=61183"},{"taxonomy":"post_tag","embeddable":true,"href":"https:\/\/redept.com.br\/blogosfera\/wp-json\/wp\/v2\/tags?post=61183"}],"curies":[{"name":"wp","href":"https:\/\/api.w.org\/{rel}","templated":true}]}}