{"id":61393,"date":"2025-10-30T13:10:40","date_gmt":"2025-10-30T16:10:40","guid":{"rendered":"https:\/\/redept.com.br\/blogosfera\/lula-sanciona-lei-que-reforca-o-combate-ao-crime-organizado\/"},"modified":"2025-10-30T13:10:40","modified_gmt":"2025-10-30T16:10:40","slug":"lula-sanciona-lei-que-reforca-o-combate-ao-crime-organizado","status":"publish","type":"post","link":"https:\/\/redept.com.br\/blogosfera\/lula-sanciona-lei-que-reforca-o-combate-ao-crime-organizado\/","title":{"rendered":"Lula sanciona lei que refor\u00e7a o combate ao crime organizado"},"content":{"rendered":"<p><img fetchpriority=\"high\" width=\"1024\" height=\"576\"src=\"https:\/\/redept.com.br\/blogosfera\/wp-content\/uploads\/2025\/10\/Design-sem-nome-6.jpg\" alt=\"\" decoding=\"async\" srcset=\"https:\/\/vermelho.org.br\/wp-content\/uploads\/2025\/10\/Design-sem-nome-6-1024x576.jpg 1024w, https:\/\/vermelho.org.br\/wp-content\/uploads\/2025\/10\/Design-sem-nome-6-300x169.jpg 300w, https:\/\/vermelho.org.br\/wp-content\/uploads\/2025\/10\/Design-sem-nome-6-768x432.jpg 768w, https:\/\/redept.com.br\/blogosfera\/wp-content\/uploads\/2025\/10\/Design-sem-nome-6.jpg 1366w\" sizes=\"(max-width: 1024px) 100vw, 1024px\"><\/p>\n<p>O presidente Lula sancionou a lei n\u00ba 15.245, publicada no <a href=\"https:\/\/www.in.gov.br\/en\/web\/dou\/-\/lei-n-15.245-de-29-de-outubro-de-2025-665599710\" target=\"_blank\" rel=\"noreferrer noopener\">Di\u00e1rio Oficial da Uni\u00e3o<\/a>, nesta quinta-feira (30), para refor\u00e7ar o combate ao crime organizado e ampliar a prote\u00e7\u00e3o dos agentes p\u00fablicos.<\/p>\n<p>A iniciativa faz parte da r\u00e1pida resposta do governo federal ap\u00f3s a \u201cOpera\u00e7\u00e3o Conten\u00e7\u00e3o\u201d, promovida pelo governo do Rio de Janeiro. A a\u00e7\u00e3o foi considerada a mais letal da hist\u00f3ria brasileira e se tornou alvo de cr\u00edticas de diversos setores da sociedade por aprofundar a crise na seguran\u00e7a p\u00fablica ao <a href=\"https:\/\/vermelho.org.br\/editoriais\/chacina-no-rj-o-modo-fracassado-de-combate-ao-crime\/\">retomar um modelo fracassado de combate ao crime.<\/a><\/p>\n<p>O texto sancionado altera trechos do C\u00f3digo Penal (<a href=\"https:\/\/www.planalto.gov.br\/ccivil_03\/decreto-lei\/del2848.htm\" target=\"_blank\" rel=\"noreferrer noopener\">Decreto-Lei n\u00ba 2.848\/1940<\/a>) ao incluir a possibilidade de puni\u00e7\u00e3o (art. 288) a pessoas que solicitarem ou contratarem associa\u00e7\u00f5es criminosas \u2014 uma puni\u00e7\u00e3o adicional al\u00e9m da prevista para o delito encomendado.<\/p>\n<p>O texto ainda modifica duas leis. Em uma delas (<a href=\"http:\/\/legislacao.planalto.gov.br\/legisla\/legislacao.nsf\/Viw_Identificacao\/lei%2012.850-2013?OpenDocument\">n\u00ba 12.850\/2013)<\/a>, \u00a0fica pass\u00edvel de reclus\u00e3o quem impedir ou atrapalhar investiga\u00e7\u00e3o contra o crime organizado. Os detidos, inclusive provis\u00f3rios, ficar\u00e3o em pris\u00e3o federal de seguran\u00e7a m\u00e1xima e poder\u00e3o ser condenados a penas de quatro a doze anos de reclus\u00e3o, al\u00e9m de multa.<\/p>\n<p><strong>Leia mais:<\/strong> <a href=\"https:\/\/vermelho.org.br\/2025\/10\/28\/operacao-policial-mais-letal-da-historia-expoe-falencia-da-seguranca-publica-do-rj\/\">Opera\u00e7\u00e3o mais letal da hist\u00f3ria exp\u00f5e fal\u00eancia da seguran\u00e7a p\u00fablica do RJ<\/a><\/p>\n<p>\u00a0A outra lei aperfei\u00e7oada (<a href=\"http:\/\/legislacao.planalto.gov.br\/legisla\/legislacao.nsf\/Viw_Identificacao\/lei%2012.694-2012?OpenDocument\">n\u00ba 12.694<\/a>\/2012) visa reduzir os indicadores de mortalidade policial. Segundo o governo, em 2024, 186 policiais foram assassinados, sendo 145 policiais militares, 20 policiais penais, 15 policiais civis e peritos, 5 guardas municipais e um policial rodovi\u00e1rio.<\/p>\n<p>Assim, policiais, integrantes das For\u00e7as Armadas que atuem em regi\u00f5es de fronteira, autoridades judiciais e membros do Minist\u00e9rio P\u00fablico em situa\u00e7\u00e3o de risco devido ao combate \u00e0s fac\u00e7\u00f5es criminosas ter\u00e3o sua necessidade de prote\u00e7\u00e3o pessoal avaliada pela pol\u00edcia judici\u00e1ria, conforme as condi\u00e7\u00f5es institucionais. A medida poder\u00e1 ser estendida aos familiares desses profissionais.<\/p>\n<p><strong>Escrit\u00f3rio emergencial<\/strong><\/p>\n<p>Antes da san\u00e7\u00e3o, tamb\u00e9m assinada pelo ministro da Justi\u00e7a e Seguran\u00e7a P\u00fablica,\u00a0Ricardo Lewandowski, o governo federal acordou com o governador do Rio de Janeiro, Cl\u00e1udio Castro, a <a href=\"https:\/\/vermelho.org.br\/2025\/10\/29\/governo-federal-e-do-rio-criam-forca-tarefa-apos-operacao-mais-letal-da-historia\/\">cria\u00e7\u00e3o de um escrit\u00f3rio emergencial de combate ao crime organizado.<\/a><\/p>\n<p>O acordo firmado pelo ministro visa integrar as a\u00e7\u00f5es e evitar que epis\u00f3dios como o ocorrido, classificado por diversas organiza\u00e7\u00f5es sociais como uma chacina, voltem a se repetir.<\/p>\n<p>Na coletiva de an\u00fancio da a\u00e7\u00e3o, Lewandowski afirmou: \u201cEstamos enfrentando um problema muito s\u00e9rio, n\u00e3o s\u00f3 no Rio, mas em todo o pa\u00eds. Vamos investir recursos e coordenar esfor\u00e7os de forma conjugada entre for\u00e7as federais e estaduais.\u201d<\/p>\n<p>O secret\u00e1rio nacional de Seguran\u00e7a P\u00fablica, M\u00e1rio Sarrubbo, ficar\u00e1 \u00e0 frente do escrit\u00f3rio, ao lado de Victor Santos, atual secret\u00e1rio de Seguran\u00e7a P\u00fablica do Rio de Janeiro.<\/p>\n<p>O post <a href=\"https:\/\/vermelho.org.br\/2025\/10\/30\/lula-sanciona-lei-que-reforca-o-combate-ao-crime-organizado\/\">Lula sanciona lei que refor\u00e7a o combate ao crime organizado<\/a> apareceu primeiro em <a href=\"https:\/\/vermelho.org.br\/\">Vermelho<\/a>.<\/p>\n<!-- Begin Yuzo --><div class='yuzo_related_post style-1'  data-version='5.12.89'><!-- without result --><div class='yuzo_clearfixed yuzo__title yuzo__title'><h3>Related Post<\/h3><\/div>\n\t\t\t\t\t\t  <div class=\"relatedthumb \" style=\"width:125px;float:left;overflow:hidden;\">  \n\t\t\t\t\t\t\t  \n\t\t\t\t\t\t\t  <a  href=\"https:\/\/redept.com.br\/blogosfera\/amazonia-o-colonizador-nao-ve-aquilo-que-nao-e-espelho\/\"  >\n\t\t\t\t\t\t\t\t\t  <div class=\"yuzo-img-wrap \" style=\"width: 125px;height:90px;\">\n\t\t\t\t\t\t\t\t\t\t\n\t\t\t\t\t\t\t\t\t\t<div class=\"yuzo-img\" style=\"background:url('https:\/\/redept.com.br\/blogosfera\/wp-content\/uploads\/2025\/06\/Cult_20231106_Desenhos_rupestres_Interna_1_0-150x150.jpg') 50% 50% no-repeat;width: 125px;height:90px;margin-bottom: 5px;background-size: cover; \"><\/div>\n\t\t\t\t\t\t\t\t\t  <\/div>\n\t\t\t\t\t\t\t\t\t  \n\t\t\t\t\t\t\t\t   <span class=\"yuzo__text--title\" style=\"font-size:13px;\">Amaz\u00f4nia: O colonizador n\u00e3o v\u00ea aquilo que n\u00e3o \u00e9 es...<\/span>\n\t\t\t\t\t\t\t  \n\t\t\t\t\t\t\t  \n\t\t\t\t\t\t\t  <\/a>\n\n\t\t\t\t\t\t  <\/div>\n\t\t\t\t\t\t  <div class=\"relatedthumb \" style=\"width:125px;float:left;overflow:hidden;\">  \n\t\t\t\t\t\t\t  \n\t\t\t\t\t\t\t  <a  href=\"https:\/\/redept.com.br\/blogosfera\/fachin-toma-posse-na-presidencia-do-stf-nesta-segunda-feira-29\/\"  >\n\t\t\t\t\t\t\t\t\t  <div class=\"yuzo-img-wrap \" style=\"width: 125px;height:90px;\">\n\t\t\t\t\t\t\t\t\t\t\n\t\t\t\t\t\t\t\t\t\t<div class=\"yuzo-img\" style=\"background:url('https:\/\/redept.com.br\/blogosfera\/wp-content\/uploads\/2025\/09\/seminario-stf_mcamgo_abr_05102023-9-150x150.webp') 50% 50% no-repeat;width: 125px;height:90px;margin-bottom: 5px;background-size: cover; \"><\/div>\n\t\t\t\t\t\t\t\t\t  <\/div>\n\t\t\t\t\t\t\t\t\t  \n\t\t\t\t\t\t\t\t   <span class=\"yuzo__text--title\" style=\"font-size:13px;\">Fachin toma posse na presid\u00eancia do STF nesta segu...<\/span>\n\t\t\t\t\t\t\t  \n\t\t\t\t\t\t\t  \n\t\t\t\t\t\t\t  <\/a>\n\n\t\t\t\t\t\t  <\/div>\n\t\t\t\t\t\t  <div class=\"relatedthumb \" style=\"width:125px;float:left;overflow:hidden;\">  \n\t\t\t\t\t\t\t  \n\t\t\t\t\t\t\t  <a  href=\"https:\/\/sul21.com.br\/noticias\/politica\/2025\/09\/com-vetos-lula-sanciona-lei-que-reduz-tempo-maximo-de-inelegibilidade-por-ficha-limpa\/\"  >\n\t\t\t\t\t\t\t\t\t  <div class=\"yuzo-img-wrap \" style=\"width: 125px;height:90px;\">\n\t\t\t\t\t\t\t\t\t\t\n\t\t\t\t\t\t\t\t\t\t<div class=\"yuzo-img\" style=\"background:url('https:\/\/agenciabrasil.ebc.com.br\/ebc.png?id=1660789&amp;o=node') 50% 50% no-repeat;width: 125px;height:90px;margin-bottom: 5px;background-size: cover; \"><\/div>\n\t\t\t\t\t\t\t\t\t  <\/div>\n\t\t\t\t\t\t\t\t\t  \n\t\t\t\t\t\t\t\t   <span class=\"yuzo__text--title\" style=\"font-size:13px;\">Com vetos, Lula sanciona lei que reduz tempo m\u00e1xim...<\/span>\n\t\t\t\t\t\t\t  \n\t\t\t\t\t\t\t  \n\t\t\t\t\t\t\t  <\/a>\n\n\t\t\t\t\t\t  <\/div>\n\t\t\t\t\t\t  <div class=\"relatedthumb \" style=\"width:125px;float:left;overflow:hidden;\">  \n\t\t\t\t\t\t\t  \n\t\t\t\t\t\t\t  <a  href=\"https:\/\/redept.com.br\/blogosfera\/biden-planeja-perdoar-us-465-bilhoes-da-divida-da-ucrania-antes-de-trump-tomar-posse-diz-midia\/\"  >\n\t\t\t\t\t\t\t\t\t  <div class=\"yuzo-img-wrap \" style=\"width: 125px;height:90px;\">\n\t\t\t\t\t\t\t\t\t\t\n\t\t\t\t\t\t\t\t\t\t<div class=\"yuzo-img\" style=\"background:url('https:\/\/redept.org\/blogosfera\/wp-content\/plugins\/yuzo-related-post\/assets\/images\/default.png') 50% 50% no-repeat;width: 125px;height:90px;margin-bottom: 5px;background-size: cover; \"><\/div>\n\t\t\t\t\t\t\t\t\t  <\/div>\n\t\t\t\t\t\t\t\t\t  \n\t\t\t\t\t\t\t\t   <span class=\"yuzo__text--title\" style=\"font-size:13px;\">Biden planeja perdoar US$ 4,65 bilh\u00f5es da d\u00edvida d...<\/span>\n\t\t\t\t\t\t\t  \n\t\t\t\t\t\t\t  \n\t\t\t\t\t\t\t  <\/a>\n\n\t\t\t\t\t\t  <\/div>\n<\/div> <script>\n\t\t\t\t\t\t  jQuery(document).ready(function( $ ){\n\t\t\t\t\t\t\t\/\/jQuery('.yuzo_related_post').equalizer({ overflow : 'relatedthumb' });\n\t\t\t\t\t\t\tjQuery('.yuzo_related_post .yuzo_wraps').equalizer({ columns : '> div' });\n\t\t\t\t\t\t   })\n\t\t\t\t\t\t  <\/script> <!-- End Yuzo :) -->","protected":false},"excerpt":{"rendered":"<p>O presidente Lula sancionou a lei n\u00ba 15.245, publicada no Di\u00e1rio Oficial da Uni\u00e3o, nesta quinta-feira (30), para refor\u00e7ar o combate ao crime organizado e ampliar a prote\u00e7\u00e3o dos agentes p\u00fablicos. A iniciativa faz parte da r\u00e1pida resposta do governo federal ap\u00f3s a \u201cOpera\u00e7\u00e3o Conten\u00e7\u00e3o\u201d, promovida pelo governo do Rio de Janeiro. A a\u00e7\u00e3o foi [&hellip;]<\/p>\n","protected":false},"author":2,"featured_media":0,"comment_status":"open","ping_status":"closed","sticky":false,"template":"","format":"standard","meta":{"fifu_image_url":"","fifu_image_alt":"","footnotes":""},"categories":[3460,7293,27520,1428,307,27181,1434,112,27290,846,49,73],"tags":[],"class_list":["post-61393","post","type-post","status-publish","format-standard","hentry","category-codigo-penal","category-comando-vermelho","category-combate-ao-crime-organizado","category-crime-organizado","category-direitos-humanos","category-governador-claudio-castro","category-letalidade-policial","category-lula","category-operacao-contencao","category-ricardo-lewandowski","category-rio-de-janeiro","category-seguranca-publica"],"_links":{"self":[{"href":"https:\/\/redept.com.br\/blogosfera\/wp-json\/wp\/v2\/posts\/61393","targetHints":{"allow":["GET"]}}],"collection":[{"href":"https:\/\/redept.com.br\/blogosfera\/wp-json\/wp\/v2\/posts"}],"about":[{"href":"https:\/\/redept.com.br\/blogosfera\/wp-json\/wp\/v2\/types\/post"}],"author":[{"embeddable":true,"href":"https:\/\/redept.com.br\/blogosfera\/wp-json\/wp\/v2\/users\/2"}],"replies":[{"embeddable":true,"href":"https:\/\/redept.com.br\/blogosfera\/wp-json\/wp\/v2\/comments?post=61393"}],"version-history":[{"count":0,"href":"https:\/\/redept.com.br\/blogosfera\/wp-json\/wp\/v2\/posts\/61393\/revisions"}],"wp:attachment":[{"href":"https:\/\/redept.com.br\/blogosfera\/wp-json\/wp\/v2\/media?parent=61393"}],"wp:term":[{"taxonomy":"category","embeddable":true,"href":"https:\/\/redept.com.br\/blogosfera\/wp-json\/wp\/v2\/categories?post=61393"},{"taxonomy":"post_tag","embeddable":true,"href":"https:\/\/redept.com.br\/blogosfera\/wp-json\/wp\/v2\/tags?post=61393"}],"curies":[{"name":"wp","href":"https:\/\/api.w.org\/{rel}","templated":true}]}}