{"id":6146,"date":"2024-11-22T19:01:32","date_gmt":"2024-11-22T22:01:32","guid":{"rendered":"https:\/\/redept.org\/blogosfera\/70-dos-reajustes-salariais-superam-a-inflacao-em-outubro-aponta-dieese\/"},"modified":"2024-11-22T19:01:32","modified_gmt":"2024-11-22T22:01:32","slug":"70-dos-reajustes-salariais-superam-a-inflacao-em-outubro-aponta-dieese","status":"publish","type":"post","link":"https:\/\/redept.com.br\/blogosfera\/70-dos-reajustes-salariais-superam-a-inflacao-em-outubro-aponta-dieese\/","title":{"rendered":"70% dos reajustes salariais superam a infla\u00e7\u00e3o em outubro, aponta Dieese"},"content":{"rendered":"<div><img fetchpriority=\"high\" width=\"700\" height=\"460\"src=\"https:\/\/redept.org\/blogosfera\/wp-content\/uploads\/2024\/11\/systemuploadsnewsc41fff740a94e2c8ad9-700x460xfit-965fe.jpg\" class=\"attachment-large size-large wp-post-image\" alt=\"\" decoding=\"async\" srcset=\"https:\/\/redept.org\/blogosfera\/wp-content\/uploads\/2024\/11\/systemuploadsnewsc41fff740a94e2c8ad9-700x460xfit-965fe.jpg 700w, https:\/\/vermelho.org.br\/wp-content\/uploads\/2024\/11\/systemuploadsnewsc41fff740a94e2c8ad9-700x460xfit-965fe-300x197.jpg 300w\" sizes=\"(max-width: 700px) 100vw, 700px\"><\/p>\n<p>No m\u00eas de outubro 70,2% dos reajustes salariais registrados, total de 215 reajustes, tiveram ganho real, ou seja, acima da infla\u00e7\u00e3o medida pelo INPC-IBGE. Os dados apresentados pelo Departamento Intersindical de Estat\u00edstica e Estudos Socioecon\u00f4micos (Dieese) tem como base os reajustes registrados pelo Minist\u00e9rio do Trabalho e Emprego.<\/p>\n<p>De acordo com o Departamento, os dados foram captados at\u00e9 7 de novembro e revelam recuo observado em compara\u00e7\u00e3o a meses anteriores, onde mais de 80%, ou quase isso, dos reajustes superaram a infla\u00e7\u00e3o. O motivo, conforme explicado, \u00e9 devido ao aumento do percentual de reajustes equivalente ao INPC, em 24,7% em outubro.<\/p>\n<p><strong>Leia mais: <\/strong><a href=\"https:\/\/vermelho.org.br\/2024\/11\/22\/desemprego-cai-para-64-no-3o-trimestre-recorde-na-serie-do-ibge\/\">Desemprego cai para 6,4% no 3\u00ba trimestre, recorde na s\u00e9rie do IBGE<\/a><\/p>\n<p style='box-sizing: inherit; margin: 0px 0px 1rem; padding: 0px; font-size: 17px; line-height: 1.6; text-rendering: optimizelegibility; font-family: \"Open Sans\", sans-serif; color: rgb(10, 10, 10); text-align: center; white-space-collapse: collapse; background-color: rgb(254, 254, 254);'>\n<p>\u201cO crescimento no \u00edndice \u00e9 localizado: quase a totalidade dos resultados iguais \u00e0 infla\u00e7\u00e3o identificados pela pesquisa s\u00e3o de empresas metal\u00fargicas de Minas Gerais\u201d, traz o <a href=\"https:\/\/www.dieese.org.br\/boletimnegociacao\/2024\/boletimnegociacao50.pdf\">boletim De Olho nas Negocia\u00e7\u00f5es.<\/a><\/p>\n<p>O INPC acumulado em 12 meses fechou outubro em 4,6%<\/p>\n<p><strong>Reajustes no ano<\/strong><\/p>\n<p>Na distribui\u00e7\u00e3o dos reajustes em 2024, 85,2% ficaram acima do INPC-IBGE, 10,8% iguais e 3,4% abaixo.<\/p>\n<p>Quando seccionado por setor econ\u00f4mico, com\u00e9rcio teve 79,5% de reajustes acima da infla\u00e7\u00e3o de um total de 1.605 negocia\u00e7\u00f5es, a ind\u00fastria 86,8% das negocia\u00e7\u00f5es com ganho real de um total de 4.358, e servi\u00e7os 86,4% de acordos positivos dentre 7.058.<\/p>\n<p>Entre os 9.585 reajustes por acordo coletivos, 86,5% tiveram ganho acima da infla\u00e7\u00e3o, enquanto 84,1% dos 4.125 reajustes via conven\u00e7\u00e3o coletiva obtiveram ganho real.<\/p>\n<p>No entanto, as conven\u00e7\u00f5es coletivas tiveram maior n\u00famero reajustes iguais ao INPC-IBGE, 14,1%, logo menos reajustes abaixo do \u00edndice, 1,8%. J\u00e1 os acordos coletivos apresentaram 9,3% de reajustes iguais a infla\u00e7\u00e3o e 4,1% abaixo.<\/p>\n<p><strong>Pisos salariais<\/strong><\/p>\n<p>Ainda segundo o boletim, \u201co valor m\u00e9dio dos pisos salariais de 2024 at\u00e9 outubro \u00e9 R$ 1.723,01; e o valor mediano, R$ 1.608,00\u201d.<\/p>\n<p>Como \u00e9 explicado, \u201cvalor m\u00e9dio, equivalente \u00e0 soma dos valores de todos os pisos, dividida pelo n\u00famero de pisos observados; e 2) valor mediano, correspondente ao valor abaixo do qual est\u00e1 a metade dos pisos analisados. O valor mediano sofre menos influ\u00eancia dos valores extremos da s\u00e9rie, indicando melhor a distribui\u00e7\u00e3o dos pisos.\u201d<\/p>\n<p>Por setor, o valor m\u00e9dio e mediano \u00e9 de:<\/p>\n<ul class=\"wp-block-list\">\n<li>Com\u00e9rcio (1.582 pisos) \/Piso Salarial M\u00e9dio R$ 1.662,10 \/ Piso Salarial Mediano R$ 1.568,49;<\/li>\n<li>Ind\u00fastria (4.276 pisos) \/ Piso Salarial M\u00e9dio R$ 1.704,96 \/ Piso Salarial Mediano R$ 1.642,46;<\/li>\n<li>Rural (619 pisos) \/ Piso Salarial M\u00e9dio R$ 1.681,77 \/ Piso Salarial Mediano R$ 1.640,00;<\/li>\n<li>Servi\u00e7os (6.804 pisos) \/ Piso Salarial M\u00e9dio R$ 1.753,57 \/ Piso Salarial Mediano R$ 1.753,57.<\/li>\n<\/ul>\n<p><em>*Informa\u00e7\u00f5es Dieese<\/em><\/p>\n<p>O post <a href=\"https:\/\/vermelho.org.br\/2024\/11\/22\/70-dos-reajustes-salariais-superam-a-inflacao-em-outubro-aponta-dieese\/\">70% dos reajustes salariais superam a infla\u00e7\u00e3o em outubro, aponta Dieese<\/a> apareceu primeiro em <a href=\"https:\/\/vermelho.org.br\/\">Vermelho<\/a>.<\/p>\n<\/div>\n<!-- Begin Yuzo --><div class='yuzo_related_post style-1'  data-version='5.12.89'><!-- without result --><div class='yuzo_clearfixed yuzo__title yuzo__title'><h3>Related Post<\/h3><\/div>\n\t\t\t\t\t\t  <div class=\"relatedthumb \" style=\"width:125px;float:left;overflow:hidden;\">  \n\t\t\t\t\t\t\t  \n\t\t\t\t\t\t\t  <a  href=\"https:\/\/redept.com.br\/blogosfera\/guarda-revolucionaria-do-ira-diz-que-atacou-maior-porta-avioes-dos-eua-pentagono-nega\/\"  >\n\t\t\t\t\t\t\t\t\t  <div class=\"yuzo-img-wrap \" style=\"width: 125px;height:90px;\">\n\t\t\t\t\t\t\t\t\t\t\n\t\t\t\t\t\t\t\t\t\t<div class=\"yuzo-img\" style=\"background:url('https:\/\/redept.com.br\/blogosfera\/wp-content\/uploads\/2026\/03\/640px-uss_abraham_lincoln_cvn-72_underway_in_the_atlantic_ocean_on_30_january_2019_190130-n-pw716-1312-150x150.jpeg') 50% 50% no-repeat;width: 125px;height:90px;margin-bottom: 5px;background-size: cover; \"><\/div>\n\t\t\t\t\t\t\t\t\t  <\/div>\n\t\t\t\t\t\t\t\t\t  \n\t\t\t\t\t\t\t\t   <span class=\"yuzo__text--title\" style=\"font-size:13px;\">Guarda Revolucion\u00e1ria do Ir\u00e3 diz que atacou maior ...<\/span>\n\t\t\t\t\t\t\t  \n\t\t\t\t\t\t\t  \n\t\t\t\t\t\t\t  <\/a>\n\n\t\t\t\t\t\t  <\/div>\n\t\t\t\t\t\t  <div class=\"relatedthumb \" style=\"width:125px;float:left;overflow:hidden;\">  \n\t\t\t\t\t\t\t  \n\t\t\t\t\t\t\t  <a  href=\"https:\/\/redept.com.br\/blogosfera\/resorts-do-povo-como-a-urss-transformou-palacios-em-spas-para-os-trabalhadores\/\"  >\n\t\t\t\t\t\t\t\t\t  <div class=\"yuzo-img-wrap \" style=\"width: 125px;height:90px;\">\n\t\t\t\t\t\t\t\t\t\t\n\t\t\t\t\t\t\t\t\t\t<div class=\"yuzo-img\" style=\"background:url('https:\/\/redept.com.br\/blogosfera\/wp-content\/uploads\/2026\/01\/960px-golden_sands_in_kurpaty-150x150.jpg') 50% 50% no-repeat;width: 125px;height:90px;margin-bottom: 5px;background-size: cover; \"><\/div>\n\t\t\t\t\t\t\t\t\t  <\/div>\n\t\t\t\t\t\t\t\t\t  \n\t\t\t\t\t\t\t\t   <span class=\"yuzo__text--title\" style=\"font-size:13px;\">Resorts do povo: como a URSS transformou pal\u00e1cios ...<\/span>\n\t\t\t\t\t\t\t  \n\t\t\t\t\t\t\t  \n\t\t\t\t\t\t\t  <\/a>\n\n\t\t\t\t\t\t  <\/div>\n\t\t\t\t\t\t  <div class=\"relatedthumb \" style=\"width:125px;float:left;overflow:hidden;\">  \n\t\t\t\t\t\t\t  \n\t\t\t\t\t\t\t  <a  href=\"https:\/\/redept.com.br\/blogosfera\/bolsonaro-pega-mais-de-40-anos-na-papuda-primeira-turma-do-stf-decide-ate-o-fim-da-semana\/\"  >\n\t\t\t\t\t\t\t\t\t  <div class=\"yuzo-img-wrap \" style=\"width: 125px;height:90px;\">\n\t\t\t\t\t\t\t\t\t\t\n\t\t\t\t\t\t\t\t\t\t<div class=\"yuzo-img\" style=\"background:url('https:\/\/redept.org\/blogosfera\/wp-content\/plugins\/yuzo-related-post\/assets\/images\/default.png') 50% 50% no-repeat;width: 125px;height:90px;margin-bottom: 5px;background-size: cover; \"><\/div>\n\t\t\t\t\t\t\t\t\t  <\/div>\n\t\t\t\t\t\t\t\t\t  \n\t\t\t\t\t\t\t\t   <span class=\"yuzo__text--title\" style=\"font-size:13px;\">Bolsonaro pega mais de 40 anos na Papuda? Primeira...<\/span>\n\t\t\t\t\t\t\t  \n\t\t\t\t\t\t\t  \n\t\t\t\t\t\t\t  <\/a>\n\n\t\t\t\t\t\t  <\/div>\n\t\t\t\t\t\t  <div class=\"relatedthumb \" style=\"width:125px;float:left;overflow:hidden;\">  \n\t\t\t\t\t\t\t  \n\t\t\t\t\t\t\t  <a  href=\"https:\/\/redept.com.br\/blogosfera\/bolsonaristas-saem-as-ruas-em-defesa-do-ex-presidente-neste-domingo\/\"  >\n\t\t\t\t\t\t\t\t\t  <div class=\"yuzo-img-wrap \" style=\"width: 125px;height:90px;\">\n\t\t\t\t\t\t\t\t\t\t\n\t\t\t\t\t\t\t\t\t\t<div class=\"yuzo-img\" style=\"background:url('https:\/\/redept.org\/blogosfera\/wp-content\/plugins\/yuzo-related-post\/assets\/images\/default.png') 50% 50% no-repeat;width: 125px;height:90px;margin-bottom: 5px;background-size: cover; \"><\/div>\n\t\t\t\t\t\t\t\t\t  <\/div>\n\t\t\t\t\t\t\t\t\t  \n\t\t\t\t\t\t\t\t   <span class=\"yuzo__text--title\" style=\"font-size:13px;\">Bolsonaristas saem \u00e0s ruas em defesa do ex-preside...<\/span>\n\t\t\t\t\t\t\t  \n\t\t\t\t\t\t\t  \n\t\t\t\t\t\t\t  <\/a>\n\n\t\t\t\t\t\t  <\/div>\n<\/div> <script>\n\t\t\t\t\t\t  jQuery(document).ready(function( $ ){\n\t\t\t\t\t\t\t\/\/jQuery('.yuzo_related_post').equalizer({ overflow : 'relatedthumb' });\n\t\t\t\t\t\t\tjQuery('.yuzo_related_post .yuzo_wraps').equalizer({ columns : '> div' });\n\t\t\t\t\t\t   })\n\t\t\t\t\t\t  <\/script> <!-- End Yuzo :) -->","protected":false},"excerpt":{"rendered":"<p>No m\u00eas de outubro 70,2% dos reajustes salariais registrados, total de 215 reajustes, tiveram ganho real, ou seja, acima da infla\u00e7\u00e3o medida pelo INPC-IBGE. Os dados apresentados pelo Departamento Intersindical de Estat\u00edstica e Estudos Socioecon\u00f4micos (Dieese) tem como base os reajustes registrados pelo Minist\u00e9rio do Trabalho e Emprego. De acordo com o Departamento, os dados [&hellip;]<\/p>\n","protected":false},"author":2,"featured_media":6147,"comment_status":"closed","ping_status":"closed","sticky":false,"template":"","format":"standard","meta":{"fifu_image_url":"","fifu_image_alt":"","footnotes":""},"categories":[1029,221,2237,2238,2239],"tags":[],"class_list":["post-6146","post","type-post","status-publish","format-standard","has-post-thumbnail","hentry","category-dieese","category-economia","category-ganho-real","category-reajuste-acima-da-inflacao","category-reajustes-salariais"],"_links":{"self":[{"href":"https:\/\/redept.com.br\/blogosfera\/wp-json\/wp\/v2\/posts\/6146","targetHints":{"allow":["GET"]}}],"collection":[{"href":"https:\/\/redept.com.br\/blogosfera\/wp-json\/wp\/v2\/posts"}],"about":[{"href":"https:\/\/redept.com.br\/blogosfera\/wp-json\/wp\/v2\/types\/post"}],"author":[{"embeddable":true,"href":"https:\/\/redept.com.br\/blogosfera\/wp-json\/wp\/v2\/users\/2"}],"replies":[{"embeddable":true,"href":"https:\/\/redept.com.br\/blogosfera\/wp-json\/wp\/v2\/comments?post=6146"}],"version-history":[{"count":0,"href":"https:\/\/redept.com.br\/blogosfera\/wp-json\/wp\/v2\/posts\/6146\/revisions"}],"wp:featuredmedia":[{"embeddable":true,"href":"https:\/\/redept.com.br\/blogosfera\/wp-json\/wp\/v2\/media\/6147"}],"wp:attachment":[{"href":"https:\/\/redept.com.br\/blogosfera\/wp-json\/wp\/v2\/media?parent=6146"}],"wp:term":[{"taxonomy":"category","embeddable":true,"href":"https:\/\/redept.com.br\/blogosfera\/wp-json\/wp\/v2\/categories?post=6146"},{"taxonomy":"post_tag","embeddable":true,"href":"https:\/\/redept.com.br\/blogosfera\/wp-json\/wp\/v2\/tags?post=6146"}],"curies":[{"name":"wp","href":"https:\/\/api.w.org\/{rel}","templated":true}]}}