{"id":61680,"date":"2025-10-31T18:02:14","date_gmt":"2025-10-31T21:02:14","guid":{"rendered":"https:\/\/redept.com.br\/blogosfera\/como-se-preparar-no-ultimo-final-de-semana-antes-do-enem\/"},"modified":"2025-10-31T18:02:14","modified_gmt":"2025-10-31T21:02:14","slug":"como-se-preparar-no-ultimo-final-de-semana-antes-do-enem","status":"publish","type":"post","link":"https:\/\/redept.com.br\/blogosfera\/como-se-preparar-no-ultimo-final-de-semana-antes-do-enem\/","title":{"rendered":"Como se preparar no \u00faltimo final de semana antes do ENEM"},"content":{"rendered":"<p>Faltam poucos dias para o <a href=\"https:\/\/tvtnews.com.br\/tag\/enem\/\" data-type=\"post_tag\" data-id=\"4400\">ENEM 2025<\/a>.  Nesse \u00faltimo final de semana antes da prova do Enem, ficam algumas d\u00favidas:<\/p>\n<ul>\n<li>ainda d\u00e1 tempo de estudar para o ENEM ?<\/li>\n<li>como me preparar nesses \u00faltimos dias?<\/li>\n<li>quais conte\u00fados focar para ter bons resultados na prova?<\/li>\n<li>estudo ou descanso na v\u00e9spera do Enem?<\/li>\n<\/ul>\n<p> A <a href=\"http:\/\/tvtnews.com.br\/\" data-type=\"link\" data-id=\"tvtnews.com.br\" target=\"_blank\" rel=\"noopener noreferrer nofollow\">TVT News<\/a> te ajuda na reta final do ENEM.<\/p>\n<h3>Confira o calend\u00e1rio do Enem 2025<\/h3>\n<ul>\n<li><strong>Aplica\u00e7\u00e3o das provas<\/strong>: 9 e 16 de novembro<\/li>\n<li><strong>Aplica\u00e7\u00e3o em Bel\u00e9m, Ananindeua e Marituba, no Par\u00e1<\/strong>: 30 de novembro e 7 de dezembro<\/li>\n<li><strong>Reaplica\u00e7\u00e3o das provas<\/strong>:\u00a016 e 17 de dezembro<\/li>\n<li><strong>Divulga\u00e7\u00e3o do resultado<\/strong>: 16 de janeiro de 2026<\/li>\n<\/ul>\n<h2>Como estudar nos \u00faltimos dias antes do ENEM<\/h2>\n<p>Para o professor Rafael Galv\u00e3o, diretor uma escola que est\u00e1 entre os primeiros lugares no ranking do ENEM 2024, ainda d\u00e1 tempo de estudar para o exame deste ano. Galv\u00e3o explica qual a melhor estrat\u00e9gia para aprender os conte\u00fados nessa reta final de prepara\u00e7\u00e3o.<\/p>\n<p>\u201cAinda d\u00e1 tempo de estudar, mas a chave agora \u00e9 a estrat\u00e9gia e a prioriza\u00e7\u00e3o. Faltando apenas alguns dias, o foco deve ser na revis\u00e3o do que voc\u00ea j\u00e1 estudou e na pr\u00e1tica intensiva. Tentar aprender um conte\u00fado do zero e muito extenso pode ser menos eficiente do que consolidar o que voc\u00ea j\u00e1 sabe\u201d, ressalta o professor.<\/p>\n<figure><img fetchpriority=\"high\" fetchpriority=\"high\" decoding=\"async\" width=\"1024\" height=\"577\"src=\"https:\/\/redept.com.br\/blogosfera\/wp-content\/uploads\/2025\/10\/estudo_enem-1-e1761078984179-1.webp\" alt=\"menos-de-20-dias-para-o-enem-o-que-estudar-confira-dicas-para-estudar-nos-ultimos-dias-antes-do-enem-foto-foto-jose-cruz-agencia-brasil-tvt-news\" title=\"Como se preparar no \u00faltimo final de semana antes do ENEM 1\" srcset=\"https:\/\/redept.com.br\/blogosfera\/wp-content\/uploads\/2025\/10\/estudo_enem-1-e1761078984179-1.webp 1024w, https:\/\/tvtnews.com.br\/wp-content\/uploads\/2025\/10\/estudo_enem-1-e1761078984179-300x169.webp 300w, https:\/\/tvtnews.com.br\/wp-content\/uploads\/2025\/10\/estudo_enem-1-e1761078984179-768x433.webp 768w\" sizes=\"(max-width: 1024px) 100vw, 1024px\"><figcaption>Confira dicas para estudar nos \u00faltimos dias antes do ENEM. Foto: Jos\u00e9 Cruz\/Ag\u00eancia Brasil <\/figcaption><\/figure>\n<p>Dentre as principais estrat\u00e9gias para estudar, o educador destaca o foco na reda\u00e7\u00e3o, que \u00e9 a etapa da prova com mais potencial para <a href=\"https:\/\/tvtnews.com.br\/lula-incentiva-preparacao-para-o-enem-com-novo-aplicativo-faca-o-simuladao\/\" data-type=\"post\" data-id=\"767259\">elevar a nota no ENEM<\/a>. \u201cTente fazer pelo menos duas a tr\u00eas reda\u00e7\u00f5es por semana, cronometrando o tempo (m\u00e1ximo 1h a 1h30) e focando na estrutura dissertativo-argumentativa e nas cinco compet\u00eancias do ENEM. Revise e memorize a estrutura e os crit\u00e9rios de corre\u00e7\u00e3o\u201d, explica Galv\u00e3o.<\/p>\n<p>Al\u00e9m disso, o educador ressalta que resolver provas completas do ENEM de anos anteriores, simulando as condi\u00e7\u00f5es reais do exame, \u00e9 importante para se familiarizar com o estilo das quest\u00f5es e a linguagem da banca, treinar a gest\u00e3o do tempo e identificar rapidamente os pontos fracos para focar a revis\u00e3o.<\/p>\n<h2><strong>O que o aluno deve estudar para o ENEM?<\/strong><\/h2>\n<p>Outro ponto de aten\u00e7\u00e3o \u00e9 focar em \u00e1reas de maior peso e recorr\u00eancia, ou seja, a prioridade \u00e9 Matem\u00e1tica e Linguagens, seguido de Ci\u00eancias Humanas e Ci\u00eancias da Natureza. Galv\u00e3o aponta os principais conte\u00fados que podem ser refor\u00e7ados na reta final do \u00faltimo m\u00eas antes da prova.<\/p>\n<p>\u201cEm Matem\u00e1tica, revise os conceitos b\u00e1sicos e os mais frequentes, como fun\u00e7\u00f5es, estat\u00edstica, geometria plana e espacial, probabilidade e an\u00e1lise combinat\u00f3ria. Para Linguagens, o importante \u00e9 praticar a interpreta\u00e7\u00e3o de textos, al\u00e9m de revisar Literatura, com foco em movimentos e autores principais, e Arte, passando pelos movimentos art\u00edsticos e suas fun\u00e7\u00f5es\u201d, comenta o educador.<\/p>\n<figure><img decoding=\"async\" width=\"754\" height=\"503\"src=\"https:\/\/redept.com.br\/blogosfera\/wp-content\/uploads\/2025\/10\/sala-de-aula-Jose-Cruz-ABR-3.jpg\" alt=\"numero-de-criancas-na-creche-triplica-no-brasil-em-duas-decadas-professor-em-sala-de-aula-com-alunos-na-preparacao-nos-ultimos-dias-antes-da-prova-do-enem-foto-arquivo-abr-tvt-news\" title=\"Como se preparar no \u00faltimo final de semana antes do ENEM 2\" srcset=\"https:\/\/redept.com.br\/blogosfera\/wp-content\/uploads\/2025\/10\/sala-de-aula-Jose-Cruz-ABR-3.jpg 754w, https:\/\/tvtnews.com.br\/wp-content\/uploads\/2025\/02\/sala-de-aula-Jose-Cruz-ABR-300x200.jpg 300w\" sizes=\"(max-width: 754px) 100vw, 754px\"><figcaption>Professor\u00a0em sala de aula com alunos na prepara\u00e7\u00e3o nos \u00faltimos dias antes da prova do Enem. Foto:\u00a0Arquivo\/ABR<\/figcaption><\/figure>\n<p>Segundo Galv\u00e3o, para a \u00e1rea de Ci\u00eancias da Natureza, o foco em Biologia deve ser em ecologia (ciclos biogeoqu\u00edmicos, desequil\u00edbrio de ecossistemas e biomas), gen\u00e9tica e evolu\u00e7\u00e3o, al\u00e9m de fisiologia humana e viroses. Em F\u00edsica, \u00e9 importante dar aten\u00e7\u00e3o a temas com aplica\u00e7\u00e3o no cotidiano, como calorimetria, termodin\u00e2mica, eletrodin\u00e2mica e mec\u00e2nica. Em Qu\u00edmica, os t\u00f3picos essenciais s\u00e3o qu\u00edmica org\u00e2nica, estequiometria, eletroqu\u00edmica e qu\u00edmica ambiental.<\/p>\n<p>\u201cNo que se refere \u00e0s Ci\u00eancias Humanas, em Geografia, os estudos devem se concentrar em geopol\u00edtica, rela\u00e7\u00f5es Internacionais, urbaniza\u00e7\u00e3o, quest\u00f5es agr\u00e1rias e meio ambiente. Em Hist\u00f3ria, a revis\u00e3o deve abordar a Hist\u00f3ria do Brasil (da Col\u00f4nia \u00e0 <a href=\"https:\/\/tvtnews.com.br\/tag\/ditadura-militar\/\" data-type=\"post_tag\" data-id=\"4303\">Ditadura Militar<\/a>, com \u00eanfase na hist\u00f3ria recente) e a Hist\u00f3ria Geral (Guerra Fria, Revolu\u00e7\u00e3o Industrial, Idade Contempor\u00e2nea). Para Filosofia e Sociologia, \u00e9 fundamental revisar os principais pensadores e conceitos, como \u00e9tica, cidadania, movimentos sociais e filosofia pol\u00edtica\u201d, comenta o professor.<\/p>\n<figure>\n<div>\n<blockquote data-secret=\"0iiCLc7vyc\"><p><a href=\"https:\/\/tvtnews.com.br\/30-de-abril-50-anos-do-fim-da-guerra-do-vietna\/\">30 de abril: 50 anos do fim da Guerra do Vietn\u00e3<\/a><\/p><\/blockquote>\n<\/div>\n<\/figure>\n<p>Por fim, para <a href=\"http:\/\/tvtnews.com.br\/\" data-type=\"link\" data-id=\"tvtnews.com.br\" target=\"_blank\" rel=\"noopener noreferrer nofollow\">atualidades, \u00e9 importante ler sobre temas sociais, pol\u00edticos, econ\u00f4micos e culturais recentes<\/a>, pois isso fornecer\u00e1 repert\u00f3rio valioso tanto para a reda\u00e7\u00e3o quanto para as quest\u00f5es de humanas.<\/p>\n<p>O educador ainda aponta que utilizar mapas mentais e resumos curtos feitos previamente \u00e9 importante. <a href=\"https:\/\/www.youtube.com\/@redetvt\" data-type=\"link\" data-id=\"https:\/\/www.youtube.com\/@redetvt\" target=\"_blank\" rel=\"noopener noreferrer nofollow\">Videoaulas<\/a> e <em>podcasts<\/em> tamb\u00e9m podem reativar o conhecimento j\u00e1 adquirido. Al\u00e9m disso, ao corrigir exerc\u00edcios e simulados, a dica \u00e9 direcionar a aten\u00e7\u00e3o para os erros, revisando a teoria apenas dos assuntos em que o estudante teve dificuldade.<\/p>\n<p>\u201cN\u00e3o esque\u00e7a de manter a calma e priorizar uma rotina saud\u00e1vel de sono e alimenta\u00e7\u00e3o, compreendendo que o descanso \u00e9 parte integrante do estudo. A ansiedade \u00e9 normal neste momento, ent\u00e3o utilize t\u00e9cnicas de respira\u00e7\u00e3o e relaxamento, confiando na sua prepara\u00e7\u00e3o e na revis\u00e3o estrat\u00e9gica que voc\u00ea realizou ao longo do ano\u201d, finaliza Galv\u00e3o.<\/p>\n<h3>Descansar ou estudar na v\u00e9spera do Enem?<\/h3>\n<p>Se voc\u00ea seguiu uma rotina de estudos, pode tirar os \u00faltimos dias para descansar, curtir a fam\u00edlia e, importante, colocar o sono em dia. N\u00e3o ser\u00e1 na v\u00e9spera do Enem que voc\u00ea ir\u00e1 revisar tudo o que precisa. Aproveite os dias anteriores \u00e0s provas para fazer uma rotina de estudos, um pouco por dia, seguindo as dicas dos professores desta reportagem. Na v\u00e9spera, curta sua rede de apoio: aproveite seus familiares, amigos ou aqueles que est\u00e3o ali, ao seu lado, torcendo pelo seu sucesso.<\/p>\n<h2><strong>Qual o calend\u00e1rio do ENEM<\/strong><\/h2>\n<p>As provas objetivas e de reda\u00e7\u00e3o ser\u00e3o aplicadas nos dias 9 e 16 de novembro. Apenas os munic\u00edpios paraenses de Bel\u00e9m, Ananindeua e Marituba ter\u00e3o outras datas de aplica\u00e7\u00e3o: 30 de novembro e 7 de dezembro. <\/p>\n<p>A medida visa atender melhor os estudantes dessas localidades, em raz\u00e3o dos impactos log\u00edsticos da 30\u00aa Confer\u00eancia das Na\u00e7\u00f5es Unidas sobre Mudan\u00e7as Clim\u00e1ticas (<a href=\"https:\/\/tvtnews.com.br\/tag\/cop30\/\" data-type=\"post_tag\" data-id=\"4650\">COP30<\/a>), que ocorrer\u00e1 no estado no per\u00edodo da aplica\u00e7\u00e3o regular do exame.<\/p>\n<ul>\n<li><strong>Aplica\u00e7\u00e3o das provas<\/strong>: 9 e 16 de novembro<\/li>\n<li><strong>Aplica\u00e7\u00e3o em Bel\u00e9m, Ananindeua e Marituba, no Par\u00e1<\/strong>: 30 de novembro e 7 de dezembro<\/li>\n<li><strong>Reaplica\u00e7\u00e3o das provas<\/strong>:\u00a016 e 17 de dezembro<\/li>\n<li><strong>Divulga\u00e7\u00e3o do resultado<\/strong>: 16 de janeiro de 2026<\/li>\n<\/ul>\n<h2>Como consultar o local de prova do Enem 2025<\/h2>\n<p>O\u00a0<strong>Instituto Nacional de Estudos e Pesquisas Educacionais An\u00edsio Teixeira (<a href=\"https:\/\/tvtnews.com.br\/tag\/inep\/\">Inep<\/a>)<\/strong>\u00a0disponibilizou, na sexta-feira (31), o\u00a0<strong><a href=\"https:\/\/tvtnews.com.br\/enem-2025-passo-a-passo-consulta-local-de-prova\/\" data-type=\"link\" data-id=\"https:\/\/tvtnews.com.br\/enem-2025-passo-a-passo-consulta-local-de-prova\/\">Cart\u00e3o de Confirma\u00e7\u00e3o de Inscri\u00e7\u00e3o do Enem 2025<\/a><\/strong>, documento que informa o local de prova, as datas e hor\u00e1rios dos exames e outros detalhes importantes.\u00a0<\/p>\n<figure>\n<div>\n<blockquote data-secret=\"YA6Gzb8co0\"><p><a href=\"https:\/\/tvtnews.com.br\/enem-2025-passo-a-passo-consulta-local-de-prova\/\">Enem 2025: veja o passo a passo para consultar o seu local de prova<\/a><\/p><\/blockquote>\n<\/div>\n<\/figure>\n<h2>Prepare-se para o ENEM com o app gratuito do MEC<\/h2>\n<p>Vai fazer o ENEM? Prepare-se para o Exame Nacional do Ensino M\u00e9dio com o app gratuito do MEC que vai te ajudar a estudar e treinar para a reda\u00e7\u00e3o do Enem.<\/p>\n<p>O <a href=\"https:\/\/tvtnews.com.br\/tag\/governo-lula\/\" data-type=\"post_tag\" data-id=\"4208\">Governo Lula<\/a> lan\u00e7ou um aplicativo para auxiliar, gratuitamente, os estudantes que est\u00e3o se preparando para o Exame Nacional do Ensino M\u00e9dio (Enem).<\/p>\n<h4>O MEC Enem est\u00e1 dispon\u00edvel nas principais lojas de aplicativos e pode ser acessado pelo link: <a href=\"https:\/\/app.mecenem.mec.gov.br\/onBoarding\" target=\"_blank\" rel=\"noopener noreferrer nofollow\">app.mecenem.mec.gov.br<\/a><\/h4>\n<h3>Como o app \u201cFa\u00e7a o simulad\u00e3o\u201d ajuda na prepara\u00e7\u00e3o para o Enem<\/h3>\n<p>A ferramenta MEC Enem \u2013 o Simulad\u00e3o do Enem disponibiliza simulados de quest\u00f5es alternativas por campo do conhecimento,<a href=\"https:\/\/tvtnews.com.br\/redacao-do-enem-dicas-para-tirar-nota-1-000\/\" data-type=\"link\" data-id=\"https:\/\/tvtnews.com.br\/redacao-do-enem-dicas-para-tirar-nota-1-000\/\"> corre\u00e7\u00e3o automatizada de reda\u00e7\u00e3o do Enem<\/a>, materiais de refor\u00e7o (v\u00eddeos e apostilas) e assistente virtual. <\/p>\n<p>\u201cN\u00e3o espere para amanh\u00e3, comece a estudar hoje. Fa\u00e7a o simulad\u00e3o do MEC Enem e seja o melhor aluno dessa prova\u201d, disse o presidente Lula, em v\u00eddeo publicado nas redes sociais, ao lado do ministro da Educa\u00e7\u00e3o, Camilo Santana. <\/p>\n<p>\u201cO MEC Enem \u00e9 uma plataforma, com o que h\u00e1 de mais moderno, para o jovem ou qualquer brasileiro que queira se preparar para fazer a prova do Enem, porque a prova do Enem \u00e9 o acesso \u00e0s pol\u00edticas que o senhor criou: o Prouni, o Fies e o Sisu\u201d, explicou Santana.<\/p>\n<\/p>\n<h2><strong>Como acessar o app \u201cFa\u00e7a o simulad\u00e3o\u201d MEC Enem<\/strong><\/h2>\n<p>O MEC Enem est\u00e1 dispon\u00edvel nas principais lojas de aplicativos, como Apple Store e Google Play. Tamb\u00e9m pode ser acessado via navegador, por meio da URL: <a href=\"https:\/\/app.mecenem.mec.gov.br\/onBoarding\" target=\"_blank\" rel=\"noopener noreferrer nofollow\">app.mecenem.mec.gov.br<\/a>. <\/p>\n<p>A ferramenta pode ser baixada por todos os estudantes, jovens e adultos que queiram testar seus conhecimentos para potencializar seus resultados na prova do Enem, principalmente egressos do ensino m\u00e9dio, estudantes dos cursinhos populares e benefici\u00e1rios do <a href=\"https:\/\/tvtnews.com.br\/tag\/pe-de-meia\/\" data-type=\"post_tag\" data-id=\"4651\">P\u00e9-de-Meia<\/a>.<\/p>\n<p>Ap\u00f3s se cadastrar na ferramenta com o login gov.br, o estudante ter\u00e1 acesso \u00e0s seguintes funcionalidades:<\/p>\n<ul>\n<li>trilhas de estudo segmentadas por complexidade e campo do conhecimento;<\/li>\n<li>simulados completos com quest\u00f5es de provas;<\/li>\n<li>assistente virtual com intelig\u00eancia artificial para construir planos ou cronogramas de estudo personalizados, bem como tirar d\u00favidas do estudante, com base em conte\u00fados exclusivos das mat\u00e9rias que caem no Enem;<\/li>\n<li>transcri\u00e7\u00e3o e corre\u00e7\u00e3o automatizada de reda\u00e7\u00e3o, por meio de uma tecnologia que conta com a maior velocidade e acur\u00e1cia de corre\u00e7\u00e3o do mercado.<\/li>\n<\/ul>\n<figure><img decoding=\"async\" width=\"1024\" height=\"576\"src=\"https:\/\/redept.com.br\/blogosfera\/wp-content\/uploads\/2025\/10\/app-1-7.jpg\" alt=\"aulao-para-o-enem-em-sbc-lula-se-encontra-com-estudantes-de-cursinhos-populares-o-mec-enem-e-uma-plataforma-para-o-jovem-ou-qualquer-brasileiro-que-queira-se-preparar-para-fazer-a-prova-do-enem-explica-o-presidente-lula-foto-joedson-alves-agencia-brasil-tvt-news\" title=\"Como se preparar no \u00faltimo final de semana antes do ENEM 3\" srcset=\"https:\/\/redept.com.br\/blogosfera\/wp-content\/uploads\/2025\/10\/app-1-7.jpg 1024w, https:\/\/tvtnews.com.br\/wp-content\/uploads\/2025\/10\/app-1-300x169.jpg 300w, https:\/\/tvtnews.com.br\/wp-content\/uploads\/2025\/10\/app-1-768x432.jpg 768w\" sizes=\"(max-width: 1024px) 100vw, 1024px\"><figcaption>\u201cO app MEC Enem \u00e9 uma plataforma para o jovem ou qualquer brasileiro que queira se preparar para fazer a prova do Enem\u201d, explica o presidente Lula. Foto: Jo\u00e9dson Alves\/Ag\u00eancia Brasil<\/figcaption><\/figure>\n<\/p>\n<h2>Prepara\u00e7\u00e3o para o Enem: confira as fun\u00e7\u00f5es do aplicativo do MEC<\/h2>\n<h4><strong>Tempo para fazer a prova do Enem<\/strong><\/h4>\n<p>O aplicativo tem um cron\u00f4metro nas se\u00e7\u00f5es de question\u00e1rio e reda\u00e7\u00e3o, simulando a experi\u00eancia completa do exame. As conquistas e as pontua\u00e7\u00f5es de cada estudante ficam dispostas em um perfil privado, sendo poss\u00edvel para o usu\u00e1rio do aplicativo compartilhar sua evolu\u00e7\u00e3o nas redes sociais. Al\u00e9m disso, o aplicativo possibilita o envio de mensagens diretas aos usu\u00e1rios, tornando-se uma ferramenta estrat\u00e9gica de comunica\u00e7\u00e3o com os estudantes.<\/p>\n<\/p>\n<figure><img loading=\"lazy\" loading=\"lazy\" decoding=\"async\" width=\"1024\" height=\"576\"src=\"https:\/\/redept.com.br\/blogosfera\/wp-content\/uploads\/2025\/10\/Lula_encontro_cursinhos_populares-3-3.jpg\" alt=\"aulao-para-o-enem-com-o-lula-encontro-com-os-alunos-da-rede-de-cursinhos-populares-cpop-presidente-lula-se-encontra-com-estudantes-da-rede-de-cursinhos-populares-cpop-que-se-preparam-para-o-enem-no-ginasio-adib-moyses-dib-em-sao-bernardo-do-campo-no-abc-paulista-foto-ricardo-stuckert-pr-tvt-news-estudar\" title=\"Como se preparar no \u00faltimo final de semana antes do ENEM 4\" srcset=\"https:\/\/tvtnews.com.br\/wp-content\/uploads\/2025\/10\/Lula_encontro_cursinhos_populares-3-1024x576.jpg 1024w, https:\/\/tvtnews.com.br\/wp-content\/uploads\/2025\/10\/Lula_encontro_cursinhos_populares-3-300x169.jpg 300w, https:\/\/tvtnews.com.br\/wp-content\/uploads\/2025\/10\/Lula_encontro_cursinhos_populares-3-768x432.jpg 768w, https:\/\/redept.com.br\/blogosfera\/wp-content\/uploads\/2025\/10\/Lula_encontro_cursinhos_populares-3-3.jpg 1383w\" sizes=\"auto, (max-width: 1024px) 100vw, 1024px\"><figcaption>\u201cVamos formar estudantes na Am\u00e9rica Latina para que nenhum presidente estrangeiro venha falar grosso com a gente\u201d. Presidente Lula se encontra com estudantes da Rede de Cursinhos Populares (CPOP) que se preparam para o Enem no Gin\u00e1sio Adib Moys\u00e9s Dib, em S\u00e3o Bernardo do Campo, no ABC Paulista. Foto: Ricardo Stuckert\/PR<\/figcaption><\/figure>\n<blockquote>\n<h2>Dicas para a <strong>Reda\u00e7\u00e3o<\/strong> do Enem<\/h2>\n<p>Para testar os conhecimentos na reda\u00e7\u00e3o, basta acessar a se\u00e7\u00e3o Reda\u00e7\u00e3o do MEC Enem, e logo aparecer\u00e1 o tema do simulado baseado em provas antigas do exame. Em seguida, o usu\u00e1rio dever\u00e1 escrever a reda\u00e7\u00e3o a pr\u00f3prio punho, como na prova do exame, e tirar uma foto do texto.<\/p>\n<\/blockquote>\n<p>Em seguida, a plataforma transcreve automaticamente a reda\u00e7\u00e3o, permitindo ao usu\u00e1rio editar o que achar necess\u00e1rio e enviar a reda\u00e7\u00e3o para a plataforma. Na sequ\u00eancia, a intelig\u00eancia artificial do MEC Enem corrige a reda\u00e7\u00e3o e devolve um gabarito com sugest\u00f5es de melhoria e pontua\u00e7\u00e3o estimada em at\u00e9 60 segundos.<\/p>\n<\/p>\n<h3>Dica para o Enem: e<strong>ntenda o uso da crase e confira dicas para nunca mais errar<\/strong><\/h3>\n<p>Mesmo pessoas que\u00a0<a href=\"https:\/\/tvtnews.com.br\/tag\/lingua-portuguesa\/\">dominam bem o portugu\u00eas<\/a>\u00a0muitas vezes se sentem inseguras quando o assunto \u00e9 a crase. O acento grave indicativo da fus\u00e3o da preposi\u00e7\u00e3o \u201ca\u201d com o artigo definido \u201ca\u201d (ou \u201cas\u201d) costuma gerar confus\u00e3o, especialmente por ter muitas regras e exce\u00e7\u00f5es.<\/p>\n<p>Segundo o professor Lino Gonzaga de Oliveira, a dificuldade vem do fato de que a crase depende de uma dupla exig\u00eancia gramatical. \u201c\u00c9 preciso analisar se a palavra anterior exige preposi\u00e7\u00e3o e se a palavra seguinte aceita artigo. Nem sempre isso \u00e9 intuitivo para quem escreve ou fala\u201d, explica.<\/p>\n<h3><strong>Por que \u00e9 importante acertar o uso da crase?<\/strong>\u00a0<\/h3>\n<p>Dominar a crase n\u00e3o \u00e9 apenas uma quest\u00e3o de norma culta. O uso correto pode impactar diretamente o desempenho em\u00a0<a href=\"https:\/\/tvtnews.com.br\/tag\/vestibular\/\">reda\u00e7\u00f5es de vestibulares<\/a>,\u00a0<a href=\"https:\/\/tvtnews.com.br\/tag\/concursos\/\">concursos p\u00fablicos<\/a>\u00a0e processos seletivos. Al\u00e9m disso, transmite profissionalismo em e-mails e documentos no ambiente corporativo. \u201cEscrever corretamente \u00e9 um diferencial, e a crase costuma ser um dos primeiros erros notados por quem revisa ou avalia um texto\u201d, afirma Oliveira. Ele refor\u00e7a que, em contextos formais, errar a crase pode comprometer a credibilidade da mensagem.<br \/>\u00a0<\/p>\n<h3><strong>Quando usar crase?<\/strong>\u00a0<\/h3>\n<p>A crase deve ser usada quando houver a jun\u00e7\u00e3o da preposi\u00e7\u00e3o \u201ca\u201d com o artigo definido \u201ca\u201d ou com pronomes demonstrativos femininos que admitam essa fus\u00e3o. Veja alguns casos comuns:<\/p>\n<ul>\n<li>Antes de palavras femininas: \u201cFui\u00a0<strong>\u00e0<\/strong>\u00a0escola mais cedo.\u201d<\/li>\n<li>Com locu\u00e7\u00f5es prepositivas, conjuntivas e adverbiais femininas: \u201cChegou\u00a0<strong>\u00e0<\/strong>\u00a0meia-noite.\u201d \/ \u201cFez tudo\u00a0<strong>\u00e0<\/strong>\u00a0pressa.\u201d<\/li>\n<li>Diante de pronomes demonstrativos femininos: \u201cReferiu-se\u00a0<strong>\u00e0quela<\/strong>\u00a0situa\u00e7\u00e3o complicada.\u201d<\/li>\n<\/ul>\n<p>\u201cO truque \u00e9 perguntar: o verbo exige preposi\u00e7\u00e3o? E a palavra seguinte aceita o artigo \u2018a\u2019? Se sim, a crase \u00e9 necess\u00e1ria\u201d, orienta o professor.<br \/>\u00a0<\/p>\n<h3><strong>Quando n\u00e3o usar crase?<\/strong>\u00a0<\/h3>\n<p>H\u00e1 tamb\u00e9m regras para quando a crase \u00e9 proibida:<\/p>\n<ul>\n<li>Antes de palavras masculinas: \u201cFoi\u00a0<strong>a p\u00e9<\/strong>\u00a0at\u00e9 o centro.\u201d<\/li>\n<li>Antes de verbos: \u201cCome\u00e7ou\u00a0<strong>a<\/strong>\u00a0estudar mais tarde.\u201d<\/li>\n<li>Antes de pronomes pessoais, de tratamento ou indefinidos: \u201cEntreguei\u00a0<strong>a<\/strong>\u00a0ela o documento.\u201d \/ \u201cRespondeu\u00a0<strong>a<\/strong>\u00a0qualquer um.\u201d<\/li>\n<li>Diante de nomes de cidades que n\u00e3o usam artigo: \u201cViajou\u00a0<strong>a<\/strong>\u00a0Roma.\u201d<\/li>\n<\/ul>\n<h3><strong>Dica para nunca mais errar<\/strong>\u00a0o uso da crase\u00a0<\/h3>\n<p>O professor ensina um teste simples para verificar se a crase deve ser usada: tente substituir a palavra feminina por uma masculina equivalente. Se o \u201c\u00e0\u201d virar \u201cao\u201d, \u00e9 sinal de que h\u00e1 crase.<\/p>\n<p>Exemplo: \u201cFui\u00a0<strong>\u00e0<\/strong>\u00a0escola\u201d \u2192 \u201cFui\u00a0<strong>ao<\/strong>\u00a0col\u00e9gio.\u201d<br \/>\u00a0<\/p>\n<p>\u201cEsse tipo de compara\u00e7\u00e3o ajuda muito a internalizar a regra de forma pr\u00e1tica\u201d, conclui o professor.<\/p>\n<\/p>\n<h2>O que \u00e9 o Exame Nacional do Ensino M\u00e9dio (<strong>ENEM<\/strong>)<\/h2>\n<p>\u202fO Exame Nacional do Ensino M\u00e9dio avalia o desempenho escolar dos estudantes ao t\u00e9rmino da educa\u00e7\u00e3o b\u00e1sica. Ao longo de mais de duas d\u00e9cadas de exist\u00eancia, o ENEM se tornou a principal porta de entrada para a educa\u00e7\u00e3o superior no Brasil, por meio do <a href=\"https:\/\/tvtnews.com.br\/tag\/sisu\/\" data-type=\"post_tag\" data-id=\"4642\">Sistema de Sele\u00e7\u00e3o Unificada<\/a> (Sisu) e de iniciativas como o Programa Universidade para Todos (<a href=\"https:\/\/tvtnews.com.br\/tag\/prouni\/\" data-type=\"post_tag\" data-id=\"4243\">Prouni<\/a>).\u202f<\/p>\n<\/p>\n<figure><img loading=\"lazy\" loading=\"lazy\" decoding=\"async\" width=\"1024\" height=\"576\"src=\"https:\/\/redept.com.br\/blogosfera\/wp-content\/uploads\/2025\/10\/Enem-2025-inscricoes-para-a-prova-terminam-amanha-7.jpg\" alt=\"enem-2025-inscricoes-prova-terminam-amanha-taxa-inscricao-enem-custa-85-pode-ser-paga-11-junho-marcello-casal-jr-agencia-brasil\" title=\"Como se preparar no \u00faltimo final de semana antes do ENEM 5\" srcset=\"https:\/\/tvtnews.com.br\/wp-content\/uploads\/2025\/06\/Enem-2025-inscricoes-para-a-prova-terminam-amanha-1024x576.jpg 1024w, https:\/\/tvtnews.com.br\/wp-content\/uploads\/2025\/06\/Enem-2025-inscricoes-para-a-prova-terminam-amanha-300x169.jpg 300w, https:\/\/tvtnews.com.br\/wp-content\/uploads\/2025\/06\/Enem-2025-inscricoes-para-a-prova-terminam-amanha-768x432.jpg 768w, https:\/\/tvtnews.com.br\/wp-content\/uploads\/2025\/06\/Enem-2025-inscricoes-para-a-prova-terminam-amanha-1536x864.jpg 1536w, https:\/\/redept.com.br\/blogosfera\/wp-content\/uploads\/2025\/10\/Enem-2025-inscricoes-para-a-prova-terminam-amanha-7.jpg 1600w\" sizes=\"auto, (max-width: 1024px) 100vw, 1024px\"><figcaption>O Enem se tornou a principal porta de entrada para a educa\u00e7\u00e3o superior no Brasil. Foto: Marcello Casal Jr\/Ag\u00eancia Brasil <br \/><\/figcaption><\/figure>\n<h3><strong>Como eu entro na Universidade com o Enem<\/strong>?<\/h3>\n<p>Institui\u00e7\u00f5es de ensino p\u00fablicas e privadas utilizam o Enem para selecionar estudantes. Os resultados s\u00e3o utilizados como crit\u00e9rio \u00fanico ou complementar dos processos seletivos, al\u00e9m de servirem de par\u00e2metro para acesso a aux\u00edlios governamentais, como o proporcionado pelo Fundo de Financiamento Estudantil (Fies).\u202f<\/p>\n<h3><strong>O ENEM vale para fora do Brasil<\/strong>?<\/h3>\n<p>Os resultados individuais do Enem tamb\u00e9m podem ser aproveitados nos processos seletivos de institui\u00e7\u00f5es portuguesas que possuem conv\u00eanio com o Inep para aceitarem as notas do exame. Os acordos garantem acesso facilitado \u00e0s notas dos estudantes brasileiros interessados em cursar a educa\u00e7\u00e3o superior em Portugal.\u202f<\/p>\n<h3>Lula incentiva prepara\u00e7\u00e3o para o Enem com novo aplicativo: \u201cFa\u00e7a o simulad\u00e3o\u201d<\/h3>\n<\/p>\n<blockquote data-instgrm-captioned data-instgrm-permalink=\"https:\/\/www.instagram.com\/reel\/DPoe4Bijk-0\/?utm_source=ig_embed&amp;utm_campaign=loading\" data-instgrm-version=\"14\">\n<div> <a href=\"https:\/\/www.instagram.com\/reel\/DPoe4Bijk-0\/?utm_source=ig_embed&amp;utm_campaign=loading\" target=\"_blank\" rel=\"noopener noreferrer nofollow\"> <\/p>\n<div>\n<div><\/div>\n<div>\n<div><\/div>\n<div><\/div>\n<\/div>\n<\/div>\n<div><\/div>\n<div><svg width=\"50px\" height=\"50px\" viewbox=\"0 0 60 60\" version=\"1.1\" xmlns=\"https:\/\/www.w3.org\/2000\/svg\" xmlns:xlink=\"https:\/\/www.w3.org\/1999\/xlink\"><g stroke=\"none\" stroke-width=\"1\" fill=\"none\" fill-rule=\"evenodd\"><g transform=\"translate(-511.000000, -20.000000)\" fill=\"#000000\"><g><path d=\"M556.869,30.41 C554.814,30.41 553.148,32.076 553.148,34.131 C553.148,36.186 554.814,37.852 556.869,37.852 C558.924,37.852 560.59,36.186 560.59,34.131 C560.59,32.076 558.924,30.41 556.869,30.41 M541,60.657 C535.114,60.657 530.342,55.887 530.342,50 C530.342,44.114 535.114,39.342 541,39.342 C546.887,39.342 551.658,44.114 551.658,50 C551.658,55.887 546.887,60.657 541,60.657 M541,33.886 C532.1,33.886 524.886,41.1 524.886,50 C524.886,58.899 532.1,66.113 541,66.113 C549.9,66.113 557.115,58.899 557.115,50 C557.115,41.1 549.9,33.886 541,33.886 M565.378,62.101 C565.244,65.022 564.756,66.606 564.346,67.663 C563.803,69.06 563.154,70.057 562.106,71.106 C561.058,72.155 560.06,72.803 558.662,73.347 C557.607,73.757 556.021,74.244 553.102,74.378 C549.944,74.521 548.997,74.552 541,74.552 C533.003,74.552 532.056,74.521 528.898,74.378 C525.979,74.244 524.393,73.757 523.338,73.347 C521.94,72.803 520.942,72.155 519.894,71.106 C518.846,70.057 518.197,69.06 517.654,67.663 C517.244,66.606 516.755,65.022 516.623,62.101 C516.479,58.943 516.448,57.996 516.448,50 C516.448,42.003 516.479,41.056 516.623,37.899 C516.755,34.978 517.244,33.391 517.654,32.338 C518.197,30.938 518.846,29.942 519.894,28.894 C520.942,27.846 521.94,27.196 523.338,26.654 C524.393,26.244 525.979,25.756 528.898,25.623 C532.057,25.479 533.004,25.448 541,25.448 C548.997,25.448 549.943,25.479 553.102,25.623 C556.021,25.756 557.607,26.244 558.662,26.654 C560.06,27.196 561.058,27.846 562.106,28.894 C563.154,29.942 563.803,30.938 564.346,32.338 C564.756,33.391 565.244,34.978 565.378,37.899 C565.522,41.056 565.552,42.003 565.552,50 C565.552,57.996 565.522,58.943 565.378,62.101 M570.82,37.631 C570.674,34.438 570.167,32.258 569.425,30.349 C568.659,28.377 567.633,26.702 565.965,25.035 C564.297,23.368 562.623,22.342 560.652,21.575 C558.743,20.834 556.562,20.326 553.369,20.18 C550.169,20.033 549.148,20 541,20 C532.853,20 531.831,20.033 528.631,20.18 C525.438,20.326 523.257,20.834 521.349,21.575 C519.376,22.342 517.703,23.368 516.035,25.035 C514.368,26.702 513.342,28.377 512.574,30.349 C511.834,32.258 511.326,34.438 511.181,37.631 C511.035,40.831 511,41.851 511,50 C511,58.147 511.035,59.17 511.181,62.369 C511.326,65.562 511.834,67.743 512.574,69.651 C513.342,71.625 514.368,73.296 516.035,74.965 C517.703,76.634 519.376,77.658 521.349,78.425 C523.257,79.167 525.438,79.673 528.631,79.82 C531.831,79.965 532.853,80.001 541,80.001 C549.148,80.001 550.169,79.965 553.369,79.82 C556.562,79.673 558.743,79.167 560.652,78.425 C562.623,77.658 564.297,76.634 565.965,74.965 C567.633,73.296 568.659,71.625 569.425,69.651 C570.167,67.743 570.674,65.562 570.82,62.369 C570.966,59.17 571,58.147 571,50 C571,41.851 570.966,40.831 570.82,37.631\"><\/path><\/g><\/g><\/g><\/svg><\/div>\n<div>\n<div>Ver essa foto no Instagram<\/div>\n<\/div>\n<div><\/div>\n<div>\n<div>\n<div><\/div>\n<div><\/div>\n<div><\/div>\n<\/div>\n<div>\n<div><\/div>\n<div><\/div>\n<\/div>\n<div>\n<div><\/div>\n<div><\/div>\n<div><\/div>\n<\/div>\n<\/div>\n<div>\n<div><\/div>\n<div><\/div>\n<\/div>\n<p><\/a><\/p>\n<p><a href=\"https:\/\/www.instagram.com\/reel\/DPoe4Bijk-0\/?utm_source=ig_embed&amp;utm_campaign=loading\" target=\"_blank\" rel=\"noopener noreferrer nofollow\">Uma publica\u00e7\u00e3o compartilhada por Luiz Ina\u0301cio Lula da Silva (@lulaoficial)<\/a><\/p>\n<\/div>\n<\/blockquote>\n<p>The post <a rel=\"nofollow\" href=\"https:\/\/tvtnews.com.br\/como-se-preparar-no-ultimo-final-de-semana-antes-do-enem\/\">Como se preparar no \u00faltimo final de semana antes do ENEM<\/a> appeared first on <a rel=\"nofollow\" href=\"https:\/\/tvtnews.com.br\/\">TVT News<\/a>.<\/p>\n<!-- Begin Yuzo --><div class='yuzo_related_post style-1'  data-version='5.12.89'><!-- without result --><div class='yuzo_clearfixed yuzo__title yuzo__title'><h3>Related Post<\/h3><\/div>\n\t\t\t\t\t\t  <div class=\"relatedthumb \" style=\"width:125px;float:left;overflow:hidden;\">  \n\t\t\t\t\t\t\t  \n\t\t\t\t\t\t\t  <a  href=\"https:\/\/redept.com.br\/blogosfera\/eventual-2o-turno-para-2026-tem-lula-e-nomes-da-direita-em-empate-tecnico-aponta-quaest\/\"  >\n\t\t\t\t\t\t\t\t\t  <div class=\"yuzo-img-wrap \" style=\"width: 125px;height:90px;\">\n\t\t\t\t\t\t\t\t\t\t\n\t\t\t\t\t\t\t\t\t\t<div class=\"yuzo-img\" style=\"background:url('https:\/\/redept.org\/blogosfera\/wp-content\/plugins\/yuzo-related-post\/assets\/images\/default.png') 50% 50% no-repeat;width: 125px;height:90px;margin-bottom: 5px;background-size: cover; \"><\/div>\n\t\t\t\t\t\t\t\t\t  <\/div>\n\t\t\t\t\t\t\t\t\t  \n\t\t\t\t\t\t\t\t   <span class=\"yuzo__text--title\" style=\"font-size:13px;\">Eventual 2\u00ba turno para 2026 tem Lula e nomes da di...<\/span>\n\t\t\t\t\t\t\t  \n\t\t\t\t\t\t\t  \n\t\t\t\t\t\t\t  <\/a>\n\n\t\t\t\t\t\t  <\/div>\n\t\t\t\t\t\t  <div class=\"relatedthumb \" style=\"width:125px;float:left;overflow:hidden;\">  \n\t\t\t\t\t\t\t  \n\t\t\t\t\t\t\t  <a  href=\"https:\/\/redept.com.br\/blogosfera\/apos-fechamento-do-estreito-de-ormuz-opep-decide-aumentar-producao-de-petroleo\/\"  >\n\t\t\t\t\t\t\t\t\t  <div class=\"yuzo-img-wrap \" style=\"width: 125px;height:90px;\">\n\t\t\t\t\t\t\t\t\t\t\n\t\t\t\t\t\t\t\t\t\t<div class=\"yuzo-img\" style=\"background:url('https:\/\/redept.com.br\/blogosfera\/wp-content\/uploads\/2026\/03\/uss_tempest_pc_2_transits_the_strait_of_hormuz_50679762106-150x150.jpg') 50% 50% no-repeat;width: 125px;height:90px;margin-bottom: 5px;background-size: cover; \"><\/div>\n\t\t\t\t\t\t\t\t\t  <\/div>\n\t\t\t\t\t\t\t\t\t  \n\t\t\t\t\t\t\t\t   <span class=\"yuzo__text--title\" style=\"font-size:13px;\">Ap\u00f3s fechamento do Estreito de Ormuz, Opep+ decide...<\/span>\n\t\t\t\t\t\t\t  \n\t\t\t\t\t\t\t  \n\t\t\t\t\t\t\t  <\/a>\n\n\t\t\t\t\t\t  <\/div>\n\t\t\t\t\t\t  <div class=\"relatedthumb \" style=\"width:125px;float:left;overflow:hidden;\">  \n\t\t\t\t\t\t\t  \n\t\t\t\t\t\t\t  <a  href=\"https:\/\/redept.com.br\/blogosfera\/governo-lula-investe-r-445-milhoes-no-ita-ceara\/\"  >\n\t\t\t\t\t\t\t\t\t  <div class=\"yuzo-img-wrap \" style=\"width: 125px;height:90px;\">\n\t\t\t\t\t\t\t\t\t\t\n\t\t\t\t\t\t\t\t\t\t<div class=\"yuzo-img\" style=\"background:url('https:\/\/redept.com.br\/blogosfera\/wp-content\/uploads\/2026\/04\/55182023768_52d2eaa496_k-150x150.jpg') 50% 50% no-repeat;width: 125px;height:90px;margin-bottom: 5px;background-size: cover; \"><\/div>\n\t\t\t\t\t\t\t\t\t  <\/div>\n\t\t\t\t\t\t\t\t\t  \n\t\t\t\t\t\t\t\t   <span class=\"yuzo__text--title\" style=\"font-size:13px;\">Governo Lula investe R$ 445 milh\u00f5es no ITA Cear\u00e1<\/span>\n\t\t\t\t\t\t\t  \n\t\t\t\t\t\t\t  \n\t\t\t\t\t\t\t  <\/a>\n\n\t\t\t\t\t\t  <\/div>\n\t\t\t\t\t\t  <div class=\"relatedthumb \" style=\"width:125px;float:left;overflow:hidden;\">  \n\t\t\t\t\t\t\t  \n\t\t\t\t\t\t\t  <a  href=\"https:\/\/redept.com.br\/blogosfera\/bahia-e-vitoria-iniciam-disputa-por-vaga-na-final-do-baianao-com-transmissao-da-tvt\/\"  >\n\t\t\t\t\t\t\t\t\t  <div class=\"yuzo-img-wrap \" style=\"width: 125px;height:90px;\">\n\t\t\t\t\t\t\t\t\t\t\n\t\t\t\t\t\t\t\t\t\t<div class=\"yuzo-img\" style=\"background:url('https:\/\/redept.org\/blogosfera\/wp-content\/plugins\/yuzo-related-post\/assets\/images\/default.png') 50% 50% no-repeat;width: 125px;height:90px;margin-bottom: 5px;background-size: cover; \"><\/div>\n\t\t\t\t\t\t\t\t\t  <\/div>\n\t\t\t\t\t\t\t\t\t  \n\t\t\t\t\t\t\t\t   <span class=\"yuzo__text--title\" style=\"font-size:13px;\">Bahia e Vit\u00f3ria iniciam disputa por vaga na final ...<\/span>\n\t\t\t\t\t\t\t  \n\t\t\t\t\t\t\t  \n\t\t\t\t\t\t\t  <\/a>\n\n\t\t\t\t\t\t  <\/div>\n<\/div> <script>\n\t\t\t\t\t\t  jQuery(document).ready(function( $ ){\n\t\t\t\t\t\t\t\/\/jQuery('.yuzo_related_post').equalizer({ overflow : 'relatedthumb' });\n\t\t\t\t\t\t\tjQuery('.yuzo_related_post .yuzo_wraps').equalizer({ columns : '> div' });\n\t\t\t\t\t\t   })\n\t\t\t\t\t\t  <\/script> <!-- End Yuzo :) -->","protected":false},"excerpt":{"rendered":"<p>Faltam poucos dias para o ENEM 2025. Nesse \u00faltimo final de semana antes da prova do Enem, ficam algumas d\u00favidas: ainda d\u00e1 tempo de estudar para o ENEM ? como me preparar nesses \u00faltimos dias? quais conte\u00fados focar para ter bons resultados na prova? estudo ou descanso na v\u00e9spera do Enem? A TVT News te [&hellip;]<\/p>\n","protected":false},"author":2,"featured_media":0,"comment_status":"open","ping_status":"closed","sticky":false,"template":"","format":"standard","meta":{"fifu_image_url":"","fifu_image_alt":"","footnotes":""},"categories":[472,95,429,4282,3144,1416],"tags":[],"class_list":["post-61680","post","type-post","status-publish","format-standard","hentry","category-destaque-ahome","category-educacao","category-enem","category-inep","category-ministerio-da-educacao","category-vestibular"],"_links":{"self":[{"href":"https:\/\/redept.com.br\/blogosfera\/wp-json\/wp\/v2\/posts\/61680","targetHints":{"allow":["GET"]}}],"collection":[{"href":"https:\/\/redept.com.br\/blogosfera\/wp-json\/wp\/v2\/posts"}],"about":[{"href":"https:\/\/redept.com.br\/blogosfera\/wp-json\/wp\/v2\/types\/post"}],"author":[{"embeddable":true,"href":"https:\/\/redept.com.br\/blogosfera\/wp-json\/wp\/v2\/users\/2"}],"replies":[{"embeddable":true,"href":"https:\/\/redept.com.br\/blogosfera\/wp-json\/wp\/v2\/comments?post=61680"}],"version-history":[{"count":0,"href":"https:\/\/redept.com.br\/blogosfera\/wp-json\/wp\/v2\/posts\/61680\/revisions"}],"wp:attachment":[{"href":"https:\/\/redept.com.br\/blogosfera\/wp-json\/wp\/v2\/media?parent=61680"}],"wp:term":[{"taxonomy":"category","embeddable":true,"href":"https:\/\/redept.com.br\/blogosfera\/wp-json\/wp\/v2\/categories?post=61680"},{"taxonomy":"post_tag","embeddable":true,"href":"https:\/\/redept.com.br\/blogosfera\/wp-json\/wp\/v2\/tags?post=61680"}],"curies":[{"name":"wp","href":"https:\/\/api.w.org\/{rel}","templated":true}]}}