{"id":61760,"date":"2025-10-31T15:17:19","date_gmt":"2025-10-31T18:17:19","guid":{"rendered":"https:\/\/redept.com.br\/blogosfera\/video-declaracao-potente-e-historica-de-benedita-da-silva-do-pt\/"},"modified":"2025-10-31T15:17:19","modified_gmt":"2025-10-31T18:17:19","slug":"video-declaracao-potente-e-historica-de-benedita-da-silva-do-pt","status":"publish","type":"post","link":"https:\/\/redept.com.br\/blogosfera\/video-declaracao-potente-e-historica-de-benedita-da-silva-do-pt\/","title":{"rendered":"V\u00eddeo: Declara\u00e7\u00e3o potente e hist\u00f3rica de Benedita da Silva, do PT"},"content":{"rendered":"<p><strong>Benedita da Silva falou tudo<\/strong><br \/>\n\u201cFui governadora do Rio de Janeiro por nove meses. Prendi o Fernandinho Beira-Mar, peguei o caso Tim Lopes e capturei o Elias Maluco sem dar um tiro, na mesma comunidade do Alem\u00e3o.\u201d<\/p>\n<p>Benedita n\u00e3o s\u00f3 falou tudo, como reacende o debate, seguran\u00e7a p\u00fablica n\u00e3o \u00e9 sin\u00f4nimo de guerra, mas de estrat\u00e9gia e humanidade.<\/p>\n<p>Em meio ao terror da opera\u00e7\u00e3o recente (com 2.500 policiais e zero resultados concretos), Benedita resgata um modelo de seguran\u00e7a que salva vidas \u2013 de policiais, criminosos capturados vivos e, principalmente, de civis inocentes nas favelas.<\/p>\n<p>\u00c9 um tapa na cara dos hip\u00f3critas que pintam a esquerda como \u201cleniente\u201d com o crime.<\/p>\n<p>Benedita fez e prova. Outros s\u00f3 falam.<\/p>\n<p>Opera\u00e7\u00e3o Conten\u00e7\u00e3o do lacaio de Bolsonaro Claudio Castro, 2.500 PMs, 130 mortos, zero armas pesadas apreendidas. Zero pris\u00e3o do comando do CV como, por exemplo, o Doca.<\/p>\n<blockquote data-width=\"550\" data-dnt=\"true\">\n<p lang=\"pt\" dir=\"ltr\">O meu discurso \u00e9 de quem morou 57 anos na favela e conhece a dor e o desespero dos moradores quando ocorre uma opera\u00e7\u00e3o policial desastrosa e a maldade e a perversidade de quem n\u00e3o sabe governar. pic.twitter.com\/vygIKSW8wD<\/p>\n<p>\u2014 Benedita da Silva (@dasilvabenedita) October 29, 2025<\/p>\n<\/blockquote>\n<hr>\n<p><strong>Queridos leitores,<\/strong><br \/>\n<strong>Nosso blog \u00e9 um espa\u00e7o dedicado a compartilhar conhecimento, ideias e hist\u00f3rias que inspiram. Para continuarmos criando conte\u00fado de qualidade e mantendo este projeto vivo, contamos com o seu apoio! Se voc\u00ea gosta do que fazemos, considere contribuir com uma pequena doa\u00e7\u00e3o. Cada gesto faz a diferen\u00e7a e nos ajuda a crescer. Pix: 45013993768. Agradecemos de cora\u00e7\u00e3o o seu apoio.<\/strong><\/p>\n<hr>\n<p><strong>Siga-nos no Facebook:<\/strong> https:\/\/www.facebook.com\/profile.php?id=100070790366110<\/p>\n<p><strong>Siga-nos no X:<\/strong> https:\/\/x.com\/Antropofagista1<\/p>\n<p><strong>Siga-no no Instagram<\/strong> https:\/\/www.instagram.com\/blogantropofagista?igsh=YzljYTk1ODg3<\/p>\n<p>The post V\u00eddeo: Declara\u00e7\u00e3o potente e hist\u00f3rica de Benedita da Silva, do PT first appeared on Antropofagista.<\/p>\n<!-- Begin Yuzo --><div class='yuzo_related_post style-1'  data-version='5.12.89'><!-- without result --><div class='yuzo_clearfixed yuzo__title yuzo__title'><h3>Related Post<\/h3><\/div>\n\t\t\t\t\t\t  <div class=\"relatedthumb \" style=\"width:125px;float:left;overflow:hidden;\">  \n\t\t\t\t\t\t\t  \n\t\t\t\t\t\t\t  <a  href=\"https:\/\/redept.com.br\/blogosfera\/jorge-messias-detalha-acoes-da-agu-contra-fraudes-no-inss\/\"  >\n\t\t\t\t\t\t\t\t\t  <div class=\"yuzo-img-wrap \" style=\"width: 125px;height:90px;\">\n\t\t\t\t\t\t\t\t\t\t\n\t\t\t\t\t\t\t\t\t\t<div class=\"yuzo-img\" style=\"background:url('https:\/\/redept.org\/blogosfera\/wp-content\/plugins\/yuzo-related-post\/assets\/images\/default.png') 50% 50% no-repeat;width: 125px;height:90px;margin-bottom: 5px;background-size: cover; \"><\/div>\n\t\t\t\t\t\t\t\t\t  <\/div>\n\t\t\t\t\t\t\t\t\t  \n\t\t\t\t\t\t\t\t   <span class=\"yuzo__text--title\" style=\"font-size:13px;\">Jorge Messias detalha a\u00e7\u00f5es da AGU contra fraudes ...<\/span>\n\t\t\t\t\t\t\t  \n\t\t\t\t\t\t\t  \n\t\t\t\t\t\t\t  <\/a>\n\n\t\t\t\t\t\t  <\/div>\n\t\t\t\t\t\t  <div class=\"relatedthumb \" style=\"width:125px;float:left;overflow:hidden;\">  \n\t\t\t\t\t\t\t  \n\t\t\t\t\t\t\t  <a  href=\"https:\/\/redept.com.br\/blogosfera\/trump-retrata-michelle-e-barack-obama-como-macacos-novo-escandalo-abala-politica-dos-eua-video\/\"  >\n\t\t\t\t\t\t\t\t\t  <div class=\"yuzo-img-wrap \" style=\"width: 125px;height:90px;\">\n\t\t\t\t\t\t\t\t\t\t\n\t\t\t\t\t\t\t\t\t\t<div class=\"yuzo-img\" style=\"background:url('https:\/\/redept.org\/blogosfera\/wp-content\/plugins\/yuzo-related-post\/assets\/images\/default.png') 50% 50% no-repeat;width: 125px;height:90px;margin-bottom: 5px;background-size: cover; \"><\/div>\n\t\t\t\t\t\t\t\t\t  <\/div>\n\t\t\t\t\t\t\t\t\t  \n\t\t\t\t\t\t\t\t   <span class=\"yuzo__text--title\" style=\"font-size:13px;\">Trump retrata Michelle e Barack Obama como macacos...<\/span>\n\t\t\t\t\t\t\t  \n\t\t\t\t\t\t\t  \n\t\t\t\t\t\t\t  <\/a>\n\n\t\t\t\t\t\t  <\/div>\n\t\t\t\t\t\t  <div class=\"relatedthumb \" style=\"width:125px;float:left;overflow:hidden;\">  \n\t\t\t\t\t\t\t  \n\t\t\t\t\t\t\t  <a  href=\"https:\/\/redept.com.br\/blogosfera\/mianmar-passa-de-3-mil-o-numero-de-mortos-em-terremoto\/\"  >\n\t\t\t\t\t\t\t\t\t  <div class=\"yuzo-img-wrap \" style=\"width: 125px;height:90px;\">\n\t\t\t\t\t\t\t\t\t\t\n\t\t\t\t\t\t\t\t\t\t<div class=\"yuzo-img\" style=\"background:url('https:\/\/redept.com.br\/blogosfera\/wp-content\/uploads\/2025\/04\/gncreosa8aayebr-150x150.png') 50% 50% no-repeat;width: 125px;height:90px;margin-bottom: 5px;background-size: cover; \"><\/div>\n\t\t\t\t\t\t\t\t\t  <\/div>\n\t\t\t\t\t\t\t\t\t  \n\t\t\t\t\t\t\t\t   <span class=\"yuzo__text--title\" style=\"font-size:13px;\">Mianmar: passa de 3 mil o n\u00famero de mortos em terr...<\/span>\n\t\t\t\t\t\t\t  \n\t\t\t\t\t\t\t  \n\t\t\t\t\t\t\t  <\/a>\n\n\t\t\t\t\t\t  <\/div>\n\t\t\t\t\t\t  <div class=\"relatedthumb \" style=\"width:125px;float:left;overflow:hidden;\">  \n\t\t\t\t\t\t\t  \n\t\t\t\t\t\t\t  <a  href=\"https:\/\/redept.com.br\/blogosfera\/17-de-abril-dia-do-prisioneiro-palestino-comemoracoes-destacaram-abusos-e-precariedade-nas-prisoes-de-israel\/\"  >\n\t\t\t\t\t\t\t\t\t  <div class=\"yuzo-img-wrap \" style=\"width: 125px;height:90px;\">\n\t\t\t\t\t\t\t\t\t\t\n\t\t\t\t\t\t\t\t\t\t<div class=\"yuzo-img\" style=\"background:url('https:\/\/redept.org\/blogosfera\/wp-content\/plugins\/yuzo-related-post\/assets\/images\/default.png') 50% 50% no-repeat;width: 125px;height:90px;margin-bottom: 5px;background-size: cover; \"><\/div>\n\t\t\t\t\t\t\t\t\t  <\/div>\n\t\t\t\t\t\t\t\t\t  \n\t\t\t\t\t\t\t\t   <span class=\"yuzo__text--title\" style=\"font-size:13px;\">17 de abril \u2013 Dia do  Prisioneiro Palestino: Comem...<\/span>\n\t\t\t\t\t\t\t  \n\t\t\t\t\t\t\t  \n\t\t\t\t\t\t\t  <\/a>\n\n\t\t\t\t\t\t  <\/div>\n<\/div> <script>\n\t\t\t\t\t\t  jQuery(document).ready(function( $ ){\n\t\t\t\t\t\t\t\/\/jQuery('.yuzo_related_post').equalizer({ overflow : 'relatedthumb' });\n\t\t\t\t\t\t\tjQuery('.yuzo_related_post .yuzo_wraps').equalizer({ columns : '> div' });\n\t\t\t\t\t\t   })\n\t\t\t\t\t\t  <\/script> <!-- End Yuzo :) -->","protected":false},"excerpt":{"rendered":"<p>Benedita da Silva falou tudo \u201cFui governadora do Rio de Janeiro por nove meses. Prendi o Fernandinho Beira-Mar, peguei o caso Tim Lopes e capturei o Elias Maluco sem dar um tiro, na mesma comunidade do Alem\u00e3o.\u201d Benedita n\u00e3o s\u00f3 falou tudo, como reacende o debate, seguran\u00e7a p\u00fablica n\u00e3o \u00e9 sin\u00f4nimo de guerra, mas de [\u2026]<\/p>\n<p>The post <a href=\"https:\/\/antropofagista.com.br\/2025\/10\/31\/video-declaracao-potente-e-historica-de-benedita-sa-silva-do-pt\/\">V\u00eddeo: Declara\u00e7\u00e3o potente e hist\u00f3rica de Benedita da Silva, do PT<\/a> first appeared on <a href=\"https:\/\/antropofagista.com.br\/\">Antropofagista<\/a>.<\/p>\n","protected":false},"author":2,"featured_media":0,"comment_status":"open","ping_status":"closed","sticky":false,"template":"","format":"standard","meta":{"fifu_image_url":"","fifu_image_alt":"","footnotes":""},"categories":[20054,1390,3003,27833,132],"tags":[],"class_list":["post-61760","post","type-post","status-publish","format-standard","hentry","category-benedita-da-silva","category-bolsonaro","category-claudio-castro","category-declaracao-potente","category-politica"],"_links":{"self":[{"href":"https:\/\/redept.com.br\/blogosfera\/wp-json\/wp\/v2\/posts\/61760","targetHints":{"allow":["GET"]}}],"collection":[{"href":"https:\/\/redept.com.br\/blogosfera\/wp-json\/wp\/v2\/posts"}],"about":[{"href":"https:\/\/redept.com.br\/blogosfera\/wp-json\/wp\/v2\/types\/post"}],"author":[{"embeddable":true,"href":"https:\/\/redept.com.br\/blogosfera\/wp-json\/wp\/v2\/users\/2"}],"replies":[{"embeddable":true,"href":"https:\/\/redept.com.br\/blogosfera\/wp-json\/wp\/v2\/comments?post=61760"}],"version-history":[{"count":0,"href":"https:\/\/redept.com.br\/blogosfera\/wp-json\/wp\/v2\/posts\/61760\/revisions"}],"wp:attachment":[{"href":"https:\/\/redept.com.br\/blogosfera\/wp-json\/wp\/v2\/media?parent=61760"}],"wp:term":[{"taxonomy":"category","embeddable":true,"href":"https:\/\/redept.com.br\/blogosfera\/wp-json\/wp\/v2\/categories?post=61760"},{"taxonomy":"post_tag","embeddable":true,"href":"https:\/\/redept.com.br\/blogosfera\/wp-json\/wp\/v2\/tags?post=61760"}],"curies":[{"name":"wp","href":"https:\/\/api.w.org\/{rel}","templated":true}]}}