{"id":61847,"date":"2025-11-01T11:51:22","date_gmt":"2025-11-01T14:51:22","guid":{"rendered":"https:\/\/redept.com.br\/blogosfera\/ataques-de-israel-contra-agricultores-palestinos-se-intensificam-na-cisjordania-ocupada\/"},"modified":"2025-11-01T11:51:22","modified_gmt":"2025-11-01T14:51:22","slug":"ataques-de-israel-contra-agricultores-palestinos-se-intensificam-na-cisjordania-ocupada","status":"publish","type":"post","link":"https:\/\/redept.com.br\/blogosfera\/ataques-de-israel-contra-agricultores-palestinos-se-intensificam-na-cisjordania-ocupada\/","title":{"rendered":"Ataques de Israel contra agricultores palestinos se intensificam na Cisjord\u00e2nia\u00a0ocupada"},"content":{"rendered":"<p>A infraestrutura agr\u00edcola palestina, especialmente suas lend\u00e1rias oliveiras, tem sido alvo dos colonos israelenses na Cisjord\u00e2nia ocupada. O Escrit\u00f3rio para a Coordena\u00e7\u00e3o de Assuntos Humanit\u00e1rios (OCHA) relatou 126 ataques em 70 cidades e vilarejos, resultando na destrui\u00e7\u00e3o de mais de 4.000 oliveiras e mudas, apenas no m\u00eas de outubro, em meio \u00e0 curta temporada anual de colheita.<\/p>\n<p>Esse n\u00edvel de destrui\u00e7\u00e3o, informa a ag\u00eancia, representa o maior n\u00famero de ataques registrados desde 2020\u00a0e acontece em meio \u00e0s tentativas do premi\u00ea Benjamin Netanyahu de anexar o territ\u00f3rio.<\/p>\n<p>Neste s\u00e1bado (01\/11), em Sinjil, perto de Ramallah, colonos armados atacaram uma fam\u00edlia palestina que trabalhava em seu olival, expulsaram os agricultores e roubaram equipamentos. Em outro incidente, perto de Huwara, ao sul de Nablus, eles derrubaram sacos de azeitonas rec\u00e9m-colhidas no ch\u00e3o, destruindo a produ\u00e7\u00e3o, conforme relato da <em>Al Jazeera<\/em>.<\/p>\n<p>Em publica\u00e7\u00e3o na plataforma X, a ag\u00eancia da ONU para os refugiados palestinos (UNRWA) alertou que outubro de 2025 caminha para se tornar o m\u00eas mais violento na Cisjord\u00e2nia desde que o organismo come\u00e7ou a monitorar a viol\u00eancia de colonos israelenses, em 2013.<\/p>\n<p>\u201cA colheita anual de azeitonas \u00e9 o principal meio de subsist\u00eancia de dezenas de milhares de palestinos, com as oliveiras profundamente enraizadas na heran\u00e7a e identidade palestinas\u201d, afirmou Roland Friedrich, diretor de Assuntos da UNRWA para a Cisjord\u00e2nia ocupada.<\/p>\n<figure aria-describedby=\"caption-attachment-236378\"><img loading=\"lazy\" loading=\"lazy\" decoding=\"async\"src=\"https:\/\/redept.com.br\/blogosfera\/wp-content\/uploads\/2025\/11\/awafa.jpg\" alt=\"\" width=\"1024\" height=\"621\" srcset=\"https:\/\/redept.com.br\/blogosfera\/wp-content\/uploads\/2025\/11\/awafa.jpg 1024w, https:\/\/operamundi.uol.com.br\/wp-content\/uploads\/2025\/11\/awafa-300x182.jpg 300w, https:\/\/operamundi.uol.com.br\/wp-content\/uploads\/2025\/11\/awafa-768x466.jpg 768w, https:\/\/operamundi.uol.com.br\/wp-content\/uploads\/2025\/11\/awafa-150x91.jpg 150w, https:\/\/operamundi.uol.com.br\/wp-content\/uploads\/2025\/11\/awafa-750x455.jpg 750w\" sizes=\"auto, (max-width: 1024px) 100vw, 1024px\"><figcaption>Moradores inspecionam danos causados ap\u00f3s ataque de colonos israelenses <br \/>Ag\u00eancia WAFA<\/figcaption><\/figure>\n<p>\u201cOs ataques \u00e0 colheita de azeitonas amea\u00e7am o pr\u00f3prio modo de vida de muitos palestinos e aprofundam ainda mais o ambiente coercitivo na Cisjord\u00e2nia ocupada. As fam\u00edlias devem ter acesso irrestrito \u00e0s suas terras para colher suas azeitonas em condi\u00e7\u00f5es seguras\u201d, acrescentou o diretor da UNRWA.<\/p>\n<h3>Identidade cultural<\/h3>\n<p>Nas \u00faltimas semanas, inc\u00eandios criminosos foram documentados como parte de uma estrat\u00e9gia que, segundo observadores internacionais, busca deslocar comunidades palestinas e enfraquecer seus meios de subsist\u00eancia econ\u00f4mica. Um dos focos de tens\u00e3o mais graves foi na cidade de Turmus Ayya, onde ocorreram diversos incidentes violentos.<\/p>\n<p>Durante d\u00e9cadas, o ex\u00e9rcito israelense arrancou milhares de oliveiras em toda a Cisjord\u00e2nia, naquilo que as ag\u00eancias internacionais apontam como um ataque direto \u00e0 identidade, ao territ\u00f3rio e \u00e0 perman\u00eancia do povo palestino em sua terra.<\/p>\n<p>A produ\u00e7\u00e3o de azeite n\u00e3o \u00e9 apenas base econ\u00f4mica, ela integra a mem\u00f3ria, a hist\u00f3ria e a continuidade cultural palestina. Em muitas vilas, fam\u00edlias colhem as mesmas \u00e1rvores h\u00e1 gera\u00e7\u00f5es, marcando a \u00e9poca da colheita como um rito comunit\u00e1rio.<\/p>\n<p>A ONU afirma que a viol\u00eancia atual aprofunda o ambiente coercitivo na Cisjord\u00e2nia e est\u00e1 diretamente relacionada ao avan\u00e7o dos assentamentos e \u00e0 pol\u00edtica de ocupa\u00e7\u00e3o, j\u00e1 denunciada por diversos organismos internacionais e pa\u00edses como uma viola\u00e7\u00e3o ao direito internacional.<\/p>\n<p>O post Ataques de Israel contra agricultores palestinos se intensificam na Cisjord\u00e2nia\u00a0ocupada apareceu primeiro em Opera Mundi.<\/p>\n<!-- Begin Yuzo --><div class='yuzo_related_post style-1'  data-version='5.12.89'><!-- without result --><div class='yuzo_clearfixed yuzo__title yuzo__title'><h3>Related Post<\/h3><\/div>\n\t\t\t\t\t\t  <div class=\"relatedthumb \" style=\"width:125px;float:left;overflow:hidden;\">  \n\t\t\t\t\t\t\t  \n\t\t\t\t\t\t\t  <a  href=\"https:\/\/redept.com.br\/blogosfera\/juiz-paraibano-determina-busca-e-apreensao-contra-hytalo-santos-e-suspende-todos-os-perfis-do-influenciador-nas-redes-sociais\/\"  >\n\t\t\t\t\t\t\t\t\t  <div class=\"yuzo-img-wrap \" style=\"width: 125px;height:90px;\">\n\t\t\t\t\t\t\t\t\t\t\n\t\t\t\t\t\t\t\t\t\t<div class=\"yuzo-img\" style=\"background:url('https:\/\/redept.org\/blogosfera\/wp-content\/plugins\/yuzo-related-post\/assets\/images\/default.png') 50% 50% no-repeat;width: 125px;height:90px;margin-bottom: 5px;background-size: cover; \"><\/div>\n\t\t\t\t\t\t\t\t\t  <\/div>\n\t\t\t\t\t\t\t\t\t  \n\t\t\t\t\t\t\t\t   <span class=\"yuzo__text--title\" style=\"font-size:13px;\">Juiz paraibano determina busca e apreens\u00e3o contra ...<\/span>\n\t\t\t\t\t\t\t  \n\t\t\t\t\t\t\t  \n\t\t\t\t\t\t\t  <\/a>\n\n\t\t\t\t\t\t  <\/div>\n\t\t\t\t\t\t  <div class=\"relatedthumb \" style=\"width:125px;float:left;overflow:hidden;\">  \n\t\t\t\t\t\t\t  \n\t\t\t\t\t\t\t  <a  href=\"https:\/\/redept.com.br\/blogosfera\/senadores-vao-a-belem-acompanhar-preparativos-da-cop-30\/\"  >\n\t\t\t\t\t\t\t\t\t  <div class=\"yuzo-img-wrap \" style=\"width: 125px;height:90px;\">\n\t\t\t\t\t\t\t\t\t\t\n\t\t\t\t\t\t\t\t\t\t<div class=\"yuzo-img\" style=\"background:url('https:\/\/redept.org\/blogosfera\/wp-content\/plugins\/yuzo-related-post\/assets\/images\/default.png') 50% 50% no-repeat;width: 125px;height:90px;margin-bottom: 5px;background-size: cover; \"><\/div>\n\t\t\t\t\t\t\t\t\t  <\/div>\n\t\t\t\t\t\t\t\t\t  \n\t\t\t\t\t\t\t\t   <span class=\"yuzo__text--title\" style=\"font-size:13px;\">Senadores v\u00e3o a Bel\u00e9m acompanhar preparativos da C...<\/span>\n\t\t\t\t\t\t\t  \n\t\t\t\t\t\t\t  \n\t\t\t\t\t\t\t  <\/a>\n\n\t\t\t\t\t\t  <\/div>\n\t\t\t\t\t\t  <div class=\"relatedthumb \" style=\"width:125px;float:left;overflow:hidden;\">  \n\t\t\t\t\t\t\t  \n\t\t\t\t\t\t\t  <a  href=\"https:\/\/redept.com.br\/blogosfera\/semana-do-teatro-de-bonecos-do-rs-celebra-arte-e-memoria-com-programacao-gratuita\/\"  >\n\t\t\t\t\t\t\t\t\t  <div class=\"yuzo-img-wrap \" style=\"width: 125px;height:90px;\">\n\t\t\t\t\t\t\t\t\t\t\n\t\t\t\t\t\t\t\t\t\t<div class=\"yuzo-img\" style=\"background:url('https:\/\/redept.com.br\/blogosfera\/wp-content\/uploads\/2025\/04\/E-do-Fio-se-Fez-o-Universo-Katia-Moscone-Coletivo-Caixa-de-Pandora_credito-Cesar-Cliquet-150x150.webp') 50% 50% no-repeat;width: 125px;height:90px;margin-bottom: 5px;background-size: cover; \"><\/div>\n\t\t\t\t\t\t\t\t\t  <\/div>\n\t\t\t\t\t\t\t\t\t  \n\t\t\t\t\t\t\t\t   <span class=\"yuzo__text--title\" style=\"font-size:13px;\">Semana do Teatro de Bonecos do RS celebra arte e m...<\/span>\n\t\t\t\t\t\t\t  \n\t\t\t\t\t\t\t  \n\t\t\t\t\t\t\t  <\/a>\n\n\t\t\t\t\t\t  <\/div>\n\t\t\t\t\t\t  <div class=\"relatedthumb \" style=\"width:125px;float:left;overflow:hidden;\">  \n\t\t\t\t\t\t\t  \n\t\t\t\t\t\t\t  <a  href=\"https:\/\/redept.com.br\/blogosfera\/honduras-candidata-da-esquerda-defende-soberania-popular-diante-de-ameacas-golpistas\/\"  >\n\t\t\t\t\t\t\t\t\t  <div class=\"yuzo-img-wrap \" style=\"width: 125px;height:90px;\">\n\t\t\t\t\t\t\t\t\t\t\n\t\t\t\t\t\t\t\t\t\t<div class=\"yuzo-img\" style=\"background:url('https:\/\/redept.org\/blogosfera\/wp-content\/plugins\/yuzo-related-post\/assets\/images\/default.png') 50% 50% no-repeat;width: 125px;height:90px;margin-bottom: 5px;background-size: cover; \"><\/div>\n\t\t\t\t\t\t\t\t\t  <\/div>\n\t\t\t\t\t\t\t\t\t  \n\t\t\t\t\t\t\t\t   <span class=\"yuzo__text--title\" style=\"font-size:13px;\">Honduras: candidata da esquerda defende soberania ...<\/span>\n\t\t\t\t\t\t\t  \n\t\t\t\t\t\t\t  \n\t\t\t\t\t\t\t  <\/a>\n\n\t\t\t\t\t\t  <\/div>\n<\/div> <script>\n\t\t\t\t\t\t  jQuery(document).ready(function( $ ){\n\t\t\t\t\t\t\t\/\/jQuery('.yuzo_related_post').equalizer({ overflow : 'relatedthumb' });\n\t\t\t\t\t\t\tjQuery('.yuzo_related_post .yuzo_wraps').equalizer({ columns : '> div' });\n\t\t\t\t\t\t   })\n\t\t\t\t\t\t  <\/script> <!-- End Yuzo :) -->","protected":false},"excerpt":{"rendered":"<p>A infraestrutura agr\u00edcola palestina, especialmente suas lend\u00e1rias oliveiras, tem sido alvo dos colonos israelenses na Cisjord\u00e2nia ocupada. O Escrit\u00f3rio para a Coordena\u00e7\u00e3o de Assuntos Humanit\u00e1rios (OCHA) relatou 126 ataques em 70 cidades e vilarejos, resultando na destrui\u00e7\u00e3o de mais de 4.000 oliveiras e mudas, apenas no m\u00eas de outubro, em meio \u00e0 curta temporada anual [\u2026]<\/p>\n<p>O post <a href=\"https:\/\/operamundi.uol.com.br\/guerra-israel-x-palestina\/ataques-israel-agricultores-palestinos-cisjordania\/\">Ataques de Israel contra agricultores palestinos se intensificam na Cisjord\u00e2nia\u00a0ocupada<\/a> apareceu primeiro em <a href=\"https:\/\/operamundi.uol.com.br\/\">Opera Mundi<\/a>.<\/p>\n","protected":false},"author":2,"featured_media":61848,"comment_status":"closed","ping_status":"closed","sticky":false,"template":"","format":"standard","meta":{"fifu_image_url":"","fifu_image_alt":"","footnotes":""},"categories":[11808,52,3938,25,24110,267,2367],"tags":[],"class_list":["post-61847","post","type-post","status-publish","format-standard","has-post-thumbnail","hentry","category-cisjordania-ocupada","category-gaza","category-guerra-israel-x-palestina","category-israel","category-oliveiras","category-onu","category-palestinos"],"_links":{"self":[{"href":"https:\/\/redept.com.br\/blogosfera\/wp-json\/wp\/v2\/posts\/61847","targetHints":{"allow":["GET"]}}],"collection":[{"href":"https:\/\/redept.com.br\/blogosfera\/wp-json\/wp\/v2\/posts"}],"about":[{"href":"https:\/\/redept.com.br\/blogosfera\/wp-json\/wp\/v2\/types\/post"}],"author":[{"embeddable":true,"href":"https:\/\/redept.com.br\/blogosfera\/wp-json\/wp\/v2\/users\/2"}],"replies":[{"embeddable":true,"href":"https:\/\/redept.com.br\/blogosfera\/wp-json\/wp\/v2\/comments?post=61847"}],"version-history":[{"count":0,"href":"https:\/\/redept.com.br\/blogosfera\/wp-json\/wp\/v2\/posts\/61847\/revisions"}],"wp:featuredmedia":[{"embeddable":true,"href":"https:\/\/redept.com.br\/blogosfera\/wp-json\/wp\/v2\/media\/61848"}],"wp:attachment":[{"href":"https:\/\/redept.com.br\/blogosfera\/wp-json\/wp\/v2\/media?parent=61847"}],"wp:term":[{"taxonomy":"category","embeddable":true,"href":"https:\/\/redept.com.br\/blogosfera\/wp-json\/wp\/v2\/categories?post=61847"},{"taxonomy":"post_tag","embeddable":true,"href":"https:\/\/redept.com.br\/blogosfera\/wp-json\/wp\/v2\/tags?post=61847"}],"curies":[{"name":"wp","href":"https:\/\/api.w.org\/{rel}","templated":true}]}}