{"id":62104,"date":"2025-11-03T18:59:55","date_gmt":"2025-11-03T21:59:55","guid":{"rendered":"https:\/\/redept.com.br\/blogosfera\/relatorio-de-claudio-castro-aos-eua-fragiliza-soberania-nacional\/"},"modified":"2025-11-03T18:59:55","modified_gmt":"2025-11-03T21:59:55","slug":"relatorio-de-claudio-castro-aos-eua-fragiliza-soberania-nacional","status":"publish","type":"post","link":"https:\/\/redept.com.br\/blogosfera\/relatorio-de-claudio-castro-aos-eua-fragiliza-soberania-nacional\/","title":{"rendered":"Relat\u00f3rio de Cl\u00e1udio Castro aos EUA fragiliza soberania nacional"},"content":{"rendered":"<p><img fetchpriority=\"high\" width=\"1024\" height=\"666\"src=\"https:\/\/redept.com.br\/blogosfera\/wp-content\/uploads\/2025\/11\/Captura-de-Tela-2025-10-29-as-194051-2048x1332-1.png\" alt=\"\" decoding=\"async\" srcset=\"https:\/\/vermelho.org.br\/wp-content\/uploads\/2025\/10\/Captura-de-Tela-2025-10-29-as-19.40.51-1024x666.png 1024w, https:\/\/vermelho.org.br\/wp-content\/uploads\/2025\/10\/Captura-de-Tela-2025-10-29-as-19.40.51-300x195.png 300w, https:\/\/vermelho.org.br\/wp-content\/uploads\/2025\/10\/Captura-de-Tela-2025-10-29-as-19.40.51-768x499.png 768w, https:\/\/vermelho.org.br\/wp-content\/uploads\/2025\/10\/Captura-de-Tela-2025-10-29-as-19.40.51-1536x999.png 1536w, https:\/\/redept.com.br\/blogosfera\/wp-content\/uploads\/2025\/11\/Captura-de-Tela-2025-10-29-as-194051-2048x1332-1.png 2048w\" sizes=\"(max-width: 1024px) 100vw, 1024px\"><\/p>\n<p>O documento, produzido pela intelig\u00eancia da Secretaria Estadual de Seguran\u00e7a P\u00fablica do Rio de Janeiro, busca convencer Washington a classificar o Comando Vermelho (CV) como organiza\u00e7\u00e3o terrorista internacional. A iniciativa, liderada pelo governador fluminense, insere-se na ret\u00f3rica do chamado \u201cnarcoterrorismo\u201d, amplamente difundida durante a gest\u00e3o de Donald Trump.<\/p>\n<p>Intitulado <em>An\u00e1lise Estrat\u00e9gica: Inclus\u00e3o do Comando Vermelho nas listas de san\u00e7\u00f5es e designa\u00e7\u00f5es dos EUA<\/em>, o relat\u00f3rio revela uma tentativa de pressionar o Escrit\u00f3rio de Controle de Ativos Estrangeiros (OFAC) dos Estados Unidos para \u2013 a partir da classifica\u00e7\u00e3o de terroristas \u2013 impor san\u00e7\u00f5es econ\u00f4micas contra os chefes da fac\u00e7\u00e3o, facilitar extradi\u00e7\u00f5es e parcerias com \u00f3rg\u00e3os internacionais como DEA, FBI e Interpol.<\/p>\n<p>A ideia liderada por Castro ignora a legisla\u00e7\u00e3o brasileira, que distingue claramente entre organiza\u00e7\u00f5es terroristas \u2014 motivadas por ideologias pol\u00edticas, religiosas ou sociais \u2014 e organiza\u00e7\u00f5es criminosas, como  o CV e o PCC, que operam por interesses econ\u00f4micos. O ministro da Justi\u00e7a, Ricardo Lewandowski, reafirmou essa distin\u00e7\u00e3o, alertando para os riscos de subjetivismo e arbitrariedades.<\/p>\n<p>A proposta tamb\u00e9m exp\u00f5e o sistema financeiro nacional \u00e0 inger\u00eancia externa. Caso o Comando Vermelho seja classificado como terrorista pelos Estados Unidos, qualquer institui\u00e7\u00e3o financeira brasileira que tenha supostamente recebido recursos do tr\u00e1fico estaria sujeita a san\u00e7\u00f5es internacionais e restri\u00e7\u00f5es de mercado.<\/p>\n<p>A repercuss\u00e3o do relat\u00f3rio reacende o debate sobre a soberania nacional e os rumos da Seguran\u00e7a P\u00fablica no Brasil. Especialistas apontam que a manobra tem car\u00e1ter pol\u00edtico. O soci\u00f3logo Ignacio Cano, da UERJ, v\u00ea no gesto uma tentativa da extrema direita de justificar opera\u00e7\u00f5es que resultam em execu\u00e7\u00f5es sum\u00e1rias.<\/p>\n<p>\u201cO governo do estado n\u00e3o tem legitimidade para decidir essa quest\u00e3o diretamente com um pa\u00eds estrangeiro \u2014 isso \u00e9 uma atribui\u00e7\u00e3o do governo federal\u201d, afirmou Cano, acrescentando que \u201cmesmo em pa\u00edses que adotam leis antiterroristas, as normas desses pa\u00edses n\u00e3o autorizam execu\u00e7\u00f5es sum\u00e1rias. O prop\u00f3sito \u00e9 pol\u00edtico, buscando pressionar por medidas que n\u00e3o se sustentam juridicamente\u201d, analisa Cano.<\/p>\n<p><strong>A proposta serve para justificar a\u00e7\u00f5es estapaf\u00fardias<\/strong><\/p>\n<p>Leia a entrevista com Ignacio Cano, doutor em Sociologia e um dos principais especialistas no Brasil em viol\u00eancia, seguran\u00e7a p\u00fablica e direitos humanos. Cano que \u00e9 professor e coordenador do Laborat\u00f3rio de An\u00e1lise da Viol\u00eancia (LAV) da UERJ traz uma perspectiva cr\u00edtica e baseada em evid\u00eancias sobre o uso do termo \u201cnarcoterrorismo\u201d no pa\u00eds.<\/p>\n<p><strong>Vermelho:<\/strong> O senhor ficou surpreso com a entrega do relat\u00f3rio de Cl\u00e1udio Castro \u00e0 Embaixada Americana? <\/p>\n<p><strong>Ignacio Cano:<\/strong> Isso j\u00e1 faz um tempo. N\u00e3o fiquei surpreso. \u00c9 parte de uma opera\u00e7\u00e3o de extrema direita para justificar a\u00e7\u00f5es estapaf\u00fardias, especialmente execu\u00e7\u00f5es sum\u00e1rias, sob a l\u00f3gica do \u201cnarcoterrorismo\u201d. Mesmo em pa\u00edses com leis antiterroristas, n\u00e3o h\u00e1 licen\u00e7a legal para execu\u00e7\u00f5es sum\u00e1rias. O prop\u00f3sito \u00e9 pol\u00edtico, buscando um objetivo que n\u00e3o \u00e9 apenas o de constranger o governo federal, mas o de pressionar por opera\u00e7\u00f5es e medidas que, hoje, n\u00e3o se sustentam juridicamente.<\/p>\n<p><strong>Vermelho:<\/strong> Qual seria o impacto internacional? Isso provocaria interven\u00e7\u00e3o militar como na costa da Col\u00f4mbia e Venezuela? <\/p>\n<p><strong>Ignacio Cano:<\/strong> \u00c9 uma hip\u00f3tese distante e muito remota. Diferentemente de situa\u00e7\u00f5es como Venezuela e Col\u00f4mbia, o tr\u00e1fico do Rio n\u00e3o afeta diretamente os EUA, tornando qualquer justificativa para interven\u00e7\u00e3o absurda e sem respaldo legal.<\/p>\n<p><strong>Vermelho:<\/strong> Quais seriam, na sua avalia\u00e7\u00e3o, as alternativas mais eficazes para combater o crime organizado, especialmente o tr\u00e1fico de drogas e a ocupa\u00e7\u00e3o de territ\u00f3rios no Rio de Janeiro? <\/p>\n<p><strong>Ignacio Cano:<\/strong> Enfrentar o crime organizado vai muito al\u00e9m do tr\u00e1fico de drogas. As medidas mais eficazes seriam, primeiro, tratar as drogas como uma quest\u00e3o de sa\u00fade p\u00fablica e n\u00e3o de seguran\u00e7a p\u00fablica. No contexto atual, n\u00e3o h\u00e1 apoio pol\u00edtico suficiente para isso, mas seria um avan\u00e7o fundamental. Em segundo lugar, combater a corrup\u00e7\u00e3o. O crime organizado n\u00e3o se mant\u00e9m sem corrup\u00e7\u00e3o em todos os n\u00edveis da administra\u00e7\u00e3o p\u00fablica. Seria essencial abrir investiga\u00e7\u00f5es rigorosas envolvendo funcion\u00e1rios p\u00fablicos, policiais, pol\u00edticos e at\u00e9 mesmo alguns ju\u00edzes. Uma for\u00e7a-tarefa federal seria importante para investigar essas conex\u00f5es e desvios. Em terceiro lugar, o enfrentamento econ\u00f4mico \u00e9 crucial. Como ocorreu na opera\u00e7\u00e3o Carbono Oculto, em S\u00e3o Paulo, \u00e9 preciso atacar os mecanismos de lavagem de dinheiro dessas organiza\u00e7\u00f5es, o que envolve pessoas em v\u00e1rios n\u00edveis e setores.<\/p>\n<p>O post <a href=\"https:\/\/vermelho.org.br\/2025\/11\/03\/relatorio-de-claudio-castro-aos-eua-fragiliza-soberania-nacional\/\">Relat\u00f3rio de Cl\u00e1udio Castro aos EUA fragiliza soberania nacional<\/a> apareceu primeiro em <a href=\"https:\/\/vermelho.org.br\/\">Vermelho<\/a>.<\/p>\n<!-- Begin Yuzo --><div class='yuzo_related_post style-1'  data-version='5.12.89'><!-- without result --><div class='yuzo_clearfixed yuzo__title yuzo__title'><h3>Related Post<\/h3><\/div>\n\t\t\t\t\t\t  <div class=\"relatedthumb \" style=\"width:125px;float:left;overflow:hidden;\">  \n\t\t\t\t\t\t\t  \n\t\t\t\t\t\t\t  <a  href=\"https:\/\/redept.com.br\/blogosfera\/pdt-aciona-stf-para-anular-eleicao-de-douglas-ruas-na-presidencia-da-alerj\/\"  >\n\t\t\t\t\t\t\t\t\t  <div class=\"yuzo-img-wrap \" style=\"width: 125px;height:90px;\">\n\t\t\t\t\t\t\t\t\t\t\n\t\t\t\t\t\t\t\t\t\t<div class=\"yuzo-img\" style=\"background:url('https:\/\/redept.org\/blogosfera\/wp-content\/plugins\/yuzo-related-post\/assets\/images\/default.png') 50% 50% no-repeat;width: 125px;height:90px;margin-bottom: 5px;background-size: cover; \"><\/div>\n\t\t\t\t\t\t\t\t\t  <\/div>\n\t\t\t\t\t\t\t\t\t  \n\t\t\t\t\t\t\t\t   <span class=\"yuzo__text--title\" style=\"font-size:13px;\">PDT aciona STF para anular elei\u00e7\u00e3o de Douglas Ruas...<\/span>\n\t\t\t\t\t\t\t  \n\t\t\t\t\t\t\t  \n\t\t\t\t\t\t\t  <\/a>\n\n\t\t\t\t\t\t  <\/div>\n\t\t\t\t\t\t  <div class=\"relatedthumb \" style=\"width:125px;float:left;overflow:hidden;\">  \n\t\t\t\t\t\t\t  \n\t\t\t\t\t\t\t  <a  href=\"https:\/\/redept.com.br\/blogosfera\/o-legado-do-papa-francisco-e-seus-vinculos-com-os-movimentos-populares\/\"  >\n\t\t\t\t\t\t\t\t\t  <div class=\"yuzo-img-wrap \" style=\"width: 125px;height:90px;\">\n\t\t\t\t\t\t\t\t\t\t\n\t\t\t\t\t\t\t\t\t\t<div class=\"yuzo-img\" style=\"background:url('https:\/\/redept.org\/blogosfera\/wp-content\/plugins\/yuzo-related-post\/assets\/images\/default.png') 50% 50% no-repeat;width: 125px;height:90px;margin-bottom: 5px;background-size: cover; \"><\/div>\n\t\t\t\t\t\t\t\t\t  <\/div>\n\t\t\t\t\t\t\t\t\t  \n\t\t\t\t\t\t\t\t   <span class=\"yuzo__text--title\" style=\"font-size:13px;\">O legado do Papa Francisco e seus v\u00ednculos com os ...<\/span>\n\t\t\t\t\t\t\t  \n\t\t\t\t\t\t\t  \n\t\t\t\t\t\t\t  <\/a>\n\n\t\t\t\t\t\t  <\/div>\n\t\t\t\t\t\t  <div class=\"relatedthumb \" style=\"width:125px;float:left;overflow:hidden;\">  \n\t\t\t\t\t\t\t  \n\t\t\t\t\t\t\t  <a  href=\"https:\/\/redept.com.br\/blogosfera\/trump-recua-sobre-pedagio-de-20-em-ormuz-mas-cobra-negocios-e-investimentos\/\"  >\n\t\t\t\t\t\t\t\t\t  <div class=\"yuzo-img-wrap \" style=\"width: 125px;height:90px;\">\n\t\t\t\t\t\t\t\t\t\t\n\t\t\t\t\t\t\t\t\t\t<div class=\"yuzo-img\" style=\"background:url('https:\/\/redept.com.br\/blogosfera\/wp-content\/uploads\/2026\/07\/donald-150x150.jpg') 50% 50% no-repeat;width: 125px;height:90px;margin-bottom: 5px;background-size: cover; \"><\/div>\n\t\t\t\t\t\t\t\t\t  <\/div>\n\t\t\t\t\t\t\t\t\t  \n\t\t\t\t\t\t\t\t   <span class=\"yuzo__text--title\" style=\"font-size:13px;\">Trump recua sobre \u2018ped\u00e1gio\u2019 de 20% em Ormuz, mas c...<\/span>\n\t\t\t\t\t\t\t  \n\t\t\t\t\t\t\t  \n\t\t\t\t\t\t\t  <\/a>\n\n\t\t\t\t\t\t  <\/div>\n\t\t\t\t\t\t  <div class=\"relatedthumb \" style=\"width:125px;float:left;overflow:hidden;\">  \n\t\t\t\t\t\t\t  \n\t\t\t\t\t\t\t  <a  href=\"https:\/\/redept.com.br\/blogosfera\/cariocas-comemoram-condenacao-de-bolsonaro-com-carnaval-e-parodia-videos\/\"  >\n\t\t\t\t\t\t\t\t\t  <div class=\"yuzo-img-wrap \" style=\"width: 125px;height:90px;\">\n\t\t\t\t\t\t\t\t\t\t\n\t\t\t\t\t\t\t\t\t\t<div class=\"yuzo-img\" style=\"background:url('https:\/\/redept.org\/blogosfera\/wp-content\/plugins\/yuzo-related-post\/assets\/images\/default.png') 50% 50% no-repeat;width: 125px;height:90px;margin-bottom: 5px;background-size: cover; \"><\/div>\n\t\t\t\t\t\t\t\t\t  <\/div>\n\t\t\t\t\t\t\t\t\t  \n\t\t\t\t\t\t\t\t   <span class=\"yuzo__text--title\" style=\"font-size:13px;\">Cariocas comemoram condena\u00e7\u00e3o de Bolsonaro com Car...<\/span>\n\t\t\t\t\t\t\t  \n\t\t\t\t\t\t\t  \n\t\t\t\t\t\t\t  <\/a>\n\n\t\t\t\t\t\t  <\/div>\n<\/div> <script>\n\t\t\t\t\t\t  jQuery(document).ready(function( $ ){\n\t\t\t\t\t\t\t\/\/jQuery('.yuzo_related_post').equalizer({ overflow : 'relatedthumb' });\n\t\t\t\t\t\t\tjQuery('.yuzo_related_post .yuzo_wraps').equalizer({ columns : '> div' });\n\t\t\t\t\t\t   })\n\t\t\t\t\t\t  <\/script> <!-- End Yuzo :) -->","protected":false},"excerpt":{"rendered":"<p>O documento, produzido pela intelig\u00eancia da Secretaria Estadual de Seguran\u00e7a P\u00fablica do Rio de Janeiro, busca convencer Washington a classificar o Comando Vermelho (CV) como organiza\u00e7\u00e3o terrorista internacional. A iniciativa, liderada pelo governador fluminense, insere-se na ret\u00f3rica do chamado \u201cnarcoterrorismo\u201d, amplamente difundida durante a gest\u00e3o de Donald Trump. Intitulado An\u00e1lise Estrat\u00e9gica: Inclus\u00e3o do Comando Vermelho [&hellip;]<\/p>\n","protected":false},"author":2,"featured_media":0,"comment_status":"open","ping_status":"closed","sticky":false,"template":"","format":"standard","meta":{"fifu_image_url":"","fifu_image_alt":"","footnotes":""},"categories":[3003,27609,7903,28173,49,73],"tags":[],"class_list":["post-62104","post","type-post","status-publish","format-standard","hentry","category-claudio-castro","category-faccoes-criminosas","category-operacao-policial","category-relatorio-aos-eua","category-rio-de-janeiro","category-seguranca-publica"],"_links":{"self":[{"href":"https:\/\/redept.com.br\/blogosfera\/wp-json\/wp\/v2\/posts\/62104","targetHints":{"allow":["GET"]}}],"collection":[{"href":"https:\/\/redept.com.br\/blogosfera\/wp-json\/wp\/v2\/posts"}],"about":[{"href":"https:\/\/redept.com.br\/blogosfera\/wp-json\/wp\/v2\/types\/post"}],"author":[{"embeddable":true,"href":"https:\/\/redept.com.br\/blogosfera\/wp-json\/wp\/v2\/users\/2"}],"replies":[{"embeddable":true,"href":"https:\/\/redept.com.br\/blogosfera\/wp-json\/wp\/v2\/comments?post=62104"}],"version-history":[{"count":0,"href":"https:\/\/redept.com.br\/blogosfera\/wp-json\/wp\/v2\/posts\/62104\/revisions"}],"wp:attachment":[{"href":"https:\/\/redept.com.br\/blogosfera\/wp-json\/wp\/v2\/media?parent=62104"}],"wp:term":[{"taxonomy":"category","embeddable":true,"href":"https:\/\/redept.com.br\/blogosfera\/wp-json\/wp\/v2\/categories?post=62104"},{"taxonomy":"post_tag","embeddable":true,"href":"https:\/\/redept.com.br\/blogosfera\/wp-json\/wp\/v2\/tags?post=62104"}],"curies":[{"name":"wp","href":"https:\/\/api.w.org\/{rel}","templated":true}]}}