{"id":62107,"date":"2025-11-03T19:08:43","date_gmt":"2025-11-03T22:08:43","guid":{"rendered":"https:\/\/redept.com.br\/blogosfera\/galeano-a-guatemala-e-a-violencia-politica-no-continente\/"},"modified":"2025-11-03T19:08:43","modified_gmt":"2025-11-03T22:08:43","slug":"galeano-a-guatemala-e-a-violencia-politica-no-continente","status":"publish","type":"post","link":"https:\/\/redept.com.br\/blogosfera\/galeano-a-guatemala-e-a-violencia-politica-no-continente\/","title":{"rendered":"Galeano, a Guatemala e a viol\u00eancia pol\u00edtica no continente"},"content":{"rendered":"<p><img fetchpriority=\"high\" width=\"891\" height=\"600\"src=\"https:\/\/redept.com.br\/blogosfera\/wp-content\/uploads\/2025\/11\/0597b406-5a67-4eaa-9544-324b1074ad60.jpg\" alt=\"\" decoding=\"async\" srcset=\"https:\/\/redept.com.br\/blogosfera\/wp-content\/uploads\/2025\/11\/0597b406-5a67-4eaa-9544-324b1074ad60.jpg 891w, https:\/\/vermelho.org.br\/wp-content\/uploads\/2025\/11\/0597b406-5a67-4eaa-9544-324b1074ad60-300x202.jpg 300w, https:\/\/vermelho.org.br\/wp-content\/uploads\/2025\/11\/0597b406-5a67-4eaa-9544-324b1074ad60-768x517.jpg 768w, https:\/\/vermelho.org.br\/wp-content\/uploads\/2025\/11\/0597b406-5a67-4eaa-9544-324b1074ad60-272x182.jpg 272w\" sizes=\"(max-width: 891px) 100vw, 891px\"><\/p>\n<p>Eduardo Galeano lan\u00e7ou em 1967, quatro anos antes do seu cl\u00e1ssico \u201cAs veias abertas da Am\u00e9rica Latina\u201d, o livro \u201cGuatemala \u2013 Ensaio geral da viol\u00eancia pol\u00edtica na Am\u00e9rica\u201d, em que se debru\u00e7a sobre o significado da \u201cativa, massiva e maci\u00e7a presen\u00e7a militar estadunidense neste pa\u00eds\u201d para defender a todo custo os interesses da United Fruit Company (UFC) \u2013 a multinacional bananeira que escravizava os trabalhadores rurais.<\/p>\n<p>Na obra, o ent\u00e3o jovem escritor uruguaio descreve como \u201ceste pequeno pa\u00eds de \u00edndios analfabetos e mortos de fome se erguia sobre seus p\u00e9s\u201d e dos riscos que isso representava para o imperialismo, uma vez que \u201ca col\u00f4nia queria se tornar p\u00e1tria\u201d.<\/p>\n<p>\u201cAt\u00e9 1944, o pa\u00eds havia sido testemunha e v\u00edtima, por\u00e9m n\u00e3o protagonista de sua hist\u00f3ria. H\u00e1 longo tempo o destino da Guatemala vinha sendo jogado \u00e0 pr\u00f3pria sorte de moedas estrangeiras, em Wall Street ou em Washington ou nos quart\u00e9is generais do Pent\u00e1gono\u201d, sintetizou. \u201cFoi na Guatemala o primeiro laborat\u00f3rio latino-americano para a aplica\u00e7\u00e3o da guerra suja em grande escala\u201d, apontou.<\/p>\n<p>Desde a Revolu\u00e7\u00e3o de Outubro de 1944, que dep\u00f4s a ditadura de Jorge Ubico e levou ao poder \u2013 por ampla maioria nas urnas \u2013 dois presidentes populares: Juan Jos\u00e9 Ar\u00e9valo (1945-1951) e Jacobo \u00c1rbenz (1951-1954), foram se consolidando pol\u00edticas nacionalistas e desenvolvimentistas, que faziam emergir a participa\u00e7\u00e3o ind\u00edgena, maioria antes exclu\u00edda pelas elites servis ao estrangeiro.<\/p>\n<p>\u00c1rbenz aprofundou transforma\u00e7\u00f5es, principalmente com a Lei da Reforma Agr\u00e1ria, que possibilitou a expropria\u00e7\u00e3o das terras n\u00e3o cultivadas, afetando em cheio os interesses gananciosos da UFC, em um pa\u00eds onde 2% dos propriet\u00e1rios controlavam mais de 70% da \u00e1rea rural. \u00a0<\/p>\n<p><strong>\u201cUnited Fruit: um Estado dentro do Estado\u201d<\/strong><\/p>\n<p>\u201cA UFC, um Estado dentro do Estado, dono da terra, da ferrovia e do porto, exonerada de impostos e livre de controles, deixou de ser onipotente em suas vastas propriedades. As novas leis trabalhistas e de seguridade sociais tornaram poss\u00edvel o desenvolvimento do mercado interno, o aumento do poder aquisitivo e o n\u00edvel de vida dos trabalhadores. Diante da constru\u00e7\u00e3o de rodovias e a cria\u00e7\u00e3o do porto de S\u00e3o Jos\u00e9, no Pac\u00edfico, se rompeu o monop\u00f3lio que a United Fruit exercia sobre o transporte e o com\u00e9rcio. Foram realizados ambiciosos projetos de desenvolvimento econ\u00f4mico, como as obras de eletrifica\u00e7\u00e3o do pa\u00eds, impulsionados\u00a0<strong>com capital nacional<\/strong><em>\u201d<\/em>. Com esta diretriz, j\u00e1 nos primeiros meses de 1954, haviam sido beneficiadas mais de 100 mil fam\u00edlias \u2013 em um pa\u00eds de tr\u00eas milh\u00f5es de habitantes.<\/p>\n<p>Com riqueza de detalhes, Galeano exp\u00f5e \u201co papel protag\u00f4nico que os EUA desempenharam neste conflito\u201d, assim como a sua \u201coculta\u00e7\u00e3o ap\u00f3s o golpe contra \u00c1rbenz em 18 de junho de 1954\u201d.<\/p>\n<p>No Brasil, o presidente Get\u00falio Vargas se suicida em 24 de agosto do mesmo ano, gesto que leva o povo \u00e0s ruas e adia o golpe por uma d\u00e9cada.<\/p>\n<p>\u201cGuatemala \u00e9 v\u00edtima, como a Am\u00e9rica Latina, de uma conspira\u00e7\u00e3o de sil\u00eancio e de mentira\u201d, ecoa uma grava\u00e7\u00e3o de 1967, relatando como \u201cos donos dos meios de informa\u00e7\u00e3o, que fabricam a opini\u00e3o p\u00fablica, ocultam e deformam os fatos com arbitrariedade e efic\u00e1cia: as not\u00edcias encolhem at\u00e9 desaparecer ou incham at\u00e9 estourar, conforme convenha\u201d.<\/p>\n<p>A barb\u00e1rie ainda n\u00e3o havia chegado ao n\u00edvel da psicopatia da d\u00e9cada de 1970, quando os israelenses vieram para substituir os estadunidenses e foram al\u00e9m com seus manuais em hebraico. Na pr\u00e1tica, ensinavam a abrir o ventre de mulheres gr\u00e1vidas, assar e comer crian\u00e7as, estuprar em filas de at\u00e9 20 soldados, introduzindo s\u00edfilis e gonorreia, \u201cpalestinizando\u201d comunidades mantidas em campos de concentra\u00e7\u00e3o para tentar apagar de uma vez por todas a resist\u00eancia maia.<\/p>\n<p>Galeano desvenda o papel que desempenharam no golpe, John Foster Dulles, secret\u00e1rio do Departamento de Estado no per\u00edodo 1953-1959 durante a administra\u00e7\u00e3o Eisenhower, e seu irm\u00e3o, Allen Dulles, o tristemente c\u00e9lebre fundador e diretor da CIA durante mais de 20 anos.<\/p>\n<p>Para termos a dimens\u00e3o da barb\u00e1rie, oficialmente, entre 1960 e 1996, a ditadura guatemalteca assassinou 200 mil pessoas e desapareceu outras 45 mil, cinco mil delas crian\u00e7as, sempre com capital, treinamento e chancela dos governos estadunidense e israelense.<\/p>\n<p><strong>\u201cv\u00edtimas do terrorismo de Estado\u201d<\/strong><\/p>\n<p>\u201cEstat\u00edsticas: nos \u00faltimos quinze anos, um assassinato pol\u00edtico ocorreu na Guatemala a cada cinco horas. Na maioria dos casos, os mortos s\u00e3o mortos sem corpos, \u2018desaparecidos\u2019, camponeses pobres sem rosto ou nome, v\u00edtimas do terrorismo de Estado. Cabe\u00e7as em estacas frequentemente aparecem \u00e0 beira das estradas. O crime se torna ent\u00e3o um espet\u00e1culo p\u00fablico, como nos tempos da Inquisi\u00e7\u00e3o, para servir de alerta aos vivos. Os camponeses ent\u00e3o perderam suas terras e sua voz\u201d, descreveu.<\/p>\n<p>Servindo como \u201cpresidente\u201d, Castillo Armas \u201ccumpriu sua miss\u00e3o\u201d. \u201cDevolveu as terras ociosas expropriadas \u00e0 UFC e outros latifundi\u00e1rios e entregou o subsolo de 4.600.000 hectares, quase a metade do pa\u00eds, ao cartel internacional do petr\u00f3leo. O C\u00f3digo do Petr\u00f3leo foi redigido em ingl\u00eas e chegou em ingl\u00eas ao Congresso: foi traduzido para o espanhol a pedido de um deputado que ainda tinha um resto de vergonha\u201d.<\/p>\n<p>Com dor, Galeano recorda de Rogelia Cruz Mart\u00ednez, companheira sem a qual a obra n\u00e3o poderia ter sido escrita, pois foi quem permitiu a ele chegar at\u00e9 a resist\u00eancia. \u201cRogelia, sequestrada, estuprada, ultrajada e assassinada brutalmente por um esquadr\u00e3o da morte com a inten\u00e7\u00e3o de calar suas ideias e vingar sua milit\u00e2ncia revolucion\u00e1ria, gr\u00e1vida de tr\u00eas meses. Seu corpo apareceu debaixo de uma ponte de uma rodovia entre Siquinal\u00e1 a Santa Luc\u00eda Cotzumalguapa. Havia estudado arquitetura na Universidade de San Carlos. Em 1958 foi eleita Miss Guatemala e em 1959 representou o pa\u00eds na disputa para Miss Universo\u201d, denunciou.<\/p>\n<p>Pela contund\u00eancia do que viu e relatou, a partir deste livro n\u00e3o haver\u00e1 nenhum outro trabalho em que Galeano n\u00e3o fa\u00e7a refer\u00eancia \u00e0 Guatemala at\u00e9 sua obra p\u00f3stuma, \u201cO ca\u00e7ador de hist\u00f3rias\u201d.<\/p>\n<p>O post <a href=\"https:\/\/vermelho.org.br\/2025\/11\/03\/galeano-a-guatemala-e-a-violencia-politica-no-continente\/\">Galeano, a Guatemala e a viol\u00eancia pol\u00edtica no continente<\/a> apareceu primeiro em <a href=\"https:\/\/vermelho.org.br\/\">Vermelho<\/a>.<\/p>\n<!-- Begin Yuzo --><div class='yuzo_related_post style-1'  data-version='5.12.89'><!-- without result --><div class='yuzo_clearfixed yuzo__title yuzo__title'><h3>Related Post<\/h3><\/div>\n\t\t\t\t\t\t  <div class=\"relatedthumb \" style=\"width:125px;float:left;overflow:hidden;\">  \n\t\t\t\t\t\t\t  \n\t\t\t\t\t\t\t  <a  href=\"https:\/\/redept.com.br\/blogosfera\/esquerdista-luisa-gonzales-vai-ao-2o-turno-no-equador-contra-presidente-de-extrema-direita-daniel-noboa\/\"  >\n\t\t\t\t\t\t\t\t\t  <div class=\"yuzo-img-wrap \" style=\"width: 125px;height:90px;\">\n\t\t\t\t\t\t\t\t\t\t\n\t\t\t\t\t\t\t\t\t\t<div class=\"yuzo-img\" style=\"background:url('https:\/\/redept.org\/blogosfera\/wp-content\/plugins\/yuzo-related-post\/assets\/images\/default.png') 50% 50% no-repeat;width: 125px;height:90px;margin-bottom: 5px;background-size: cover; \"><\/div>\n\t\t\t\t\t\t\t\t\t  <\/div>\n\t\t\t\t\t\t\t\t\t  \n\t\t\t\t\t\t\t\t   <span class=\"yuzo__text--title\" style=\"font-size:13px;\">Esquerdista Luisa Gonz\u00e1les vai ao 2\u00ba turno no Equa...<\/span>\n\t\t\t\t\t\t\t  \n\t\t\t\t\t\t\t  \n\t\t\t\t\t\t\t  <\/a>\n\n\t\t\t\t\t\t  <\/div>\n\t\t\t\t\t\t  <div class=\"relatedthumb \" style=\"width:125px;float:left;overflow:hidden;\">  \n\t\t\t\t\t\t\t  \n\t\t\t\t\t\t\t  <a  href=\"https:\/\/redept.com.br\/blogosfera\/orcamento-2026-sociedade-pede-investimentos-tarcisio-quer-cortes-e-renuncias\/\"  >\n\t\t\t\t\t\t\t\t\t  <div class=\"yuzo-img-wrap \" style=\"width: 125px;height:90px;\">\n\t\t\t\t\t\t\t\t\t\t\n\t\t\t\t\t\t\t\t\t\t<div class=\"yuzo-img\" style=\"background:url('https:\/\/redept.com.br\/blogosfera\/wp-content\/uploads\/2025\/10\/orcamento2-150x150.jpg') 50% 50% no-repeat;width: 125px;height:90px;margin-bottom: 5px;background-size: cover; \"><\/div>\n\t\t\t\t\t\t\t\t\t  <\/div>\n\t\t\t\t\t\t\t\t\t  \n\t\t\t\t\t\t\t\t   <span class=\"yuzo__text--title\" style=\"font-size:13px;\">Or\u00e7amento 2026: sociedade pede investimentos; Tarc...<\/span>\n\t\t\t\t\t\t\t  \n\t\t\t\t\t\t\t  \n\t\t\t\t\t\t\t  <\/a>\n\n\t\t\t\t\t\t  <\/div>\n\t\t\t\t\t\t  <div class=\"relatedthumb \" style=\"width:125px;float:left;overflow:hidden;\">  \n\t\t\t\t\t\t\t  \n\t\t\t\t\t\t\t  <a  href=\"https:\/\/redept.com.br\/blogosfera\/noticias-do-dia-com-o-jornal-tvt-news-segunda-edicao-21-08-2025\/\"  >\n\t\t\t\t\t\t\t\t\t  <div class=\"yuzo-img-wrap \" style=\"width: 125px;height:90px;\">\n\t\t\t\t\t\t\t\t\t\t\n\t\t\t\t\t\t\t\t\t\t<div class=\"yuzo-img\" style=\"background:url('https:\/\/redept.com.br\/blogosfera\/wp-content\/uploads\/2025\/08\/jornal_tvt_news-26-150x150.jpeg') 50% 50% no-repeat;width: 125px;height:90px;margin-bottom: 5px;background-size: cover; \"><\/div>\n\t\t\t\t\t\t\t\t\t  <\/div>\n\t\t\t\t\t\t\t\t\t  \n\t\t\t\t\t\t\t\t   <span class=\"yuzo__text--title\" style=\"font-size:13px;\">Not\u00edcias do dia com o Jornal TVT News Segunda Edi\u00e7...<\/span>\n\t\t\t\t\t\t\t  \n\t\t\t\t\t\t\t  \n\t\t\t\t\t\t\t  <\/a>\n\n\t\t\t\t\t\t  <\/div>\n\t\t\t\t\t\t  <div class=\"relatedthumb \" style=\"width:125px;float:left;overflow:hidden;\">  \n\t\t\t\t\t\t\t  \n\t\t\t\t\t\t\t  <a  href=\"https:\/\/redept.com.br\/blogosfera\/renda-media-e-numero-de-trabalhadores-registrados-batem-recorde\/\"  >\n\t\t\t\t\t\t\t\t\t  <div class=\"yuzo-img-wrap \" style=\"width: 125px;height:90px;\">\n\t\t\t\t\t\t\t\t\t\t\n\t\t\t\t\t\t\t\t\t\t<div class=\"yuzo-img\" style=\"background:url('https:\/\/redept.org\/blogosfera\/wp-content\/plugins\/yuzo-related-post\/assets\/images\/default.png') 50% 50% no-repeat;width: 125px;height:90px;margin-bottom: 5px;background-size: cover; \"><\/div>\n\t\t\t\t\t\t\t\t\t  <\/div>\n\t\t\t\t\t\t\t\t\t  \n\t\t\t\t\t\t\t\t   <span class=\"yuzo__text--title\" style=\"font-size:13px;\">Renda m\u00e9dia e n\u00famero de trabalhadores registrados ...<\/span>\n\t\t\t\t\t\t\t  \n\t\t\t\t\t\t\t  \n\t\t\t\t\t\t\t  <\/a>\n\n\t\t\t\t\t\t  <\/div>\n<\/div> <script>\n\t\t\t\t\t\t  jQuery(document).ready(function( $ ){\n\t\t\t\t\t\t\t\/\/jQuery('.yuzo_related_post').equalizer({ overflow : 'relatedthumb' });\n\t\t\t\t\t\t\tjQuery('.yuzo_related_post .yuzo_wraps').equalizer({ columns : '> div' });\n\t\t\t\t\t\t   })\n\t\t\t\t\t\t  <\/script> <!-- End Yuzo :) -->","protected":false},"excerpt":{"rendered":"<p>Eduardo Galeano lan\u00e7ou em 1967, quatro anos antes do seu cl\u00e1ssico \u201cAs veias abertas da Am\u00e9rica Latina\u201d, o livro \u201cGuatemala \u2013 Ensaio geral da viol\u00eancia pol\u00edtica na Am\u00e9rica\u201d, em que se debru\u00e7a sobre o significado da \u201cativa, massiva e maci\u00e7a presen\u00e7a militar estadunidense neste pa\u00eds\u201d para defender a todo custo os interesses da United Fruit [&hellip;]<\/p>\n","protected":false},"author":2,"featured_media":0,"comment_status":"open","ping_status":"closed","sticky":false,"template":"","format":"standard","meta":{"fifu_image_url":"","fifu_image_alt":"","footnotes":""},"categories":[5502,394,326,1115,50,28180,28181],"tags":[],"class_list":["post-62107","post","type-post","status-publish","format-standard","hentry","category-eduardo-galeano","category-estados-unidos","category-guatemala","category-imperialismo","category-internacional","category-jacobo-arbenz","category-juan-jose-arevalo"],"_links":{"self":[{"href":"https:\/\/redept.com.br\/blogosfera\/wp-json\/wp\/v2\/posts\/62107","targetHints":{"allow":["GET"]}}],"collection":[{"href":"https:\/\/redept.com.br\/blogosfera\/wp-json\/wp\/v2\/posts"}],"about":[{"href":"https:\/\/redept.com.br\/blogosfera\/wp-json\/wp\/v2\/types\/post"}],"author":[{"embeddable":true,"href":"https:\/\/redept.com.br\/blogosfera\/wp-json\/wp\/v2\/users\/2"}],"replies":[{"embeddable":true,"href":"https:\/\/redept.com.br\/blogosfera\/wp-json\/wp\/v2\/comments?post=62107"}],"version-history":[{"count":0,"href":"https:\/\/redept.com.br\/blogosfera\/wp-json\/wp\/v2\/posts\/62107\/revisions"}],"wp:attachment":[{"href":"https:\/\/redept.com.br\/blogosfera\/wp-json\/wp\/v2\/media?parent=62107"}],"wp:term":[{"taxonomy":"category","embeddable":true,"href":"https:\/\/redept.com.br\/blogosfera\/wp-json\/wp\/v2\/categories?post=62107"},{"taxonomy":"post_tag","embeddable":true,"href":"https:\/\/redept.com.br\/blogosfera\/wp-json\/wp\/v2\/tags?post=62107"}],"curies":[{"name":"wp","href":"https:\/\/api.w.org\/{rel}","templated":true}]}}