{"id":62154,"date":"2025-11-03T22:32:15","date_gmt":"2025-11-04T01:32:15","guid":{"rendered":"https:\/\/redept.com.br\/blogosfera\/para-o-cla-bolsonaro-claudio-castro-e-apenas-mais-um-rato-querendo-criar-asas-de-ganso\/"},"modified":"2025-11-03T22:32:15","modified_gmt":"2025-11-04T01:32:15","slug":"para-o-cla-bolsonaro-claudio-castro-e-apenas-mais-um-rato-querendo-criar-asas-de-ganso","status":"publish","type":"post","link":"https:\/\/redept.com.br\/blogosfera\/para-o-cla-bolsonaro-claudio-castro-e-apenas-mais-um-rato-querendo-criar-asas-de-ganso\/","title":{"rendered":"Para o cl\u00e3 Bolsonaro, Claudio Castro \u00e9 apenas mais um rato querendo criar asas de ganso"},"content":{"rendered":"<p>Alian\u00e7a da direita n\u00e3o cola nem com cuspe.<\/p>\n<p>Foi esse o recado que Carluxo mandou para o desprez\u00edvel Claudio Castro que sempre reclamou de Bolsonaro por trat\u00e1-lo como um ningu\u00e9m na pol\u00edtica carioca e brasileira.<\/p>\n<p>Caiado, Ratinho Jr, Zema e Tarc\u00edsio foram tratados pelo cl\u00e3 como ratos de farelo de porco.<\/p>\n<p>Ibaneis e outras porcarias nem aparecem nessa foto dos desprez\u00edveis.<br \/>\nCastro ent\u00e3o nem se fala.<\/p>\n<p>N\u00e3o tem 2\u00aa op\u00e7\u00e3o para o cl\u00e3 que n\u00e3o tenha DNA de Bolsonaro.<br \/>\n\u00c9 o cl\u00e3 Bolsonaro por ele e para ele.<\/p>\n<p>Por isso Carlux\u00e3o das massas vive berrando que o cl\u00e3 est\u00e1 cheio de hienas por perto. Chegou a hora da faxina!<\/p>\n<p>Moraes quer Bolsonaro na Papuda.<\/p>\n<p>Ou seja, Bolsonaro sempre disse na pandemia de Covid que todo mundo vai morrer um dia e sua morte pol\u00edtica j\u00e1 foi decretada.<\/p>\n<p>Nesse caso ele vai apontar o dedo para um de seus quatro filhos vagabundos como ele que nunca trabalharam na vida pra representar sua falange criminosa.<\/p>\n<p>Ou seja, nem cl\u00e3 Bolsonaro e nem o consorcio Paragua\u00e7u formado pelos governadores tra\u00edras que j\u00e1 se re\u00fanem sem a participa\u00e7\u00e3o de filhos de Bolsonaro.<\/p>\n<p>Essa \u00e9 a direita que est\u00e1 cantando vit\u00f3ria eleitoral com a chacina do Rio?<\/p>\n<hr>\n<p><strong>Queridos leitores,<\/strong><br \/>\n<strong>Nosso blog \u00e9 um espa\u00e7o dedicado a compartilhar conhecimento, ideias e hist\u00f3rias que inspiram. Para continuarmos criando conte\u00fado de qualidade e mantendo este projeto vivo, contamos com o seu apoio! Se voc\u00ea gosta do que fazemos, considere contribuir com uma pequena doa\u00e7\u00e3o. Cada gesto faz a diferen\u00e7a e nos ajuda a crescer. Pix: 45013993768. Agradecemos de cora\u00e7\u00e3o o seu apoio.<\/strong><\/p>\n<hr>\n<p><strong>Siga-nos no Facebook:<\/strong> https:\/\/www.facebook.com\/profile.php?id=100070790366110<\/p>\n<p><strong>Siga-nos no X:<\/strong> https:\/\/x.com\/Antropofagista1<\/p>\n<p><strong>Siga-no no Instagram<\/strong> https:\/\/www.instagram.com\/blogantropofagista?igsh=YzljYTk1ODg3<\/p>\n<p>The post Para o cl\u00e3 Bolsonaro, Claudio Castro \u00e9 apenas mais um rato querendo criar asas de ganso first appeared on Antropofagista.<\/p>\n<!-- Begin Yuzo --><div class='yuzo_related_post style-1'  data-version='5.12.89'><!-- without result --><div class='yuzo_clearfixed yuzo__title yuzo__title'><h3>Related Post<\/h3><\/div>\n\t\t\t\t\t\t  <div class=\"relatedthumb \" style=\"width:125px;float:left;overflow:hidden;\">  \n\t\t\t\t\t\t\t  \n\t\t\t\t\t\t\t  <a  href=\"https:\/\/redept.com.br\/blogosfera\/petistas-defendem-a-producao-de-alimentos-agroecologicos-para-combater-a-fome-e-promover-saude\/\"  >\n\t\t\t\t\t\t\t\t\t  <div class=\"yuzo-img-wrap \" style=\"width: 125px;height:90px;\">\n\t\t\t\t\t\t\t\t\t\t\n\t\t\t\t\t\t\t\t\t\t<div class=\"yuzo-img\" style=\"background:url('https:\/\/redept.org\/blogosfera\/wp-content\/plugins\/yuzo-related-post\/assets\/images\/default.png') 50% 50% no-repeat;width: 125px;height:90px;margin-bottom: 5px;background-size: cover; \"><\/div>\n\t\t\t\t\t\t\t\t\t  <\/div>\n\t\t\t\t\t\t\t\t\t  \n\t\t\t\t\t\t\t\t   <span class=\"yuzo__text--title\" style=\"font-size:13px;\">Petistas defendem a produ\u00e7\u00e3o de alimentos agroecol...<\/span>\n\t\t\t\t\t\t\t  \n\t\t\t\t\t\t\t  \n\t\t\t\t\t\t\t  <\/a>\n\n\t\t\t\t\t\t  <\/div>\n\t\t\t\t\t\t  <div class=\"relatedthumb \" style=\"width:125px;float:left;overflow:hidden;\">  \n\t\t\t\t\t\t\t  \n\t\t\t\t\t\t\t  <a  href=\"https:\/\/redept.com.br\/blogosfera\/observatorio-apresenta-em-mapa-interativo-impactos-de-empreendimentos-energeticos-sobre-comunidades-indigenas-e-quilombolas\/\"  >\n\t\t\t\t\t\t\t\t\t  <div class=\"yuzo-img-wrap \" style=\"width: 125px;height:90px;\">\n\t\t\t\t\t\t\t\t\t\t\n\t\t\t\t\t\t\t\t\t\t<div class=\"yuzo-img\" style=\"background:url('https:\/\/redept.org\/blogosfera\/wp-content\/plugins\/yuzo-related-post\/assets\/images\/default.png') 50% 50% no-repeat;width: 125px;height:90px;margin-bottom: 5px;background-size: cover; \"><\/div>\n\t\t\t\t\t\t\t\t\t  <\/div>\n\t\t\t\t\t\t\t\t\t  \n\t\t\t\t\t\t\t\t   <span class=\"yuzo__text--title\" style=\"font-size:13px;\">Observat\u00f3rio apresenta em mapa interativo impactos...<\/span>\n\t\t\t\t\t\t\t  \n\t\t\t\t\t\t\t  \n\t\t\t\t\t\t\t  <\/a>\n\n\t\t\t\t\t\t  <\/div>\n\t\t\t\t\t\t  <div class=\"relatedthumb \" style=\"width:125px;float:left;overflow:hidden;\">  \n\t\t\t\t\t\t\t  \n\t\t\t\t\t\t\t  <a  href=\"https:\/\/redept.com.br\/blogosfera\/pib-avanca-outra-vez-com-lula-ao-registrar-crescimento-de-34-em-2024\/\"  >\n\t\t\t\t\t\t\t\t\t  <div class=\"yuzo-img-wrap \" style=\"width: 125px;height:90px;\">\n\t\t\t\t\t\t\t\t\t\t\n\t\t\t\t\t\t\t\t\t\t<div class=\"yuzo-img\" style=\"background:url('https:\/\/redept.com.br\/blogosfera\/wp-content\/uploads\/2025\/03\/brasil-pib-150x150.jpg') 50% 50% no-repeat;width: 125px;height:90px;margin-bottom: 5px;background-size: cover; \"><\/div>\n\t\t\t\t\t\t\t\t\t  <\/div>\n\t\t\t\t\t\t\t\t\t  \n\t\t\t\t\t\t\t\t   <span class=\"yuzo__text--title\" style=\"font-size:13px;\">PIB avan\u00e7a outra vez com Lula ao registrar crescim...<\/span>\n\t\t\t\t\t\t\t  \n\t\t\t\t\t\t\t  \n\t\t\t\t\t\t\t  <\/a>\n\n\t\t\t\t\t\t  <\/div>\n\t\t\t\t\t\t  <div class=\"relatedthumb \" style=\"width:125px;float:left;overflow:hidden;\">  \n\t\t\t\t\t\t\t  \n\t\t\t\t\t\t\t  <a  href=\"https:\/\/redept.com.br\/blogosfera\/povo-guarani-em-sp-resgata-abelhas-nativas-para-manter-floresta-em-pe-e-tradicoes-vivas\/\"  >\n\t\t\t\t\t\t\t\t\t  <div class=\"yuzo-img-wrap \" style=\"width: 125px;height:90px;\">\n\t\t\t\t\t\t\t\t\t\t\n\t\t\t\t\t\t\t\t\t\t<div class=\"yuzo-img\" style=\"background:url('https:\/\/redept.org\/blogosfera\/wp-content\/plugins\/yuzo-related-post\/assets\/images\/default.png') 50% 50% no-repeat;width: 125px;height:90px;margin-bottom: 5px;background-size: cover; \"><\/div>\n\t\t\t\t\t\t\t\t\t  <\/div>\n\t\t\t\t\t\t\t\t\t  \n\t\t\t\t\t\t\t\t   <span class=\"yuzo__text--title\" style=\"font-size:13px;\">Povo guarani em SP resgata abelhas nativas para ma...<\/span>\n\t\t\t\t\t\t\t  \n\t\t\t\t\t\t\t  \n\t\t\t\t\t\t\t  <\/a>\n\n\t\t\t\t\t\t  <\/div>\n<\/div> <script>\n\t\t\t\t\t\t  jQuery(document).ready(function( $ ){\n\t\t\t\t\t\t\t\/\/jQuery('.yuzo_related_post').equalizer({ overflow : 'relatedthumb' });\n\t\t\t\t\t\t\tjQuery('.yuzo_related_post .yuzo_wraps').equalizer({ columns : '> div' });\n\t\t\t\t\t\t   })\n\t\t\t\t\t\t  <\/script> <!-- End Yuzo :) -->","protected":false},"excerpt":{"rendered":"<p>Alian\u00e7a da direita n\u00e3o cola nem com cuspe. Foi esse o recado que Carluxo mandou para o desprez\u00edvel Claudio Castro que sempre reclamou de Bolsonaro por trat\u00e1-lo como um ningu\u00e9m na pol\u00edtica carioca e brasileira. Caiado, Ratinho Jr, Zema e Tarc\u00edsio foram tratados pelo cl\u00e3 como ratos de farelo de porco. Ibaneis e outras porcarias [\u2026]<\/p>\n<p>The post <a href=\"https:\/\/antropofagista.com.br\/2025\/11\/03\/para-o-cla-bolsonaro-claudio-castro-e-apenas-mais-um-rato-querendo-criar-asas-de-ganso\/\">Para o cl\u00e3 Bolsonaro, Claudio Castro \u00e9 apenas mais um rato querendo criar asas de ganso<\/a> first appeared on <a href=\"https:\/\/antropofagista.com.br\/\">Antropofagista<\/a>.<\/p>\n","protected":false},"author":2,"featured_media":0,"comment_status":"open","ping_status":"closed","sticky":false,"template":"","format":"standard","meta":{"fifu_image_url":"","fifu_image_alt":"","footnotes":""},"categories":[9862,27935,132,12155,5957,7447],"tags":[],"class_list":["post-62154","post","type-post","status-publish","format-standard","hentry","category-caiado","category-castro","category-politica","category-ratinho-jr","category-tarcisio","category-zema"],"_links":{"self":[{"href":"https:\/\/redept.com.br\/blogosfera\/wp-json\/wp\/v2\/posts\/62154","targetHints":{"allow":["GET"]}}],"collection":[{"href":"https:\/\/redept.com.br\/blogosfera\/wp-json\/wp\/v2\/posts"}],"about":[{"href":"https:\/\/redept.com.br\/blogosfera\/wp-json\/wp\/v2\/types\/post"}],"author":[{"embeddable":true,"href":"https:\/\/redept.com.br\/blogosfera\/wp-json\/wp\/v2\/users\/2"}],"replies":[{"embeddable":true,"href":"https:\/\/redept.com.br\/blogosfera\/wp-json\/wp\/v2\/comments?post=62154"}],"version-history":[{"count":0,"href":"https:\/\/redept.com.br\/blogosfera\/wp-json\/wp\/v2\/posts\/62154\/revisions"}],"wp:attachment":[{"href":"https:\/\/redept.com.br\/blogosfera\/wp-json\/wp\/v2\/media?parent=62154"}],"wp:term":[{"taxonomy":"category","embeddable":true,"href":"https:\/\/redept.com.br\/blogosfera\/wp-json\/wp\/v2\/categories?post=62154"},{"taxonomy":"post_tag","embeddable":true,"href":"https:\/\/redept.com.br\/blogosfera\/wp-json\/wp\/v2\/tags?post=62154"}],"curies":[{"name":"wp","href":"https:\/\/api.w.org\/{rel}","templated":true}]}}