{"id":62158,"date":"2025-11-03T20:42:22","date_gmt":"2025-11-03T23:42:22","guid":{"rendered":"https:\/\/redept.com.br\/blogosfera\/conheca-profissoes-fora-dos-holofotes-que-ja-ultrapassam-r-20-mil-mensais-no-brasil\/"},"modified":"2025-11-03T20:42:22","modified_gmt":"2025-11-03T23:42:22","slug":"conheca-profissoes-fora-dos-holofotes-que-ja-ultrapassam-r-20-mil-mensais-no-brasil","status":"publish","type":"post","link":"https:\/\/redept.com.br\/blogosfera\/conheca-profissoes-fora-dos-holofotes-que-ja-ultrapassam-r-20-mil-mensais-no-brasil\/","title":{"rendered":"Conhe\u00e7a profiss\u00f5es fora dos holofotes que j\u00e1 ultrapassam R$ 20 mil mensais no Brasil"},"content":{"rendered":"<div><img loading=\"lazy\" width=\"1024\" height=\"683\" src=\"data:image\/svg+xml,%3Csvg%20xmlns='http:\/\/www.w3.org\/2000\/svg'%20viewBox='0%200%201024%20683'%3E%3C\/svg%3E\" alt=\"\" decoding=\"async\" loading=\"lazy\" data-src=\"https:\/\/redept.com.br\/blogosfera\/wp-content\/uploads\/2025\/11\/mercado-de-trabalho-1024x683-1.webp\" data-type=\"string\"><\/div>\n<p>Algumas das carreiras mais rent\u00e1veis do Brasil passam despercebidas, longe dos holofotes das profiss\u00f5es tradicionais. Existem especialidades t\u00e9cnicas que facilmente ultrapassam os R$ 10 mil mensais, impulsionadas pela escassez de profissionais qualificados e pela valoriza\u00e7\u00e3o crescente de nichos espec\u00edficos \u2014 especialmente nas \u00e1reas de seguran\u00e7a, log\u00edstica e tecnologia. A alta remunera\u00e7\u00e3o reflete a complexidade e [\u2026]<\/p>\n<!-- Begin Yuzo --><div class='yuzo_related_post style-1'  data-version='5.12.89'><!-- without result --><div class='yuzo_clearfixed yuzo__title yuzo__title'><h3>Related Post<\/h3><\/div>\n\t\t\t\t\t\t  <div class=\"relatedthumb \" style=\"width:125px;float:left;overflow:hidden;\">  \n\t\t\t\t\t\t\t  \n\t\t\t\t\t\t\t  <a  href=\"https:\/\/redept.com.br\/blogosfera\/simpa-aprova-estado-de-greve-em-assembleia-geral-apos-dia-de-paralisacao\/\"  >\n\t\t\t\t\t\t\t\t\t  <div class=\"yuzo-img-wrap \" style=\"width: 125px;height:90px;\">\n\t\t\t\t\t\t\t\t\t\t\n\t\t\t\t\t\t\t\t\t\t<div class=\"yuzo-img\" style=\"background:url('https:\/\/redept.org\/blogosfera\/wp-content\/plugins\/yuzo-related-post\/assets\/images\/default.png') 50% 50% no-repeat;width: 125px;height:90px;margin-bottom: 5px;background-size: cover; \"><\/div>\n\t\t\t\t\t\t\t\t\t  <\/div>\n\t\t\t\t\t\t\t\t\t  \n\t\t\t\t\t\t\t\t   <span class=\"yuzo__text--title\" style=\"font-size:13px;\">Simpa aprova estado de greve em assembleia geral a...<\/span>\n\t\t\t\t\t\t\t  \n\t\t\t\t\t\t\t  \n\t\t\t\t\t\t\t  <\/a>\n\n\t\t\t\t\t\t  <\/div>\n\t\t\t\t\t\t  <div class=\"relatedthumb \" style=\"width:125px;float:left;overflow:hidden;\">  \n\t\t\t\t\t\t\t  \n\t\t\t\t\t\t\t  <a  href=\"https:\/\/redept.com.br\/blogosfera\/governo-brasileiro-quer-usar-lei-da-reciprocidade-com-eua-apos-novo-tarifaco\/\"  >\n\t\t\t\t\t\t\t\t\t  <div class=\"yuzo-img-wrap \" style=\"width: 125px;height:90px;\">\n\t\t\t\t\t\t\t\t\t\t\n\t\t\t\t\t\t\t\t\t\t<div class=\"yuzo-img\" style=\"background:url('https:\/\/redept.org\/blogosfera\/wp-content\/plugins\/yuzo-related-post\/assets\/images\/default.png') 50% 50% no-repeat;width: 125px;height:90px;margin-bottom: 5px;background-size: cover; \"><\/div>\n\t\t\t\t\t\t\t\t\t  <\/div>\n\t\t\t\t\t\t\t\t\t  \n\t\t\t\t\t\t\t\t   <span class=\"yuzo__text--title\" style=\"font-size:13px;\">Governo brasileiro quer usar Lei da Reciprocidade ...<\/span>\n\t\t\t\t\t\t\t  \n\t\t\t\t\t\t\t  \n\t\t\t\t\t\t\t  <\/a>\n\n\t\t\t\t\t\t  <\/div>\n\t\t\t\t\t\t  <div class=\"relatedthumb \" style=\"width:125px;float:left;overflow:hidden;\">  \n\t\t\t\t\t\t\t  \n\t\t\t\t\t\t\t  <a  href=\"https:\/\/redept.com.br\/blogosfera\/decreto-estabelece-cota-de-tela-para-filmes-nacionais-em-2025\/\"  >\n\t\t\t\t\t\t\t\t\t  <div class=\"yuzo-img-wrap \" style=\"width: 125px;height:90px;\">\n\t\t\t\t\t\t\t\t\t\t\n\t\t\t\t\t\t\t\t\t\t<div class=\"yuzo-img\" style=\"background:url('https:\/\/redept.org\/blogosfera\/wp-content\/plugins\/yuzo-related-post\/assets\/images\/default.png') 50% 50% no-repeat;width: 125px;height:90px;margin-bottom: 5px;background-size: cover; \"><\/div>\n\t\t\t\t\t\t\t\t\t  <\/div>\n\t\t\t\t\t\t\t\t\t  \n\t\t\t\t\t\t\t\t   <span class=\"yuzo__text--title\" style=\"font-size:13px;\">Decreto estabelece Cota de Tela para filmes nacion...<\/span>\n\t\t\t\t\t\t\t  \n\t\t\t\t\t\t\t  \n\t\t\t\t\t\t\t  <\/a>\n\n\t\t\t\t\t\t  <\/div>\n\t\t\t\t\t\t  <div class=\"relatedthumb \" style=\"width:125px;float:left;overflow:hidden;\">  \n\t\t\t\t\t\t\t  \n\t\t\t\t\t\t\t  <a  href=\"https:\/\/redept.com.br\/blogosfera\/aviso-claro-de-que-com-lula-e-haddad-a-economia-brasileira-melhorou-e-muito\/\"  >\n\t\t\t\t\t\t\t\t\t  <div class=\"yuzo-img-wrap \" style=\"width: 125px;height:90px;\">\n\t\t\t\t\t\t\t\t\t\t\n\t\t\t\t\t\t\t\t\t\t<div class=\"yuzo-img\" style=\"background:url('https:\/\/redept.org\/blogosfera\/wp-content\/plugins\/yuzo-related-post\/assets\/images\/default.png') 50% 50% no-repeat;width: 125px;height:90px;margin-bottom: 5px;background-size: cover; \"><\/div>\n\t\t\t\t\t\t\t\t\t  <\/div>\n\t\t\t\t\t\t\t\t\t  \n\t\t\t\t\t\t\t\t   <span class=\"yuzo__text--title\" style=\"font-size:13px;\">Aviso claro de que, com Lula e Haddad, a economia ...<\/span>\n\t\t\t\t\t\t\t  \n\t\t\t\t\t\t\t  \n\t\t\t\t\t\t\t  <\/a>\n\n\t\t\t\t\t\t  <\/div>\n<\/div> <script>\n\t\t\t\t\t\t  jQuery(document).ready(function( $ ){\n\t\t\t\t\t\t\t\/\/jQuery('.yuzo_related_post').equalizer({ overflow : 'relatedthumb' });\n\t\t\t\t\t\t\tjQuery('.yuzo_related_post .yuzo_wraps').equalizer({ columns : '> div' });\n\t\t\t\t\t\t   })\n\t\t\t\t\t\t  <\/script> <!-- End Yuzo :) -->","protected":false},"excerpt":{"rendered":"<div><img loading=\"lazy\" decoding=\"async\" width=\"1024\" height=\"683\" src=\"\/\/www.w3.org\/2000\/svg'%20viewBox='0%200%201024%20683'%3E%3C\/svg%3E\" alt=\"\" loading=\"lazy\" data-src=\"https:\/\/iclnoticias.com.br\/app\/uploads\/2025\/11\/mercado-de-trabalho-1024x683-1.webp\" data-type=\"string\"><\/div>\n<p>Algumas das carreiras mais rent\u00e1veis do Brasil passam despercebidas, longe dos holofotes das profiss\u00f5es tradicionais. Existem especialidades t\u00e9cnicas que facilmente ultrapassam os R$ 10 mil mensais, impulsionadas pela escassez de profissionais qualificados e pela valoriza\u00e7\u00e3o crescente de nichos espec\u00edficos \u2014 especialmente nas \u00e1reas de seguran\u00e7a, log\u00edstica e tecnologia. A alta remunera\u00e7\u00e3o reflete a complexidade e [\u2026]<\/p>\n","protected":false},"author":2,"featured_media":62159,"comment_status":"open","ping_status":"closed","sticky":false,"template":"","format":"standard","meta":{"fifu_image_url":"","fifu_image_alt":"","footnotes":""},"categories":[1031,17951,61],"tags":[],"class_list":["post-62158","post","type-post","status-publish","format-standard","has-post-thumbnail","hentry","category-mercado-de-trabalho","category-profissoes","category-sociedade"],"_links":{"self":[{"href":"https:\/\/redept.com.br\/blogosfera\/wp-json\/wp\/v2\/posts\/62158","targetHints":{"allow":["GET"]}}],"collection":[{"href":"https:\/\/redept.com.br\/blogosfera\/wp-json\/wp\/v2\/posts"}],"about":[{"href":"https:\/\/redept.com.br\/blogosfera\/wp-json\/wp\/v2\/types\/post"}],"author":[{"embeddable":true,"href":"https:\/\/redept.com.br\/blogosfera\/wp-json\/wp\/v2\/users\/2"}],"replies":[{"embeddable":true,"href":"https:\/\/redept.com.br\/blogosfera\/wp-json\/wp\/v2\/comments?post=62158"}],"version-history":[{"count":0,"href":"https:\/\/redept.com.br\/blogosfera\/wp-json\/wp\/v2\/posts\/62158\/revisions"}],"wp:featuredmedia":[{"embeddable":true,"href":"https:\/\/redept.com.br\/blogosfera\/wp-json\/wp\/v2\/media\/62159"}],"wp:attachment":[{"href":"https:\/\/redept.com.br\/blogosfera\/wp-json\/wp\/v2\/media?parent=62158"}],"wp:term":[{"taxonomy":"category","embeddable":true,"href":"https:\/\/redept.com.br\/blogosfera\/wp-json\/wp\/v2\/categories?post=62158"},{"taxonomy":"post_tag","embeddable":true,"href":"https:\/\/redept.com.br\/blogosfera\/wp-json\/wp\/v2\/tags?post=62158"}],"curies":[{"name":"wp","href":"https:\/\/api.w.org\/{rel}","templated":true}]}}