{"id":62164,"date":"2025-11-03T22:12:11","date_gmt":"2025-11-04T01:12:11","guid":{"rendered":"https:\/\/redept.com.br\/blogosfera\/pt-defende-candidatura-propria-e-aprofunda-crise-politica-no-maranhao\/"},"modified":"2025-11-03T22:12:11","modified_gmt":"2025-11-04T01:12:11","slug":"pt-defende-candidatura-propria-e-aprofunda-crise-politica-no-maranhao","status":"publish","type":"post","link":"https:\/\/redept.com.br\/blogosfera\/pt-defende-candidatura-propria-e-aprofunda-crise-politica-no-maranhao\/","title":{"rendered":"PT defende candidatura pr\u00f3pria e aprofunda crise pol\u00edtica no Maranh\u00e3o"},"content":{"rendered":"<div><img fetchpriority=\"high\" width=\"750\" height=\"405\" src=\"data:image\/svg+xml,%3Csvg%20xmlns='http:\/\/www.w3.org\/2000\/svg'%20viewBox='0%200%20750%20405'%3E%3C\/svg%3E\" alt=\"\" decoding=\"async\" fetchpriority=\"high\" data-src=\"https:\/\/redept.com.br\/blogosfera\/wp-content\/uploads\/2025\/11\/felipe-camarc3a3o-cafe-pt-reproducao-tvpt-2-1-e1762214101457.webp\" data-type=\"string\"><\/div>\n<p>Por Cleber Louren\u00e7o O Partido dos Trabalhadores (PT) do Maranh\u00e3o decidiu testar os limites da alian\u00e7a com o governador Carlos Brand\u00e3o (sem partido). Em uma movimenta\u00e7\u00e3o que repercutiu em Bras\u00edlia e no Pal\u00e1cio dos Le\u00f5es, 199 dos 204 presidentes municipais do partido assinaram uma carta em apoio \u00e0 candidatura pr\u00f3pria do vice-governador Felipe Camar\u00e3o (PT) [\u2026]<\/p>\n<!-- Begin Yuzo --><div class='yuzo_related_post style-1'  data-version='5.12.89'><!-- without result --><div class='yuzo_clearfixed yuzo__title yuzo__title'><h3>Related Post<\/h3><\/div>\n\t\t\t\t\t\t  <div class=\"relatedthumb \" style=\"width:125px;float:left;overflow:hidden;\">  \n\t\t\t\t\t\t\t  \n\t\t\t\t\t\t\t  <a  href=\"https:\/\/redept.com.br\/blogosfera\/na-colombia-camponeses-ocupam-terras-improdutivas-aprendem-agroecologia-e-pressionam-por-reforma-agraria-popular\/\"  >\n\t\t\t\t\t\t\t\t\t  <div class=\"yuzo-img-wrap \" style=\"width: 125px;height:90px;\">\n\t\t\t\t\t\t\t\t\t\t\n\t\t\t\t\t\t\t\t\t\t<div class=\"yuzo-img\" style=\"background:url('https:\/\/redept.org\/blogosfera\/wp-content\/plugins\/yuzo-related-post\/assets\/images\/default.png') 50% 50% no-repeat;width: 125px;height:90px;margin-bottom: 5px;background-size: cover; \"><\/div>\n\t\t\t\t\t\t\t\t\t  <\/div>\n\t\t\t\t\t\t\t\t\t  \n\t\t\t\t\t\t\t\t   <span class=\"yuzo__text--title\" style=\"font-size:13px;\">Na Col\u00f4mbia, camponeses ocupam terras improdutivas...<\/span>\n\t\t\t\t\t\t\t  \n\t\t\t\t\t\t\t  \n\t\t\t\t\t\t\t  <\/a>\n\n\t\t\t\t\t\t  <\/div>\n\t\t\t\t\t\t  <div class=\"relatedthumb \" style=\"width:125px;float:left;overflow:hidden;\">  \n\t\t\t\t\t\t\t  \n\t\t\t\t\t\t\t  <a  href=\"https:\/\/redept.com.br\/blogosfera\/cuba-e-venezuela-vencem-copa-do-mundo-de-salto-triplo-feminino\/\"  >\n\t\t\t\t\t\t\t\t\t  <div class=\"yuzo-img-wrap \" style=\"width: 125px;height:90px;\">\n\t\t\t\t\t\t\t\t\t\t\n\t\t\t\t\t\t\t\t\t\t<div class=\"yuzo-img\" style=\"background:url('https:\/\/redept.com.br\/blogosfera\/wp-content\/uploads\/2026\/03\/hd9mbu7a4aae_iw-150x150.jpeg') 50% 50% no-repeat;width: 125px;height:90px;margin-bottom: 5px;background-size: cover; \"><\/div>\n\t\t\t\t\t\t\t\t\t  <\/div>\n\t\t\t\t\t\t\t\t\t  \n\t\t\t\t\t\t\t\t   <span class=\"yuzo__text--title\" style=\"font-size:13px;\">Cuba e Venezuela vencem Copa do Mundo de Salto Tri...<\/span>\n\t\t\t\t\t\t\t  \n\t\t\t\t\t\t\t  \n\t\t\t\t\t\t\t  <\/a>\n\n\t\t\t\t\t\t  <\/div>\n\t\t\t\t\t\t  <div class=\"relatedthumb \" style=\"width:125px;float:left;overflow:hidden;\">  \n\t\t\t\t\t\t\t  \n\t\t\t\t\t\t\t  <a  href=\"https:\/\/redept.com.br\/blogosfera\/aplicativo-faca-o-simuladao-ajuda-na-preparacao-para-o-enem\/\"  >\n\t\t\t\t\t\t\t\t\t  <div class=\"yuzo-img-wrap \" style=\"width: 125px;height:90px;\">\n\t\t\t\t\t\t\t\t\t\t\n\t\t\t\t\t\t\t\t\t\t<div class=\"yuzo-img\" style=\"background:url('https:\/\/redept.com.br\/blogosfera\/wp-content\/uploads\/2025\/10\/Enem-2025-inscricoes-para-a-prova-terminam-amanha-150x150.jpg') 50% 50% no-repeat;width: 125px;height:90px;margin-bottom: 5px;background-size: cover; \"><\/div>\n\t\t\t\t\t\t\t\t\t  <\/div>\n\t\t\t\t\t\t\t\t\t  \n\t\t\t\t\t\t\t\t   <span class=\"yuzo__text--title\" style=\"font-size:13px;\">Aplicativo \u201cFa\u00e7a o simulad\u00e3o\u201d ajuda na prepara\u00e7\u00e3o ...<\/span>\n\t\t\t\t\t\t\t  \n\t\t\t\t\t\t\t  \n\t\t\t\t\t\t\t  <\/a>\n\n\t\t\t\t\t\t  <\/div>\n\t\t\t\t\t\t  <div class=\"relatedthumb \" style=\"width:125px;float:left;overflow:hidden;\">  \n\t\t\t\t\t\t\t  \n\t\t\t\t\t\t\t  <a  href=\"https:\/\/redept.com.br\/blogosfera\/nenhum-aposentado-tera-prejuizo-diz-lula-sobre-descontos-indevidos\/\"  >\n\t\t\t\t\t\t\t\t\t  <div class=\"yuzo-img-wrap \" style=\"width: 125px;height:90px;\">\n\t\t\t\t\t\t\t\t\t\t\n\t\t\t\t\t\t\t\t\t\t<div class=\"yuzo-img\" style=\"background:url('https:\/\/redept.org\/blogosfera\/wp-content\/plugins\/yuzo-related-post\/assets\/images\/default.png') 50% 50% no-repeat;width: 125px;height:90px;margin-bottom: 5px;background-size: cover; \"><\/div>\n\t\t\t\t\t\t\t\t\t  <\/div>\n\t\t\t\t\t\t\t\t\t  \n\t\t\t\t\t\t\t\t   <span class=\"yuzo__text--title\" style=\"font-size:13px;\">Nenhum aposentado ter\u00e1 preju\u00edzo, diz Lula sobre de...<\/span>\n\t\t\t\t\t\t\t  \n\t\t\t\t\t\t\t  \n\t\t\t\t\t\t\t  <\/a>\n\n\t\t\t\t\t\t  <\/div>\n<\/div> <script>\n\t\t\t\t\t\t  jQuery(document).ready(function( $ ){\n\t\t\t\t\t\t\t\/\/jQuery('.yuzo_related_post').equalizer({ overflow : 'relatedthumb' });\n\t\t\t\t\t\t\tjQuery('.yuzo_related_post .yuzo_wraps').equalizer({ columns : '> div' });\n\t\t\t\t\t\t   })\n\t\t\t\t\t\t  <\/script> <!-- End Yuzo :) -->","protected":false},"excerpt":{"rendered":"<div><img decoding=\"async\" width=\"750\" height=\"405\" src=\"\/\/www.w3.org\/2000\/svg'%20viewBox='0%200%20750%20405'%3E%3C\/svg%3E\" alt=\"\" data-src=\"https:\/\/iclnoticias.com.br\/app\/uploads\/2025\/11\/felipe-camarc3a3o-cafe-pt-reproducao-tvpt-2-1-e1762214101457.webp\" data-type=\"string\"><\/div>\n<p>Por Cleber Louren\u00e7o O Partido dos Trabalhadores (PT) do Maranh\u00e3o decidiu testar os limites da alian\u00e7a com o governador Carlos Brand\u00e3o (sem partido). Em uma movimenta\u00e7\u00e3o que repercutiu em Bras\u00edlia e no Pal\u00e1cio dos Le\u00f5es, 199 dos 204 presidentes municipais do partido assinaram uma carta em apoio \u00e0 candidatura pr\u00f3pria do vice-governador Felipe Camar\u00e3o (PT) [\u2026]<\/p>\n","protected":false},"author":2,"featured_media":62165,"comment_status":"open","ping_status":"closed","sticky":false,"template":"","format":"standard","meta":{"fifu_image_url":"","fifu_image_alt":"","footnotes":""},"categories":[315,132],"tags":[],"class_list":["post-62164","post","type-post","status-publish","format-standard","has-post-thumbnail","hentry","category-maranhao","category-politica"],"_links":{"self":[{"href":"https:\/\/redept.com.br\/blogosfera\/wp-json\/wp\/v2\/posts\/62164","targetHints":{"allow":["GET"]}}],"collection":[{"href":"https:\/\/redept.com.br\/blogosfera\/wp-json\/wp\/v2\/posts"}],"about":[{"href":"https:\/\/redept.com.br\/blogosfera\/wp-json\/wp\/v2\/types\/post"}],"author":[{"embeddable":true,"href":"https:\/\/redept.com.br\/blogosfera\/wp-json\/wp\/v2\/users\/2"}],"replies":[{"embeddable":true,"href":"https:\/\/redept.com.br\/blogosfera\/wp-json\/wp\/v2\/comments?post=62164"}],"version-history":[{"count":0,"href":"https:\/\/redept.com.br\/blogosfera\/wp-json\/wp\/v2\/posts\/62164\/revisions"}],"wp:featuredmedia":[{"embeddable":true,"href":"https:\/\/redept.com.br\/blogosfera\/wp-json\/wp\/v2\/media\/62165"}],"wp:attachment":[{"href":"https:\/\/redept.com.br\/blogosfera\/wp-json\/wp\/v2\/media?parent=62164"}],"wp:term":[{"taxonomy":"category","embeddable":true,"href":"https:\/\/redept.com.br\/blogosfera\/wp-json\/wp\/v2\/categories?post=62164"},{"taxonomy":"post_tag","embeddable":true,"href":"https:\/\/redept.com.br\/blogosfera\/wp-json\/wp\/v2\/tags?post=62164"}],"curies":[{"name":"wp","href":"https:\/\/api.w.org\/{rel}","templated":true}]}}