{"id":62253,"date":"2025-11-04T14:42:25","date_gmt":"2025-11-04T17:42:25","guid":{"rendered":"https:\/\/redept.com.br\/blogosfera\/jeannette-jara-do-partido-comunista-lidera-disputa-a-presidencia-do-chile\/"},"modified":"2025-11-04T14:42:25","modified_gmt":"2025-11-04T17:42:25","slug":"jeannette-jara-do-partido-comunista-lidera-disputa-a-presidencia-do-chile","status":"publish","type":"post","link":"https:\/\/redept.com.br\/blogosfera\/jeannette-jara-do-partido-comunista-lidera-disputa-a-presidencia-do-chile\/","title":{"rendered":"Jeannette Jara, do Partido Comunista, lidera disputa \u00e0 presid\u00eancia do Chile"},"content":{"rendered":"<p><img loading=\"lazy\" width=\"1024\" height=\"682\"src=\"https:\/\/redept.com.br\/blogosfera\/wp-content\/uploads\/2025\/11\/JanetteJara-2048x1365-1.jpg\" alt=\"\" decoding=\"async\" loading=\"lazy\" srcset=\"https:\/\/vermelho.org.br\/wp-content\/uploads\/2025\/11\/JanetteJara-1024x682.jpg 1024w, https:\/\/vermelho.org.br\/wp-content\/uploads\/2025\/11\/JanetteJara-300x200.jpg 300w, https:\/\/vermelho.org.br\/wp-content\/uploads\/2025\/11\/JanetteJara-768x512.jpg 768w, https:\/\/vermelho.org.br\/wp-content\/uploads\/2025\/11\/JanetteJara-1536x1024.jpg 1536w, https:\/\/redept.com.br\/blogosfera\/wp-content\/uploads\/2025\/11\/JanetteJara-2048x1365-1.jpg 2048w, https:\/\/vermelho.org.br\/wp-content\/uploads\/2025\/11\/JanetteJara-272x182.jpg 272w\" sizes=\"auto, (max-width: 1024px) 100vw, 1024px\"><\/p>\n<p>Um espectro ronda o Chile. \u00c9 o espectro de Jeannette Jara, ex-ministra do governo Gabriel Boric e candidata do Partido Comunista (PCCh) \u00e0 Presid\u00eancia da Rep\u00fablica. Pesquisa AtlasIntel\/Bloomberg divulgada no \u00faltimo s\u00e1bado (1\u00ba) aponta Jeannette na prefer\u00eancia do eleitorado chileno.<\/p>\n<p>Com 33,2% das inten\u00e7\u00f5es de voto, ela lidera a disputa e, ao que tudo indica, j\u00e1 tem vaga garantida no segundo turno. Apoiada por Boric, Jeannette est\u00e1 \u00e0 frente de uma coaliz\u00e3o de esquerda e centro-esquerda que quer aprofundar as reformas propostas pelo atual governo. \u00c9 a primeira vez que o centen\u00e1rio Partido Comunista, fundado em 1922, tem chances reais de chegar ao Pal\u00e1cio de La Moneda.<\/p>\n<p>Os chilenos v\u00e3o \u00e0s urnas no pr\u00f3ximo dia 16 de novembro, domingo, data do primeiro turno da elei\u00e7\u00e3o. J\u00e1 o segundo turno est\u00e1 previsto para 14 de dezembro. A disputa pela segunda vaga no turno final \u00e9 acirrada, com um in\u00e9dito empate qu\u00e1druplo.<\/p>\n<p>Os ultradireitistas Jos\u00e9 Antonio Kast, do Partido Republicano, e Johannes Kaiser, do Partido Nacional Libert\u00e1rio, t\u00eam, ambos, 16,8%. O racha na extrema direita em um pa\u00eds que j\u00e1 foi governado pelo ditador Augusto Pinochet d\u00e1 margem para a ascens\u00e3o de candidaturas conservadoras, mas menos radicais.<\/p>\n<p>Franco Parisi, que se declara \u201cantissistema\u201d, mas \u00e9 abertamente neoliberal, pontua com 14,2%, sendo seguido pela direitista Evelyn Matthei, que tem13,9%. Como a margem de erro \u00e9 de dois pontos percentuais, para mais ou para menos, Kast, Kaiser, Parisi e Evelyn est\u00e3o tecnicamente empatados.<\/p>\n<p>A 15 dias para a elei\u00e7\u00e3o, nomes de direita e extrema direita tentam encontrar um discurso mais eleitoreiro para liderar a oposi\u00e7\u00e3o. A taxa de indecisos \u00e9 pequena (2,0%), e apenas 0,2% dos eleitores pretender votar em branco ou nulo. Com Jeannette e a esquerda consolidadas, a luta para ir ao segundo turno deve envolver troca de ataques entre os demais concorrentes.<\/p>\n<p>O aparente favorito para desafiar Jeannette \u00e9 Kaiser, que est\u00e1 em alta nas pesquisas, tendo passado de 9% em setembro para os atuais 16,8%. Kast, em sentido inverso, perde for\u00e7a a cada pesquisa. Ele chegou a marcar 26,5% em julho, mas come\u00e7ou a desidratar a partir dos levantamentos de agosto. J\u00e1 s\u00e3o 9,7 pontos percentuais perdidos em quatro meses.<\/p>\n<p>Curiosamente, os dois extremistas estavam juntos nas elei\u00e7\u00f5es de 2021, quando o Partido Republicano, fundado dois anos antes, lan\u00e7ou Kast e surpreendeu. O presidenci\u00e1vel terminou ligeiramente \u00e0 frente de Boric no primeiro turno (27,91% a 25,83%), mas tomou a virada e foi vencido no turno final (44,13% a 55,87%). Desde ent\u00e3o, Kaiser chegou a anunciar por duas vezes sua desfilia\u00e7\u00e3o do Republicado \u2013 at\u00e9 que, em 2024, fundou o Partido Nacional Libert\u00e1rio.<\/p>\n<p>Outra curiosidade est\u00e1 no fato de que as duas mulheres na corrida presidencial foram ministras do Trabalho: Jeannette Jara ocupou o posto no governo Boric, e Evelyn Matthei, na gest\u00e3o Sebastian Pi\u00f1era. Em entrevista recente ao <em>Opera Mundi<\/em>, o soci\u00f3logo Alexis Cort\u00e9s analisou que a candidata do Partido Comunista precisa \u201cromper a bolha\u201d para n\u00e3o ficar restrita ao voto tradicional da esquerda.<\/p>\n<p>\u201cJara est\u00e1 est\u00e1vel na primeira posi\u00e7\u00e3o \u2013 mas precisa dar um salto, romper a bolha do setor progressista. Para isso, ela depender\u00e1 de uma campanha que saiba falar e convencer esse eleitorado que nunca votou e que agora ser\u00e1 obrigado a ir \u00e0s urnas\u201d, declarou Cort\u00e9s.<\/p>\n<p>A preocupa\u00e7\u00e3o \u00e9 relevante porque, com a tend\u00eancia de uni\u00e3o de todos os advers\u00e1rios contra Jeannette no segundo turno, o voto de eleitores independentes, n\u00e3o necessariamente vinculados a partidos ou ideologias, ser\u00e1 decisivo. Defender os feitos da administra\u00e7\u00e3o Boric \u00e9 importante para garantir a continuidade do governo e evitar o risco de retrocesso. Mas demarcar melhor com a direita e a extrema direita se tornou inevit\u00e1vel.<\/p>\n<p>O post <a href=\"https:\/\/vermelho.org.br\/2025\/11\/04\/jeannette-jara-do-partido-comunista-lidera-disputa-a-presidencia-do-chile\/\">Jeannette Jara, do Partido Comunista, lidera disputa \u00e0 presid\u00eancia do Chile<\/a> apareceu primeiro em <a href=\"https:\/\/vermelho.org.br\/\">Vermelho<\/a>.<\/p>\n<!-- Begin Yuzo --><div class='yuzo_related_post style-1'  data-version='5.12.89'><!-- without result --><div class='yuzo_clearfixed yuzo__title yuzo__title'><h3>Related Post<\/h3><\/div>\n\t\t\t\t\t\t  <div class=\"relatedthumb \" style=\"width:125px;float:left;overflow:hidden;\">  \n\t\t\t\t\t\t\t  \n\t\t\t\t\t\t\t  <a  href=\"https:\/\/redept.com.br\/blogosfera\/stf-julga-responsabilidade-de-redes-sociais-entenda\/\"  >\n\t\t\t\t\t\t\t\t\t  <div class=\"yuzo-img-wrap \" style=\"width: 125px;height:90px;\">\n\t\t\t\t\t\t\t\t\t\t\n\t\t\t\t\t\t\t\t\t\t<div class=\"yuzo-img\" style=\"background:url('https:\/\/redept.org\/blogosfera\/wp-content\/plugins\/yuzo-related-post\/assets\/images\/default.png') 50% 50% no-repeat;width: 125px;height:90px;margin-bottom: 5px;background-size: cover; \"><\/div>\n\t\t\t\t\t\t\t\t\t  <\/div>\n\t\t\t\t\t\t\t\t\t  \n\t\t\t\t\t\t\t\t   <span class=\"yuzo__text--title\" style=\"font-size:13px;\">STF julga responsabilidade de redes sociais. Enten...<\/span>\n\t\t\t\t\t\t\t  \n\t\t\t\t\t\t\t  \n\t\t\t\t\t\t\t  <\/a>\n\n\t\t\t\t\t\t  <\/div>\n\t\t\t\t\t\t  <div class=\"relatedthumb \" style=\"width:125px;float:left;overflow:hidden;\">  \n\t\t\t\t\t\t\t  \n\t\t\t\t\t\t\t  <a  href=\"https:\/\/redept.com.br\/blogosfera\/tarifaco-alcolumbre-e-motta-repudiam-medida-de-trump-e-recomendam-dialogo-entre-paises\/\"  >\n\t\t\t\t\t\t\t\t\t  <div class=\"yuzo-img-wrap \" style=\"width: 125px;height:90px;\">\n\t\t\t\t\t\t\t\t\t\t\n\t\t\t\t\t\t\t\t\t\t<div class=\"yuzo-img\" style=\"background:url('https:\/\/redept.org\/blogosfera\/wp-content\/plugins\/yuzo-related-post\/assets\/images\/default.png') 50% 50% no-repeat;width: 125px;height:90px;margin-bottom: 5px;background-size: cover; \"><\/div>\n\t\t\t\t\t\t\t\t\t  <\/div>\n\t\t\t\t\t\t\t\t\t  \n\t\t\t\t\t\t\t\t   <span class=\"yuzo__text--title\" style=\"font-size:13px;\">Tarifa\u00e7o: Alcolumbre e Motta repudiam medida de Tr...<\/span>\n\t\t\t\t\t\t\t  \n\t\t\t\t\t\t\t  \n\t\t\t\t\t\t\t  <\/a>\n\n\t\t\t\t\t\t  <\/div>\n\t\t\t\t\t\t  <div class=\"relatedthumb \" style=\"width:125px;float:left;overflow:hidden;\">  \n\t\t\t\t\t\t\t  \n\t\t\t\t\t\t\t  <a  href=\"https:\/\/redept.com.br\/blogosfera\/cpi-das-enchentes-do-pantanal-investiga-alagamentos-e-cobra-solucoes-na-zona-leste-de-sp\/\"  >\n\t\t\t\t\t\t\t\t\t  <div class=\"yuzo-img-wrap \" style=\"width: 125px;height:90px;\">\n\t\t\t\t\t\t\t\t\t\t\n\t\t\t\t\t\t\t\t\t\t<div class=\"yuzo-img\" style=\"background:url('https:\/\/redept.org\/blogosfera\/wp-content\/plugins\/yuzo-related-post\/assets\/images\/default.png') 50% 50% no-repeat;width: 125px;height:90px;margin-bottom: 5px;background-size: cover; \"><\/div>\n\t\t\t\t\t\t\t\t\t  <\/div>\n\t\t\t\t\t\t\t\t\t  \n\t\t\t\t\t\t\t\t   <span class=\"yuzo__text--title\" style=\"font-size:13px;\">CPI das Enchentes do Pantanal investiga alagamento...<\/span>\n\t\t\t\t\t\t\t  \n\t\t\t\t\t\t\t  \n\t\t\t\t\t\t\t  <\/a>\n\n\t\t\t\t\t\t  <\/div>\n\t\t\t\t\t\t  <div class=\"relatedthumb \" style=\"width:125px;float:left;overflow:hidden;\">  \n\t\t\t\t\t\t\t  \n\t\t\t\t\t\t\t  <a  href=\"https:\/\/redept.com.br\/blogosfera\/mst-realiza-seu-38o-encontro-estadual-em-santa-catarina\/\"  >\n\t\t\t\t\t\t\t\t\t  <div class=\"yuzo-img-wrap \" style=\"width: 125px;height:90px;\">\n\t\t\t\t\t\t\t\t\t\t\n\t\t\t\t\t\t\t\t\t\t<div class=\"yuzo-img\" style=\"background:url('https:\/\/redept.com.br\/blogosfera\/wp-content\/uploads\/2025\/01\/WhatsApp-Image-2025-01-20-at-13.36.10-1024x768-1-150x150.jpeg') 50% 50% no-repeat;width: 125px;height:90px;margin-bottom: 5px;background-size: cover; \"><\/div>\n\t\t\t\t\t\t\t\t\t  <\/div>\n\t\t\t\t\t\t\t\t\t  \n\t\t\t\t\t\t\t\t   <span class=\"yuzo__text--title\" style=\"font-size:13px;\">MST realiza seu 38\u00ba Encontro Estadual em Santa Cat...<\/span>\n\t\t\t\t\t\t\t  \n\t\t\t\t\t\t\t  \n\t\t\t\t\t\t\t  <\/a>\n\n\t\t\t\t\t\t  <\/div>\n<\/div> <script>\n\t\t\t\t\t\t  jQuery(document).ready(function( $ ){\n\t\t\t\t\t\t\t\/\/jQuery('.yuzo_related_post').equalizer({ overflow : 'relatedthumb' });\n\t\t\t\t\t\t\tjQuery('.yuzo_related_post .yuzo_wraps').equalizer({ columns : '> div' });\n\t\t\t\t\t\t   })\n\t\t\t\t\t\t  <\/script> <!-- End Yuzo :) -->","protected":false},"excerpt":{"rendered":"<p>Um espectro ronda o Chile. \u00c9 o espectro de Jeannette Jara, ex-ministra do governo Gabriel Boric e candidata do Partido Comunista (PCCh) \u00e0 Presid\u00eancia da Rep\u00fablica. Pesquisa AtlasIntel\/Bloomberg divulgada no \u00faltimo s\u00e1bado (1\u00ba) aponta Jeannette na prefer\u00eancia do eleitorado chileno. Com 33,2% das inten\u00e7\u00f5es de voto, ela lidera a disputa e, ao que tudo indica, [&hellip;]<\/p>\n","protected":false},"author":2,"featured_media":0,"comment_status":"open","ping_status":"closed","sticky":false,"template":"","format":"standard","meta":{"fifu_image_url":"","fifu_image_alt":"","footnotes":""},"categories":[571,9250,4798,50,9090,9130],"tags":[],"class_list":["post-62253","post","type-post","status-publish","format-standard","hentry","category-chile","category-eleicoes-no-chile","category-gabriel-boric","category-internacional","category-jeannette-jara","category-partido-comunista-do-chile"],"_links":{"self":[{"href":"https:\/\/redept.com.br\/blogosfera\/wp-json\/wp\/v2\/posts\/62253","targetHints":{"allow":["GET"]}}],"collection":[{"href":"https:\/\/redept.com.br\/blogosfera\/wp-json\/wp\/v2\/posts"}],"about":[{"href":"https:\/\/redept.com.br\/blogosfera\/wp-json\/wp\/v2\/types\/post"}],"author":[{"embeddable":true,"href":"https:\/\/redept.com.br\/blogosfera\/wp-json\/wp\/v2\/users\/2"}],"replies":[{"embeddable":true,"href":"https:\/\/redept.com.br\/blogosfera\/wp-json\/wp\/v2\/comments?post=62253"}],"version-history":[{"count":0,"href":"https:\/\/redept.com.br\/blogosfera\/wp-json\/wp\/v2\/posts\/62253\/revisions"}],"wp:attachment":[{"href":"https:\/\/redept.com.br\/blogosfera\/wp-json\/wp\/v2\/media?parent=62253"}],"wp:term":[{"taxonomy":"category","embeddable":true,"href":"https:\/\/redept.com.br\/blogosfera\/wp-json\/wp\/v2\/categories?post=62253"},{"taxonomy":"post_tag","embeddable":true,"href":"https:\/\/redept.com.br\/blogosfera\/wp-json\/wp\/v2\/tags?post=62253"}],"curies":[{"name":"wp","href":"https:\/\/api.w.org\/{rel}","templated":true}]}}