{"id":62321,"date":"2025-11-04T18:38:29","date_gmt":"2025-11-04T21:38:29","guid":{"rendered":"https:\/\/redept.com.br\/blogosfera\/marcio-jerry-destaca-debates-em-sao-luis-sobre-pec-da-reparacao-economica\/"},"modified":"2025-11-04T18:38:29","modified_gmt":"2025-11-04T21:38:29","slug":"marcio-jerry-destaca-debates-em-sao-luis-sobre-pec-da-reparacao-economica","status":"publish","type":"post","link":"https:\/\/redept.com.br\/blogosfera\/marcio-jerry-destaca-debates-em-sao-luis-sobre-pec-da-reparacao-economica\/","title":{"rendered":"M\u00e1rcio Jerry destaca debates em S\u00e3o Lu\u00eds sobre PEC da Repara\u00e7\u00e3o Econ\u00f4mica"},"content":{"rendered":"<p><img loading=\"lazy\" width=\"1024\" height=\"678\"src=\"https:\/\/redept.com.br\/blogosfera\/wp-content\/uploads\/2025\/11\/d232c098-72d3-4565-93a0-39315df653bd.jpg\" alt=\"\" decoding=\"async\" loading=\"lazy\" srcset=\"https:\/\/vermelho.org.br\/wp-content\/uploads\/2025\/11\/d232c098-72d3-4565-93a0-39315df653bd-1024x678.jpg 1024w, https:\/\/vermelho.org.br\/wp-content\/uploads\/2025\/11\/d232c098-72d3-4565-93a0-39315df653bd-300x199.jpg 300w, https:\/\/vermelho.org.br\/wp-content\/uploads\/2025\/11\/d232c098-72d3-4565-93a0-39315df653bd-768x509.jpg 768w, https:\/\/redept.com.br\/blogosfera\/wp-content\/uploads\/2025\/11\/d232c098-72d3-4565-93a0-39315df653bd.jpg 1280w\" sizes=\"auto, (max-width: 1024px) 100vw, 1024px\"><\/p>\n<p>O deputado federal M\u00e1rcio Jerry (PCdoB-MA), vice-l\u00edder do Governo na C\u00e2mara, participou nesta ter\u00e7a-feira (4) de debates e escutas p\u00fablicas em S\u00e3o Lu\u00eds sobre a PEC 27\/2024, ao lado da presidenta da Comiss\u00e3o Especial, Benedita da Silva (PT-RJ); do relator da mat\u00e9ria, Orlando Silva (PCdoB-SP); e dos deputados Josivaldo JP (PSD-MA) e Tal\u00edria Petrone (PSOL-RJ). As atividades foram realizadas no Quilombo da Liberdade e na Assembleia Legislativa do Maranh\u00e3o, reunindo lideran\u00e7as comunit\u00e1rias, parlamentares e movimentos sociais.<\/p>\n<p>A proposta cria o Fundo de Repara\u00e7\u00e3o Econ\u00f4mica e Promo\u00e7\u00e3o da Igualdade Racial, mecanismo voltado ao financiamento de pol\u00edticas para enfrentar desigualdades hist\u00f3ricas, fortalecer iniciativas econ\u00f4micas e sociais da popula\u00e7\u00e3o negra e ampliar oportunidades em todo o pa\u00eds. Integrantes da Comiss\u00e3o ressaltam que a PEC oferece base estrutural para avan\u00e7ar no enfrentamento ao racismo estrutural, garantindo instrumentos permanentes de repara\u00e7\u00e3o.<\/p>\n<p>Segundo M\u00e1rcio Jerry, a constru\u00e7\u00e3o coletiva \u00e9 essencial para que o texto responda \u00e0s demandas reais do povo negro. \u201cA cria\u00e7\u00e3o do Fundo representa um passo decisivo na repara\u00e7\u00e3o econ\u00f4mica e na promo\u00e7\u00e3o da igualdade racial. \u00c9 uma medida que busca enfrentar desigualdades hist\u00f3ricas e abrir novas perspectivas de desenvolvimento para o povo negro no Brasil. Estamos refor\u00e7ando esse debate em S\u00e3o Lu\u00eds, em di\u00e1logo com comunidades e institui\u00e7\u00f5es, para construir solu\u00e7\u00f5es consistentes e duradouras. A luta segue fortalecida.\u201d<\/p>\n<p>A Comiss\u00e3o Especial respons\u00e1vel pela PEC seguir\u00e1 realizando discuss\u00f5es regionais antes da apresenta\u00e7\u00e3o do relat\u00f3rio final, que ser\u00e1 analisado pelo plen\u00e1rio da C\u00e2mara dos Deputados.<\/p>\n<p>O post <a href=\"https:\/\/vermelho.org.br\/2025\/11\/04\/marcio-jerry-destaca-debates-em-sao-luis-sobre-pec-da-reparacao-economica\/\">M\u00e1rcio Jerry destaca debates em S\u00e3o Lu\u00eds sobre PEC da Repara\u00e7\u00e3o Econ\u00f4mica<\/a> apareceu primeiro em <a href=\"https:\/\/vermelho.org.br\/\">Vermelho<\/a>.<\/p>\n<!-- Begin Yuzo --><div class='yuzo_related_post style-1'  data-version='5.12.89'><!-- without result --><div class='yuzo_clearfixed yuzo__title yuzo__title'><h3>Related Post<\/h3><\/div>\n\t\t\t\t\t\t  <div class=\"relatedthumb \" style=\"width:125px;float:left;overflow:hidden;\">  \n\t\t\t\t\t\t\t  \n\t\t\t\t\t\t\t  <a  href=\"https:\/\/redept.com.br\/blogosfera\/mais-de-400-atos-contra-austeridade-mobilizam-franceses-em-dia-nacional-de-paralisacao\/\"  >\n\t\t\t\t\t\t\t\t\t  <div class=\"yuzo-img-wrap \" style=\"width: 125px;height:90px;\">\n\t\t\t\t\t\t\t\t\t\t\n\t\t\t\t\t\t\t\t\t\t<div class=\"yuzo-img\" style=\"background:url('https:\/\/redept.org\/blogosfera\/wp-content\/plugins\/yuzo-related-post\/assets\/images\/default.png') 50% 50% no-repeat;width: 125px;height:90px;margin-bottom: 5px;background-size: cover; \"><\/div>\n\t\t\t\t\t\t\t\t\t  <\/div>\n\t\t\t\t\t\t\t\t\t  \n\t\t\t\t\t\t\t\t   <span class=\"yuzo__text--title\" style=\"font-size:13px;\">Mais de 400 atos contra austeridade mobilizam fran...<\/span>\n\t\t\t\t\t\t\t  \n\t\t\t\t\t\t\t  \n\t\t\t\t\t\t\t  <\/a>\n\n\t\t\t\t\t\t  <\/div>\n\t\t\t\t\t\t  <div class=\"relatedthumb \" style=\"width:125px;float:left;overflow:hidden;\">  \n\t\t\t\t\t\t\t  \n\t\t\t\t\t\t\t  <a  href=\"https:\/\/redept.com.br\/blogosfera\/movimentos-populares-retomam-o-estagio-interdisciplinar-de-vivencia-em-mg-apos-10-anos\/\"  >\n\t\t\t\t\t\t\t\t\t  <div class=\"yuzo-img-wrap \" style=\"width: 125px;height:90px;\">\n\t\t\t\t\t\t\t\t\t\t\n\t\t\t\t\t\t\t\t\t\t<div class=\"yuzo-img\" style=\"background:url('https:\/\/redept.org\/blogosfera\/wp-content\/plugins\/yuzo-related-post\/assets\/images\/default.png') 50% 50% no-repeat;width: 125px;height:90px;margin-bottom: 5px;background-size: cover; \"><\/div>\n\t\t\t\t\t\t\t\t\t  <\/div>\n\t\t\t\t\t\t\t\t\t  \n\t\t\t\t\t\t\t\t   <span class=\"yuzo__text--title\" style=\"font-size:13px;\">Movimentos populares retomam o Est\u00e1gio Interdiscip...<\/span>\n\t\t\t\t\t\t\t  \n\t\t\t\t\t\t\t  \n\t\t\t\t\t\t\t  <\/a>\n\n\t\t\t\t\t\t  <\/div>\n\t\t\t\t\t\t  <div class=\"relatedthumb \" style=\"width:125px;float:left;overflow:hidden;\">  \n\t\t\t\t\t\t\t  \n\t\t\t\t\t\t\t  <a  href=\"https:\/\/www.pragmatismopolitico.com.br\/2025\/09\/quando-reajuste-plano-saude-considerado-abusivo-especialista.html\"  >\n\t\t\t\t\t\t\t\t\t  <div class=\"yuzo-img-wrap \" style=\"width: 125px;height:90px;\">\n\t\t\t\t\t\t\t\t\t\t\n\t\t\t\t\t\t\t\t\t\t<div class=\"yuzo-img\" style=\"background:url('https:\/\/www.pragmatismopolitico.com.br\/wp-content\/uploads\/2025\/09\/quando-reajuste-plano-saude-considerado-abusivo-especialista.jpg') 50% 50% no-repeat;width: 125px;height:90px;margin-bottom: 5px;background-size: cover; \"><\/div>\n\t\t\t\t\t\t\t\t\t  <\/div>\n\t\t\t\t\t\t\t\t\t  \n\t\t\t\t\t\t\t\t   <span class=\"yuzo__text--title\" style=\"font-size:13px;\">Quando o reajuste do plano de sa\u00fade \u00e9 considerado ...<\/span>\n\t\t\t\t\t\t\t  \n\t\t\t\t\t\t\t  \n\t\t\t\t\t\t\t  <\/a>\n\n\t\t\t\t\t\t  <\/div>\n\t\t\t\t\t\t  <div class=\"relatedthumb \" style=\"width:125px;float:left;overflow:hidden;\">  \n\t\t\t\t\t\t\t  \n\t\t\t\t\t\t\t  <a  href=\"https:\/\/redept.com.br\/blogosfera\/votem-com-o-governo-ou-saiam-da-base-diz-geisi-apos-fracasso-em-votacao-chave-no-congresso\/\"  >\n\t\t\t\t\t\t\t\t\t  <div class=\"yuzo-img-wrap \" style=\"width: 125px;height:90px;\">\n\t\t\t\t\t\t\t\t\t\t\n\t\t\t\t\t\t\t\t\t\t<div class=\"yuzo-img\" style=\"background:url('https:\/\/redept.org\/blogosfera\/wp-content\/plugins\/yuzo-related-post\/assets\/images\/default.png') 50% 50% no-repeat;width: 125px;height:90px;margin-bottom: 5px;background-size: cover; \"><\/div>\n\t\t\t\t\t\t\t\t\t  <\/div>\n\t\t\t\t\t\t\t\t\t  \n\t\t\t\t\t\t\t\t   <span class=\"yuzo__text--title\" style=\"font-size:13px;\">\u201cVotem com o Governo ou saiam da base\u201d, diz Geisi ...<\/span>\n\t\t\t\t\t\t\t  \n\t\t\t\t\t\t\t  \n\t\t\t\t\t\t\t  <\/a>\n\n\t\t\t\t\t\t  <\/div>\n<\/div> <script>\n\t\t\t\t\t\t  jQuery(document).ready(function( $ ){\n\t\t\t\t\t\t\t\/\/jQuery('.yuzo_related_post').equalizer({ overflow : 'relatedthumb' });\n\t\t\t\t\t\t\tjQuery('.yuzo_related_post .yuzo_wraps').equalizer({ columns : '> div' });\n\t\t\t\t\t\t   })\n\t\t\t\t\t\t  <\/script> <!-- End Yuzo :) -->","protected":false},"excerpt":{"rendered":"<p>O deputado federal M\u00e1rcio Jerry (PCdoB-MA), vice-l\u00edder do Governo na C\u00e2mara, participou nesta ter\u00e7a-feira (4) de debates e escutas p\u00fablicas em S\u00e3o Lu\u00eds sobre a PEC 27\/2024, ao lado da presidenta da Comiss\u00e3o Especial, Benedita da Silva (PT-RJ); do relator da mat\u00e9ria, Orlando Silva (PCdoB-SP); e dos deputados Josivaldo JP (PSD-MA) e Tal\u00edria Petrone (PSOL-RJ). [&hellip;]<\/p>\n","protected":false},"author":2,"featured_media":0,"comment_status":"open","ping_status":"closed","sticky":false,"template":"","format":"standard","meta":{"fifu_image_url":"","fifu_image_alt":"","footnotes":""},"categories":[307,28338,301,653,28339],"tags":[],"class_list":["post-62321","post","type-post","status-publish","format-standard","hentry","category-direitos-humanos","category-fundo-de-reparacao-economica-e-promocao-da-igualdade-racial","category-marcio-jerry","category-orlando-silva","category-pec-da-reparacao-economica"],"_links":{"self":[{"href":"https:\/\/redept.com.br\/blogosfera\/wp-json\/wp\/v2\/posts\/62321","targetHints":{"allow":["GET"]}}],"collection":[{"href":"https:\/\/redept.com.br\/blogosfera\/wp-json\/wp\/v2\/posts"}],"about":[{"href":"https:\/\/redept.com.br\/blogosfera\/wp-json\/wp\/v2\/types\/post"}],"author":[{"embeddable":true,"href":"https:\/\/redept.com.br\/blogosfera\/wp-json\/wp\/v2\/users\/2"}],"replies":[{"embeddable":true,"href":"https:\/\/redept.com.br\/blogosfera\/wp-json\/wp\/v2\/comments?post=62321"}],"version-history":[{"count":0,"href":"https:\/\/redept.com.br\/blogosfera\/wp-json\/wp\/v2\/posts\/62321\/revisions"}],"wp:attachment":[{"href":"https:\/\/redept.com.br\/blogosfera\/wp-json\/wp\/v2\/media?parent=62321"}],"wp:term":[{"taxonomy":"category","embeddable":true,"href":"https:\/\/redept.com.br\/blogosfera\/wp-json\/wp\/v2\/categories?post=62321"},{"taxonomy":"post_tag","embeddable":true,"href":"https:\/\/redept.com.br\/blogosfera\/wp-json\/wp\/v2\/tags?post=62321"}],"curies":[{"name":"wp","href":"https:\/\/api.w.org\/{rel}","templated":true}]}}