{"id":6262,"date":"2024-11-25T06:34:39","date_gmt":"2024-11-25T09:34:39","guid":{"rendered":"https:\/\/redept.org\/blogosfera\/nasce-a-ocupacao-da-mulher-trabalhadora-alexina-crespo-em-suzano\/"},"modified":"2024-11-25T06:34:39","modified_gmt":"2024-11-25T09:34:39","slug":"nasce-a-ocupacao-da-mulher-trabalhadora-alexina-crespo-em-suzano","status":"publish","type":"post","link":"https:\/\/redept.com.br\/blogosfera\/nasce-a-ocupacao-da-mulher-trabalhadora-alexina-crespo-em-suzano\/","title":{"rendered":"Nasce a Ocupa\u00e7\u00e3o da Mulher Trabalhadora Alexina Crespo em Suzano"},"content":{"rendered":"<div>\n<p><b>No dia 25 de novembro, Dia Internacional de Combate \u00e0 Viol\u00eancia Contra a Mulher, Movimento de Mulheres Olga Benario constr\u00f3i a Ocupa\u00e7\u00e3o Alexina Crespo, sua primeira casa de refer\u00eancia na regi\u00e3o do Alto Tiet\u00ea, em S\u00e3o Paulo<\/b><\/p>\n<p><strong>Nathalia Vergara | Suzano (SP)<\/strong><\/p>\n<hr>\n<p>No Dia Internacional de Combate \u00e0 Viol\u00eancia Contra a Mulher, 25 de novembro, nasce a Casa da Mulher Trabalhadora Alexina Crespo, em Suzano (SP). A primeira ocupa\u00e7\u00e3o de mulheres do Movimento de Mulheres Olga Benario na regi\u00e3o do Alto Tiet\u00ea <a href=\"https:\/\/www.instagram.com\/p\/DCyaZrKO9Sl\/?igsh=MWs2dDZudnI0bTM5dg%253D%253D\">surgiu em um ato<\/a> de den\u00fancia \u00e0 viol\u00eancia contra as mulheres na regi\u00e3o e a falta de pol\u00edticas p\u00fablicas e amparo da prefeitura de Suzano. A cidade tamb\u00e9m \u00e9 marcada pela aus\u00eancia de uma Delegacia da Mulher que funcione 24 horas, deixando as mulheres sem qualquer suporte.<\/p>\n<p>O im\u00f3vel estava vazio e sem cumprir qualquer fun\u00e7\u00e3o social h\u00e1 anos e, a partir de hoje, ser\u00e1 utilizado como uma casa de refer\u00eancia para atender, acolher e organizar mulheres em situa\u00e7\u00e3o de vulnerabilidade e v\u00edtimas de viol\u00eancia.<\/p>\n<p>Mesmo com a subnotifica\u00e7\u00e3o de casos, o Alto Tiet\u00ea \u00e9 uma das regi\u00f5es com um dos maiores \u00edndices de feminic\u00eddio do Estado. Segundo dados da Secretaria Estadual de Seguran\u00e7a P\u00fablica de S\u00e3o Paulo (SSP), a regi\u00e3o registra, em m\u00e9dia, cinco casos ao ano. Al\u00e9m disso, somente em 2024 houve um crescimento de 14% de casos de estupros, acometendo, principalmente, mulheres negras e perif\u00e9ricas.<\/p>\n<p>De acordo com Camylla Valadares, umas das coordenadoras da casa, em meio aumento de casos de viol\u00eancia contra a mulher, a funda\u00e7\u00e3o da nova casa de refer\u00eancia \u00e9 essencial na luta pela vida das mulheres em toda a regi\u00e3o.<\/p>\n<h4><strong>Alexina Crespo, presente!<\/strong><\/h4>\n<p>Homenageada no nome da casa, Alexina Crespo representa a luta de todas as mulheres que ousaram se destacar na pol\u00edtica, em defesa dos direitos da classe trabalhadora e do campesinato.<\/p>\n<p>Alexina Lins Cr\u00easpo de Paula foi uma importante guerrilheira das Ligas Camponesas. Desde 1955, exerceu cargos de lideran\u00e7a na Liga Camponesa do Engenho Galileia e, posteriormente, nas Ligas de Pernambuco, contribuindo na forma\u00e7\u00e3o pol\u00edtico-ideol\u00f3gica contra os latifundi\u00e1rios da regi\u00e3o e, posteriormente, contra os militares da Ditadura Militar.<\/p>\n<p>A guerrilheira conheceu figuras hist\u00f3ricas como Fidel e Che, em especial durante seu ex\u00edlio em 1963. Quando retornou ao Brasil, em 1980, deu continuidade \u00e0 luta pela Reforma Agr\u00e1ria e justi\u00e7a social, al\u00e9m de atuar ativamente na organiza\u00e7\u00e3o das mulheres, com a funda\u00e7\u00e3o da Associa\u00e7\u00e3o de Mulheres do Brasil.<\/p>\n<h4><strong>Pela vida das mulheres<\/strong><\/h4>\n<p>As casas de refer\u00eancia surgem como um espa\u00e7o de constru\u00e7\u00e3o coletiva e de resist\u00eancia das mulheres. Esses espa\u00e7os oferecem assist\u00eancia jur\u00eddica, psicol\u00f3gica e forma\u00e7\u00e3o, contribuindo para superar situa\u00e7\u00f5es de vulnerabilidade, e s\u00e3o de extrema import\u00e2ncia para preencher os v\u00e1cuos que o estado permite existir.<\/p>\n<p>O objetivo das <a href=\"https:\/\/averdade.org.br\/2024\/11\/nasce-a-ocupacao-da-mulher-operaria-alceri-gomes-em-sao-caetano-do-sul\/\">casas de refer\u00eancia<\/a> n\u00e3o \u00e9 substituir as a\u00e7\u00f5es ou tomar para si a responsabilidade do Estado, mas sim acolher e encaminhar mulheres que, ao sofrerem agress\u00f5es, necessitam sair o quanto antes dessa situa\u00e7\u00e3o, para que n\u00e3o se agrave a ponto de serem v\u00edtimas de feminic\u00eddio.<\/p>\n<p>A Casa da Mulher Trabalhadora Alexina Crespo surge para manter viva a mem\u00f3ria de Alexina e de tantas outras lutadoras que atuaram pela vida das mulheres. \u201cNossa ocupa\u00e7\u00e3o mant\u00e9m viva todas aquelas que foram mortas pelo \u00f3dio fomentado pela sociedade patriarcal e cobra uma resolu\u00e7\u00e3o dos casos que ainda n\u00e3o t\u00eam resposta por parte do poder p\u00fablico, deixando os assassinos sem a devida puni\u00e7\u00e3o\u201d, diz Camylla.<\/p>\n<p>\u201cQue a nossa casa possa ser uma refer\u00eancia \u00e0s mulheres do Alto Tiet\u00ea no que se refere a viver dignamente e a import\u00e2ncia de se organizar e lutar pela nossa emancipa\u00e7\u00e3o\u201d,\u00a0 refor\u00e7a a representante do Movimento Olga Benario.<\/p>\n<\/div>\n<!-- Begin Yuzo --><div class='yuzo_related_post style-1'  data-version='5.12.89'><!-- without result --><div class='yuzo_clearfixed yuzo__title yuzo__title'><h3>Related Post<\/h3><\/div>\n\t\t\t\t\t\t  <div class=\"relatedthumb \" style=\"width:125px;float:left;overflow:hidden;\">  \n\t\t\t\t\t\t\t  \n\t\t\t\t\t\t\t  <a  href=\"https:\/\/redept.com.br\/blogosfera\/tecnico-campeao-mundial-miguel-angelo-da-luz-vem-a-sp-para-lancar-biografia\/\"  >\n\t\t\t\t\t\t\t\t\t  <div class=\"yuzo-img-wrap \" style=\"width: 125px;height:90px;\">\n\t\t\t\t\t\t\t\t\t\t\n\t\t\t\t\t\t\t\t\t\t<div class=\"yuzo-img\" style=\"background:url('https:\/\/redept.org\/blogosfera\/wp-content\/plugins\/yuzo-related-post\/assets\/images\/default.png') 50% 50% no-repeat;width: 125px;height:90px;margin-bottom: 5px;background-size: cover; \"><\/div>\n\t\t\t\t\t\t\t\t\t  <\/div>\n\t\t\t\t\t\t\t\t\t  \n\t\t\t\t\t\t\t\t   <span class=\"yuzo__text--title\" style=\"font-size:13px;\">T\u00e9cnico campe\u00e3o mundial Miguel Angelo da Luz vem a...<\/span>\n\t\t\t\t\t\t\t  \n\t\t\t\t\t\t\t  \n\t\t\t\t\t\t\t  <\/a>\n\n\t\t\t\t\t\t  <\/div>\n\t\t\t\t\t\t  <div class=\"relatedthumb \" style=\"width:125px;float:left;overflow:hidden;\">  \n\t\t\t\t\t\t\t  \n\t\t\t\t\t\t\t  <a  href=\"https:\/\/redept.com.br\/blogosfera\/dia-mundial-da-educacao-relembre-programas-sociais-do-governo-lula-voltados-a-educacao\/\"  >\n\t\t\t\t\t\t\t\t\t  <div class=\"yuzo-img-wrap \" style=\"width: 125px;height:90px;\">\n\t\t\t\t\t\t\t\t\t\t\n\t\t\t\t\t\t\t\t\t\t<div class=\"yuzo-img\" style=\"background:url('https:\/\/redept.com.br\/blogosfera\/wp-content\/uploads\/2025\/04\/ensino-medio-mais-1-150x150.jpg') 50% 50% no-repeat;width: 125px;height:90px;margin-bottom: 5px;background-size: cover; \"><\/div>\n\t\t\t\t\t\t\t\t\t  <\/div>\n\t\t\t\t\t\t\t\t\t  \n\t\t\t\t\t\t\t\t   <span class=\"yuzo__text--title\" style=\"font-size:13px;\">Dia Mundial da Educa\u00e7\u00e3o: relembre programas sociai...<\/span>\n\t\t\t\t\t\t\t  \n\t\t\t\t\t\t\t  \n\t\t\t\t\t\t\t  <\/a>\n\n\t\t\t\t\t\t  <\/div>\n\t\t\t\t\t\t  <div class=\"relatedthumb \" style=\"width:125px;float:left;overflow:hidden;\">  \n\t\t\t\t\t\t\t  \n\t\t\t\t\t\t\t  <a  href=\"https:\/\/redept.com.br\/blogosfera\/caso-eldorado-do-carajas-espera-ha-30-anos-por-decisao-da-comissao-interamericana-de-direitos-humanos\/\"  >\n\t\t\t\t\t\t\t\t\t  <div class=\"yuzo-img-wrap \" style=\"width: 125px;height:90px;\">\n\t\t\t\t\t\t\t\t\t\t\n\t\t\t\t\t\t\t\t\t\t<div class=\"yuzo-img\" style=\"background:url('https:\/\/redept.org\/blogosfera\/wp-content\/plugins\/yuzo-related-post\/assets\/images\/default.png') 50% 50% no-repeat;width: 125px;height:90px;margin-bottom: 5px;background-size: cover; \"><\/div>\n\t\t\t\t\t\t\t\t\t  <\/div>\n\t\t\t\t\t\t\t\t\t  \n\t\t\t\t\t\t\t\t   <span class=\"yuzo__text--title\" style=\"font-size:13px;\">Caso Eldorado do Caraj\u00e1s espera h\u00e1 30 anos por dec...<\/span>\n\t\t\t\t\t\t\t  \n\t\t\t\t\t\t\t  \n\t\t\t\t\t\t\t  <\/a>\n\n\t\t\t\t\t\t  <\/div>\n\t\t\t\t\t\t  <div class=\"relatedthumb \" style=\"width:125px;float:left;overflow:hidden;\">  \n\t\t\t\t\t\t\t  \n\t\t\t\t\t\t\t  <a  href=\"https:\/\/redept.com.br\/blogosfera\/5-deputados-da-paraiba-votam-a-favor-da-criacao-de-200-cargos-no-stf-dois-votaram-contra\/\"  >\n\t\t\t\t\t\t\t\t\t  <div class=\"yuzo-img-wrap \" style=\"width: 125px;height:90px;\">\n\t\t\t\t\t\t\t\t\t\t\n\t\t\t\t\t\t\t\t\t\t<div class=\"yuzo-img\" style=\"background:url('https:\/\/redept.org\/blogosfera\/wp-content\/plugins\/yuzo-related-post\/assets\/images\/default.png') 50% 50% no-repeat;width: 125px;height:90px;margin-bottom: 5px;background-size: cover; \"><\/div>\n\t\t\t\t\t\t\t\t\t  <\/div>\n\t\t\t\t\t\t\t\t\t  \n\t\t\t\t\t\t\t\t   <span class=\"yuzo__text--title\" style=\"font-size:13px;\">5 deputados da Para\u00edba votam a favor da cria\u00e7\u00e3o de...<\/span>\n\t\t\t\t\t\t\t  \n\t\t\t\t\t\t\t  \n\t\t\t\t\t\t\t  <\/a>\n\n\t\t\t\t\t\t  <\/div>\n<\/div> <script>\n\t\t\t\t\t\t  jQuery(document).ready(function( $ ){\n\t\t\t\t\t\t\t\/\/jQuery('.yuzo_related_post').equalizer({ overflow : 'relatedthumb' });\n\t\t\t\t\t\t\tjQuery('.yuzo_related_post .yuzo_wraps').equalizer({ columns : '> div' });\n\t\t\t\t\t\t   })\n\t\t\t\t\t\t  <\/script> <!-- End Yuzo :) -->","protected":false},"excerpt":{"rendered":"<p>No dia 25 de novembro, Dia Internacional de Combate \u00e0 Viol\u00eancia Contra a Mulher, Movimento de Mulheres Olga Benario constr\u00f3i a Ocupa\u00e7\u00e3o Alexina Crespo, sua primeira casa de refer\u00eancia na regi\u00e3o do Alto Tiet\u00ea, em S\u00e3o Paulo Nathalia Vergara | Suzano (SP) No Dia Internacional de Combate \u00e0 Viol\u00eancia Contra a Mulher, 25 de novembro, [&hellip;]<\/p>\n","protected":false},"author":2,"featured_media":0,"comment_status":"open","ping_status":"closed","sticky":false,"template":"","format":"standard","meta":{"fifu_image_url":"","fifu_image_alt":"","footnotes":""},"categories":[2254,2255,2256,93,369,82,29,2257,51],"tags":[],"class_list":["post-6262","post","type-post","status-publish","format-standard","hentry","category-alexina-crespo","category-alto-tiete","category-casa-da-mulher-trabalhadora-alexina-crespo","category-destaques","category-movimento-de-mulheres-olga-benario","category-mulheres","category-sao-paulo","category-suzano","category-ultimas-noticias"],"_links":{"self":[{"href":"https:\/\/redept.com.br\/blogosfera\/wp-json\/wp\/v2\/posts\/6262","targetHints":{"allow":["GET"]}}],"collection":[{"href":"https:\/\/redept.com.br\/blogosfera\/wp-json\/wp\/v2\/posts"}],"about":[{"href":"https:\/\/redept.com.br\/blogosfera\/wp-json\/wp\/v2\/types\/post"}],"author":[{"embeddable":true,"href":"https:\/\/redept.com.br\/blogosfera\/wp-json\/wp\/v2\/users\/2"}],"replies":[{"embeddable":true,"href":"https:\/\/redept.com.br\/blogosfera\/wp-json\/wp\/v2\/comments?post=6262"}],"version-history":[{"count":0,"href":"https:\/\/redept.com.br\/blogosfera\/wp-json\/wp\/v2\/posts\/6262\/revisions"}],"wp:attachment":[{"href":"https:\/\/redept.com.br\/blogosfera\/wp-json\/wp\/v2\/media?parent=6262"}],"wp:term":[{"taxonomy":"category","embeddable":true,"href":"https:\/\/redept.com.br\/blogosfera\/wp-json\/wp\/v2\/categories?post=6262"},{"taxonomy":"post_tag","embeddable":true,"href":"https:\/\/redept.com.br\/blogosfera\/wp-json\/wp\/v2\/tags?post=6262"}],"curies":[{"name":"wp","href":"https:\/\/api.w.org\/{rel}","templated":true}]}}