{"id":62708,"date":"2025-11-06T13:16:48","date_gmt":"2025-11-06T16:16:48","guid":{"rendered":"https:\/\/redept.com.br\/blogosfera\/senado-adia-votacao-e-mantem-em-debate-taxacao-de-bets-bancos-e-fintechs\/"},"modified":"2025-11-06T13:16:48","modified_gmt":"2025-11-06T16:16:48","slug":"senado-adia-votacao-e-mantem-em-debate-taxacao-de-bets-bancos-e-fintechs","status":"publish","type":"post","link":"https:\/\/redept.com.br\/blogosfera\/senado-adia-votacao-e-mantem-em-debate-taxacao-de-bets-bancos-e-fintechs\/","title":{"rendered":"Senado adia vota\u00e7\u00e3o e mant\u00e9m em debate taxa\u00e7\u00e3o de bets, bancos e fintechs"},"content":{"rendered":"<p><img loading=\"lazy\" width=\"888\" height=\"592\"src=\"https:\/\/redept.com.br\/blogosfera\/wp-content\/uploads\/2025\/11\/eduardo-braga.webp\" alt=\"\" decoding=\"async\" loading=\"lazy\" srcset=\"https:\/\/redept.com.br\/blogosfera\/wp-content\/uploads\/2025\/11\/eduardo-braga.webp 888w, https:\/\/vermelho.org.br\/wp-content\/uploads\/2025\/11\/eduardo-braga-300x200.webp 300w, https:\/\/vermelho.org.br\/wp-content\/uploads\/2025\/11\/eduardo-braga-768x512.webp 768w, https:\/\/vermelho.org.br\/wp-content\/uploads\/2025\/11\/eduardo-braga-272x182.webp 272w\" sizes=\"auto, (max-width: 888px) 100vw, 888px\"><\/p>\n<p>O projeto que aumenta a tributa\u00e7\u00e3o sobre apostas esportivas, bancos e fintechs ser\u00e1 votado apenas no dia 18 pela Comiss\u00e3o de Assuntos Econ\u00f4micos (CAE) do Senado. A decis\u00e3o, anunciada pelo presidente do colegiado, Renan Calheiros (MDB-AL), ocorre ap\u00f3s pedido do Minist\u00e9rio da Fazenda para mais tempo de an\u00e1lise. \u201cA Fazenda pediu um tempo maior e eu combinei de fazer a vota\u00e7\u00e3o na outra ter\u00e7a-feira. Eles pediram um tempo a mais para discutir variados aspectos do projeto\u201d, explicou o senador.<\/p>\n<p>O relator da proposta, Eduardo Braga (MDB-AM), tem conduzido as negocia\u00e7\u00f5es com o ministro Fernando Haddad e o secret\u00e1rio da Receita Federal, Robinson Barreirinhas, em busca de consenso sobre o impacto fiscal e a viabilidade pol\u00edtica do texto. \u201cA conversa foi muito \u00f3tima. Eles t\u00eam umas provid\u00eancias a tomar. A bola agora est\u00e1 no p\u00e9 deles\u201d, declarou Braga ap\u00f3s a reuni\u00e3o com Haddad.<\/p>\n<p><strong>Impasse fiscal e articula\u00e7\u00e3o pol\u00edtica<\/strong><\/p>\n<p>A proposta de Renan Calheiros surgiu como forma de compensar a perda de arrecada\u00e7\u00e3o decorrente da isen\u00e7\u00e3o do Imposto de Renda para quem recebe at\u00e9 R$ 5 mil mensais \u2014 medida que o governo afirma ser fiscalmente neutra. No entanto, h\u00e1 receio entre parlamentares de que a eleva\u00e7\u00e3o de tributos sobre setores espec\u00edficos encontre resist\u00eancia no plen\u00e1rio. O texto retoma pontos de uma medida provis\u00f3ria que perdeu validade na C\u00e2mara, o que aumenta a cautela da base aliada.<\/p>\n<p>A ministra da Secretaria de Rela\u00e7\u00f5es Institucionais, Gleisi Hoffmann, confirmou que o governo segue negociando o conte\u00fado da proposta, enquanto o l\u00edder do PT na C\u00e2mara, Lindbergh Farias (RJ), apresentou um texto semelhante que poder\u00e1 ser apensado ao projeto de Renan.<\/p>\n<p><strong>Aumentos previstos<\/strong><\/p>\n<p>O texto de Calheiros dobra a al\u00edquota sobre as empresas de apostas, de 12% para 24%, e eleva a Contribui\u00e7\u00e3o Social sobre o Lucro L\u00edquido (CSLL) das institui\u00e7\u00f5es financeiras. No caso dos bancos e sociedades de cr\u00e9dito, o percentual sobe de 15% para 20%. J\u00e1 para fintechs, corretoras e distribuidoras de valores mobili\u00e1rios, o aumento \u00e9 de 9% para 15%.<\/p>\n<p>A expectativa \u00e9 que o governo apresente ajustes t\u00e9cnicos e pol\u00edticos antes da vota\u00e7\u00e3o na CAE, em tentativa de evitar desgaste com o Congresso e assegurar apoio \u00e0 reforma tribut\u00e1ria em tramita\u00e7\u00e3o.<\/p>\n<p>__<\/p>\n<p><em>com informa\u00e7\u00f5es de ag\u00eancias<\/em><\/p>\n<p>O post <a href=\"https:\/\/vermelho.org.br\/2025\/11\/06\/senado-adia-votacao-e-mantem-em-debate-taxacao-de-bets-bancos-e-fintechs\/\">Senado adia vota\u00e7\u00e3o e mant\u00e9m em debate taxa\u00e7\u00e3o de bets, bancos e fintechs<\/a> apareceu primeiro em <a href=\"https:\/\/vermelho.org.br\/\">Vermelho<\/a>.<\/p>\n<!-- Begin Yuzo --><div class='yuzo_related_post style-1'  data-version='5.12.89'><!-- without result --><div class='yuzo_clearfixed yuzo__title yuzo__title'><h3>Related Post<\/h3><\/div>\n\t\t\t\t\t\t  <div class=\"relatedthumb \" style=\"width:125px;float:left;overflow:hidden;\">  \n\t\t\t\t\t\t\t  \n\t\t\t\t\t\t\t  <a  href=\"https:\/\/redept.com.br\/blogosfera\/inscricoes-para-o-enem-dos-professores-comecam-em-14-de-julho\/\"  >\n\t\t\t\t\t\t\t\t\t  <div class=\"yuzo-img-wrap \" style=\"width: 125px;height:90px;\">\n\t\t\t\t\t\t\t\t\t\t\n\t\t\t\t\t\t\t\t\t\t<div class=\"yuzo-img\" style=\"background:url('https:\/\/redept.com.br\/blogosfera\/wp-content\/uploads\/2025\/06\/enem-dos-professores-prova-nacional-docente-150x150.jpg') 50% 50% no-repeat;width: 125px;height:90px;margin-bottom: 5px;background-size: cover; \"><\/div>\n\t\t\t\t\t\t\t\t\t  <\/div>\n\t\t\t\t\t\t\t\t\t  \n\t\t\t\t\t\t\t\t   <span class=\"yuzo__text--title\" style=\"font-size:13px;\">Inscri\u00e7\u00f5es para o Enem dos Professores come\u00e7am em ...<\/span>\n\t\t\t\t\t\t\t  \n\t\t\t\t\t\t\t  \n\t\t\t\t\t\t\t  <\/a>\n\n\t\t\t\t\t\t  <\/div>\n\t\t\t\t\t\t  <div class=\"relatedthumb \" style=\"width:125px;float:left;overflow:hidden;\">  \n\t\t\t\t\t\t\t  \n\t\t\t\t\t\t\t  <a  href=\"https:\/\/redept.com.br\/blogosfera\/em-mais-um-crime-de-guerra-israel-sequestra-barco-com-ajuda-humanitaria-para-gaza\/\"  >\n\t\t\t\t\t\t\t\t\t  <div class=\"yuzo-img-wrap \" style=\"width: 125px;height:90px;\">\n\t\t\t\t\t\t\t\t\t\t\n\t\t\t\t\t\t\t\t\t\t<div class=\"yuzo-img\" style=\"background:url('https:\/\/redept.com.br\/blogosfera\/wp-content\/uploads\/2025\/06\/bdf-20250609-012824-89cf6d-750x536-1-150x150.webp') 50% 50% no-repeat;width: 125px;height:90px;margin-bottom: 5px;background-size: cover; \"><\/div>\n\t\t\t\t\t\t\t\t\t  <\/div>\n\t\t\t\t\t\t\t\t\t  \n\t\t\t\t\t\t\t\t   <span class=\"yuzo__text--title\" style=\"font-size:13px;\">Em mais um crime de guerra, Israel sequestra barco...<\/span>\n\t\t\t\t\t\t\t  \n\t\t\t\t\t\t\t  \n\t\t\t\t\t\t\t  <\/a>\n\n\t\t\t\t\t\t  <\/div>\n\t\t\t\t\t\t  <div class=\"relatedthumb \" style=\"width:125px;float:left;overflow:hidden;\">  \n\t\t\t\t\t\t\t  \n\t\t\t\t\t\t\t  <a  href=\"https:\/\/redept.com.br\/blogosfera\/auxiliares-de-servicos-da-educacao-basica-de-mg-conquistam-direito-ao-salario-minimo\/\"  >\n\t\t\t\t\t\t\t\t\t  <div class=\"yuzo-img-wrap \" style=\"width: 125px;height:90px;\">\n\t\t\t\t\t\t\t\t\t\t\n\t\t\t\t\t\t\t\t\t\t<div class=\"yuzo-img\" style=\"background:url('https:\/\/redept.org\/blogosfera\/wp-content\/plugins\/yuzo-related-post\/assets\/images\/default.png') 50% 50% no-repeat;width: 125px;height:90px;margin-bottom: 5px;background-size: cover; \"><\/div>\n\t\t\t\t\t\t\t\t\t  <\/div>\n\t\t\t\t\t\t\t\t\t  \n\t\t\t\t\t\t\t\t   <span class=\"yuzo__text--title\" style=\"font-size:13px;\">Auxiliares de servi\u00e7os da educa\u00e7\u00e3o b\u00e1sica de MG co...<\/span>\n\t\t\t\t\t\t\t  \n\t\t\t\t\t\t\t  \n\t\t\t\t\t\t\t  <\/a>\n\n\t\t\t\t\t\t  <\/div>\n\t\t\t\t\t\t  <div class=\"relatedthumb \" style=\"width:125px;float:left;overflow:hidden;\">  \n\t\t\t\t\t\t\t  \n\t\t\t\t\t\t\t  <a  href=\"https:\/\/redept.com.br\/blogosfera\/privilegios-no-judiciario-marcam-desigualdade-social-no-brasil\/\"  >\n\t\t\t\t\t\t\t\t\t  <div class=\"yuzo-img-wrap \" style=\"width: 125px;height:90px;\">\n\t\t\t\t\t\t\t\t\t\t\n\t\t\t\t\t\t\t\t\t\t<div class=\"yuzo-img\" style=\"background:url('https:\/\/redept.com.br\/blogosfera\/wp-content\/uploads\/2025\/11\/stf_estatua-150x150.webp') 50% 50% no-repeat;width: 125px;height:90px;margin-bottom: 5px;background-size: cover; \"><\/div>\n\t\t\t\t\t\t\t\t\t  <\/div>\n\t\t\t\t\t\t\t\t\t  \n\t\t\t\t\t\t\t\t   <span class=\"yuzo__text--title\" style=\"font-size:13px;\">Privil\u00e9gios no Judici\u00e1rio marcam desigualdade soci...<\/span>\n\t\t\t\t\t\t\t  \n\t\t\t\t\t\t\t  \n\t\t\t\t\t\t\t  <\/a>\n\n\t\t\t\t\t\t  <\/div>\n<\/div> <script>\n\t\t\t\t\t\t  jQuery(document).ready(function( $ ){\n\t\t\t\t\t\t\t\/\/jQuery('.yuzo_related_post').equalizer({ overflow : 'relatedthumb' });\n\t\t\t\t\t\t\tjQuery('.yuzo_related_post .yuzo_wraps').equalizer({ columns : '> div' });\n\t\t\t\t\t\t   })\n\t\t\t\t\t\t  <\/script> <!-- End Yuzo :) -->","protected":false},"excerpt":{"rendered":"<p>O projeto que aumenta a tributa\u00e7\u00e3o sobre apostas esportivas, bancos e fintechs ser\u00e1 votado apenas no dia 18 pela Comiss\u00e3o de Assuntos Econ\u00f4micos (CAE) do Senado. A decis\u00e3o, anunciada pelo presidente do colegiado, Renan Calheiros (MDB-AL), ocorre ap\u00f3s pedido do Minist\u00e9rio da Fazenda para mais tempo de an\u00e1lise. \u201cA Fazenda pediu um tempo maior e [&hellip;]<\/p>\n","protected":false},"author":2,"featured_media":0,"comment_status":"open","ping_status":"closed","sticky":false,"template":"","format":"standard","meta":{"fifu_image_url":"","fifu_image_alt":"","footnotes":""},"categories":[2943,150,596,13645,16682,132,531,598],"tags":[],"class_list":["post-62708","post","type-post","status-publish","format-standard","hentry","category-apostas","category-bancos","category-bets","category-fazenda","category-fintechs","category-politica","category-senado","category-tributacao"],"_links":{"self":[{"href":"https:\/\/redept.com.br\/blogosfera\/wp-json\/wp\/v2\/posts\/62708","targetHints":{"allow":["GET"]}}],"collection":[{"href":"https:\/\/redept.com.br\/blogosfera\/wp-json\/wp\/v2\/posts"}],"about":[{"href":"https:\/\/redept.com.br\/blogosfera\/wp-json\/wp\/v2\/types\/post"}],"author":[{"embeddable":true,"href":"https:\/\/redept.com.br\/blogosfera\/wp-json\/wp\/v2\/users\/2"}],"replies":[{"embeddable":true,"href":"https:\/\/redept.com.br\/blogosfera\/wp-json\/wp\/v2\/comments?post=62708"}],"version-history":[{"count":0,"href":"https:\/\/redept.com.br\/blogosfera\/wp-json\/wp\/v2\/posts\/62708\/revisions"}],"wp:attachment":[{"href":"https:\/\/redept.com.br\/blogosfera\/wp-json\/wp\/v2\/media?parent=62708"}],"wp:term":[{"taxonomy":"category","embeddable":true,"href":"https:\/\/redept.com.br\/blogosfera\/wp-json\/wp\/v2\/categories?post=62708"},{"taxonomy":"post_tag","embeddable":true,"href":"https:\/\/redept.com.br\/blogosfera\/wp-json\/wp\/v2\/tags?post=62708"}],"curies":[{"name":"wp","href":"https:\/\/api.w.org\/{rel}","templated":true}]}}