{"id":62752,"date":"2025-11-06T16:10:24","date_gmt":"2025-11-06T19:10:24","guid":{"rendered":"https:\/\/redept.com.br\/blogosfera\/isencao-do-ir-deve-injetar-ate-r-30-bilhoes-na-economia-e-impulsionar-o-pib\/"},"modified":"2025-11-06T16:10:24","modified_gmt":"2025-11-06T19:10:24","slug":"isencao-do-ir-deve-injetar-ate-r-30-bilhoes-na-economia-e-impulsionar-o-pib","status":"publish","type":"post","link":"https:\/\/redept.com.br\/blogosfera\/isencao-do-ir-deve-injetar-ate-r-30-bilhoes-na-economia-e-impulsionar-o-pib\/","title":{"rendered":"Isen\u00e7\u00e3o do IR deve injetar at\u00e9 R$ 30 bilh\u00f5es na economia e impulsionar o PIB"},"content":{"rendered":"<p><img loading=\"lazy\" width=\"1024\" height=\"610\"src=\"https:\/\/redept.com.br\/blogosfera\/wp-content\/uploads\/2025\/11\/929a2be1-d68d-4d26-8188-fbdeaf8240a0.jpg\" alt=\"\" decoding=\"async\" loading=\"lazy\" srcset=\"https:\/\/vermelho.org.br\/wp-content\/uploads\/2025\/11\/929a2be1-d68d-4d26-8188-fbdeaf8240a0-1024x610.jpg 1024w, https:\/\/vermelho.org.br\/wp-content\/uploads\/2025\/11\/929a2be1-d68d-4d26-8188-fbdeaf8240a0-300x179.jpg 300w, https:\/\/vermelho.org.br\/wp-content\/uploads\/2025\/11\/929a2be1-d68d-4d26-8188-fbdeaf8240a0-768x458.jpg 768w, https:\/\/vermelho.org.br\/wp-content\/uploads\/2025\/11\/929a2be1-d68d-4d26-8188-fbdeaf8240a0-1536x915.jpg 1536w, https:\/\/redept.com.br\/blogosfera\/wp-content\/uploads\/2025\/11\/929a2be1-d68d-4d26-8188-fbdeaf8240a0.jpg 1626w\" sizes=\"auto, (max-width: 1024px) 100vw, 1024px\"><\/p>\n<p>A reforma do Imposto de Renda aprovada no Congresso deve impulsionar o PIB brasileiro entre 0,2 e 0,6 ponto percentual em 2026, segundo proje\u00e7\u00f5es de economistas e institui\u00e7\u00f5es financeiras. O efeito positivo vem principalmente da redu\u00e7\u00e3o de impostos para as faixas de menor renda, o que tende a ampliar o consumo e a circula\u00e7\u00e3o de recursos na economia. \u00c9 o que apurou reportagem da <em>Folha de S. Paulo<\/em> com economistas da FGV (Funda\u00e7\u00e3o Get\u00falio Vargas).<\/p>\n<p>O coordenador do Observat\u00f3rio de Pol\u00edtica Fiscal da FGV, Manoel Pires, estima que o impacto direto ser\u00e1 de R$ 28 bilh\u00f5es, ou cerca de 0,2 ponto percentual do PIB. \u201cOs contribuintes de renda mais baixa t\u00eam maior propens\u00e3o a consumir. O efeito l\u00edquido \u00e9 positivo, sem reduzir o investimento produtivo\u201d, afirmou.<\/p>\n<p><strong>Efeito distributivo e est\u00edmulo ao consumo<\/strong><\/p>\n<p>A mudan\u00e7a isenta rendimentos de at\u00e9 R$ 5 mil mensais e cria descontos progressivos at\u00e9 R$ 7.350. Estima-se que 15 milh\u00f5es de brasileiros ser\u00e3o beneficiados, com al\u00edvio m\u00e9dio mensal de R$ 250 a R$ 300 por contribuinte.<\/p>\n<p>Segundo Italo Franco, economista do Santander, \u201cessa troca entre quem ganha menos, que consome mais, e quem tem alta renda, que poupa mais, eleva a demanda interna\u201d. O banco projeta um impacto positivo de 0,25 ponto percentual no PIB, dentro de um crescimento esperado de 1,5% para 2026.<\/p>\n<p>Outros estudos chegam a n\u00fameros ainda mais otimistas: a MB Associados projeta at\u00e9 0,6 ponto percentual de alta adicional no PIB, caso 80% da renda extra seja direcionada ao consumo.<\/p>\n<p><strong>Medida favorece efici\u00eancia e competitividade<\/strong><\/p>\n<p>Durante audi\u00eancia no Senado, o economista S\u00e9rgio Gobetti, do Ipea, destacou que a reforma \u00e9 \u201cessencial para elevar a efici\u00eancia e a competitividade da economia brasileira\u201d. Ele criticou o modelo atual, que concentra a carga sobre empresas e isenta lucros e dividendos, estimulando planejamentos fiscais e regimes especiais.<\/p>\n<p>\u201cN\u00e3o se trata de punir o empreendedor. A tributa\u00e7\u00e3o m\u00ednima sobre altas rendas reduz distor\u00e7\u00f5es e torna o sistema mais justo\u201d, defendeu Gobetti.<\/p>\n<p>A nova taxa\u00e7\u00e3o sobre dividendos deve atingir cerca de 150 mil contribuintes de alta renda, que, segundo analistas, n\u00e3o devem alterar significativamente seu padr\u00e3o de consumo.<\/p>\n<p><strong>Um impulso com efeitos sociais e estruturais<\/strong><\/p>\n<p>Al\u00e9m de refor\u00e7ar o poder de compra da classe m\u00e9dia e baixa, a reforma representa um passo importante na reestrutura\u00e7\u00e3o do sistema tribut\u00e1rio brasileiro, considerado um dos mais regressivos do mundo.<\/p>\n<p>O auditor fiscal Marcelo Lettieri, do Sindifisco Nacional, resume o potencial da medida:<\/p>\n<p>\u201cParece pouco, mas um ganho de 0,3 ponto percentual no PIB \u00e9 enorme para uma pol\u00edtica \u00fanica. Estamos reduzindo tributos sobre quem consome quase toda a renda e cobrando de quem tem sobra para investir.\u201d<\/p>\n<p>Com efeito imediato no consumo e impacto limitado na infla\u00e7\u00e3o, a reforma do Imposto de Renda tende a aquecer a atividade econ\u00f4mica e estimular a confian\u00e7a \u2014 um raro exemplo de pol\u00edtica tribut\u00e1ria com efeito duplamente positivo: crescimento e equidade.<\/p>\n<p>O post <a href=\"https:\/\/vermelho.org.br\/2025\/11\/06\/reforma-do-ir-deve-injetar-ate-r-30-bilhoes-e-impulsionar-o-pib\/\">Isen\u00e7\u00e3o do IR deve injetar at\u00e9 R$ 30 bilh\u00f5es na economia e impulsionar o PIB<\/a> apareceu primeiro em <a href=\"https:\/\/vermelho.org.br\/\">Vermelho<\/a>.<\/p>\n<!-- Begin Yuzo --><div class='yuzo_related_post style-1'  data-version='5.12.89'><!-- without result --><div class='yuzo_clearfixed yuzo__title yuzo__title'><h3>Related Post<\/h3><\/div>\n\t\t\t\t\t\t  <div class=\"relatedthumb \" style=\"width:125px;float:left;overflow:hidden;\">  \n\t\t\t\t\t\t\t  \n\t\t\t\t\t\t\t  <a  href=\"https:\/\/redept.com.br\/blogosfera\/caixa-conclui-pagamento-da-parcela-de-maio-do-bolsa-familia\/\"  >\n\t\t\t\t\t\t\t\t\t  <div class=\"yuzo-img-wrap \" style=\"width: 125px;height:90px;\">\n\t\t\t\t\t\t\t\t\t\t\n\t\t\t\t\t\t\t\t\t\t<div class=\"yuzo-img\" style=\"background:url('https:\/\/redept.org\/blogosfera\/wp-content\/plugins\/yuzo-related-post\/assets\/images\/default.png') 50% 50% no-repeat;width: 125px;height:90px;margin-bottom: 5px;background-size: cover; \"><\/div>\n\t\t\t\t\t\t\t\t\t  <\/div>\n\t\t\t\t\t\t\t\t\t  \n\t\t\t\t\t\t\t\t   <span class=\"yuzo__text--title\" style=\"font-size:13px;\">Caixa conclui pagamento da parcela de maio do Bols...<\/span>\n\t\t\t\t\t\t\t  \n\t\t\t\t\t\t\t  \n\t\t\t\t\t\t\t  <\/a>\n\n\t\t\t\t\t\t  <\/div>\n\t\t\t\t\t\t  <div class=\"relatedthumb \" style=\"width:125px;float:left;overflow:hidden;\">  \n\t\t\t\t\t\t\t  \n\t\t\t\t\t\t\t  <a  href=\"https:\/\/redept.com.br\/blogosfera\/uma-brasileira-numa-vila-maoista\/\"  >\n\t\t\t\t\t\t\t\t\t  <div class=\"yuzo-img-wrap \" style=\"width: 125px;height:90px;\">\n\t\t\t\t\t\t\t\t\t\t\n\t\t\t\t\t\t\t\t\t\t<div class=\"yuzo-img\" style=\"background:url('https:\/\/redept.com.br\/blogosfera\/wp-content\/uploads\/2026\/06\/photo_5031051208398933090_w-150x150.jpg') 50% 50% no-repeat;width: 125px;height:90px;margin-bottom: 5px;background-size: cover; \"><\/div>\n\t\t\t\t\t\t\t\t\t  <\/div>\n\t\t\t\t\t\t\t\t\t  \n\t\t\t\t\t\t\t\t   <span class=\"yuzo__text--title\" style=\"font-size:13px;\">Uma brasileira numa vila mao\u00edsta<\/span>\n\t\t\t\t\t\t\t  \n\t\t\t\t\t\t\t  \n\t\t\t\t\t\t\t  <\/a>\n\n\t\t\t\t\t\t  <\/div>\n\t\t\t\t\t\t  <div class=\"relatedthumb \" style=\"width:125px;float:left;overflow:hidden;\">  \n\t\t\t\t\t\t\t  \n\t\t\t\t\t\t\t  <a  href=\"https:\/\/redept.com.br\/blogosfera\/espetaculo-amazonense-que-celebra-culturas-latino-americanas-estreia-pela-primeira-vez-no-sul\/\"  >\n\t\t\t\t\t\t\t\t\t  <div class=\"yuzo-img-wrap \" style=\"width: 125px;height:90px;\">\n\t\t\t\t\t\t\t\t\t\t\n\t\t\t\t\t\t\t\t\t\t<div class=\"yuzo-img\" style=\"background:url('https:\/\/redept.com.br\/blogosfera\/wp-content\/uploads\/2025\/05\/Hamylle-Nobre-1-150x150.jpeg') 50% 50% no-repeat;width: 125px;height:90px;margin-bottom: 5px;background-size: cover; \"><\/div>\n\t\t\t\t\t\t\t\t\t  <\/div>\n\t\t\t\t\t\t\t\t\t  \n\t\t\t\t\t\t\t\t   <span class=\"yuzo__text--title\" style=\"font-size:13px;\">Espet\u00e1culo amazonense que celebra culturas latino-...<\/span>\n\t\t\t\t\t\t\t  \n\t\t\t\t\t\t\t  \n\t\t\t\t\t\t\t  <\/a>\n\n\t\t\t\t\t\t  <\/div>\n\t\t\t\t\t\t  <div class=\"relatedthumb \" style=\"width:125px;float:left;overflow:hidden;\">  \n\t\t\t\t\t\t\t  \n\t\t\t\t\t\t\t  <a  href=\"https:\/\/redept.com.br\/blogosfera\/representantes-de-china-e-estados-unidos-se-reunem-para-debater-tarifaco\/\"  >\n\t\t\t\t\t\t\t\t\t  <div class=\"yuzo-img-wrap \" style=\"width: 125px;height:90px;\">\n\t\t\t\t\t\t\t\t\t\t\n\t\t\t\t\t\t\t\t\t\t<div class=\"yuzo-img\" style=\"background:url('https:\/\/redept.com.br\/blogosfera\/wp-content\/uploads\/2025\/05\/china-eua-150x150.jpg') 50% 50% no-repeat;width: 125px;height:90px;margin-bottom: 5px;background-size: cover; \"><\/div>\n\t\t\t\t\t\t\t\t\t  <\/div>\n\t\t\t\t\t\t\t\t\t  \n\t\t\t\t\t\t\t\t   <span class=\"yuzo__text--title\" style=\"font-size:13px;\">Representantes de China e Estados Unidos se re\u00fanem...<\/span>\n\t\t\t\t\t\t\t  \n\t\t\t\t\t\t\t  \n\t\t\t\t\t\t\t  <\/a>\n\n\t\t\t\t\t\t  <\/div>\n<\/div> <script>\n\t\t\t\t\t\t  jQuery(document).ready(function( $ ){\n\t\t\t\t\t\t\t\/\/jQuery('.yuzo_related_post').equalizer({ overflow : 'relatedthumb' });\n\t\t\t\t\t\t\tjQuery('.yuzo_related_post .yuzo_wraps').equalizer({ columns : '> div' });\n\t\t\t\t\t\t   })\n\t\t\t\t\t\t  <\/script> <!-- End Yuzo :) -->","protected":false},"excerpt":{"rendered":"<p>A reforma do Imposto de Renda aprovada no Congresso deve impulsionar o PIB brasileiro entre 0,2 e 0,6 ponto percentual em 2026, segundo proje\u00e7\u00f5es de economistas e institui\u00e7\u00f5es financeiras. O efeito positivo vem principalmente da redu\u00e7\u00e3o de impostos para as faixas de menor renda, o que tende a ampliar o consumo e a circula\u00e7\u00e3o de [&hellip;]<\/p>\n","protected":false},"author":2,"featured_media":0,"comment_status":"open","ping_status":"closed","sticky":false,"template":"","format":"standard","meta":{"fifu_image_url":"","fifu_image_alt":"","footnotes":""},"categories":[1767,221,3581,1159,28681,578,28682,8967],"tags":[],"class_list":["post-62752","post","type-post","status-publish","format-standard","hentry","category-comercio","category-economia","category-isencao-de-ir","category-justica-tributaria","category-mercado-de-consumo","category-pib","category-reforma-do-imposto-de-renda","category-taxacao-de-super-ricos"],"_links":{"self":[{"href":"https:\/\/redept.com.br\/blogosfera\/wp-json\/wp\/v2\/posts\/62752","targetHints":{"allow":["GET"]}}],"collection":[{"href":"https:\/\/redept.com.br\/blogosfera\/wp-json\/wp\/v2\/posts"}],"about":[{"href":"https:\/\/redept.com.br\/blogosfera\/wp-json\/wp\/v2\/types\/post"}],"author":[{"embeddable":true,"href":"https:\/\/redept.com.br\/blogosfera\/wp-json\/wp\/v2\/users\/2"}],"replies":[{"embeddable":true,"href":"https:\/\/redept.com.br\/blogosfera\/wp-json\/wp\/v2\/comments?post=62752"}],"version-history":[{"count":0,"href":"https:\/\/redept.com.br\/blogosfera\/wp-json\/wp\/v2\/posts\/62752\/revisions"}],"wp:attachment":[{"href":"https:\/\/redept.com.br\/blogosfera\/wp-json\/wp\/v2\/media?parent=62752"}],"wp:term":[{"taxonomy":"category","embeddable":true,"href":"https:\/\/redept.com.br\/blogosfera\/wp-json\/wp\/v2\/categories?post=62752"},{"taxonomy":"post_tag","embeddable":true,"href":"https:\/\/redept.com.br\/blogosfera\/wp-json\/wp\/v2\/tags?post=62752"}],"curies":[{"name":"wp","href":"https:\/\/api.w.org\/{rel}","templated":true}]}}