{"id":62804,"date":"2025-11-06T17:16:33","date_gmt":"2025-11-06T20:16:33","guid":{"rendered":"https:\/\/redept.com.br\/blogosfera\/lula-cobra-na-cupula-de-lideres-da-cop30-urgencia-no-enfrentamento-climatico\/"},"modified":"2025-11-06T17:16:33","modified_gmt":"2025-11-06T20:16:33","slug":"lula-cobra-na-cupula-de-lideres-da-cop30-urgencia-no-enfrentamento-climatico","status":"publish","type":"post","link":"https:\/\/redept.com.br\/blogosfera\/lula-cobra-na-cupula-de-lideres-da-cop30-urgencia-no-enfrentamento-climatico\/","title":{"rendered":"Lula cobra na C\u00fapula de L\u00edderes da COP30 urg\u00eancia no enfrentamento clim\u00e1tico"},"content":{"rendered":"<p><img loading=\"lazy\" width=\"929\" height=\"629\"src=\"https:\/\/redept.com.br\/blogosfera\/wp-content\/uploads\/2025\/11\/COP30-abertura.jpg\" alt=\"\" decoding=\"async\" loading=\"lazy\" srcset=\"https:\/\/redept.com.br\/blogosfera\/wp-content\/uploads\/2025\/11\/COP30-abertura.jpg 929w, https:\/\/vermelho.org.br\/wp-content\/uploads\/2025\/11\/COP30-abertura-300x203.jpg 300w, https:\/\/vermelho.org.br\/wp-content\/uploads\/2025\/11\/COP30-abertura-768x520.jpg 768w\" sizes=\"auto, (max-width: 929px) 100vw, 929px\"><\/p>\n<p>O presidente Luiz In\u00e1cio Lula da Silva disse nesta quinta-feira (6), em Bel\u00e9m (PA), durante a abertura da C\u00fapula dos L\u00edderes da COP30, que o momento \u00e9 de \u201clevar a s\u00e9rio os alertas da ci\u00eancia\u201d.<\/p>\n<p>\u201c\u00c9 hora de encarar a realidade e decidir se teremos ou n\u00e3o a coragem e a determina\u00e7\u00e3o necess\u00e1rias para transform\u00e1-la\u201d, afirma o presidente, para quem as converg\u00eancias j\u00e1 s\u00e3o conhecidas e as diverg\u00eancias precisam ser enfrentadas.<\/p>\n<p>O evento, que ser\u00e1 aberto oficialmente na segunda-feira (10), foi classificado por Lula como a \u201cCOP da Verdade\u201d.<\/p>\n<p>Apesar dos avan\u00e7os do Acordo de Paris, que completar\u00e1 10 anos, o presidente alerta para o fato de que o planeta caminha para ser 2,5\u00b0C mais quente at\u00e9 2100, o que est\u00e1 muito al\u00e9m do objetivo de 1,5\u00b0C.<\/p>\n<p>\u201cMais de 250 mil pessoas poder\u00e3o morrer a cada ano. O PIB global pode encolher at\u00e9 30%. Por isso, a COP30 ser\u00e1 a COP da verdade\u201d, refor\u00e7a.<\/p>\n<p>Leia mais: <a href=\"https:\/\/vermelho.org.br\/2025\/11\/03\/lula-decreta-glo-em-belem-pa-durante-a-cop30\/\">Lula decreta GLO em Bel\u00e9m (PA) durante a COP30<\/a><\/p>\n<p>\u201cEstou convencido de que, apesar das nossas dificuldades e contradi\u00e7\u00f5es, precisamos de mapas do caminho para, de forma justa e planejada, reverter o desmatamento, superar a depend\u00eancia dos combust\u00edveis f\u00f3sseis e mobilizar os recursos necess\u00e1rios para esses objetivos\u201d, defende.<\/p>\n<p>Para ele, a agenda clim\u00e1tica deve ocupar lugar central nas discuss\u00f5es em todos os n\u00edveis do cen\u00e1rio internacional.<\/p>\n<p>No Brasil, diz o presidente, a COP30 ser\u00e1 o ponto culminante de um caminho pavimentado ao longo das presid\u00eancias do G20 e do BRICS.<\/p>\n<p>\u201cNo G20, colocamos na mesma mesa os minist\u00e9rios de meio ambiente e de finan\u00e7as das 20 economias que respondem por cerca de 80% das emiss\u00f5es globais. No BRICS, reafirmamos a centralidade do financiamento clim\u00e1tico, da capacita\u00e7\u00e3o e da transfer\u00eancia de tecnologias\u201d, lembra.<\/p>\n<p>Desse modo, o presidente conclama que o assunto tamb\u00e9m esteja no \u201ccentro das decis\u00f5es de cada governo, de cada empresa, de cada pessoa\u201d.<\/p>\n<p>\u201cA participa\u00e7\u00e3o da sociedade civil e o engajamento de governos subnacionais ser\u00e1 crucial. Acelerar a transi\u00e7\u00e3o energ\u00e9tica e proteger a natureza s\u00e3o as duas maneiras mais efetivas de conter o aquecimento global\u201d, prop\u00f5e.<\/p>\n<p>Disse que a justi\u00e7a clim\u00e1tica \u00e9 aliada do combate \u00e0 fome e \u00e0 pobreza, da luta contra o racismo, da igualdade de g\u00eanero e da promo\u00e7\u00e3o de uma governan\u00e7a global mais representativa e inclusiva.<\/p>\n<p>Lula afirma ainda que o avan\u00e7o depende da supera\u00e7\u00e3o de dois grandes descompassos. \u201cO primeiro \u00e9 a desconex\u00e3o entre os sal\u00f5es diplom\u00e1ticos e o mundo real. As pessoas podem n\u00e3o entender o que s\u00e3o emiss\u00f5es ou toneladas m\u00e9tricas de carbono, mas sentem a polui\u00e7\u00e3o. Podem n\u00e3o compreender o que s\u00e3o sumidouros de carbono ou reguladores clim\u00e1ticos, mas reconhecem o valor das florestas e dos oceanos\u201d, argumenta.<\/p>\n<p>De acordo com o ele, o segundo descompasso \u00e9 o descasamento entre o contexto geopol\u00edtico e a urg\u00eancia clim\u00e1tica.<\/p>\n<p>\u201cFor\u00e7as extremistas fabricam inverdades para obter ganhos eleitorais e aprisionar as gera\u00e7\u00f5es futuras a um modelo ultrapassado que perpetua disparidades sociais e econ\u00f4micas e degrada\u00e7\u00e3o ambiental. Rivalidades estrat\u00e9gicas e conflitos armados desviam a aten\u00e7\u00e3o e drenam os recursos que deveriam ser canalizados para o enfrentamento do aquecimento global\u201d, critica.<\/p>\n<p><strong>Bel\u00e9m<\/strong><\/p>\n<p>O presidente destaca o simbolismo da realiza\u00e7\u00e3o da COP na Amaz\u00f4nia, a maior marca global da causa ambiental.<\/p>\n<p>\u201cHoje, os olhos do mundo se voltam para Bel\u00e9m com imensa expectativa. Pela primeira vez na hist\u00f3ria, uma COP do Clima ter\u00e1 lugar no cora\u00e7\u00e3o da Amaz\u00f4nia. No imagin\u00e1rio global, n\u00e3o h\u00e1 s\u00edmbolo maior da causa ambiental do que a floresta amaz\u00f4nica. Aqui correm os milhares de rios e igarap\u00e9s que conformam a maior bacia hidrogr\u00e1fica do planeta. Aqui habitam as milhares de esp\u00e9cies de plantas e animais que comp\u00f5em o bioma mais diverso da Terra. Aqui residem milh\u00f5es de pessoas e centenas de povos ind\u00edgenas, cujas vidas s\u00e3o atravessadas pelo falso dilema entre a prosperidade e a preserva\u00e7\u00e3o\u201d, discursa.<\/p>\n<p>O post <a href=\"https:\/\/vermelho.org.br\/2025\/11\/06\/lula-cobra-na-cupula-de-lideres-da-cop30-urgencia-no-enfrentamento-climatico\/\">Lula cobra na C\u00fapula de L\u00edderes da COP30 urg\u00eancia no enfrentamento clim\u00e1tico<\/a> apareceu primeiro em <a href=\"https:\/\/vermelho.org.br\/\">Vermelho<\/a>.<\/p>\n<!-- Begin Yuzo --><div class='yuzo_related_post style-1'  data-version='5.12.89'><!-- without result --><div class='yuzo_clearfixed yuzo__title yuzo__title'><h3>Related Post<\/h3><\/div>\n\t\t\t\t\t\t  <div class=\"relatedthumb \" style=\"width:125px;float:left;overflow:hidden;\">  \n\t\t\t\t\t\t\t  \n\t\t\t\t\t\t\t  <a  href=\"https:\/\/redept.com.br\/blogosfera\/mudancas-na-declaracao-do-imposto-de-renda-ampliam-promocao-de-justica-tributaria-no-pais\/\"  >\n\t\t\t\t\t\t\t\t\t  <div class=\"yuzo-img-wrap \" style=\"width: 125px;height:90px;\">\n\t\t\t\t\t\t\t\t\t\t\n\t\t\t\t\t\t\t\t\t\t<div class=\"yuzo-img\" style=\"background:url('https:\/\/redept.org\/blogosfera\/wp-content\/plugins\/yuzo-related-post\/assets\/images\/default.png') 50% 50% no-repeat;width: 125px;height:90px;margin-bottom: 5px;background-size: cover; \"><\/div>\n\t\t\t\t\t\t\t\t\t  <\/div>\n\t\t\t\t\t\t\t\t\t  \n\t\t\t\t\t\t\t\t   <span class=\"yuzo__text--title\" style=\"font-size:13px;\">Mudan\u00e7as na declara\u00e7\u00e3o do Imposto de Renda ampliam...<\/span>\n\t\t\t\t\t\t\t  \n\t\t\t\t\t\t\t  \n\t\t\t\t\t\t\t  <\/a>\n\n\t\t\t\t\t\t  <\/div>\n\t\t\t\t\t\t  <div class=\"relatedthumb \" style=\"width:125px;float:left;overflow:hidden;\">  \n\t\t\t\t\t\t\t  \n\t\t\t\t\t\t\t  <a  href=\"https:\/\/sul21.com.br\/noticias\/educacao\/2025\/10\/porto-alegre-pais-e-professores-se-mobilizam-contra-proposta-de-instalar-cameras-em-salas-de-aula\/\"  >\n\t\t\t\t\t\t\t\t\t  <div class=\"yuzo-img-wrap \" style=\"width: 125px;height:90px;\">\n\t\t\t\t\t\t\t\t\t\t\n\t\t\t\t\t\t\t\t\t\t<div class=\"yuzo-img\" style=\"background:url('https:\/\/redept.org\/blogosfera\/wp-content\/plugins\/yuzo-related-post\/assets\/images\/default.png') 50% 50% no-repeat;width: 125px;height:90px;margin-bottom: 5px;background-size: cover; \"><\/div>\n\t\t\t\t\t\t\t\t\t  <\/div>\n\t\t\t\t\t\t\t\t\t  \n\t\t\t\t\t\t\t\t   <span class=\"yuzo__text--title\" style=\"font-size:13px;\">Porto Alegre: pais e professores se mobilizam cont...<\/span>\n\t\t\t\t\t\t\t  \n\t\t\t\t\t\t\t  \n\t\t\t\t\t\t\t  <\/a>\n\n\t\t\t\t\t\t  <\/div>\n\t\t\t\t\t\t  <div class=\"relatedthumb \" style=\"width:125px;float:left;overflow:hidden;\">  \n\t\t\t\t\t\t\t  \n\t\t\t\t\t\t\t  <a  href=\"https:\/\/redept.com.br\/blogosfera\/ong-autora-da-1o-denuncia-pela-lei-maria-da-penha-em-pe-realiza-seminario-sobre-a-legislacao\/\"  >\n\t\t\t\t\t\t\t\t\t  <div class=\"yuzo-img-wrap \" style=\"width: 125px;height:90px;\">\n\t\t\t\t\t\t\t\t\t\t\n\t\t\t\t\t\t\t\t\t\t<div class=\"yuzo-img\" style=\"background:url('https:\/\/redept.org\/blogosfera\/wp-content\/plugins\/yuzo-related-post\/assets\/images\/default.png') 50% 50% no-repeat;width: 125px;height:90px;margin-bottom: 5px;background-size: cover; \"><\/div>\n\t\t\t\t\t\t\t\t\t  <\/div>\n\t\t\t\t\t\t\t\t\t  \n\t\t\t\t\t\t\t\t   <span class=\"yuzo__text--title\" style=\"font-size:13px;\">ONG autora da 1\u00ba den\u00fancia pela Lei Maria da Penha ...<\/span>\n\t\t\t\t\t\t\t  \n\t\t\t\t\t\t\t  \n\t\t\t\t\t\t\t  <\/a>\n\n\t\t\t\t\t\t  <\/div>\n\t\t\t\t\t\t  <div class=\"relatedthumb \" style=\"width:125px;float:left;overflow:hidden;\">  \n\t\t\t\t\t\t\t  \n\t\t\t\t\t\t\t  <a  href=\"https:\/\/redept.com.br\/blogosfera\/medo-de-prisao-ou-tornozeleira-fez-bolsonaro-nao-ir-ao-stf-na-quarta\/\"  >\n\t\t\t\t\t\t\t\t\t  <div class=\"yuzo-img-wrap \" style=\"width: 125px;height:90px;\">\n\t\t\t\t\t\t\t\t\t\t\n\t\t\t\t\t\t\t\t\t\t<div class=\"yuzo-img\" style=\"background:url('https:\/\/redept.org\/blogosfera\/wp-content\/plugins\/yuzo-related-post\/assets\/images\/default.png') 50% 50% no-repeat;width: 125px;height:90px;margin-bottom: 5px;background-size: cover; \"><\/div>\n\t\t\t\t\t\t\t\t\t  <\/div>\n\t\t\t\t\t\t\t\t\t  \n\t\t\t\t\t\t\t\t   <span class=\"yuzo__text--title\" style=\"font-size:13px;\">Medo de pris\u00e3o ou tornozeleira fez Bolsonaro n\u00e3o i...<\/span>\n\t\t\t\t\t\t\t  \n\t\t\t\t\t\t\t  \n\t\t\t\t\t\t\t  <\/a>\n\n\t\t\t\t\t\t  <\/div>\n<\/div> <script>\n\t\t\t\t\t\t  jQuery(document).ready(function( $ ){\n\t\t\t\t\t\t\t\/\/jQuery('.yuzo_related_post').equalizer({ overflow : 'relatedthumb' });\n\t\t\t\t\t\t\tjQuery('.yuzo_related_post .yuzo_wraps').equalizer({ columns : '> div' });\n\t\t\t\t\t\t   })\n\t\t\t\t\t\t  <\/script> <!-- End Yuzo :) -->","protected":false},"excerpt":{"rendered":"<p>O presidente Luiz In\u00e1cio Lula da Silva disse nesta quinta-feira (6), em Bel\u00e9m (PA), durante a abertura da C\u00fapula dos L\u00edderes da COP30, que o momento \u00e9 de \u201clevar a s\u00e9rio os alertas da ci\u00eancia\u201d. \u201c\u00c9 hora de encarar a realidade e decidir se teremos ou n\u00e3o a coragem e a determina\u00e7\u00e3o necess\u00e1rias para transform\u00e1-la\u201d, [&hellip;]<\/p>\n","protected":false},"author":2,"featured_media":0,"comment_status":"open","ping_status":"closed","sticky":false,"template":"","format":"standard","meta":{"fifu_image_url":"","fifu_image_alt":"","footnotes":""},"categories":[3510,568,2519,28710,112,28711],"tags":[],"class_list":["post-62804","post","type-post","status-publish","format-standard","hentry","category-abertura","category-cop-30","category-cop30","category-cupula-de-lideres","category-lula","category-urgencia-climatica"],"_links":{"self":[{"href":"https:\/\/redept.com.br\/blogosfera\/wp-json\/wp\/v2\/posts\/62804","targetHints":{"allow":["GET"]}}],"collection":[{"href":"https:\/\/redept.com.br\/blogosfera\/wp-json\/wp\/v2\/posts"}],"about":[{"href":"https:\/\/redept.com.br\/blogosfera\/wp-json\/wp\/v2\/types\/post"}],"author":[{"embeddable":true,"href":"https:\/\/redept.com.br\/blogosfera\/wp-json\/wp\/v2\/users\/2"}],"replies":[{"embeddable":true,"href":"https:\/\/redept.com.br\/blogosfera\/wp-json\/wp\/v2\/comments?post=62804"}],"version-history":[{"count":0,"href":"https:\/\/redept.com.br\/blogosfera\/wp-json\/wp\/v2\/posts\/62804\/revisions"}],"wp:attachment":[{"href":"https:\/\/redept.com.br\/blogosfera\/wp-json\/wp\/v2\/media?parent=62804"}],"wp:term":[{"taxonomy":"category","embeddable":true,"href":"https:\/\/redept.com.br\/blogosfera\/wp-json\/wp\/v2\/categories?post=62804"},{"taxonomy":"post_tag","embeddable":true,"href":"https:\/\/redept.com.br\/blogosfera\/wp-json\/wp\/v2\/tags?post=62804"}],"curies":[{"name":"wp","href":"https:\/\/api.w.org\/{rel}","templated":true}]}}