{"id":62884,"date":"2025-11-06T15:20:00","date_gmt":"2025-11-06T18:20:00","guid":{"rendered":"https:\/\/redept.com.br\/blogosfera\/colonos-israelenses-vandalizam-oliveiras-e-atacam-colheita-palestina\/"},"modified":"2025-11-06T15:20:00","modified_gmt":"2025-11-06T18:20:00","slug":"colonos-israelenses-vandalizam-oliveiras-e-atacam-colheita-palestina","status":"publish","type":"post","link":"https:\/\/redept.com.br\/blogosfera\/colonos-israelenses-vandalizam-oliveiras-e-atacam-colheita-palestina\/","title":{"rendered":"Colonos israelenses vandalizam oliveiras e atacam colheita palestina"},"content":{"rendered":"<p>Tradicionalmente uma \u00e9poca festiva do ano, a colheita das oliveiras na Palestina e na Cisjord\u00e2nia ocupada \u00e9 considerado um per\u00edodo importante, tanto para a cultura quanto para o com\u00e9rcio local. No entanto, ela foi mais uma vez ofuscada por uma onda de ataques de colonos israelenses contra agricultores palestinos que tentavam cultivar suas terras.<\/p>\n<p>Desde o in\u00edcio desta temporada, o Escrit\u00f3rio das Na\u00e7\u00f5es Unidas para a Coordena\u00e7\u00e3o de Assuntos Humanit\u00e1rios (OCHA) documentou 126 ataques de colonos em 70 cidades e aldeias, interrompendo as atividades de colheita, ferindo aproximadamente 112 palestinos e vandalizando mais de 4.000 \u00e1rvores e mudas.<\/p>\n<p>O uso de t\u00e1ticas militares para causar danos ambientais \u00e9 proibido pelo direito internacional humanit\u00e1rio. De acordo com essa prote\u00e7\u00e3o, \u201cdurante conflitos armados, deve-se tomar o devido cuidado para proteger o meio ambiente natural de danos generalizados, de longo prazo e graves. Essa prote\u00e7\u00e3o inclui a proibi\u00e7\u00e3o do uso de m\u00e9todos ou meios de guerra que tenham a inten\u00e7\u00e3o ou a expectativa de causar tais danos ao meio ambiente natural, uma vez que esses danos podem colocar em risco a sa\u00fade ou a sobreviv\u00eancia da popula\u00e7\u00e3o\u201d.<\/p>\n<p>Nos anos que antecederam o in\u00edcio da guerra de Israel contra Gaza, em outubro de 2023, quase metade de todas as terras cultivadas na Cisjord\u00e2nia ocupada e na Faixa de Gaza estavam plantadas com cerca de 10 milh\u00f5es de oliveiras. Al\u00e9m de seu valor econ\u00f4mico, as oliveiras s\u00e3o consideradas patrim\u00f4nio: podem viver s\u00e9culos, muitas t\u00eam mais de 1.000 anos, enquanto algumas s\u00e3o consideradas mais antigas que 3.000 anos.<\/p>\n<p>Desde os Acordos de Oslo, Israel controla 60% da Cisjord\u00e2nia e exige que os palestinos apresentem uma \u201cpermiss\u00e3o emitida pelas autoridades israelenses\u201d para entrar na \u00e1rea. Os agricultores s\u00e3o obrigados a solicitar para acessar seus pr\u00f3prios olivais, entretanto, o sistema \u00e9 frequentemente arbitr\u00e1rio. Apesar de apresentarem documentos de propriedade e passarem por verifica\u00e7\u00f5es de \u201cseguran\u00e7a\u201d, a permiss\u00e3o geralmente \u00e9 emitida apenas para a pessoa cujo nome consta na escritura, sem que outros membros da fam\u00edlia tenham permiss\u00e3o para acessar a terra.<\/p>\n<p>Al\u00e9m disso, as permiss\u00f5es geralmente t\u00eam curta dura\u00e7\u00e3o, exigindo uma nova solicita\u00e7\u00e3o a cada vencimento, assim como n\u00e3o h\u00e1 garantia de que ser\u00e3o renovadas. De acordo com dados da ONU, quase metade dos pedidos de permiss\u00e3o s\u00e3o rejeitados.<\/p>\n<figure aria-describedby=\"caption-attachment-236965\"><img loading=\"lazy\" loading=\"lazy\" decoding=\"async\"src=\"https:\/\/redept.com.br\/blogosfera\/wp-content\/uploads\/2025\/11\/whatsapp-image-2025-10-26-at-82112-pm-3jpeg-825db6ef-0403-4ade-9d0a-519662e01435.jpeg\" alt=\"Moradores inspecionam oliveiras danificadas por colonos na vila de Al-Maniyeh, perto de Bel\u00e9m\" width=\"1170\" height=\"650\" srcset=\"https:\/\/redept.com.br\/blogosfera\/wp-content\/uploads\/2025\/11\/whatsapp-image-2025-10-26-at-82112-pm-3jpeg-825db6ef-0403-4ade-9d0a-519662e01435.jpeg 1170w, https:\/\/operamundi.uol.com.br\/wp-content\/uploads\/2025\/11\/whatsapp-image-2025-10-26-at-8.21.12-pm-3.jpeg-825db6ef-0403-4ade-9d0a-519662e01435-300x167.jpeg 300w, https:\/\/operamundi.uol.com.br\/wp-content\/uploads\/2025\/11\/whatsapp-image-2025-10-26-at-8.21.12-pm-3.jpeg-825db6ef-0403-4ade-9d0a-519662e01435-1024x569.jpeg 1024w, https:\/\/operamundi.uol.com.br\/wp-content\/uploads\/2025\/11\/whatsapp-image-2025-10-26-at-8.21.12-pm-3.jpeg-825db6ef-0403-4ade-9d0a-519662e01435-768x427.jpeg 768w, https:\/\/operamundi.uol.com.br\/wp-content\/uploads\/2025\/11\/whatsapp-image-2025-10-26-at-8.21.12-pm-3.jpeg-825db6ef-0403-4ade-9d0a-519662e01435-150x83.jpeg 150w, https:\/\/operamundi.uol.com.br\/wp-content\/uploads\/2025\/11\/whatsapp-image-2025-10-26-at-8.21.12-pm-3.jpeg-825db6ef-0403-4ade-9d0a-519662e01435-750x417.jpeg 750w, https:\/\/operamundi.uol.com.br\/wp-content\/uploads\/2025\/11\/whatsapp-image-2025-10-26-at-8.21.12-pm-3.jpeg-825db6ef-0403-4ade-9d0a-519662e01435-1140x633.jpeg 1140w\" sizes=\"auto, (max-width: 1170px) 100vw, 1170px\"><figcaption>Moradores inspecionam oliveiras danificadas por colonos na vila de Al-Maniyeh, perto de Bel\u00e9m<br \/>WAFA<\/figcaption><\/figure>\n<p>A ocupa\u00e7\u00e3o ilegal ocorre desde 1967, por conta disso, a ocupa\u00e7\u00e3o constitui um \u201cataque cont\u00ednuo\u201d e, de acordo com as disposi\u00e7\u00f5es da Quarta Conven\u00e7\u00e3o de Genebra de 1949, imp\u00f5e certas obriga\u00e7\u00f5es \u00e0 for\u00e7a ocupante. Por exemplo, proporcionar um ambiente de seguran\u00e7a que permita \u00e0 popula\u00e7\u00e3o local satisfazer suas necessidades di\u00e1rias e tem a obriga\u00e7\u00e3o de proteg\u00ea-la contra atos de saque e destrui\u00e7\u00e3o de suas propriedades.<\/p>\n<p>Al\u00e9m disso, os danos infligidos ao meio ambiente e \u00e0s oliveiras por Israel s\u00e3o considerados crimes de guerra, nos termos do Artigo 8\u00ba do Estatuto de Roma. Resolu\u00e7\u00f5es do Conselho de Seguran\u00e7a da ONU tamb\u00e9m enfatizam que o regime sionista n\u00e3o deve prejudicar o meio ambiente e tem a obriga\u00e7\u00e3o de impedir provoca\u00e7\u00f5es dos colonos. Nesse sentido, os crimes ambientais de Israel tamb\u00e9m devem ser adicionados aos processos contra Israel no Tribunal Internacional de Justi\u00e7a (TIJ) e no Tribunal Penal Internacional (TPI).<\/p>\n<h3>Cultura da colheita<\/h3>\n<p>A colheita da azeitona, conhecida como \u201cmawsim al-zaytoun\u201d, come\u00e7a em outubro, com os preparativos tendo in\u00edcio em setembro. As fam\u00edlias preparam suas ferramentas enquanto as primeiras chuvas de setembro, talat al-matar, amolecem o solo, lavam as \u00e1rvores e, como dizem muitos prov\u00e9rbios palestinos, trazem \u201cbarakeh\u201d (b\u00ean\u00e7\u00e3os) para a colheita e para o ano que se inicia. Mais de 100 mil fam\u00edlias dependem da colheita para sua renda. O evento se estende at\u00e9 novembro e re\u00fane toda a comunidade.<\/p>\n<p>As oliveiras prosperam em climas mediterr\u00e2neos e, uma vez estabelecidas, s\u00e3o altamente resistentes e tolerantes \u00e0 seca.<\/p>\n<p>De acordo com dados das Na\u00e7\u00f5es Unidas (ONU), cerca de 48% das terras agr\u00edcolas na Cisjord\u00e2nia e em Gaza s\u00e3o cobertas por oliveiras. As azeitonas contribuem com aproximadamente 14% da economia palestina. 93% da colheita de azeitonas \u00e9 utilizada na produ\u00e7\u00e3o de azeite, enquanto o restante \u00e9 usado em sab\u00e3o, azeitonas de mesa e conservas.<\/p>\n<p>O post Colonos israelenses vandalizam oliveiras e atacam colheita palestina apareceu primeiro em Opera Mundi.<\/p>\n<!-- Begin Yuzo --><div class='yuzo_related_post style-1'  data-version='5.12.89'><!-- without result --><div class='yuzo_clearfixed yuzo__title yuzo__title'><h3>Related Post<\/h3><\/div>\n\t\t\t\t\t\t  <div class=\"relatedthumb \" style=\"width:125px;float:left;overflow:hidden;\">  \n\t\t\t\t\t\t\t  \n\t\t\t\t\t\t\t  <a  href=\"https:\/\/redept.com.br\/blogosfera\/justica-manda-fazendeiros-deixarem-area-destinada-a-reforma-agraria-no-mato-grosso\/\"  >\n\t\t\t\t\t\t\t\t\t  <div class=\"yuzo-img-wrap \" style=\"width: 125px;height:90px;\">\n\t\t\t\t\t\t\t\t\t\t\n\t\t\t\t\t\t\t\t\t\t<div class=\"yuzo-img\" style=\"background:url('https:\/\/redept.com.br\/blogosfera\/wp-content\/uploads\/2026\/03\/WhatsApp-Image-2025-09-12-at-115512-1024x768-1-150x150.jpeg') 50% 50% no-repeat;width: 125px;height:90px;margin-bottom: 5px;background-size: cover; \"><\/div>\n\t\t\t\t\t\t\t\t\t  <\/div>\n\t\t\t\t\t\t\t\t\t  \n\t\t\t\t\t\t\t\t   <span class=\"yuzo__text--title\" style=\"font-size:13px;\">Justi\u00e7a manda fazendeiros deixarem \u00e1rea destinada ...<\/span>\n\t\t\t\t\t\t\t  \n\t\t\t\t\t\t\t  \n\t\t\t\t\t\t\t  <\/a>\n\n\t\t\t\t\t\t  <\/div>\n\t\t\t\t\t\t  <div class=\"relatedthumb \" style=\"width:125px;float:left;overflow:hidden;\">  \n\t\t\t\t\t\t\t  \n\t\t\t\t\t\t\t  <a  href=\"https:\/\/redept.com.br\/blogosfera\/duvidas-sobre-sanidade-de-trump-e-ataques-ao-papa-ampliam-crise-politica-nos-eua\/\"  >\n\t\t\t\t\t\t\t\t\t  <div class=\"yuzo-img-wrap \" style=\"width: 125px;height:90px;\">\n\t\t\t\t\t\t\t\t\t\t\n\t\t\t\t\t\t\t\t\t\t<div class=\"yuzo-img\" style=\"background:url('https:\/\/redept.com.br\/blogosfera\/wp-content\/uploads\/2026\/04\/Captura-de-Tela-2026-04-14-as-153518-150x150.png') 50% 50% no-repeat;width: 125px;height:90px;margin-bottom: 5px;background-size: cover; \"><\/div>\n\t\t\t\t\t\t\t\t\t  <\/div>\n\t\t\t\t\t\t\t\t\t  \n\t\t\t\t\t\t\t\t   <span class=\"yuzo__text--title\" style=\"font-size:13px;\">D\u00favidas sobre sanidade de Trump e ataques  ao Papa...<\/span>\n\t\t\t\t\t\t\t  \n\t\t\t\t\t\t\t  \n\t\t\t\t\t\t\t  <\/a>\n\n\t\t\t\t\t\t  <\/div>\n\t\t\t\t\t\t  <div class=\"relatedthumb \" style=\"width:125px;float:left;overflow:hidden;\">  \n\t\t\t\t\t\t\t  \n\t\t\t\t\t\t\t  <a  href=\"https:\/\/redept.com.br\/blogosfera\/pucrs-e-governo-federal-promovem-evento-para-melhorar-gestao-de-cooperativas-de-reciclagem\/\"  >\n\t\t\t\t\t\t\t\t\t  <div class=\"yuzo-img-wrap \" style=\"width: 125px;height:90px;\">\n\t\t\t\t\t\t\t\t\t\t\n\t\t\t\t\t\t\t\t\t\t<div class=\"yuzo-img\" style=\"background:url('https:\/\/redept.com.br\/blogosfera\/wp-content\/uploads\/2025\/06\/238bbb7f5224bf3f2c5cee6f4a148fff-1-150x92.jpg') 50% 50% no-repeat;width: 125px;height:90px;margin-bottom: 5px;background-size: cover; \"><\/div>\n\t\t\t\t\t\t\t\t\t  <\/div>\n\t\t\t\t\t\t\t\t\t  \n\t\t\t\t\t\t\t\t   <span class=\"yuzo__text--title\" style=\"font-size:13px;\">PUCRS e governo federal promovem evento para melho...<\/span>\n\t\t\t\t\t\t\t  \n\t\t\t\t\t\t\t  \n\t\t\t\t\t\t\t  <\/a>\n\n\t\t\t\t\t\t  <\/div>\n\t\t\t\t\t\t  <div class=\"relatedthumb \" style=\"width:125px;float:left;overflow:hidden;\">  \n\t\t\t\t\t\t\t  \n\t\t\t\t\t\t\t  <a  href=\"https:\/\/redept.com.br\/blogosfera\/aniversario-de-joaquim-nabuco\/\"  >\n\t\t\t\t\t\t\t\t\t  <div class=\"yuzo-img-wrap \" style=\"width: 125px;height:90px;\">\n\t\t\t\t\t\t\t\t\t\t\n\t\t\t\t\t\t\t\t\t\t<div class=\"yuzo-img\" style=\"background:url('https:\/\/redept.com.br\/blogosfera\/wp-content\/uploads\/2025\/08\/joaquim_nabuco-150x150.jpg') 50% 50% no-repeat;width: 125px;height:90px;margin-bottom: 5px;background-size: cover; \"><\/div>\n\t\t\t\t\t\t\t\t\t  <\/div>\n\t\t\t\t\t\t\t\t\t  \n\t\t\t\t\t\t\t\t   <span class=\"yuzo__text--title\" style=\"font-size:13px;\">Anivers\u00e1rio de Joaquim Nabuco<\/span>\n\t\t\t\t\t\t\t  \n\t\t\t\t\t\t\t  \n\t\t\t\t\t\t\t  <\/a>\n\n\t\t\t\t\t\t  <\/div>\n<\/div> <script>\n\t\t\t\t\t\t  jQuery(document).ready(function( $ ){\n\t\t\t\t\t\t\t\/\/jQuery('.yuzo_related_post').equalizer({ overflow : 'relatedthumb' });\n\t\t\t\t\t\t\tjQuery('.yuzo_related_post .yuzo_wraps').equalizer({ columns : '> div' });\n\t\t\t\t\t\t   })\n\t\t\t\t\t\t  <\/script> <!-- End Yuzo :) -->","protected":false},"excerpt":{"rendered":"<p>Tradicionalmente uma \u00e9poca festiva do ano, a colheita das oliveiras na Palestina e na Cisjord\u00e2nia ocupada \u00e9 considerado um per\u00edodo importante, tanto para a cultura quanto para o com\u00e9rcio local. No entanto, ela foi mais uma vez ofuscada por uma onda de ataques de colonos israelenses contra agricultores palestinos que tentavam cultivar suas terras. Desde [\u2026]<\/p>\n<p>O post <a href=\"https:\/\/operamundi.uol.com.br\/guerra-israel-x-palestina\/colonos-israelenses-vandalizam-mais-de-4-mil-oliveiras-e-atacam-colheita-palestina\/\">Colonos israelenses vandalizam oliveiras e atacam colheita palestina<\/a> apareceu primeiro em <a href=\"https:\/\/operamundi.uol.com.br\/\">Opera Mundi<\/a>.<\/p>\n","protected":false},"author":2,"featured_media":62885,"comment_status":"closed","ping_status":"closed","sticky":false,"template":"","format":"standard","meta":{"fifu_image_url":"","fifu_image_alt":"","footnotes":""},"categories":[3248,20207,402,3938,25,18,24110,267,54],"tags":[],"class_list":["post-62884","post","type-post","status-publish","format-standard","has-post-thumbnail","hentry","category-cisjordania","category-danos-ambientais","category-faixa-de-gaza","category-guerra-israel-x-palestina","category-israel","category-meio-ambiente","category-oliveiras","category-onu","category-palestina"],"_links":{"self":[{"href":"https:\/\/redept.com.br\/blogosfera\/wp-json\/wp\/v2\/posts\/62884","targetHints":{"allow":["GET"]}}],"collection":[{"href":"https:\/\/redept.com.br\/blogosfera\/wp-json\/wp\/v2\/posts"}],"about":[{"href":"https:\/\/redept.com.br\/blogosfera\/wp-json\/wp\/v2\/types\/post"}],"author":[{"embeddable":true,"href":"https:\/\/redept.com.br\/blogosfera\/wp-json\/wp\/v2\/users\/2"}],"replies":[{"embeddable":true,"href":"https:\/\/redept.com.br\/blogosfera\/wp-json\/wp\/v2\/comments?post=62884"}],"version-history":[{"count":0,"href":"https:\/\/redept.com.br\/blogosfera\/wp-json\/wp\/v2\/posts\/62884\/revisions"}],"wp:featuredmedia":[{"embeddable":true,"href":"https:\/\/redept.com.br\/blogosfera\/wp-json\/wp\/v2\/media\/62885"}],"wp:attachment":[{"href":"https:\/\/redept.com.br\/blogosfera\/wp-json\/wp\/v2\/media?parent=62884"}],"wp:term":[{"taxonomy":"category","embeddable":true,"href":"https:\/\/redept.com.br\/blogosfera\/wp-json\/wp\/v2\/categories?post=62884"},{"taxonomy":"post_tag","embeddable":true,"href":"https:\/\/redept.com.br\/blogosfera\/wp-json\/wp\/v2\/tags?post=62884"}],"curies":[{"name":"wp","href":"https:\/\/api.w.org\/{rel}","templated":true}]}}