{"id":62886,"date":"2025-11-06T16:03:43","date_gmt":"2025-11-06T19:03:43","guid":{"rendered":"https:\/\/redept.com.br\/blogosfera\/ex-deputado-do-pt-paulo-frateschi-morre-aos-75-anos-em-sp\/"},"modified":"2025-11-06T16:03:43","modified_gmt":"2025-11-06T19:03:43","slug":"ex-deputado-do-pt-paulo-frateschi-morre-aos-75-anos-em-sp","status":"publish","type":"post","link":"https:\/\/redept.com.br\/blogosfera\/ex-deputado-do-pt-paulo-frateschi-morre-aos-75-anos-em-sp\/","title":{"rendered":"Ex-deputado do PT, Paulo Frateschi morre aos 75 anos em SP"},"content":{"rendered":"<p>O diret\u00f3rio estadual paulista do Partido dos Trabalhadores (PT) informou atrav\u00e9s de um comunicado sobre o falecimento do ex-deputado estadual Paulo Frateschi, aos 75 anos, v\u00edtima de uma trag\u00e9dia familiar.<\/p>\n<p>Segundo apura\u00e7\u00e3o da <em>Revista F\u00f3rum<\/em>, Frateschi foi v\u00edtima de uma facada no peito desferida por um dos seus filhos, Francisco, que utiliza medicamentos controlados, mas que teria sofrido um surto, atacando o pai com uma faca de cozinha.<\/p>\n<p>Ap\u00f3s o ataque, o ex-parlamentar foi levado ao Hospital das Cl\u00ednicas, mas n\u00e3o resistiu aos ferimentos.<\/p>\n<p><strong>Ver | Herzog foi v\u00edtima de um \u00f3dio que ainda persiste na extrema direita brasileira, afirmam ex-companheiros<\/strong><\/p>\n<p>Em sua nota, o PT afirmou que \u201cdurante toda a sua trajet\u00f3ria, nosso companheiro demonstrou coragem, integridade e compromisso com o PT e pela busca de um pa\u00eds mais justo\u201d.<\/p>\n<p>\u201cPaulo Frateschi deixa um legado, marcado pela luta pela justi\u00e7a e pela inclus\u00e3o. Ele permanecer\u00e1 vivo em nossos cora\u00e7\u00f5es e nas a\u00e7\u00f5es que ele ajudou a inspirar\u201d, ressaltou o partido, no comunicado.<\/p>\n<h3>Quem foi Paulo Frateschi<\/h3>\n<p>Militante hist\u00f3rico da esquerda brasileira, Frateschi foi, em sua juventude, membro da chamada Ala Vermelha, uma das c\u00e9lulas da A\u00e7\u00e3o Libertadora Nacional (ALN), raz\u00e3o pela qual se tornou, ap\u00f3s ser capturado, um dos presos pol\u00edticos do regime.<\/p>\n<p>Sua liberta\u00e7\u00e3o, em novembro de 1969, foi considerada um epis\u00f3dio simb\u00f3lico do per\u00edodo da repress\u00e3o, j\u00e1 que os agentes do regime o libertaram no sagu\u00e3o do edif\u00edcio sede do jornal da <em>Folha de S\u00e3o Paulo<\/em>.<\/p>\n<p>Nos Anos 80, trabalhando como professor, se tornou um dos fundadores do PT e tamb\u00e9m formou parte da dire\u00e7\u00e3o do Sindicato dos Professores do Ensino Oficial do Estado de S\u00e3o Paulo (APEOESP).<\/p>\n<p>Frateschi exerceu seu primeiro cargo pol\u00edtico na Assembleia Legislativa do Estado de S\u00e3o Paulo (Alesp). Foi deputado estadual entre 1983 e 1987.<\/p>\n<figure aria-describedby=\"caption-attachment-236993\"><img loading=\"lazy\" loading=\"lazy\" decoding=\"async\"src=\"https:\/\/redept.com.br\/blogosfera\/wp-content\/uploads\/2025\/11\/paulo.jpg\" alt=\"\" width=\"800\" height=\"442\" srcset=\"https:\/\/redept.com.br\/blogosfera\/wp-content\/uploads\/2025\/11\/paulo.jpg 800w, https:\/\/operamundi.uol.com.br\/wp-content\/uploads\/2025\/11\/paulo-300x166.jpg 300w, https:\/\/operamundi.uol.com.br\/wp-content\/uploads\/2025\/11\/paulo-768x424.jpg 768w, https:\/\/operamundi.uol.com.br\/wp-content\/uploads\/2025\/11\/paulo-150x83.jpg 150w, https:\/\/operamundi.uol.com.br\/wp-content\/uploads\/2025\/11\/paulo-750x414.jpg 750w\" sizes=\"auto, (max-width: 800px) 100vw, 800px\"><figcaption>Paulo Frateschi foi deputado estadual por S\u00e3o Paulo e diretor da APEOESP nos Anos 80 <br \/>Partido dos Trabalhadores<\/figcaption><\/figure>\n<p>Anos depois, ocupou a Secretaria de Rela\u00e7\u00f5es Governamentais da Prefeitura de S\u00e3o Paulo durante duas gest\u00f5es municipais petistas, a de Marta Suplicy, entre 2001 e 2004, e a de Fernando Haddad, em 2014.<\/p>\n<p><strong>Ver | Vi\u00fava de Marighella, Clara Charf morre em S\u00e3o Paulo aos 100 anos<\/strong><\/p>\n<h3>Leia a \u00edntegra do comunicado do PT sobre a morte de Paulo Frateschi:<\/h3>\n<p><em>\u00c9 com profunda tristeza que comunicamos o falecimento do ex-presidente do PT Paulista e ex-deputado estadual Paulo Frateschi, companheiro e dedicado militante do nosso partido.<\/em><\/p>\n<p><em>Durante toda a sua trajet\u00f3ria, nosso companheiro demonstrou coragem, integridade e compromisso com o PT e pela busca de um pa\u00eds mais justo.<\/em><\/p>\n<p><em>Paulo Frateschi deixa um legado, marcado pela luta pela justi\u00e7a e pela inclus\u00e3o. Ele permanecer\u00e1 vivo em nossos cora\u00e7\u00f5es e nas a\u00e7\u00f5es que ele ajudou a inspirar.<\/em><\/p>\n<p><em>A passagem do nosso companheiro deixa uma lacuna irrepar\u00e1vel entre amigos, familiares, colegas de milit\u00e2ncia e a comunidade.<\/em><\/p>\n<p><em>Manifestamos \u00e0 fam\u00edlia, aos amigos e a todos que com ele caminharam, a nossa mais sincera solidariedade.<\/em><\/p>\n<p>Com informa\u00e7\u00f5es da <em>Revista F\u00f3rum<\/em>.<\/p>\n<p>O post Ex-deputado do PT, Paulo Frateschi morre aos 75 anos em SP apareceu primeiro em Opera Mundi.<\/p>\n<!-- Begin Yuzo --><div class='yuzo_related_post style-1'  data-version='5.12.89'><!-- without result --><div class='yuzo_clearfixed yuzo__title yuzo__title'><h3>Related Post<\/h3><\/div>\n\t\t\t\t\t\t  <div class=\"relatedthumb \" style=\"width:125px;float:left;overflow:hidden;\">  \n\t\t\t\t\t\t\t  \n\t\t\t\t\t\t\t  <a  href=\"https:\/\/redept.com.br\/blogosfera\/lula-sanciona-lei-para-proteger-criancas-e-jovens-contra-abuso-sexual-no-esporte\/\"  >\n\t\t\t\t\t\t\t\t\t  <div class=\"yuzo-img-wrap \" style=\"width: 125px;height:90px;\">\n\t\t\t\t\t\t\t\t\t\t\n\t\t\t\t\t\t\t\t\t\t<div class=\"yuzo-img\" style=\"background:url('https:\/\/redept.com.br\/blogosfera\/wp-content\/uploads\/2024\/11\/54156053791_e8072ce816_k-150x150.jpg') 50% 50% no-repeat;width: 125px;height:90px;margin-bottom: 5px;background-size: cover; \"><\/div>\n\t\t\t\t\t\t\t\t\t  <\/div>\n\t\t\t\t\t\t\t\t\t  \n\t\t\t\t\t\t\t\t   <span class=\"yuzo__text--title\" style=\"font-size:13px;\">Lula sanciona lei para proteger crian\u00e7as e jovens ...<\/span>\n\t\t\t\t\t\t\t  \n\t\t\t\t\t\t\t  \n\t\t\t\t\t\t\t  <\/a>\n\n\t\t\t\t\t\t  <\/div>\n\t\t\t\t\t\t  <div class=\"relatedthumb \" style=\"width:125px;float:left;overflow:hidden;\">  \n\t\t\t\t\t\t\t  \n\t\t\t\t\t\t\t  <a  href=\"https:\/\/redept.com.br\/blogosfera\/moraes-e-dino-negam-recurso-de-bolsonaro-no-1o-dia-do-julgamento-final\/\"  >\n\t\t\t\t\t\t\t\t\t  <div class=\"yuzo-img-wrap \" style=\"width: 125px;height:90px;\">\n\t\t\t\t\t\t\t\t\t\t\n\t\t\t\t\t\t\t\t\t\t<div class=\"yuzo-img\" style=\"background:url('https:\/\/redept.com.br\/blogosfera\/wp-content\/uploads\/2025\/11\/moraes-dino_Rosinei-Coutinho-STF-150x150.png') 50% 50% no-repeat;width: 125px;height:90px;margin-bottom: 5px;background-size: cover; \"><\/div>\n\t\t\t\t\t\t\t\t\t  <\/div>\n\t\t\t\t\t\t\t\t\t  \n\t\t\t\t\t\t\t\t   <span class=\"yuzo__text--title\" style=\"font-size:13px;\">Moraes e Dino negam recurso de Bolsonaro no 1\u00ba dia...<\/span>\n\t\t\t\t\t\t\t  \n\t\t\t\t\t\t\t  \n\t\t\t\t\t\t\t  <\/a>\n\n\t\t\t\t\t\t  <\/div>\n\t\t\t\t\t\t  <div class=\"relatedthumb \" style=\"width:125px;float:left;overflow:hidden;\">  \n\t\t\t\t\t\t\t  \n\t\t\t\t\t\t\t  <a  href=\"https:\/\/redept.com.br\/blogosfera\/pec-das-praias-e-uma-ameaca-ao-patrimonio-publico-e-ambiental-do-brasil\/\"  >\n\t\t\t\t\t\t\t\t\t  <div class=\"yuzo-img-wrap \" style=\"width: 125px;height:90px;\">\n\t\t\t\t\t\t\t\t\t\t\n\t\t\t\t\t\t\t\t\t\t<div class=\"yuzo-img\" style=\"background:url('https:\/\/redept.org\/blogosfera\/wp-content\/plugins\/yuzo-related-post\/assets\/images\/default.png') 50% 50% no-repeat;width: 125px;height:90px;margin-bottom: 5px;background-size: cover; \"><\/div>\n\t\t\t\t\t\t\t\t\t  <\/div>\n\t\t\t\t\t\t\t\t\t  \n\t\t\t\t\t\t\t\t   <span class=\"yuzo__text--title\" style=\"font-size:13px;\">PEC das Praias \u00e9 uma amea\u00e7a ao patrim\u00f4nio p\u00fablico ...<\/span>\n\t\t\t\t\t\t\t  \n\t\t\t\t\t\t\t  \n\t\t\t\t\t\t\t  <\/a>\n\n\t\t\t\t\t\t  <\/div>\n\t\t\t\t\t\t  <div class=\"relatedthumb \" style=\"width:125px;float:left;overflow:hidden;\">  \n\t\t\t\t\t\t\t  \n\t\t\t\t\t\t\t  <a  href=\"https:\/\/redept.com.br\/blogosfera\/pressionado-pela-extrema-direita-netanyahu-quer-ofensiva-total-em-gaza\/\"  >\n\t\t\t\t\t\t\t\t\t  <div class=\"yuzo-img-wrap \" style=\"width: 125px;height:90px;\">\n\t\t\t\t\t\t\t\t\t\t\n\t\t\t\t\t\t\t\t\t\t<div class=\"yuzo-img\" style=\"background:url('https:\/\/redept.com.br\/blogosfera\/wp-content\/uploads\/2025\/08\/24f05e95-db43-4b35-b506-c377f2ba99d7-150x150.jpg') 50% 50% no-repeat;width: 125px;height:90px;margin-bottom: 5px;background-size: cover; \"><\/div>\n\t\t\t\t\t\t\t\t\t  <\/div>\n\t\t\t\t\t\t\t\t\t  \n\t\t\t\t\t\t\t\t   <span class=\"yuzo__text--title\" style=\"font-size:13px;\">Pressionado pela extrema direita, Netanyahu quer o...<\/span>\n\t\t\t\t\t\t\t  \n\t\t\t\t\t\t\t  \n\t\t\t\t\t\t\t  <\/a>\n\n\t\t\t\t\t\t  <\/div>\n<\/div> <script>\n\t\t\t\t\t\t  jQuery(document).ready(function( $ ){\n\t\t\t\t\t\t\t\/\/jQuery('.yuzo_related_post').equalizer({ overflow : 'relatedthumb' });\n\t\t\t\t\t\t\tjQuery('.yuzo_related_post .yuzo_wraps').equalizer({ columns : '> div' });\n\t\t\t\t\t\t   })\n\t\t\t\t\t\t  <\/script> <!-- End Yuzo :) -->","protected":false},"excerpt":{"rendered":"<p>O diret\u00f3rio estadual paulista do Partido dos Trabalhadores (PT) informou atrav\u00e9s de um comunicado sobre o falecimento do ex-deputado estadual Paulo Frateschi, aos 75 anos, v\u00edtima de uma trag\u00e9dia familiar. Segundo apura\u00e7\u00e3o da Revista F\u00f3rum, Frateschi foi v\u00edtima de uma facada no peito desferida por um dos seus filhos, Francisco, que utiliza medicamentos controlados, mas [\u2026]<\/p>\n<p>O post <a href=\"https:\/\/operamundi.uol.com.br\/obituario\/ex-deputado-do-pt-paulo-frateschi-morre-aos-75-anos-em-sp\/\">Ex-deputado do PT, Paulo Frateschi morre aos 75 anos em SP<\/a> apareceu primeiro em <a href=\"https:\/\/operamundi.uol.com.br\/\">Opera Mundi<\/a>.<\/p>\n","protected":false},"author":2,"featured_media":62887,"comment_status":"closed","ping_status":"closed","sticky":false,"template":"","format":"standard","meta":{"fifu_image_url":"","fifu_image_alt":"","footnotes":""},"categories":[28779,186,28780,1710,1284,588,28781,877,2641,28749,4449,1775,1059,4631],"tags":[],"class_list":["post-62886","post","type-post","status-publish","format-standard","has-post-thumbnail","hentry","category-ala-vermelha","category-alesp","category-aln","category-apeoesp","category-ditadura","category-fernando-haddad","category-hospital-das-clinicas","category-marta-suplicy","category-obituario","category-paulo-frateschi","category-preso-politico","category-professor","category-pt","category-regime-militar"],"_links":{"self":[{"href":"https:\/\/redept.com.br\/blogosfera\/wp-json\/wp\/v2\/posts\/62886","targetHints":{"allow":["GET"]}}],"collection":[{"href":"https:\/\/redept.com.br\/blogosfera\/wp-json\/wp\/v2\/posts"}],"about":[{"href":"https:\/\/redept.com.br\/blogosfera\/wp-json\/wp\/v2\/types\/post"}],"author":[{"embeddable":true,"href":"https:\/\/redept.com.br\/blogosfera\/wp-json\/wp\/v2\/users\/2"}],"replies":[{"embeddable":true,"href":"https:\/\/redept.com.br\/blogosfera\/wp-json\/wp\/v2\/comments?post=62886"}],"version-history":[{"count":0,"href":"https:\/\/redept.com.br\/blogosfera\/wp-json\/wp\/v2\/posts\/62886\/revisions"}],"wp:featuredmedia":[{"embeddable":true,"href":"https:\/\/redept.com.br\/blogosfera\/wp-json\/wp\/v2\/media\/62887"}],"wp:attachment":[{"href":"https:\/\/redept.com.br\/blogosfera\/wp-json\/wp\/v2\/media?parent=62886"}],"wp:term":[{"taxonomy":"category","embeddable":true,"href":"https:\/\/redept.com.br\/blogosfera\/wp-json\/wp\/v2\/categories?post=62886"},{"taxonomy":"post_tag","embeddable":true,"href":"https:\/\/redept.com.br\/blogosfera\/wp-json\/wp\/v2\/tags?post=62886"}],"curies":[{"name":"wp","href":"https:\/\/api.w.org\/{rel}","templated":true}]}}