{"id":62888,"date":"2025-11-06T16:10:40","date_gmt":"2025-11-06T19:10:40","guid":{"rendered":"https:\/\/redept.com.br\/blogosfera\/sabinada-188-anos-da-proclamacao-da-republica-baiana\/"},"modified":"2025-11-06T16:10:40","modified_gmt":"2025-11-06T19:10:40","slug":"sabinada-188-anos-da-proclamacao-da-republica-baiana","status":"publish","type":"post","link":"https:\/\/redept.com.br\/blogosfera\/sabinada-188-anos-da-proclamacao-da-republica-baiana\/","title":{"rendered":"Sabinada: 188 anos da proclama\u00e7\u00e3o da Rep\u00fablica Baiana"},"content":{"rendered":"<p>H\u00e1 188 anos, em 6 de novembro de 1837, eclodia na Bahia a revolta conhecida como Sabinada, um dos principais levantes ocorridos durante o Per\u00edodo Regencial.<\/p>\n<p>Nomeada em refer\u00eancia ao seu principal l\u00edder, o m\u00e9dico Francisco Sabino, a revolta consistia em um movimento autonomista de car\u00e1ter transit\u00f3rio, que deveria durar at\u00e9 o herdeiro da coroa, Dom Pedro II, assumir o trono.<\/p>\n<p>Ap\u00f3s derrubarem o presidente da prov\u00edncia, os insurgentes proclamaram a Rep\u00fablica Baiana. O movimento se estendeu por quatro meses, mas n\u00e3o conseguiu obter apoio das camadas populares \u2014 sobretudo pela recusa de seus l\u00edderes em apoiar a aboli\u00e7\u00e3o da escravid\u00e3o.<\/p>\n<h3>Os conflitos do Per\u00edodo Regencial<\/h3>\n<p>A abdica\u00e7\u00e3o de Dom Pedro I ao trono imperial em abril de 1831 marcou o in\u00edcio de um dos per\u00edodos mais turbulentos da hist\u00f3ria do Brasil. O herdeiro do trono, Dom Pedro II, tinha apenas cinco anos de idade. Assim, de 1831 at\u00e9 1840, o pa\u00eds seria governado por regentes escolhidos pelo Parlamento.<\/p>\n<p>O v\u00e1cuo de poder durante o Per\u00edodo Regencial intensificou as disputas entre as fac\u00e7\u00f5es majorit\u00e1rias e agravou as divis\u00f5es pol\u00edticas, sociais e regionais. As institui\u00e7\u00f5es do Imp\u00e9rio ainda eram muito fr\u00e1geis, havia pouca coes\u00e3o entre as prov\u00edncias e os interesses das elites locais frequentemente iam de encontro \u00e0s determina\u00e7\u00f5es da classe dirigente, ent\u00e3o concentrada no Rio de Janeiro.<\/p>\n<p>Os governos das prov\u00edncias passaram a exigir mais autonomia e os movimentos em prol do federalismo e do regime republicano ganharam for\u00e7a. Visando aplacar a insatisfa\u00e7\u00e3o, o governo regencial limitou o Poder Moderador e promulgou o Ato Adicional de 1834, concedendo mais autonomia \u00e0s prov\u00edncias.<\/p>\n<p>As concess\u00f5es n\u00e3o bastaram. As disputas entre as correntes pol\u00edticas, a insatisfa\u00e7\u00e3o popular com a crise econ\u00f4mica e o descontentamento das elites regionais seguiram estimulando novos conflitos, incluindo a Cabanagem no Par\u00e1, a Cabanada em Pernambuco, a Balaiada no Maranh\u00e3o e a Guerra dos Farrapos no Rio Grande do Sul.<\/p>\n<p>Incapaz de conter as insurrei\u00e7\u00f5es que eclodiam por todo o Imp\u00e9rio, o regente Diogo Ant\u00f4nio Feij\u00f3 foi for\u00e7ado a renunciar ao cargo. Ele seria sucedido por Pedro de Ara\u00fajo Lima, respons\u00e1vel por implementar o chamado \u201cRegresso Conservador\u201d \u2014 uma tentativa de reverter as reformas liberais e ampliar o controle do governo central sobre as prov\u00edncias.<\/p>\n<h3>A crise pol\u00edtica na Bahia<\/h3>\n<p>Na Bahia, ent\u00e3o a segunda prov\u00edncia mais populosa do Imp\u00e9rio, havia grande insatisfa\u00e7\u00e3o com o governo regencial. A prov\u00edncia era caracterizada por uma tradi\u00e7\u00e3o pol\u00edtica libert\u00e1ria, tendo servido de cen\u00e1rio para uma s\u00e9rie de insurrei\u00e7\u00f5es e levantes. A Bahia foi tamb\u00e9m um dos epicentros do movimento pela emancipa\u00e7\u00e3o nacional e o principal teatro de batalhas durante a Guerra de Independ\u00eancia.<\/p>\n<p>Desde 1831, a Bahia registrava a eclos\u00e3o de movimentos federalistas, criticando a concentra\u00e7\u00e3o de poder no Rio de Janeiro e a neglig\u00eancia do governo imperial em rela\u00e7\u00e3o \u00e0s necessidades das prov\u00edncias. A forte presen\u00e7a de portugueses no com\u00e9rcio varejista e em cargos administrativos e militares do Imp\u00e9rio gerava enorme ressentimento e desconfian\u00e7a.<\/p>\n<p>Militares negros baianos tamb\u00e9m se sentiam lesados pela decis\u00e3o da reg\u00eancia de extinguir os batalh\u00f5es de mil\u00edcias. Esses grupamentos foram substitu\u00eddos pela Guarda Nacional, que reservava os cargos de oficiais apenas a militares brancos. Aos negros, restava o recrutamento obrigat\u00f3rio sempre que o Imp\u00e9rio necessitava de soldados para combater os levantes que se multiplicavam pelo pa\u00eds.<\/p>\n<p>Havia, por fim, a quest\u00e3o econ\u00f4mica. A economia baiana, muito dependente da exporta\u00e7\u00e3o do a\u00e7\u00facar e do tabaco, sofria com a concorr\u00eancia de novos centros produtores. Estiagens recentes tinham prejudicado a oferta de alimentos, resultando no aumento dos pre\u00e7os. E a crescente presen\u00e7a de moedas falsas em circula\u00e7\u00e3o contribu\u00eda para a instabilidade econ\u00f4mica.<\/p>\n<figure aria-describedby=\"caption-attachment-236995\"><img loading=\"lazy\" loading=\"lazy\" decoding=\"async\"src=\"https:\/\/redept.com.br\/blogosfera\/wp-content\/uploads\/2025\/11\/anonimo_-_vista_da_cidade_de_salvador.jpg\" alt=\"\" width=\"960\" height=\"594\" srcset=\"https:\/\/redept.com.br\/blogosfera\/wp-content\/uploads\/2025\/11\/anonimo_-_vista_da_cidade_de_salvador.jpg 960w, https:\/\/operamundi.uol.com.br\/wp-content\/uploads\/2025\/11\/anonimo_-_vista_da_cidade_de_salvador-300x186.jpg 300w, https:\/\/operamundi.uol.com.br\/wp-content\/uploads\/2025\/11\/anonimo_-_vista_da_cidade_de_salvador-768x475.jpg 768w, https:\/\/operamundi.uol.com.br\/wp-content\/uploads\/2025\/11\/anonimo_-_vista_da_cidade_de_salvador-150x93.jpg 150w, https:\/\/operamundi.uol.com.br\/wp-content\/uploads\/2025\/11\/anonimo_-_vista_da_cidade_de_salvador-750x464.jpg 750w\" sizes=\"auto, (max-width: 960px) 100vw, 960px\"><figcaption>Salvador em meados do s\u00e9culo 19. Pintor an\u00f4nimo, Pinacoteca de S\u00e3o Paulo <br \/>Wikimedia Commons<\/figcaption><\/figure>\n<h3>O movimento insurgente<\/h3>\n<p>O descontentamento com o governo regencial levou \u00e0 forma\u00e7\u00e3o de um movimento insurrecional na Bahia. Inspirado nas ideias liberais, republicanas e federativas, um grupo de rebeldes lan\u00e7ou uma campanha que propunha uma reorganiza\u00e7\u00e3o pol\u00edtica baseada na soberania provincial e na amplia\u00e7\u00e3o das liberdades civis.<\/p>\n<p>A campanha foi difundida atrav\u00e9s de reuni\u00f5es, artigos na imprensa e distribui\u00e7\u00e3o de panfletos. O movimento agregou sobretudo as camadas m\u00e9dias de Salvador: m\u00e9dicos, advogados, jornalistas, comerciantes, escriv\u00e3es, funcion\u00e1rios p\u00fablicos, militares e profissionais liberais em geral. Eles iniciaram os procedimentos para lan\u00e7ar uma revolta armada, recebendo forte apoio da ma\u00e7onaria.<\/p>\n<p>O movimento tamb\u00e9m foi influenciado pela Guerra dos Farrapos. Ap\u00f3s ser capturado pelas tropas do Imp\u00e9rio, o l\u00edder farroupilha Bento Gon\u00e7alves foi aprisionado no Forte do Mar (atual Forte S\u00e3o Marcelo), em Salvador. O revolucion\u00e1rio ga\u00facho conseguiu fugir com ajuda de ma\u00e7ons baianos \u2014 e o seu exemplo inspirou os insurgentes \u00e0 a\u00e7\u00e3o.<\/p>\n<p>O levante ficou conhecido pelo nome de \u201cSabinada\u201d, em refer\u00eancia ao seu principal l\u00edder, o m\u00e9dico Francisco Sabino. Tamb\u00e9m se destacaram como lideran\u00e7as o advogado Jo\u00e3o Carneiro da Silva Rego, deputado da Assembleia Provincial, e o militar Daniel Gomes de Freitas, um veterano da Guerra de Independ\u00eancia e part\u00edcipe da Revolu\u00e7\u00e3o Federalista de Guanais.<\/p>\n<h3>A Sabinada<\/h3>\n<p>O levante teve in\u00edcio na noite de 6 de novembro de 1837, quando os militares se amotinaram e tomaram o Forte de S\u00e3o Pedro, em Salvador. Os soldados estavam indignados com mais um recrutamento obrigat\u00f3rio imposto pelo Imp\u00e9rio, que agora pretendia envi\u00e1-los para combater os rebeldes farroupilhas no Rio Grande do Sul.<\/p>\n<p>Ainda durante a madrugada, os militares rebelados iniciaram a tomada dos pr\u00e9dios p\u00fablicos. No dia 7 de novembro de 1837, as tropas insurgentes de Francisco Sabino e Jo\u00e3o Carneiro tomaram a C\u00e2mara Municipal de Salvador e proclamaram a Rep\u00fablica Baiana, descrevendo-a como \u201cinteira e perfeitamente desligada do governo central do Rio de Janeiro\u201d.<\/p>\n<p>A rep\u00fablica, no entanto, deveria ser provis\u00f3ria. Em uma emenda aprovada no dia 11 de novembro, os rebeldes explicavam que o regime republicano seria dissolvido e a Bahia seria reintegrada ao Imp\u00e9rio do Brasil depois que o pr\u00edncipe herdeiro, Pedro de Alc\u00e2ntara, assumisse o trono.<\/p>\n<p>As diferen\u00e7as entre as atas denotam as divis\u00f5es no interior do movimento. Francisco Sabino era partid\u00e1rio do separatismo e do regime republicano, mas acabou sendo levado a atenuar suas proposi\u00e7\u00f5es diante da resist\u00eancia de Carneiro, um federalista moderado e defensor da uni\u00e3o nacional.<\/p>\n<p>Francisco de Sousa Para\u00edso, o governante da prov\u00edncia, foi deposto pelos rebeldes e for\u00e7ado a se refugiar em Cachoeira, na regi\u00e3o do Rec\u00f4ncavo Baiano. Os revolucion\u00e1rios indicaram Inoc\u00eancio da Rocha Galv\u00e3o como presidente da Rep\u00fablica Baiana. A nomea\u00e7\u00e3o era simb\u00f3lica, j\u00e1 que Inoc\u00eancio estava exilado nos Estados Unidos desde 1820.<\/p>\n<p>Jo\u00e3o Carneiro foi indicado como vice-presidente. Sabino assumiu o cargo de Secret\u00e1rio de Governo. Daniel Gomes de Freitas foi nomeado Ministro da Guerra e Manoel Pedro de Freitas Guimar\u00e3es assumiu o comando da Marinha.<\/p>\n<p>Controlando os arsenais e beneficiados pelo apoio dos militares, os rebeldes sabinos conseguiram manter Salvador sob seu controle por quatro meses. O movimento, no entanto, n\u00e3o conseguiu mobilizar as camadas populares e ficaria restrito \u00e0 capital da Bahia, sem reflexos significativos no interior da prov\u00edncia. Temendo a repress\u00e3o do governo, a popula\u00e7\u00e3o come\u00e7ou a deixar a cidade.<\/p>\n<p>O desinteresse das classes populares decorria do fato de que rebeldes n\u00e3o pretendiam fazer mudan\u00e7as significativas na estrutura socioecon\u00f4mica da Bahia. Ansiando pelo apoio da elite rural, os insurgentes haviam se comprometido a conservar os latif\u00fandios e manter a escravid\u00e3o. Assim, a maior parte das pessoas n\u00e3o via sentido na revolta \u2014 sobretudo os escravizados, que eram quase metade da popula\u00e7\u00e3o.<\/p>\n<p>Mesmo com todas as concess\u00f5es, os sabinos n\u00e3o conseguiram apoio dos senhores de engenho. Ao contr\u00e1rio, sofreram forte oposi\u00e7\u00e3o dos latifundi\u00e1rios, que formaram suas pr\u00f3prias mil\u00edcias para atacar o movimento.<\/p>\n<h3>A repress\u00e3o<\/h3>\n<p>As primeiras incurs\u00f5es enviadas para confrontar os sabinos eram pequenas e foram facilmente derrotadas. Alguns soldados mobilizados nessas opera\u00e7\u00f5es acabaram por se juntar aos rebeldes, atra\u00eddos pela promessa de soldos mais justos.<\/p>\n<p>Em mar\u00e7o de 1838, no entanto, o governo imperial organizou uma grande expedi\u00e7\u00e3o para esmagar o levante. Apoiados pelas mil\u00edcias de latifundi\u00e1rios, os soldados da Guarda Nacional iniciaram um cerco terrestre e mar\u00edtimo a Salvador. As tentativas de romper o bloqueio fracassaram e os alimentos logo come\u00e7aram a se tornar escassos. Os saques ao com\u00e9rcio se multiplicaram e a situa\u00e7\u00e3o na cidade logo fugiu do controle.<\/p>\n<p>Cientes de que a invas\u00e3o era iminente, os sabinos tentaram cooptar apoio dos cativos. Prometeram liberdade aos que lutassem ao lado dos insurgentes, mas a medida s\u00f3 se aplicaria aos que tivessem nascido no Brasil \u2014 excluindo mais de 60% dos escravizados, que eram nascidos na \u00c1frica.<\/p>\n<p>Em 13 de mar\u00e7o, as tropas regenciais invadiram Salvador. Comandada por Cris\u00f3stomo Calado, a ofensiva foi marcada pela viol\u00eancia. Os insurgentes foram massacrados e bairros inteiros foram incendiados. O levante chegou ao fim em 16 de mar\u00e7o de 1838, quando os \u00faltimos n\u00facleos rebeldes foram capturados.<\/p>\n<p>As estimativas apontam que mais de 1.800 pessoas foram mortas durante a repress\u00e3o \u00e0 Sabinada. Cerca de 3.000 pessoas foram presas. Doze militares e seis l\u00edderes civis seriam condenados \u00e0 morte nos julgamentos subsequentes, mas acabaram por receber anistia do governo imperial em 1840, tendo as penas comutadas por degredo dentro do territ\u00f3rio nacional.<\/p>\n<p>Francisco Sabino se mudaria para o Mato Grosso, permanecendo refugiado na Fazenda Jacobina at\u00e9 sua morte. Outros l\u00edderes como Daniel Gomes de Freitas e Francisco Jos\u00e9 da Rocha partiram para o Rio Grande do Sul, onde se juntaram ao movimento dos farroupilhas.<\/p>\n<p>O post Sabinada: 188 anos da proclama\u00e7\u00e3o da Rep\u00fablica Baiana apareceu primeiro em Opera Mundi.<\/p>\n<!-- Begin Yuzo --><div class='yuzo_related_post style-1'  data-version='5.12.89'><!-- without result --><div class='yuzo_clearfixed yuzo__title yuzo__title'><h3>Related Post<\/h3><\/div>\n\t\t\t\t\t\t  <div class=\"relatedthumb \" style=\"width:125px;float:left;overflow:hidden;\">  \n\t\t\t\t\t\t\t  \n\t\t\t\t\t\t\t  <a  href=\"https:\/\/redept.com.br\/blogosfera\/toca-dos-bichos-atende-5-mil-animais-domesticos-exoticos-e-silvestres-por-ano\/\"  >\n\t\t\t\t\t\t\t\t\t  <div class=\"yuzo-img-wrap \" style=\"width: 125px;height:90px;\">\n\t\t\t\t\t\t\t\t\t\t\n\t\t\t\t\t\t\t\t\t\t<div class=\"yuzo-img\" style=\"background:url('https:\/\/redept.com.br\/blogosfera\/wp-content\/uploads\/2025\/08\/image-5-4-150x128.png') 50% 50% no-repeat;width: 125px;height:90px;margin-bottom: 5px;background-size: cover; \"><\/div>\n\t\t\t\t\t\t\t\t\t  <\/div>\n\t\t\t\t\t\t\t\t\t  \n\t\t\t\t\t\t\t\t   <span class=\"yuzo__text--title\" style=\"font-size:13px;\">Toca dos Bichos atende 5 mil animais dom\u00e9sticos, e...<\/span>\n\t\t\t\t\t\t\t  \n\t\t\t\t\t\t\t  \n\t\t\t\t\t\t\t  <\/a>\n\n\t\t\t\t\t\t  <\/div>\n\t\t\t\t\t\t  <div class=\"relatedthumb \" style=\"width:125px;float:left;overflow:hidden;\">  \n\t\t\t\t\t\t\t  \n\t\t\t\t\t\t\t  <a  href=\"https:\/\/redept.com.br\/blogosfera\/reduzir-a-jornada-de-trabalho-e-garantir-dignidade-para-quem-move-o-brasil\/\"  >\n\t\t\t\t\t\t\t\t\t  <div class=\"yuzo-img-wrap \" style=\"width: 125px;height:90px;\">\n\t\t\t\t\t\t\t\t\t\t\n\t\t\t\t\t\t\t\t\t\t<div class=\"yuzo-img\" style=\"background:url('https:\/\/redept.org\/blogosfera\/wp-content\/plugins\/yuzo-related-post\/assets\/images\/default.png') 50% 50% no-repeat;width: 125px;height:90px;margin-bottom: 5px;background-size: cover; \"><\/div>\n\t\t\t\t\t\t\t\t\t  <\/div>\n\t\t\t\t\t\t\t\t\t  \n\t\t\t\t\t\t\t\t   <span class=\"yuzo__text--title\" style=\"font-size:13px;\">Reduzir a jornada de trabalho \u00e9 garantir dignidade...<\/span>\n\t\t\t\t\t\t\t  \n\t\t\t\t\t\t\t  \n\t\t\t\t\t\t\t  <\/a>\n\n\t\t\t\t\t\t  <\/div>\n\t\t\t\t\t\t  <div class=\"relatedthumb \" style=\"width:125px;float:left;overflow:hidden;\">  \n\t\t\t\t\t\t\t  \n\t\t\t\t\t\t\t  <a  href=\"https:\/\/redept.com.br\/blogosfera\/saude-do-df-tem-orcamento-maior-em-2025-mas-execucao-lenta-acende-alerta-na-camara\/\"  >\n\t\t\t\t\t\t\t\t\t  <div class=\"yuzo-img-wrap \" style=\"width: 125px;height:90px;\">\n\t\t\t\t\t\t\t\t\t\t\n\t\t\t\t\t\t\t\t\t\t<div class=\"yuzo-img\" style=\"background:url('https:\/\/redept.com.br\/blogosfera\/wp-content\/uploads\/2025\/08\/2512538RM-35-150x150.jpeg') 50% 50% no-repeat;width: 125px;height:90px;margin-bottom: 5px;background-size: cover; \"><\/div>\n\t\t\t\t\t\t\t\t\t  <\/div>\n\t\t\t\t\t\t\t\t\t  \n\t\t\t\t\t\t\t\t   <span class=\"yuzo__text--title\" style=\"font-size:13px;\">Sa\u00fade do DF tem or\u00e7amento maior em 2025, mas execu...<\/span>\n\t\t\t\t\t\t\t  \n\t\t\t\t\t\t\t  \n\t\t\t\t\t\t\t  <\/a>\n\n\t\t\t\t\t\t  <\/div>\n\t\t\t\t\t\t  <div class=\"relatedthumb \" style=\"width:125px;float:left;overflow:hidden;\">  \n\t\t\t\t\t\t\t  \n\t\t\t\t\t\t\t  <a  href=\"https:\/\/redept.com.br\/blogosfera\/se-ele-quer-se-reeleger-e-bom-fazer-campanha-para-o-lula-mesmo-diz-lider-do-pt-sobre-motta\/\"  >\n\t\t\t\t\t\t\t\t\t  <div class=\"yuzo-img-wrap \" style=\"width: 125px;height:90px;\">\n\t\t\t\t\t\t\t\t\t\t\n\t\t\t\t\t\t\t\t\t\t<div class=\"yuzo-img\" style=\"background:url('https:\/\/redept.org\/blogosfera\/wp-content\/plugins\/yuzo-related-post\/assets\/images\/default.png') 50% 50% no-repeat;width: 125px;height:90px;margin-bottom: 5px;background-size: cover; \"><\/div>\n\t\t\t\t\t\t\t\t\t  <\/div>\n\t\t\t\t\t\t\t\t\t  \n\t\t\t\t\t\t\t\t   <span class=\"yuzo__text--title\" style=\"font-size:13px;\">\u2018Se ele quer se reeleger, \u00e9 bom fazer campanha par...<\/span>\n\t\t\t\t\t\t\t  \n\t\t\t\t\t\t\t  \n\t\t\t\t\t\t\t  <\/a>\n\n\t\t\t\t\t\t  <\/div>\n<\/div> <script>\n\t\t\t\t\t\t  jQuery(document).ready(function( $ ){\n\t\t\t\t\t\t\t\/\/jQuery('.yuzo_related_post').equalizer({ overflow : 'relatedthumb' });\n\t\t\t\t\t\t\tjQuery('.yuzo_related_post .yuzo_wraps').equalizer({ columns : '> div' });\n\t\t\t\t\t\t   })\n\t\t\t\t\t\t  <\/script> <!-- End Yuzo :) -->","protected":false},"excerpt":{"rendered":"<p>H\u00e1 188 anos, em 6 de novembro de 1837, eclodia na Bahia a revolta conhecida como Sabinada, um dos principais levantes ocorridos durante o Per\u00edodo Regencial. Nomeada em refer\u00eancia ao seu principal l\u00edder, o m\u00e9dico Francisco Sabino, a revolta consistia em um movimento autonomista de car\u00e1ter transit\u00f3rio, que deveria durar at\u00e9 o herdeiro da coroa, [\u2026]<\/p>\n<p>O post <a href=\"https:\/\/operamundi.uol.com.br\/pensar-a-historia\/sabinada-188-anos-da-proclamacao-da-republica-baiana\/\">Sabinada: 188 anos da proclama\u00e7\u00e3o da Rep\u00fablica Baiana<\/a> apareceu primeiro em <a href=\"https:\/\/operamundi.uol.com.br\/\">Opera Mundi<\/a>.<\/p>\n","protected":false},"author":2,"featured_media":62889,"comment_status":"closed","ping_status":"closed","sticky":false,"template":"","format":"standard","meta":{"fifu_image_url":"","fifu_image_alt":"","footnotes":""},"categories":[28782,28783,25189,11809,5622,7347,7094,28784],"tags":[],"class_list":["post-62888","post","type-post","status-publish","format-standard","has-post-thumbnail","hentry","category-dom-pedro","category-francisco-sabino","category-levante","category-movimento","category-pensar-a-historia","category-periodo-regencial","category-revolta","category-sabinada"],"_links":{"self":[{"href":"https:\/\/redept.com.br\/blogosfera\/wp-json\/wp\/v2\/posts\/62888","targetHints":{"allow":["GET"]}}],"collection":[{"href":"https:\/\/redept.com.br\/blogosfera\/wp-json\/wp\/v2\/posts"}],"about":[{"href":"https:\/\/redept.com.br\/blogosfera\/wp-json\/wp\/v2\/types\/post"}],"author":[{"embeddable":true,"href":"https:\/\/redept.com.br\/blogosfera\/wp-json\/wp\/v2\/users\/2"}],"replies":[{"embeddable":true,"href":"https:\/\/redept.com.br\/blogosfera\/wp-json\/wp\/v2\/comments?post=62888"}],"version-history":[{"count":0,"href":"https:\/\/redept.com.br\/blogosfera\/wp-json\/wp\/v2\/posts\/62888\/revisions"}],"wp:featuredmedia":[{"embeddable":true,"href":"https:\/\/redept.com.br\/blogosfera\/wp-json\/wp\/v2\/media\/62889"}],"wp:attachment":[{"href":"https:\/\/redept.com.br\/blogosfera\/wp-json\/wp\/v2\/media?parent=62888"}],"wp:term":[{"taxonomy":"category","embeddable":true,"href":"https:\/\/redept.com.br\/blogosfera\/wp-json\/wp\/v2\/categories?post=62888"},{"taxonomy":"post_tag","embeddable":true,"href":"https:\/\/redept.com.br\/blogosfera\/wp-json\/wp\/v2\/tags?post=62888"}],"curies":[{"name":"wp","href":"https:\/\/api.w.org\/{rel}","templated":true}]}}