{"id":62950,"date":"2025-11-07T12:08:19","date_gmt":"2025-11-07T15:08:19","guid":{"rendered":"https:\/\/redept.com.br\/blogosfera\/luciana-santos-e-macron-reforcam-cooperacao-cientifica-na-cop30\/"},"modified":"2025-11-07T12:08:19","modified_gmt":"2025-11-07T15:08:19","slug":"luciana-santos-e-macron-reforcam-cooperacao-cientifica-na-cop30","status":"publish","type":"post","link":"https:\/\/redept.com.br\/blogosfera\/luciana-santos-e-macron-reforcam-cooperacao-cientifica-na-cop30\/","title":{"rendered":"Luciana Santos e Macron refor\u00e7am coopera\u00e7\u00e3o cient\u00edfica na COP30"},"content":{"rendered":"<p><img loading=\"lazy\" width=\"1024\" height=\"682\"src=\"https:\/\/redept.com.br\/blogosfera\/wp-content\/uploads\/2025\/11\/Macron-e-Luciana-Santos-foto-luara-baggi.jpeg\" alt=\"\" decoding=\"async\" loading=\"lazy\" srcset=\"https:\/\/vermelho.org.br\/wp-content\/uploads\/2025\/11\/Macron-e-Luciana-Santos-foto-luara-baggi-1024x682.jpeg 1024w, https:\/\/vermelho.org.br\/wp-content\/uploads\/2025\/11\/Macron-e-Luciana-Santos-foto-luara-baggi-300x200.jpeg 300w, https:\/\/vermelho.org.br\/wp-content\/uploads\/2025\/11\/Macron-e-Luciana-Santos-foto-luara-baggi-768x512.jpeg 768w, https:\/\/vermelho.org.br\/wp-content\/uploads\/2025\/11\/Macron-e-Luciana-Santos-foto-luara-baggi-272x182.jpeg 272w, https:\/\/redept.com.br\/blogosfera\/wp-content\/uploads\/2025\/11\/Macron-e-Luciana-Santos-foto-luara-baggi.jpeg 1280w\" sizes=\"auto, (max-width: 1024px) 100vw, 1024px\"><\/p>\n<p>A Ministra da Ci\u00eancia, Tecnologia e Inova\u00e7\u00e3o, Luciana Santos, recebeu, nesta quinta-feira (6), o presidente franc\u00eas, Emmanuel Macron, na caravana fluvial Iara\u00e7u, barco franco-brasileiro atracado em Bel\u00e9m (PA) para a 30\u00aa Confer\u00eancia das Na\u00e7\u00f5es Unidas sobre Mudan\u00e7as Clim\u00e1ticas (COP30). O evento ocorre de 10 a 21 de novembro, na capital paraense.<\/p>\n<p>A ministra comemorou o encontro e a visita \u00e0 embarca\u00e7\u00e3o. \u201cA Caravana Iara\u00e7u \u00e9 um s\u00edmbolo de coopera\u00e7\u00e3o cient\u00edfica e de diplomacia ambiental. Ela une Brasil, Fran\u00e7a e pa\u00edses africanos em torno da ci\u00eancia como ponte entre povos e biomas tropicais\u201d, comemorou Luciana Santos.<\/p>\n<p>A caravana \u00e9 resultado de uma coopera\u00e7\u00e3o cient\u00edfica entre o Brasil e a Fran\u00e7a com foco na Amaz\u00f4nia. A embarca\u00e7\u00e3o foi lan\u00e7ada pela Universidade Federal do Par\u00e1 (UFPA) em parceria com mais de dez institui\u00e7\u00f5es, como o Conselho Nacional de Desenvolvimento Cient\u00edfico e Tecnol\u00f3gico (CNPq), ag\u00eancia vinculada ao MCTI; a Coordena\u00e7\u00e3o de Aperfei\u00e7oamento de Pessoal de N\u00edvel Superior (Capes), funda\u00e7\u00e3o p\u00fablica ligada ao Minist\u00e9rio da Educa\u00e7\u00e3o (MEC); a Embaixada da Fran\u00e7a no Brasil; o Centro Franco-Brasileiro da Biodiversidade Amaz\u00f4nica; e o Institut de Recherche pour le D\u00e9veloppement (IRD\/Fran\u00e7a).<\/p>\n<figure>\n<figure><img loading=\"lazy\" loading=\"lazy\" decoding=\"async\" width=\"1024\" height=\"683\" data-id=\"730539\"src=\"https:\/\/redept.com.br\/blogosfera\/wp-content\/uploads\/2025\/11\/foto-luara-baggi-1.jpeg\" alt=\"\" srcset=\"https:\/\/vermelho.org.br\/wp-content\/uploads\/2025\/11\/foto-luara-baggi-1-1024x683.jpeg 1024w, https:\/\/vermelho.org.br\/wp-content\/uploads\/2025\/11\/foto-luara-baggi-1-300x200.jpeg 300w, https:\/\/vermelho.org.br\/wp-content\/uploads\/2025\/11\/foto-luara-baggi-1-768x512.jpeg 768w, https:\/\/vermelho.org.br\/wp-content\/uploads\/2025\/11\/foto-luara-baggi-1-272x182.jpeg 272w, https:\/\/redept.com.br\/blogosfera\/wp-content\/uploads\/2025\/11\/foto-luara-baggi-1.jpeg 1039w\" sizes=\"auto, (max-width: 1024px) 100vw, 1024px\"><\/figure>\n<figure><img loading=\"lazy\" loading=\"lazy\" decoding=\"async\" width=\"1024\" height=\"682\" data-id=\"730540\"src=\"https:\/\/redept.com.br\/blogosfera\/wp-content\/uploads\/2025\/11\/foto-luara-baggi-3.jpeg\" alt=\"\" srcset=\"https:\/\/vermelho.org.br\/wp-content\/uploads\/2025\/11\/foto-luara-baggi-3-1024x682.jpeg 1024w, https:\/\/vermelho.org.br\/wp-content\/uploads\/2025\/11\/foto-luara-baggi-3-300x200.jpeg 300w, https:\/\/vermelho.org.br\/wp-content\/uploads\/2025\/11\/foto-luara-baggi-3-768x512.jpeg 768w, https:\/\/vermelho.org.br\/wp-content\/uploads\/2025\/11\/foto-luara-baggi-3-272x182.jpeg 272w, https:\/\/redept.com.br\/blogosfera\/wp-content\/uploads\/2025\/11\/foto-luara-baggi-3.jpeg 1280w\" sizes=\"auto, (max-width: 1024px) 100vw, 1024px\"><\/figure>\n<\/figure>\n<p>\u201cA ci\u00eancia \u00e9 o instrumento mais poderoso que temos para compreender, preservar e regenerar o planeta. No Brasil, a ci\u00eancia orienta nossas pol\u00edticas p\u00fablicas para enfrentar as mudan\u00e7as clim\u00e1ticas, proteger a biodiversidade e desenvolver uma economia de baixo carbono\u201d, continuou a chefe da pasta.<\/p>\n<p>A embarca\u00e7\u00e3o saiu de Manaus (AM) em 28 de outubro em dire\u00e7\u00e3o a Bel\u00e9m para a confer\u00eancia. Navegando pelo Rio Amazonas, a Iara\u00e7u parou em diversas cidades e comunidades ribeirinhas, mobilizando pesquisadores, institui\u00e7\u00f5es de ensino e organiza\u00e7\u00f5es sociais buscando dar voz aos territ\u00f3rios nos debates internacionais sobre o clima que acontecer\u00e3o na COP30.<\/p>\n<p><strong>Lan\u00e7amento de chamada p\u00fablica<\/strong><\/p>\n<p>Durante sua passagem por Santar\u00e9m, cidade paraense a mais de 1 mil km de dist\u00e2ncia de Bel\u00e9m, foi lan\u00e7ada uma chamada do CNPq em parceria com o Capes e o IRD. Com um investimento de mais de R$ 2,8 milh\u00f5es, a chamada visa grupos de pesquisa brasileiros e franceses.<\/p>\n<p><strong>Os eixos previstos s\u00e3o:<\/strong><\/p>\n<ul>\n<li>Compreens\u00e3o, Monitoramento, Conserva\u00e7\u00e3o e Documenta\u00e7\u00e3o da Biodiversidade Amaz\u00f4nica;<\/li>\n<li>Contribui\u00e7\u00f5es Presentes e Passadas dos Povos Ind\u00edgenas e Comunidades Locais para a Biodiversidade;<\/li>\n<li>Cobertura Florestal, Observa\u00e7\u00e3o da Terra, Mudan\u00e7as Ambientais Regionais e Sustentabilidade;<\/li>\n<li>Biodiversidade, Sa\u00fade Humana e Alimenta\u00e7\u00e3o (Abordagem One Health);<\/li>\n<li>Bioeconomia para Meios de Subsist\u00eancia Inclusivos e Economias Plurais, Bem Viver e Sistemas Alimentares Saud\u00e1veis<\/li>\n<\/ul>\n<p>__<br \/><em>Fonte: Ascom MCTI<\/em><br \/><em>Edi\u00e7\u00e3o: B\u00e1rbara Luz<\/em><\/p>\n<p>O post <a href=\"https:\/\/vermelho.org.br\/2025\/11\/07\/luciana-santos-e-macron-reforcam-cooperacao-cientifica-na-cop30\/\">Luciana Santos e Macron refor\u00e7am coopera\u00e7\u00e3o cient\u00edfica na COP30<\/a> apareceu primeiro em <a href=\"https:\/\/vermelho.org.br\/\">Vermelho<\/a>.<\/p>\n<!-- Begin Yuzo --><div class='yuzo_related_post style-1'  data-version='5.12.89'><!-- without result --><div class='yuzo_clearfixed yuzo__title yuzo__title'><h3>Related Post<\/h3><\/div>\n\t\t\t\t\t\t  <div class=\"relatedthumb \" style=\"width:125px;float:left;overflow:hidden;\">  \n\t\t\t\t\t\t\t  \n\t\t\t\t\t\t\t  <a  href=\"https:\/\/redept.com.br\/blogosfera\/um-dia-apos-eua-israel-anuncia-saida-do-conselho-de-direitos-humanos-da-onu\/\"  >\n\t\t\t\t\t\t\t\t\t  <div class=\"yuzo-img-wrap \" style=\"width: 125px;height:90px;\">\n\t\t\t\t\t\t\t\t\t\t\n\t\t\t\t\t\t\t\t\t\t<div class=\"yuzo-img\" style=\"background:url('https:\/\/redept.org\/blogosfera\/wp-content\/plugins\/yuzo-related-post\/assets\/images\/default.png') 50% 50% no-repeat;width: 125px;height:90px;margin-bottom: 5px;background-size: cover; \"><\/div>\n\t\t\t\t\t\t\t\t\t  <\/div>\n\t\t\t\t\t\t\t\t\t  \n\t\t\t\t\t\t\t\t   <span class=\"yuzo__text--title\" style=\"font-size:13px;\">Um dia ap\u00f3s EUA, Israel anuncia sa\u00edda do Conselho ...<\/span>\n\t\t\t\t\t\t\t  \n\t\t\t\t\t\t\t  \n\t\t\t\t\t\t\t  <\/a>\n\n\t\t\t\t\t\t  <\/div>\n\t\t\t\t\t\t  <div class=\"relatedthumb \" style=\"width:125px;float:left;overflow:hidden;\">  \n\t\t\t\t\t\t\t  \n\t\t\t\t\t\t\t  <a  href=\"https:\/\/redept.com.br\/blogosfera\/guerra-da-ucrania-russia-faz-ataque-massivo-em-kiev-e-trump-se-diz-decepcionado-com-putin\/\"  >\n\t\t\t\t\t\t\t\t\t  <div class=\"yuzo-img-wrap \" style=\"width: 125px;height:90px;\">\n\t\t\t\t\t\t\t\t\t\t\n\t\t\t\t\t\t\t\t\t\t<div class=\"yuzo-img\" style=\"background:url('https:\/\/redept.com.br\/blogosfera\/wp-content\/uploads\/2025\/07\/bdf-20250704-161627-b65c65-2048x1365-1-150x150.jpg') 50% 50% no-repeat;width: 125px;height:90px;margin-bottom: 5px;background-size: cover; \"><\/div>\n\t\t\t\t\t\t\t\t\t  <\/div>\n\t\t\t\t\t\t\t\t\t  \n\t\t\t\t\t\t\t\t   <span class=\"yuzo__text--title\" style=\"font-size:13px;\">Guerra da Ucr\u00e2nia: R\u00fassia faz ataque massivo em Ki...<\/span>\n\t\t\t\t\t\t\t  \n\t\t\t\t\t\t\t  \n\t\t\t\t\t\t\t  <\/a>\n\n\t\t\t\t\t\t  <\/div>\n\t\t\t\t\t\t  <div class=\"relatedthumb \" style=\"width:125px;float:left;overflow:hidden;\">  \n\t\t\t\t\t\t\t  \n\t\t\t\t\t\t\t  <a  href=\"https:\/\/redept.com.br\/blogosfera\/colombia-presidente-do-senado-ignora-greve-e-rejeita-reavaliar-projeto-de-referendo\/\"  >\n\t\t\t\t\t\t\t\t\t  <div class=\"yuzo-img-wrap \" style=\"width: 125px;height:90px;\">\n\t\t\t\t\t\t\t\t\t\t\n\t\t\t\t\t\t\t\t\t\t<div class=\"yuzo-img\" style=\"background:url('https:\/\/redept.com.br\/blogosfera\/wp-content\/uploads\/2025\/05\/cut-colombia-150x150.jpg') 50% 50% no-repeat;width: 125px;height:90px;margin-bottom: 5px;background-size: cover; \"><\/div>\n\t\t\t\t\t\t\t\t\t  <\/div>\n\t\t\t\t\t\t\t\t\t  \n\t\t\t\t\t\t\t\t   <span class=\"yuzo__text--title\" style=\"font-size:13px;\">Col\u00f4mbia: presidente do Senado ignora greve e reje...<\/span>\n\t\t\t\t\t\t\t  \n\t\t\t\t\t\t\t  \n\t\t\t\t\t\t\t  <\/a>\n\n\t\t\t\t\t\t  <\/div>\n\t\t\t\t\t\t  <div class=\"relatedthumb \" style=\"width:125px;float:left;overflow:hidden;\">  \n\t\t\t\t\t\t\t  \n\t\t\t\t\t\t\t  <a  href=\"https:\/\/redept.com.br\/blogosfera\/marielle-franco-julgamento-dos-mandantes-comeca-nesta-terca-24\/\"  >\n\t\t\t\t\t\t\t\t\t  <div class=\"yuzo-img-wrap \" style=\"width: 125px;height:90px;\">\n\t\t\t\t\t\t\t\t\t\t\n\t\t\t\t\t\t\t\t\t\t<div class=\"yuzo-img\" style=\"background:url('https:\/\/redept.com.br\/blogosfera\/wp-content\/uploads\/2026\/02\/familia-e1771876246540-150x150.webp') 50% 50% no-repeat;width: 125px;height:90px;margin-bottom: 5px;background-size: cover; \"><\/div>\n\t\t\t\t\t\t\t\t\t  <\/div>\n\t\t\t\t\t\t\t\t\t  \n\t\t\t\t\t\t\t\t   <span class=\"yuzo__text--title\" style=\"font-size:13px;\">Marielle Franco: julgamento dos mandantes come\u00e7a n...<\/span>\n\t\t\t\t\t\t\t  \n\t\t\t\t\t\t\t  \n\t\t\t\t\t\t\t  <\/a>\n\n\t\t\t\t\t\t  <\/div>\n<\/div> <script>\n\t\t\t\t\t\t  jQuery(document).ready(function( $ ){\n\t\t\t\t\t\t\t\/\/jQuery('.yuzo_related_post').equalizer({ overflow : 'relatedthumb' });\n\t\t\t\t\t\t\tjQuery('.yuzo_related_post .yuzo_wraps').equalizer({ columns : '> div' });\n\t\t\t\t\t\t   })\n\t\t\t\t\t\t  <\/script> <!-- End Yuzo :) -->","protected":false},"excerpt":{"rendered":"<p>A Ministra da Ci\u00eancia, Tecnologia e Inova\u00e7\u00e3o, Luciana Santos, recebeu, nesta quinta-feira (6), o presidente franc\u00eas, Emmanuel Macron, na caravana fluvial Iara\u00e7u, barco franco-brasileiro atracado em Bel\u00e9m (PA) para a 30\u00aa Confer\u00eancia das Na\u00e7\u00f5es Unidas sobre Mudan\u00e7as Clim\u00e1ticas (COP30). O evento ocorre de 10 a 21 de novembro, na capital paraense. A ministra comemorou o [&hellip;]<\/p>\n","protected":false},"author":2,"featured_media":0,"comment_status":"open","ping_status":"closed","sticky":false,"template":"","format":"standard","meta":{"fifu_image_url":"","fifu_image_alt":"","footnotes":""},"categories":[109,795,28852,568,2519,335,1252],"tags":[],"class_list":["post-62950","post","type-post","status-publish","format-standard","hentry","category-amazonia","category-ciencia","category-cooperacao-brasil-franca","category-cop-30","category-cop30","category-emmanuel-macron","category-luciana-santos"],"_links":{"self":[{"href":"https:\/\/redept.com.br\/blogosfera\/wp-json\/wp\/v2\/posts\/62950","targetHints":{"allow":["GET"]}}],"collection":[{"href":"https:\/\/redept.com.br\/blogosfera\/wp-json\/wp\/v2\/posts"}],"about":[{"href":"https:\/\/redept.com.br\/blogosfera\/wp-json\/wp\/v2\/types\/post"}],"author":[{"embeddable":true,"href":"https:\/\/redept.com.br\/blogosfera\/wp-json\/wp\/v2\/users\/2"}],"replies":[{"embeddable":true,"href":"https:\/\/redept.com.br\/blogosfera\/wp-json\/wp\/v2\/comments?post=62950"}],"version-history":[{"count":0,"href":"https:\/\/redept.com.br\/blogosfera\/wp-json\/wp\/v2\/posts\/62950\/revisions"}],"wp:attachment":[{"href":"https:\/\/redept.com.br\/blogosfera\/wp-json\/wp\/v2\/media?parent=62950"}],"wp:term":[{"taxonomy":"category","embeddable":true,"href":"https:\/\/redept.com.br\/blogosfera\/wp-json\/wp\/v2\/categories?post=62950"},{"taxonomy":"post_tag","embeddable":true,"href":"https:\/\/redept.com.br\/blogosfera\/wp-json\/wp\/v2\/tags?post=62950"}],"curies":[{"name":"wp","href":"https:\/\/api.w.org\/{rel}","templated":true}]}}