{"id":62957,"date":"2025-11-07T12:54:14","date_gmt":"2025-11-07T15:54:14","guid":{"rendered":"https:\/\/redept.com.br\/blogosfera\/decisoes-em-belem-podem-selar-sucesso-ou-fracasso-climatico-alerta-lula\/"},"modified":"2025-11-07T12:54:14","modified_gmt":"2025-11-07T15:54:14","slug":"decisoes-em-belem-podem-selar-sucesso-ou-fracasso-climatico-alerta-lula","status":"publish","type":"post","link":"https:\/\/redept.com.br\/blogosfera\/decisoes-em-belem-podem-selar-sucesso-ou-fracasso-climatico-alerta-lula\/","title":{"rendered":"Decis\u00f5es em Bel\u00e9m podem selar sucesso ou fracasso clim\u00e1tico, alerta Lula"},"content":{"rendered":"<p><img fetchpriority=\"high\" width=\"800\" height=\"491\"src=\"https:\/\/redept.com.br\/blogosfera\/wp-content\/uploads\/2025\/11\/54907993185_ef2037ff5e_c.jpg\" alt=\"\" decoding=\"async\" srcset=\"https:\/\/redept.com.br\/blogosfera\/wp-content\/uploads\/2025\/11\/54907993185_ef2037ff5e_c.jpg 800w, https:\/\/vermelho.org.br\/wp-content\/uploads\/2025\/11\/54907993185_ef2037ff5e_c-300x184.jpg 300w, https:\/\/vermelho.org.br\/wp-content\/uploads\/2025\/11\/54907993185_ef2037ff5e_c-768x471.jpg 768w\" sizes=\"(max-width: 800px) 100vw, 800px\"><\/p>\n<p>O presidente Lula discursou, nesta sexta-feira (7), durante a sess\u00e3o tem\u00e1tica da C\u00fapula de L\u00edderes, tamb\u00e9m chamada de C\u00fapula do Clima, sobre \u201cTransi\u00e7\u00e3o Energ\u00e9tica\u201d. O evento pavimenta os trabalhos para a COP 30, que come\u00e7a na pr\u00f3xima segunda-feira (10).<\/p>\n<p>O encontro de autoridades, realizado no Parque da Cidade, em Bel\u00e9m (PA), j\u00e1 contou com o lan\u00e7amento do Fundo Florestas Tropicais para Sempre, que soma <a href=\"https:\/\/vermelho.org.br\/2025\/11\/07\/fundo-florestal-lancado-pelo-brasil-ja-tem-us-55-bi-50-do-previsto-para-1-ano\/\">US$ 5,5 bilh\u00f5es para a preserva\u00e7\u00e3o ambiental.<\/a><\/p>\n<p>Antes da fala, os chefes de Estado e lideran\u00e7as pol\u00edticas se reuniram para uma fotografia oficial.<\/p>\n<p>Na sequ\u00eancia, para os presentes na mesa redonda, Lula alertou que as decis\u00f5es acertadas entre eles ir\u00e3o definir o sucesso ou o fracasso na batalha contra a mudan\u00e7a do clima: \u201cDevemos decidir se o s\u00e9culo XXI ser\u00e1 lembrado como o s\u00e9culo da cat\u00e1strofe clim\u00e1tica ou como o momento da reconstru\u00e7\u00e3o inteligente.\u201d<\/p>\n<p><strong>Leia mais: <\/strong><a href=\"https:\/\/vermelho.org.br\/2025\/11\/07\/fundo-florestal-lancado-pelo-brasil-ja-tem-us-55-bi-50-do-previsto-para-1-ano\/\">Fundo florestal lan\u00e7ado pelo Brasil j\u00e1 tem US$ 5,5 bi, 50% do previsto para 1 ano<\/a><\/p>\n<p>Dessa maneira, ele prop\u00f4s tr\u00eas compromissos centrais:<\/p>\n<ul>\n<li>implementar o acordo de Dubai de triplicar a energia renov\u00e1vel e de dobrar a efici\u00eancia energ\u00e9tica at\u00e9 2030;<\/li>\n<li>colocar a elimina\u00e7\u00e3o da pobreza energ\u00e9tica no centro do debate e incluir metas de coc\u00e7\u00e3o limpa (cozimento limpo, sem polui\u00e7\u00e3o) e de acesso \u00e0 eletricidade nos planos clim\u00e1ticos nacionais;<\/li>\n<li>aderir ao Compromisso de Bel\u00e9m para quadruplicar o uso de combust\u00edveis sustent\u00e1veis at\u00e9 2035 e acelerar a descarboniza\u00e7\u00e3o dos setores mais desafiadores.<\/li>\n<\/ul>\n<p><strong>Transforma\u00e7\u00e3o em curso<\/strong><\/p>\n<p>Segundo o presidente, o planeta Terra n\u00e3o comporta mais o modelo de desenvolvimento baseado no uso intensivo de combust\u00edveis f\u00f3sseis, sendo que 75% das emiss\u00f5es de gases do efeito estufa t\u00eam origem na produ\u00e7\u00e3o e no consumo de energia.<\/p>\n<p>Apesar desse cen\u00e1rio desafiador, o l\u00edder brasileiro destacou que a ci\u00eancia e a tecnologia permitem a evolu\u00e7\u00e3o para o modelo centrado nas energias limpas.<\/p>\n<p>\u201cEssa transforma\u00e7\u00e3o j\u00e1 est\u00e1 em curso. O uso de renov\u00e1veis triplicou nos \u00faltimos dez anos. No primeiro semestre de 2025, a energia renov\u00e1vel se tornou a maior fonte individual de gera\u00e7\u00e3o de eletricidade no mundo, ultrapassando o carv\u00e3o. Em muitas regi\u00f5es, as energias solar e e\u00f3lica j\u00e1 s\u00e3o mais baratas do que a gerada por combust\u00edveis f\u00f3sseis. O pre\u00e7o das baterias caiu 90%\u201d, disse Lula.<\/p>\n<p><strong>Brasil<\/strong><\/p>\n<p>A partir da vis\u00e3o do governo, o presidente destacou a lideran\u00e7a do pa\u00eds na \u00e1rea ao salientar que 90% da matriz el\u00e9trica nacional prov\u00e9m de fontes limpas.<\/p>\n<p>\u201cTamb\u00e9m somos pioneiros no desenvolvimento de motores flex\u00edveis e o segundo maior produtor mundial de biocombust\u00edveis. Nossa gasolina tem 30% de etanol em sua composi\u00e7\u00e3o e nosso diesel conta com 15% de biodiesel\u201d, afirmou, apontando o etanol como alternativa eficaz ao modelo atual de utiliza\u00e7\u00e3o de combust\u00edveis.<\/p>\n<p><strong>Transi\u00e7\u00e3o e fim de conflitos<\/strong><\/p>\n<p>Em seguida, Lula indicou que a transi\u00e7\u00e3o energ\u00e9tica est\u00e1 posta como grande oportunidade. \u201cEm 2023, o setor foi respons\u00e1vel por 10% do crescimento do PIB global e empregou 35 milh\u00f5es de pessoas\u201d, falou o presidente, refor\u00e7ando que \u00e9 imposs\u00edvel discutir a transi\u00e7\u00e3o energ\u00e9tica sem falar dos minerais cr\u00edticos.<\/p>\n<p>Mesmo com essa potencialidade, o presidente lamentou que os investimentos na \u00e1rea ainda sejam inferiores aos realizados no setor de petr\u00f3leo e g\u00e1s.<\/p>\n<p><strong>Leia mais: <\/strong><a href=\"https:\/\/vermelho.org.br\/2025\/11\/07\/luciana-santos-e-macron-reforcam-cooperacao-cientifica-na-cop30\/\">Luciana Santos e Macron refor\u00e7am coopera\u00e7\u00e3o cient\u00edfica na COP30<\/a><\/p>\n<p>Ele ainda aproveitou a oportunidade para pedir o fim de conflitos como o da Ucr\u00e2nia, uma vez que, al\u00e9m do horror da guerra, foram reabertas minas de carv\u00e3o, que s\u00e3o altamente poluentes. Al\u00e9m disso, frisou que \u00e9 descabido investir mais em conflitos armados do que na prote\u00e7\u00e3o contra as mudan\u00e7as clim\u00e1ticas: \u201cGastar com armas o dobro do que destinamos \u00e0 a\u00e7\u00e3o clim\u00e1tica \u00e9 pavimentar o caminho para o apocalipse clim\u00e1tico.\u201d<\/p>\n<figure><img decoding=\"async\" width=\"1024\" height=\"511\"src=\"https:\/\/redept.com.br\/blogosfera\/wp-content\/uploads\/2025\/11\/54907929744_02c2c1ccf2_k.jpg\" alt=\"\" srcset=\"https:\/\/vermelho.org.br\/wp-content\/uploads\/2025\/11\/54907929744_02c2c1ccf2_k-1024x511.jpg 1024w, https:\/\/vermelho.org.br\/wp-content\/uploads\/2025\/11\/54907929744_02c2c1ccf2_k-300x150.jpg 300w, https:\/\/vermelho.org.br\/wp-content\/uploads\/2025\/11\/54907929744_02c2c1ccf2_k-768x383.jpg 768w, https:\/\/vermelho.org.br\/wp-content\/uploads\/2025\/11\/54907929744_02c2c1ccf2_k-1536x767.jpg 1536w, https:\/\/redept.com.br\/blogosfera\/wp-content\/uploads\/2025\/11\/54907929744_02c2c1ccf2_k.jpg 2047w\" sizes=\"(max-width: 1024px) 100vw, 1024px\"><figcaption>Presidente Lula e demais l\u00edderes durante a fotografia oficial da C\u00fapula do Clima (COP30). Parque da Cidade \u2013 Bel\u00e9m (PA). Foto: Ricardo Stuckert \/ PR<\/figcaption><\/figure>\n<p><strong>Pobreza energ\u00e9tica<\/strong><\/p>\n<p>Conforme demonstrou Lula, a transi\u00e7\u00e3o energ\u00e9tica precisa ser feita, mas com o cuidado para n\u00e3o aprofundar ainda mais a pobreza energ\u00e9tica, colocada nos seguintes termos:<\/p>\n<ul>\n<li>2 bilh\u00f5es de pessoas n\u00e3o t\u00eam acesso a combust\u00edveis adequados para cozinhar;<\/li>\n<li>660 milh\u00f5es de pessoas dependem de lamparinas ou de geradores a diesel nas periferias das grandes cidades e nas comunidades rurais da Am\u00e9rica Latina, da \u00c1frica e da \u00c1sia;<\/li>\n<li>200 milh\u00f5es de crian\u00e7as frequentam escolas sem acesso \u00e0 luz el\u00e9trica.<\/li>\n<\/ul>\n<p>Assim, \u00e9 preciso pensar em combater as mudan\u00e7as clim\u00e1ticas ao passo em que se equaciona \u201ca injusti\u00e7a de d\u00edvidas externas impag\u00e1veis\u201d, pontua.<\/p>\n<p>Por isso, a justi\u00e7a clim\u00e1tica \u2014 vis\u00e3o pela qual os impactos da crise clim\u00e1tica n\u00e3o devem afetar desproporcionalmente as comunidades mais vulner\u00e1veis e menos respons\u00e1veis pelas mudan\u00e7as \u2014 deve ser orientada para buscar mecanismos de troca de d\u00edvida por financiamento de iniciativas de mitiga\u00e7\u00e3o clim\u00e1tica e que parte dos lucros com explora\u00e7\u00e3o de petr\u00f3leo financie a transi\u00e7\u00e3o energ\u00e9tica mundial.<\/p>\n<p>O post <a href=\"https:\/\/vermelho.org.br\/2025\/11\/07\/decisoes-em-belem-podem-selar-sucesso-ou-fracasso-climatico-alerta-lula\/\">Decis\u00f5es em Bel\u00e9m podem selar sucesso ou fracasso clim\u00e1tico, alerta Lula<\/a> apareceu primeiro em <a href=\"https:\/\/vermelho.org.br\/\">Vermelho<\/a>.<\/p>\n<!-- Begin Yuzo --><div class='yuzo_related_post style-1'  data-version='5.12.89'><!-- without result --><div class='yuzo_clearfixed yuzo__title yuzo__title'><h3>Related Post<\/h3><\/div>\n\t\t\t\t\t\t  <div class=\"relatedthumb \" style=\"width:125px;float:left;overflow:hidden;\">  \n\t\t\t\t\t\t\t  \n\t\t\t\t\t\t\t  <a  href=\"https:\/\/redept.com.br\/blogosfera\/bombardeio-a-cidade-de-gaza-deixa-123-mortos-e-abre-plano-de-ocupacao\/\"  >\n\t\t\t\t\t\t\t\t\t  <div class=\"yuzo-img-wrap \" style=\"width: 125px;height:90px;\">\n\t\t\t\t\t\t\t\t\t\t\n\t\t\t\t\t\t\t\t\t\t<div class=\"yuzo-img\" style=\"background:url('https:\/\/redept.com.br\/blogosfera\/wp-content\/uploads\/2025\/08\/b39c852f-995e-4866-8421-1e746dcf6fa5-150x150.jpeg') 50% 50% no-repeat;width: 125px;height:90px;margin-bottom: 5px;background-size: cover; \"><\/div>\n\t\t\t\t\t\t\t\t\t  <\/div>\n\t\t\t\t\t\t\t\t\t  \n\t\t\t\t\t\t\t\t   <span class=\"yuzo__text--title\" style=\"font-size:13px;\">Bombardeio \u00e0 Cidade de Gaza deixa 123 mortos e abr...<\/span>\n\t\t\t\t\t\t\t  \n\t\t\t\t\t\t\t  \n\t\t\t\t\t\t\t  <\/a>\n\n\t\t\t\t\t\t  <\/div>\n\t\t\t\t\t\t  <div class=\"relatedthumb \" style=\"width:125px;float:left;overflow:hidden;\">  \n\t\t\t\t\t\t\t  \n\t\t\t\t\t\t\t  <a  href=\"https:\/\/redept.com.br\/blogosfera\/armazem-do-campo-completa-9-anos-com-seminario-almoco-e-samba-em-sao-paulo\/\"  >\n\t\t\t\t\t\t\t\t\t  <div class=\"yuzo-img-wrap \" style=\"width: 125px;height:90px;\">\n\t\t\t\t\t\t\t\t\t\t\n\t\t\t\t\t\t\t\t\t\t<div class=\"yuzo-img\" style=\"background:url('https:\/\/redept.org\/blogosfera\/wp-content\/plugins\/yuzo-related-post\/assets\/images\/default.png') 50% 50% no-repeat;width: 125px;height:90px;margin-bottom: 5px;background-size: cover; \"><\/div>\n\t\t\t\t\t\t\t\t\t  <\/div>\n\t\t\t\t\t\t\t\t\t  \n\t\t\t\t\t\t\t\t   <span class=\"yuzo__text--title\" style=\"font-size:13px;\">Armaz\u00e9m do Campo completa 9 anos com semin\u00e1rio, al...<\/span>\n\t\t\t\t\t\t\t  \n\t\t\t\t\t\t\t  \n\t\t\t\t\t\t\t  <\/a>\n\n\t\t\t\t\t\t  <\/div>\n\t\t\t\t\t\t  <div class=\"relatedthumb \" style=\"width:125px;float:left;overflow:hidden;\">  \n\t\t\t\t\t\t\t  \n\t\t\t\t\t\t\t  <a  href=\"https:\/\/redept.com.br\/blogosfera\/ocupacao-da-frente-de-luta-por-moradia-e-atacada-com-granada-no-centro-de-sao-paulo\/\"  >\n\t\t\t\t\t\t\t\t\t  <div class=\"yuzo-img-wrap \" style=\"width: 125px;height:90px;\">\n\t\t\t\t\t\t\t\t\t\t\n\t\t\t\t\t\t\t\t\t\t<div class=\"yuzo-img\" style=\"background:url('https:\/\/redept.org\/blogosfera\/wp-content\/plugins\/yuzo-related-post\/assets\/images\/default.png') 50% 50% no-repeat;width: 125px;height:90px;margin-bottom: 5px;background-size: cover; \"><\/div>\n\t\t\t\t\t\t\t\t\t  <\/div>\n\t\t\t\t\t\t\t\t\t  \n\t\t\t\t\t\t\t\t   <span class=\"yuzo__text--title\" style=\"font-size:13px;\">Ocupa\u00e7\u00e3o da Frente de Luta por Moradia \u00e9 atacada c...<\/span>\n\t\t\t\t\t\t\t  \n\t\t\t\t\t\t\t  \n\t\t\t\t\t\t\t  <\/a>\n\n\t\t\t\t\t\t  <\/div>\n\t\t\t\t\t\t  <div class=\"relatedthumb \" style=\"width:125px;float:left;overflow:hidden;\">  \n\t\t\t\t\t\t\t  \n\t\t\t\t\t\t\t  <a  href=\"https:\/\/redept.com.br\/blogosfera\/sapatao-com-muito-orgulho-pesquisadora-busca-na-mitologia-amazonida-origem-do-enunciado\/\"  >\n\t\t\t\t\t\t\t\t\t  <div class=\"yuzo-img-wrap \" style=\"width: 125px;height:90px;\">\n\t\t\t\t\t\t\t\t\t\t\n\t\t\t\t\t\t\t\t\t\t<div class=\"yuzo-img\" style=\"background:url('https:\/\/redept.com.br\/blogosfera\/wp-content\/uploads\/2025\/08\/image-35-150x150.png') 50% 50% no-repeat;width: 125px;height:90px;margin-bottom: 5px;background-size: cover; \"><\/div>\n\t\t\t\t\t\t\t\t\t  <\/div>\n\t\t\t\t\t\t\t\t\t  \n\t\t\t\t\t\t\t\t   <span class=\"yuzo__text--title\" style=\"font-size:13px;\">\u2018Sapat\u00e3o, com muito orgulho\u2019: pesquisadora busca n...<\/span>\n\t\t\t\t\t\t\t  \n\t\t\t\t\t\t\t  \n\t\t\t\t\t\t\t  <\/a>\n\n\t\t\t\t\t\t  <\/div>\n<\/div> <script>\n\t\t\t\t\t\t  jQuery(document).ready(function( $ ){\n\t\t\t\t\t\t\t\/\/jQuery('.yuzo_related_post').equalizer({ overflow : 'relatedthumb' });\n\t\t\t\t\t\t\tjQuery('.yuzo_related_post .yuzo_wraps').equalizer({ columns : '> div' });\n\t\t\t\t\t\t   })\n\t\t\t\t\t\t  <\/script> <!-- End Yuzo :) -->","protected":false},"excerpt":{"rendered":"<p>O presidente Lula discursou, nesta sexta-feira (7), durante a sess\u00e3o tem\u00e1tica da C\u00fapula de L\u00edderes, tamb\u00e9m chamada de C\u00fapula do Clima, sobre \u201cTransi\u00e7\u00e3o Energ\u00e9tica\u201d. O evento pavimenta os trabalhos para a COP 30, que come\u00e7a na pr\u00f3xima segunda-feira (10). O encontro de autoridades, realizado no Parque da Cidade, em Bel\u00e9m (PA), j\u00e1 contou com o [&hellip;]<\/p>\n","protected":false},"author":2,"featured_media":0,"comment_status":"open","ping_status":"closed","sticky":false,"template":"","format":"standard","meta":{"fifu_image_url":"","fifu_image_alt":"","footnotes":""},"categories":[894,3294,568,28710,28623,112,570,553],"tags":[],"class_list":["post-62957","post","type-post","status-publish","format-standard","hentry","category-belem","category-cop-30-em-belem","category-cop-30","category-cupula-de-lideres","category-cupula-do-clima","category-lula","category-mudancas-climaticas","category-transicao-energetica"],"_links":{"self":[{"href":"https:\/\/redept.com.br\/blogosfera\/wp-json\/wp\/v2\/posts\/62957","targetHints":{"allow":["GET"]}}],"collection":[{"href":"https:\/\/redept.com.br\/blogosfera\/wp-json\/wp\/v2\/posts"}],"about":[{"href":"https:\/\/redept.com.br\/blogosfera\/wp-json\/wp\/v2\/types\/post"}],"author":[{"embeddable":true,"href":"https:\/\/redept.com.br\/blogosfera\/wp-json\/wp\/v2\/users\/2"}],"replies":[{"embeddable":true,"href":"https:\/\/redept.com.br\/blogosfera\/wp-json\/wp\/v2\/comments?post=62957"}],"version-history":[{"count":0,"href":"https:\/\/redept.com.br\/blogosfera\/wp-json\/wp\/v2\/posts\/62957\/revisions"}],"wp:attachment":[{"href":"https:\/\/redept.com.br\/blogosfera\/wp-json\/wp\/v2\/media?parent=62957"}],"wp:term":[{"taxonomy":"category","embeddable":true,"href":"https:\/\/redept.com.br\/blogosfera\/wp-json\/wp\/v2\/categories?post=62957"},{"taxonomy":"post_tag","embeddable":true,"href":"https:\/\/redept.com.br\/blogosfera\/wp-json\/wp\/v2\/tags?post=62957"}],"curies":[{"name":"wp","href":"https:\/\/api.w.org\/{rel}","templated":true}]}}