{"id":63029,"date":"2025-11-07T16:07:33","date_gmt":"2025-11-07T19:07:33","guid":{"rendered":"https:\/\/redept.com.br\/blogosfera\/antes-da-cop-30-lula-vai-a-colombia-para-a-iv-cupula-celac-uniao-europeia\/"},"modified":"2025-11-07T16:07:33","modified_gmt":"2025-11-07T19:07:33","slug":"antes-da-cop-30-lula-vai-a-colombia-para-a-iv-cupula-celac-uniao-europeia","status":"publish","type":"post","link":"https:\/\/redept.com.br\/blogosfera\/antes-da-cop-30-lula-vai-a-colombia-para-a-iv-cupula-celac-uniao-europeia\/","title":{"rendered":"Antes da COP 30, Lula vai \u00e0 Col\u00f4mbia para a IV C\u00fapula Celac-Uni\u00e3o Europeia"},"content":{"rendered":"<p><img loading=\"lazy\" width=\"1024\" height=\"683\"src=\"https:\/\/redept.com.br\/blogosfera\/wp-content\/uploads\/2025\/11\/53052772276_302f6c4f29_k.jpg\" alt=\"\" decoding=\"async\" loading=\"lazy\" srcset=\"https:\/\/vermelho.org.br\/wp-content\/uploads\/2025\/11\/53052772276_302f6c4f29_k-1024x683.jpg 1024w, https:\/\/vermelho.org.br\/wp-content\/uploads\/2025\/11\/53052772276_302f6c4f29_k-300x200.jpg 300w, https:\/\/vermelho.org.br\/wp-content\/uploads\/2025\/11\/53052772276_302f6c4f29_k-768x512.jpg 768w, https:\/\/vermelho.org.br\/wp-content\/uploads\/2025\/11\/53052772276_302f6c4f29_k-1536x1024.jpg 1536w, https:\/\/vermelho.org.br\/wp-content\/uploads\/2025\/11\/53052772276_302f6c4f29_k-272x182.jpg 272w, https:\/\/redept.com.br\/blogosfera\/wp-content\/uploads\/2025\/11\/53052772276_302f6c4f29_k.jpg 2048w\" sizes=\"auto, (max-width: 1024px) 100vw, 1024px\"><\/p>\n<p>Entre os dias 9 e 10 de novembro em Santa Marta, na Col\u00f4mbia, acontece a IV C\u00fapula Celac-UE (Comunidade de Estados Latino-Americanos e Caribenhos e a Uni\u00e3o Europeia). O presidente Lula confirmou a participa\u00e7\u00e3o na reuni\u00e3o de autoridades que t\u00eam como objetivo, ao final, a assinatura da \u201cDeclara\u00e7\u00e3o de Santa Marta\u201d e a defini\u00e7\u00e3o do \u201cMapa do Caminho 2025-2027\u201d, instrumentos que visam orientar prioridades para converter o di\u00e1logo birregional em a\u00e7\u00f5es concretas.<\/p>\n<p>De acordo com o Pal\u00e1cio do Planalto, a discuss\u00e3o ser\u00e1 centrada em uma ampla agenda global com as seguintes prioridades: com\u00e9rcio e investimentos; clima; meio ambiente; transi\u00e7\u00e3o energ\u00e9tica; seguran\u00e7a cidad\u00e3; combate ao crime organizado transnacional; seguran\u00e7a alimentar e nutricional; autossufici\u00eancia sanit\u00e1ria; inclus\u00e3o social; educa\u00e7\u00e3o e pesquisa; migra\u00e7\u00e3o e mobilidade; rela\u00e7\u00f5es culturais; e transi\u00e7\u00e3o digital.<\/p>\n<p>Entusiasta da integra\u00e7\u00e3o latino-americana e principal fiador do acordo Mercosul-Uni\u00e3o Europeia, o presidente brasileiro faz quest\u00e3o de ir ao encontro, marcado entre a realiza\u00e7\u00e3o da C\u00fapula do Clima e o in\u00edcio da COP 30, ambas em Bel\u00e9m (PA).<\/p>\n<p><strong>Leia mais: <\/strong><a href=\"https:\/\/vermelho.org.br\/2025\/11\/06\/mauro-vieira-anuncia-para-dezembro-acordo-da-uniao-europeia-com-mercosul\/\">Mauro Vieira anuncia para dezembro acordo da Uni\u00e3o Europeia com Mercosul<\/a><\/p>\n<p>O ensejo \u00e9 oportuno, uma vez que a Conven\u00e7\u00e3o sobre o clima da ONU j\u00e1 trouxe diversos l\u00edderes mundiais para a Am\u00e9rica do Sul. Apesar disso, aus\u00eancias de peso devem se concretizar, como a da presidente da Comiss\u00e3o Europeia, Ursula von der Leyen, do presidente da Fran\u00e7a, Emmanuel Macron, e do chanceler da Alemanha, Friedrich Merz.<\/p>\n<p>As aus\u00eancias s\u00e3o atribu\u00eddas \u00e0s recentes tens\u00f5es que envolvem <a href=\"https:\/\/vermelho.org.br\/2025\/10\/19\/petro-responde-alegacoes-falsas-e-ameacas-do-ignorante-trump\/\">Col\u00f4mbia <\/a>e <a href=\"https:\/\/vermelho.org.br\/2025\/11\/05\/trump-avalia-golpe-para-derrubar-ou-matar-maduro-visando-petroleo-venezuelano\/\">Venezuela <\/a>com os Estados Unidos. O presidente Donald Trump tem instigado conflitos com os pa\u00edses sul-americanos ao bombardear embarca\u00e7\u00f5es e ampliar san\u00e7\u00f5es aos pa\u00edses.<\/p>\n<p>Por parte do Brasil, o presidente Lula j\u00e1 afirmou que \u201cs\u00f3 tem sentido a reuni\u00e3o da Celac, neste momento, se a gente for discutir essa quest\u00e3o dos navios de guerra americanos aqui nos mares da Am\u00e9rica Latina\u201d.<\/p>\n<p>Ele<a href=\"https:\/\/vermelho.org.br\/2025\/11\/06\/maduro-agradece-solidariedade-de-lula-e-do-papa-leao-14\/\"> afirmou que conversou com Trump sobre o assunto<\/a>, explicando ao norte-americano que o continente \u00e9 uma \u00e1rea pac\u00edfica.<\/p>\n<p>Dessa maneira, \u00e9 esperado que alguma outra declara\u00e7\u00e3o no sentido de fortalecer o di\u00e1logo e a paz no continente seja decidida no \u00e2mbito do encontro na Col\u00f4mbia.<\/p>\n<p><strong>Celac-UE<\/strong><\/p>\n<p>A Comunidade de Estados Latino-Americanos e Caribenhos, criada em 2010, re\u00fane 33 pa\u00edses com a inten\u00e7\u00e3o de promover o di\u00e1logo em temas que dizem respeito ao desenvolvimento dos signat\u00e1rios, sua prote\u00e7\u00e3o em diferentes n\u00edveis e tamb\u00e9m na transforma\u00e7\u00e3o digital.<\/p>\n<p>A Col\u00f4mbia ocupa a presid\u00eancia rotativa que ser\u00e1 assumida pelo Uruguai em 2026. Em 2020, o ent\u00e3o presidente do Brasil, Jair Bolsonaro, retirou o pa\u00eds do grupo. Neste ano ele foi condenado a 27 anos de pris\u00e3o.<\/p>\n<p>Em 2023, ap\u00f3s tr\u00eas anos de aus\u00eancia, o retorno do presidente Lula tamb\u00e9m simbolizou a volta do pa\u00eds \u00e0 Celac.<\/p>\n<p><strong>Leia mais: <\/strong><a href=\"https:\/\/vermelho.org.br\/2025\/11\/07\/decisoes-em-belem-podem-selar-sucesso-ou-fracasso-climatico-alerta-lula\/\">Decis\u00f5es em Bel\u00e9m podem selar sucesso ou fracasso clim\u00e1tico, alerta Lula<\/a><\/p>\n<p>A parceria entre o grupo e a Uni\u00e3o Europeia re\u00fane 60 pa\u00edses que representam um bilh\u00e3o de pessoas e 21% do PIB mundial.<\/p>\n<p>De acordo com a secret\u00e1ria de Am\u00e9rica Latina e Caribe do Minist\u00e9rio das Rela\u00e7\u00f5es Exteriores, embaixadora Gisela Padovan, al\u00e9m da Uni\u00e3o Europeia, a Celac mant\u00e9m proximidade com a China e di\u00e1logo permanente com a Uni\u00e3o Africana, o Conselho de Coopera\u00e7\u00e3o do Golfo, a \u00cdndia e a Turquia.<\/p>\n<p>O post <a href=\"https:\/\/vermelho.org.br\/2025\/11\/07\/antes-da-cop-30-lula-vai-a-colombia-para-a-iv-cupula-celac-uniao-europeia\/\">Antes da COP 30, Lula vai \u00e0 Col\u00f4mbia para a IV C\u00fapula Celac-Uni\u00e3o Europeia<\/a> apareceu primeiro em <a href=\"https:\/\/vermelho.org.br\/\">Vermelho<\/a>.<\/p>\n<!-- Begin Yuzo --><div class='yuzo_related_post style-1'  data-version='5.12.89'><!-- without result --><div class='yuzo_clearfixed yuzo__title yuzo__title'><h3>Related Post<\/h3><\/div>\n\t\t\t\t\t\t  <div class=\"relatedthumb \" style=\"width:125px;float:left;overflow:hidden;\">  \n\t\t\t\t\t\t\t  \n\t\t\t\t\t\t\t  <a  href=\"https:\/\/redept.com.br\/blogosfera\/tres-apps-para-monitorar-o-sus-e-um-projeto-de-memoria-digital-para-ficar-de-olho-em-2025\/\"  >\n\t\t\t\t\t\t\t\t\t  <div class=\"yuzo-img-wrap \" style=\"width: 125px;height:90px;\">\n\t\t\t\t\t\t\t\t\t\t\n\t\t\t\t\t\t\t\t\t\t<div class=\"yuzo-img\" style=\"background:url('https:\/\/redept.org\/blogosfera\/wp-content\/plugins\/yuzo-related-post\/assets\/images\/default.png') 50% 50% no-repeat;width: 125px;height:90px;margin-bottom: 5px;background-size: cover; \"><\/div>\n\t\t\t\t\t\t\t\t\t  <\/div>\n\t\t\t\t\t\t\t\t\t  \n\t\t\t\t\t\t\t\t   <span class=\"yuzo__text--title\" style=\"font-size:13px;\">Tr\u00eas apps para monitorar o SUS e um projeto de mem...<\/span>\n\t\t\t\t\t\t\t  \n\t\t\t\t\t\t\t  \n\t\t\t\t\t\t\t  <\/a>\n\n\t\t\t\t\t\t  <\/div>\n\t\t\t\t\t\t  <div class=\"relatedthumb \" style=\"width:125px;float:left;overflow:hidden;\">  \n\t\t\t\t\t\t\t  \n\t\t\t\t\t\t\t  <a  href=\"https:\/\/redept.com.br\/blogosfera\/holanda-recua-e-devolve-controle-de-fabricante-de-microchips-a-china\/\"  >\n\t\t\t\t\t\t\t\t\t  <div class=\"yuzo-img-wrap \" style=\"width: 125px;height:90px;\">\n\t\t\t\t\t\t\t\t\t\t\n\t\t\t\t\t\t\t\t\t\t<div class=\"yuzo-img\" style=\"background:url('https:\/\/redept.com.br\/blogosfera\/wp-content\/uploads\/2025\/11\/china-150x150.jpg') 50% 50% no-repeat;width: 125px;height:90px;margin-bottom: 5px;background-size: cover; \"><\/div>\n\t\t\t\t\t\t\t\t\t  <\/div>\n\t\t\t\t\t\t\t\t\t  \n\t\t\t\t\t\t\t\t   <span class=\"yuzo__text--title\" style=\"font-size:13px;\">Holanda recua e devolve controle de fabricante de ...<\/span>\n\t\t\t\t\t\t\t  \n\t\t\t\t\t\t\t  \n\t\t\t\t\t\t\t  <\/a>\n\n\t\t\t\t\t\t  <\/div>\n\t\t\t\t\t\t  <div class=\"relatedthumb \" style=\"width:125px;float:left;overflow:hidden;\">  \n\t\t\t\t\t\t\t  \n\t\t\t\t\t\t\t  <a  href=\"https:\/\/redept.com.br\/blogosfera\/nao-deveria-ter-feito-isso-diz-cardeal-sobre-foto-de-trump\/\"  >\n\t\t\t\t\t\t\t\t\t  <div class=\"yuzo-img-wrap \" style=\"width: 125px;height:90px;\">\n\t\t\t\t\t\t\t\t\t\t\n\t\t\t\t\t\t\t\t\t\t<div class=\"yuzo-img\" style=\"background:url('https:\/\/redept.com.br\/blogosfera\/wp-content\/uploads\/2025\/05\/20250503070532_d266363b5f98a872cfc730f7e6f8d7b2b4a184e485211073915e5f9fa39b8c87-150x150.webp') 50% 50% no-repeat;width: 125px;height:90px;margin-bottom: 5px;background-size: cover; \"><\/div>\n\t\t\t\t\t\t\t\t\t  <\/div>\n\t\t\t\t\t\t\t\t\t  \n\t\t\t\t\t\t\t\t   <span class=\"yuzo__text--title\" style=\"font-size:13px;\">\u2018N\u00e3o deveria ter feito isso\u2019, diz cardeal sobre fo...<\/span>\n\t\t\t\t\t\t\t  \n\t\t\t\t\t\t\t  \n\t\t\t\t\t\t\t  <\/a>\n\n\t\t\t\t\t\t  <\/div>\n\t\t\t\t\t\t  <div class=\"relatedthumb \" style=\"width:125px;float:left;overflow:hidden;\">  \n\t\t\t\t\t\t\t  \n\t\t\t\t\t\t\t  <a  href=\"https:\/\/redept.com.br\/blogosfera\/tribunal-da-argentina-autoriza-lula-visitar-cristina-kirchner\/\"  >\n\t\t\t\t\t\t\t\t\t  <div class=\"yuzo-img-wrap \" style=\"width: 125px;height:90px;\">\n\t\t\t\t\t\t\t\t\t\t\n\t\t\t\t\t\t\t\t\t\t<div class=\"yuzo-img\" style=\"background:url('https:\/\/redept.com.br\/blogosfera\/wp-content\/uploads\/2025\/07\/lula-cris-150x150.jpg') 50% 50% no-repeat;width: 125px;height:90px;margin-bottom: 5px;background-size: cover; \"><\/div>\n\t\t\t\t\t\t\t\t\t  <\/div>\n\t\t\t\t\t\t\t\t\t  \n\t\t\t\t\t\t\t\t   <span class=\"yuzo__text--title\" style=\"font-size:13px;\">Tribunal da Argentina autoriza Lula visitar Cristi...<\/span>\n\t\t\t\t\t\t\t  \n\t\t\t\t\t\t\t  \n\t\t\t\t\t\t\t  <\/a>\n\n\t\t\t\t\t\t  <\/div>\n<\/div> <script>\n\t\t\t\t\t\t  jQuery(document).ready(function( $ ){\n\t\t\t\t\t\t\t\/\/jQuery('.yuzo_related_post').equalizer({ overflow : 'relatedthumb' });\n\t\t\t\t\t\t\tjQuery('.yuzo_related_post .yuzo_wraps').equalizer({ columns : '> div' });\n\t\t\t\t\t\t   })\n\t\t\t\t\t\t  <\/script> <!-- End Yuzo :) -->","protected":false},"excerpt":{"rendered":"<p>Entre os dias 9 e 10 de novembro em Santa Marta, na Col\u00f4mbia, acontece a IV C\u00fapula Celac-UE (Comunidade de Estados Latino-Americanos e Caribenhos e a Uni\u00e3o Europeia). O presidente Lula confirmou a participa\u00e7\u00e3o na reuni\u00e3o de autoridades que t\u00eam como objetivo, ao final, a assinatura da \u201cDeclara\u00e7\u00e3o de Santa Marta\u201d e a defini\u00e7\u00e3o do [&hellip;]<\/p>\n","protected":false},"author":2,"featured_media":0,"comment_status":"open","ping_status":"closed","sticky":false,"template":"","format":"standard","meta":{"fifu_image_url":"","fifu_image_alt":"","footnotes":""},"categories":[28916,1787,28917,568,50,28918,112,1170],"tags":[],"class_list":["post-63029","post","type-post","status-publish","format-standard","hentry","category-celac-ue","category-colombia","category-comunidade-de-estados-latino-americanos-e-caribenhos-e-a-uniao-europeia","category-cop-30","category-internacional","category-iv-cupula-celac-ue","category-lula","category-uniao-europeia"],"_links":{"self":[{"href":"https:\/\/redept.com.br\/blogosfera\/wp-json\/wp\/v2\/posts\/63029","targetHints":{"allow":["GET"]}}],"collection":[{"href":"https:\/\/redept.com.br\/blogosfera\/wp-json\/wp\/v2\/posts"}],"about":[{"href":"https:\/\/redept.com.br\/blogosfera\/wp-json\/wp\/v2\/types\/post"}],"author":[{"embeddable":true,"href":"https:\/\/redept.com.br\/blogosfera\/wp-json\/wp\/v2\/users\/2"}],"replies":[{"embeddable":true,"href":"https:\/\/redept.com.br\/blogosfera\/wp-json\/wp\/v2\/comments?post=63029"}],"version-history":[{"count":0,"href":"https:\/\/redept.com.br\/blogosfera\/wp-json\/wp\/v2\/posts\/63029\/revisions"}],"wp:attachment":[{"href":"https:\/\/redept.com.br\/blogosfera\/wp-json\/wp\/v2\/media?parent=63029"}],"wp:term":[{"taxonomy":"category","embeddable":true,"href":"https:\/\/redept.com.br\/blogosfera\/wp-json\/wp\/v2\/categories?post=63029"},{"taxonomy":"post_tag","embeddable":true,"href":"https:\/\/redept.com.br\/blogosfera\/wp-json\/wp\/v2\/tags?post=63029"}],"curies":[{"name":"wp","href":"https:\/\/api.w.org\/{rel}","templated":true}]}}